{"id":171910,"date":"2022-07-22T10:27:28","date_gmt":"2022-07-22T13:27:28","guid":{"rendered":"https:\/\/experienciadevida.com.ar\/portalurbano\/?p=171910"},"modified":"2022-07-22T10:28:44","modified_gmt":"2022-07-22T13:28:44","slug":"los-jovenes-de-la-lista-amarilla-colaboraron-con-una-familia-tras-perderlo-todo-en-un-incendio","status":"publish","type":"post","link":"https:\/\/experienciadevida.com.ar\/portalurbano\/los-jovenes-de-la-lista-amarilla-colaboraron-con-una-familia-tras-perderlo-todo-en-un-incendio\/","title":{"rendered":"Los \u201cJ\u00f3venes de la Lista Amarilla\u201d colaboraron con una familia tras perderlo todo en un incendio"},"content":{"rendered":"<p>Los \u201cJ\u00f3venes de la Lista Amarilla\u201d colaboraron con una familia tras perderlo todo en un incendio, ubicado en la<br \/>\ncalle San Lorenzo al 1300.<\/p>\n<p>Luego de lo conocido p\u00fablicamente en los diferentes medios, por lo que le sucedi\u00f3 a la familia, los j\u00f3venes de la cooperativa el\u00e9ctrica realizaron una colecta de prendas de vestir, alimentos y \u00fatiles, que luego fueron entregados, para que tanto, Susana y Guillermo junto a su hijo puedan sortear este dif\u00edcil momento que est\u00e1n atravesando.<\/p>\n<p>Tras la entrega y recorrer el hogar incendiado, nos comentaron que: \u201cSe nos quem\u00f3 totalmente la casa, ven\u00edamos trabajando y edificando un local, para poder poner un comercio peque\u00f1o, de barrio. Pero lamentablemente, en un<br \/>\ndescuido nuestro, perdimos todas nuestras pertenencias por el incendio que nos produjo una estufa\u201d. \u201cQueremos agradecerles por est\u00e1 colaboraci\u00f3n, para nosotros es muy importante en este momento dif\u00edcil que nos toca pasar\u201d,<br \/>\nenfatiz\u00f3 la familia.<\/p>\n<p>Tras lo realizado cumplimos con la responsabilidad social, de estar presente y acompa\u00f1ar a las problem\u00e1ticas de nuestra querida Olavarr\u00eda, porque sentimos que los j\u00f3venes somos el futuro de la ciudad y tambi\u00e9n de<br \/>\nla cooperativa.<\/p>\n","protected":false},"excerpt":{"rendered":"<p>Los \u201cJ\u00f3venes de la Lista Amarilla\u201d colaboraron con una familia tras perderlo todo en un&#8230;<\/p>\n","protected":false},"author":1,"featured_media":171911,"comment_status":"closed","ping_status":"closed","sticky":false,"template":"","format":"standard","meta":{"content-type":""},"categories":[27,64],"tags":[],"nelio_content":{"isAutoShareEnabled":false,"autoShareEndMode":"default","automationSources":{"useContentSentences":true,"useSocialTemplates":true,"useCustomSentences":false,"customSentences":[]},"followers":[1],"suggestedReferences":[],"includedReferences":[],"efiUrl":"","efiAlt":"","highlights":[]},"yoast_head":"<!-- This site is optimized with the Yoast SEO plugin v20.7 - https:\/\/yoast.com\/wordpress\/plugins\/seo\/ -->\n<title>Los &quot;j\u00f3venes de la lista amarilla&quot; colaboraron con una familia<\/title>\n<meta name=\"description\" content=\"Los \u201cJ\u00f3venes de la Lista Amarilla\u201d colaboraron con una familia tras perderlo todo en un incendio, ubicado en la calle San Lorenzo\" \/>\n<meta name=\"robots\" content=\"index, follow, max-snippet:-1, max-image-preview:large, max-video-preview:-1\" \/>\n<link rel=\"canonical\" href=\"https:\/\/experienciadevida.com.ar\/portalurbano\/los-jovenes-de-la-lista-amarilla-colaboraron-con-una-familia-tras-perderlo-todo-en-un-incendio\/\" \/>\n<meta property=\"og:locale\" content=\"es_ES\" \/>\n<meta property=\"og:type\" content=\"article\" \/>\n<meta property=\"og:title\" content=\"Los &quot;j\u00f3venes de la lista amarilla&quot; colaboraron con una familia\" \/>\n<meta property=\"og:description\" content=\"Los \u201cJ\u00f3venes de la Lista Amarilla\u201d colaboraron con una familia tras perderlo todo en un incendio, ubicado en la calle San Lorenzo\" \/>\n<meta property=\"og:url\" content=\"https:\/\/experienciadevida.com.ar\/portalurbano\/los-jovenes-de-la-lista-amarilla-colaboraron-con-una-familia-tras-perderlo-todo-en-un-incendio\/\" \/>\n<meta property=\"article:publisher\" content=\"https:\/\/www.facebook.com\/Portal-Urbano-171542830093757\/\" \/>\n<meta property=\"article:published_time\" content=\"2022-07-22T13:27:28+00:00\" \/>\n<meta property=\"article:modified_time\" content=\"2022-07-22T13:28:44+00:00\" \/>\n<meta property=\"og:image\" content=\"https:\/\/experienciadevida.com.ar\/portalurbano\/wp-content\/uploads\/2022\/07\/Los.jpeg\" \/>\n\t<meta property=\"og:image:width\" content=\"1280\" \/>\n\t<meta property=\"og:image:height\" content=\"792\" \/>\n\t<meta property=\"og:image:type\" content=\"image\/jpeg\" \/>\n<meta name=\"author\" content=\"admpu17wp\" \/>\n<meta name=\"twitter:card\" content=\"summary_large_image\" \/>\n<meta name=\"twitter:creator\" content=\"@portalurbanook\" \/>\n<meta name=\"twitter:site\" content=\"@portalurbanook\" \/>\n<meta name=\"twitter:label1\" content=\"Escrito por\" \/>\n\t<meta name=\"twitter:data1\" content=\"admpu17wp\" \/>\n\t<meta name=\"twitter:label2\" content=\"Tiempo de lectura\" \/>\n\t<meta name=\"twitter:data2\" content=\"1 minuto\" \/>\n<script type=\"application\/ld+json\" class=\"yoast-schema-graph\">{\"@context\":\"https:\/\/schema.org\",\"@graph\":[{\"@type\":\"Article\",\"@id\":\"https:\/\/experienciadevida.com.ar\/portalurbano\/los-jovenes-de-la-lista-amarilla-colaboraron-con-una-familia-tras-perderlo-todo-en-un-incendio\/#article\",\"isPartOf\":{\"@id\":\"https:\/\/experienciadevida.com.ar\/portalurbano\/los-jovenes-de-la-lista-amarilla-colaboraron-con-una-familia-tras-perderlo-todo-en-un-incendio\/\"},\"author\":{\"name\":\"admpu17wp\",\"@id\":\"https:\/\/experienciadevida.com.ar\/portalurbano\/#\/schema\/person\/02dd326b1c4b056e9cc972486934a3a7\"},\"headline\":\"Los \u201cJ\u00f3venes de la Lista Amarilla\u201d colaboraron con una familia tras perderlo todo en un incendio\",\"datePublished\":\"2022-07-22T13:27:28+00:00\",\"dateModified\":\"2022-07-22T13:28:44+00:00\",\"mainEntityOfPage\":{\"@id\":\"https:\/\/experienciadevida.com.ar\/portalurbano\/los-jovenes-de-la-lista-amarilla-colaboraron-con-una-familia-tras-perderlo-todo-en-un-incendio\/\"},\"wordCount\":216,\"publisher\":{\"@id\":\"https:\/\/experienciadevida.com.ar\/portalurbano\/#organization\"},\"articleSection\":[\"Ciudad\",\"Destacadas 2\"],\"inLanguage\":\"es\"},{\"@type\":\"WebPage\",\"@id\":\"https:\/\/experienciadevida.com.ar\/portalurbano\/los-jovenes-de-la-lista-amarilla-colaboraron-con-una-familia-tras-perderlo-todo-en-un-incendio\/\",\"url\":\"https:\/\/experienciadevida.com.ar\/portalurbano\/los-jovenes-de-la-lista-amarilla-colaboraron-con-una-familia-tras-perderlo-todo-en-un-incendio\/\",\"name\":\"Los \\\"j\u00f3venes de la lista amarilla\\\" colaboraron con una familia\",\"isPartOf\":{\"@id\":\"https:\/\/experienciadevida.com.ar\/portalurbano\/#website\"},\"datePublished\":\"2022-07-22T13:27:28+00:00\",\"dateModified\":\"2022-07-22T13:28:44+00:00\",\"description\":\"Los \u201cJ\u00f3venes de la Lista Amarilla\u201d colaboraron con una familia tras perderlo todo en un incendio, ubicado en la calle San Lorenzo\",\"breadcrumb\":{\"@id\":\"https:\/\/experienciadevida.com.ar\/portalurbano\/los-jovenes-de-la-lista-amarilla-colaboraron-con-una-familia-tras-perderlo-todo-en-un-incendio\/#breadcrumb\"},\"inLanguage\":\"es\",\"potentialAction\":[{\"@type\":\"ReadAction\",\"target\":[\"https:\/\/experienciadevida.com.ar\/portalurbano\/los-jovenes-de-la-lista-amarilla-colaboraron-con-una-familia-tras-perderlo-todo-en-un-incendio\/\"]}]},{\"@type\":\"BreadcrumbList\",\"@id\":\"https:\/\/experienciadevida.com.ar\/portalurbano\/los-jovenes-de-la-lista-amarilla-colaboraron-con-una-familia-tras-perderlo-todo-en-un-incendio\/#breadcrumb\",\"itemListElement\":[{\"@type\":\"ListItem\",\"position\":1,\"name\":\"Portada\",\"item\":\"https:\/\/experienciadevida.com.ar\/portalurbano\/\"},{\"@type\":\"ListItem\",\"position\":2,\"name\":\"Los \u201cJ\u00f3venes de la Lista Amarilla\u201d colaboraron con una familia tras perderlo todo en un incendio\"}]},{\"@type\":\"WebSite\",\"@id\":\"https:\/\/experienciadevida.com.ar\/portalurbano\/#website\",\"url\":\"https:\/\/experienciadevida.com.ar\/portalurbano\/\",\"name\":\"\",\"description\":\"\",\"publisher\":{\"@id\":\"https:\/\/experienciadevida.com.ar\/portalurbano\/#organization\"},\"potentialAction\":[{\"@type\":\"SearchAction\",\"target\":{\"@type\":\"EntryPoint\",\"urlTemplate\":\"https:\/\/experienciadevida.com.ar\/portalurbano\/?s={search_term_string}\"},\"query-input\":\"required name=search_term_string\"}],\"inLanguage\":\"es\"},{\"@type\":\"Organization\",\"@id\":\"https:\/\/experienciadevida.com.ar\/portalurbano\/#organization\",\"name\":\"Portal Urbano\",\"url\":\"https:\/\/experienciadevida.com.ar\/portalurbano\/\",\"logo\":{\"@type\":\"ImageObject\",\"inLanguage\":\"es\",\"@id\":\"https:\/\/experienciadevida.com.ar\/portalurbano\/#\/schema\/logo\/image\/\",\"url\":\"https:\/\/experienciadevida.com.ar\/portalurbano\/wp-content\/uploads\/2019\/09\/Logo-Original.png\",\"contentUrl\":\"https:\/\/experienciadevida.com.ar\/portalurbano\/wp-content\/uploads\/2019\/09\/Logo-Original.png\",\"width\":2236,\"height\":1216,\"caption\":\"Portal Urbano\"},\"image\":{\"@id\":\"https:\/\/experienciadevida.com.ar\/portalurbano\/#\/schema\/logo\/image\/\"},\"sameAs\":[\"https:\/\/www.facebook.com\/Portal-Urbano-171542830093757\/\",\"https:\/\/twitter.com\/portalurbanook\",\"https:\/\/www.instagram.com\/_portalurbano\/\",\"https:\/\/www.youtube.com\/channel\/UCXhagIfszH8KxFiOok79zbA?view_as=subscriber\"]},{\"@type\":\"Person\",\"@id\":\"https:\/\/experienciadevida.com.ar\/portalurbano\/#\/schema\/person\/02dd326b1c4b056e9cc972486934a3a7\",\"name\":\"admpu17wp\",\"image\":{\"@type\":\"ImageObject\",\"inLanguage\":\"es\",\"@id\":\"https:\/\/experienciadevida.com.ar\/portalurbano\/#\/schema\/person\/image\/\",\"url\":\"https:\/\/secure.gravatar.com\/avatar\/830d4c57adaae6630765e449a6908047?s=96&d=mm&r=g\",\"contentUrl\":\"https:\/\/secure.gravatar.com\/avatar\/830d4c57adaae6630765e449a6908047?s=96&d=mm&r=g\",\"caption\":\"admpu17wp\"}}]}<\/script>\n<!-- \/ Yoast SEO plugin. -->","yoast_head_json":{"title":"Los \"j\u00f3venes de la lista amarilla\" colaboraron con una familia","description":"Los \u201cJ\u00f3venes de la Lista Amarilla\u201d colaboraron con una familia tras perderlo todo en un incendio, ubicado en la calle San Lorenzo","robots":{"index":"index","follow":"follow","max-snippet":"max-snippet:-1","max-image-preview":"max-image-preview:large","max-video-preview":"max-video-preview:-1"},"canonical":"https:\/\/experienciadevida.com.ar\/portalurbano\/los-jovenes-de-la-lista-amarilla-colaboraron-con-una-familia-tras-perderlo-todo-en-un-incendio\/","og_locale":"es_ES","og_type":"article","og_title":"Los \"j\u00f3venes de la lista amarilla\" colaboraron con una familia","og_description":"Los \u201cJ\u00f3venes de la Lista Amarilla\u201d colaboraron con una familia tras perderlo todo en un incendio, ubicado en la calle San Lorenzo","og_url":"https:\/\/experienciadevida.com.ar\/portalurbano\/los-jovenes-de-la-lista-amarilla-colaboraron-con-una-familia-tras-perderlo-todo-en-un-incendio\/","article_publisher":"https:\/\/www.facebook.com\/Portal-Urbano-171542830093757\/","article_published_time":"2022-07-22T13:27:28+00:00","article_modified_time":"2022-07-22T13:28:44+00:00","og_image":[{"width":1280,"height":792,"url":"https:\/\/experienciadevida.com.ar\/portalurbano\/wp-content\/uploads\/2022\/07\/Los.jpeg","type":"image\/jpeg"}],"author":"admpu17wp","twitter_card":"summary_large_image","twitter_creator":"@portalurbanook","twitter_site":"@portalurbanook","twitter_misc":{"Escrito por":"admpu17wp","Tiempo de lectura":"1 minuto"},"schema":{"@context":"https:\/\/schema.org","@graph":[{"@type":"Article","@id":"https:\/\/experienciadevida.com.ar\/portalurbano\/los-jovenes-de-la-lista-amarilla-colaboraron-con-una-familia-tras-perderlo-todo-en-un-incendio\/#article","isPartOf":{"@id":"https:\/\/experienciadevida.com.ar\/portalurbano\/los-jovenes-de-la-lista-amarilla-colaboraron-con-una-familia-tras-perderlo-todo-en-un-incendio\/"},"author":{"name":"admpu17wp","@id":"https:\/\/experienciadevida.com.ar\/portalurbano\/#\/schema\/person\/02dd326b1c4b056e9cc972486934a3a7"},"headline":"Los \u201cJ\u00f3venes de la Lista Amarilla\u201d colaboraron con una familia tras perderlo todo en un incendio","datePublished":"2022-07-22T13:27:28+00:00","dateModified":"2022-07-22T13:28:44+00:00","mainEntityOfPage":{"@id":"https:\/\/experienciadevida.com.ar\/portalurbano\/los-jovenes-de-la-lista-amarilla-colaboraron-con-una-familia-tras-perderlo-todo-en-un-incendio\/"},"wordCount":216,"publisher":{"@id":"https:\/\/experienciadevida.com.ar\/portalurbano\/#organization"},"articleSection":["Ciudad","Destacadas 2"],"inLanguage":"es"},{"@type":"WebPage","@id":"https:\/\/experienciadevida.com.ar\/portalurbano\/los-jovenes-de-la-lista-amarilla-colaboraron-con-una-familia-tras-perderlo-todo-en-un-incendio\/","url":"https:\/\/experienciadevida.com.ar\/portalurbano\/los-jovenes-de-la-lista-amarilla-colaboraron-con-una-familia-tras-perderlo-todo-en-un-incendio\/","name":"Los \"j\u00f3venes de la lista amarilla\" colaboraron con una familia","isPartOf":{"@id":"https:\/\/experienciadevida.com.ar\/portalurbano\/#website"},"datePublished":"2022-07-22T13:27:28+00:00","dateModified":"2022-07-22T13:28:44+00:00","description":"Los \u201cJ\u00f3venes de la Lista Amarilla\u201d colaboraron con una familia tras perderlo todo en un incendio, ubicado en la calle San Lorenzo","breadcrumb":{"@id":"https:\/\/experienciadevida.com.ar\/portalurbano\/los-jovenes-de-la-lista-amarilla-colaboraron-con-una-familia-tras-perderlo-todo-en-un-incendio\/#breadcrumb"},"inLanguage":"es","potentialAction":[{"@type":"ReadAction","target":["https:\/\/experienciadevida.com.ar\/portalurbano\/los-jovenes-de-la-lista-amarilla-colaboraron-con-una-familia-tras-perderlo-todo-en-un-incendio\/"]}]},{"@type":"BreadcrumbList","@id":"https:\/\/experienciadevida.com.ar\/portalurbano\/los-jovenes-de-la-lista-amarilla-colaboraron-con-una-familia-tras-perderlo-todo-en-un-incendio\/#breadcrumb","itemListElement":[{"@type":"ListItem","position":1,"name":"Portada","item":"https:\/\/experienciadevida.com.ar\/portalurbano\/"},{"@type":"ListItem","position":2,"name":"Los \u201cJ\u00f3venes de la Lista Amarilla\u201d colaboraron con una familia tras perderlo todo en un incendio"}]},{"@type":"WebSite","@id":"https:\/\/experienciadevida.com.ar\/portalurbano\/#website","url":"https:\/\/experienciadevida.com.ar\/portalurbano\/","name":"","description":"","publisher":{"@id":"https:\/\/experienciadevida.com.ar\/portalurbano\/#organization"},"potentialAction":[{"@type":"SearchAction","target":{"@type":"EntryPoint","urlTemplate":"https:\/\/experienciadevida.com.ar\/portalurbano\/?s={search_term_string}"},"query-input":"required name=search_term_string"}],"inLanguage":"es"},{"@type":"Organization","@id":"https:\/\/experienciadevida.com.ar\/portalurbano\/#organization","name":"Portal Urbano","url":"https:\/\/experienciadevida.com.ar\/portalurbano\/","logo":{"@type":"ImageObject","inLanguage":"es","@id":"https:\/\/experienciadevida.com.ar\/portalurbano\/#\/schema\/logo\/image\/","url":"https:\/\/experienciadevida.com.ar\/portalurbano\/wp-content\/uploads\/2019\/09\/Logo-Original.png","contentUrl":"https:\/\/experienciadevida.com.ar\/portalurbano\/wp-content\/uploads\/2019\/09\/Logo-Original.png","width":2236,"height":1216,"caption":"Portal Urbano"},"image":{"@id":"https:\/\/experienciadevida.com.ar\/portalurbano\/#\/schema\/logo\/image\/"},"sameAs":["https:\/\/www.facebook.com\/Portal-Urbano-171542830093757\/","https:\/\/twitter.com\/portalurbanook","https:\/\/www.instagram.com\/_portalurbano\/","https:\/\/www.youtube.com\/channel\/UCXhagIfszH8KxFiOok79zbA?view_as=subscriber"]},{"@type":"Person","@id":"https:\/\/experienciadevida.com.ar\/portalurbano\/#\/schema\/person\/02dd326b1c4b056e9cc972486934a3a7","name":"admpu17wp","image":{"@type":"ImageObject","inLanguage":"es","@id":"https:\/\/experienciadevida.com.ar\/portalurbano\/#\/schema\/person\/image\/","url":"https:\/\/secure.gravatar.com\/avatar\/830d4c57adaae6630765e449a6908047?s=96&d=mm&r=g","contentUrl":"https:\/\/secure.gravatar.com\/avatar\/830d4c57adaae6630765e449a6908047?s=96&d=mm&r=g","caption":"admpu17wp"}}]}},"featured_image_urls":{"full":["https:\/\/experienciadevida.com.ar\/portalurbano\/wp-content\/uploads\/2022\/07\/Los.jpeg",1280,792,false],"thumbnail":["https:\/\/experienciadevida.com.ar\/portalurbano\/wp-content\/uploads\/2022\/07\/Los-150x150.jpeg",150,150,true],"medium":["https:\/\/experienciadevida.com.ar\/portalurbano\/wp-content\/uploads\/2022\/07\/Los-300x186.jpeg",300,186,true],"medium_large":["https:\/\/experienciadevida.com.ar\/portalurbano\/wp-content\/uploads\/2022\/07\/Los-768x475.jpeg",640,396,true],"large":["https:\/\/experienciadevida.com.ar\/portalurbano\/wp-content\/uploads\/2022\/07\/Los-1024x634.jpeg",640,396,true],"ug_big":["https:\/\/experienciadevida.com.ar\/portalurbano\/wp-content\/uploads\/2022\/07\/Los-768x475.jpeg",768,475,true],"1536x1536":["https:\/\/experienciadevida.com.ar\/portalurbano\/wp-content\/uploads\/2022\/07\/Los.jpeg",1280,792,false],"2048x2048":["https:\/\/experienciadevida.com.ar\/portalurbano\/wp-content\/uploads\/2022\/07\/Los.jpeg",1280,792,false],"newsever-slider-full":["https:\/\/experienciadevida.com.ar\/portalurbano\/wp-content\/uploads\/2022\/07\/Los.jpeg",1280,792,false],"newsever-featured":["https:\/\/experienciadevida.com.ar\/portalurbano\/wp-content\/uploads\/2022\/07\/Los.jpeg",1024,634,false],"newsever-medium":["https:\/\/experienciadevida.com.ar\/portalurbano\/wp-content\/uploads\/2022\/07\/Los.jpeg",720,446,false],"web-stories-poster-portrait":["https:\/\/experienciadevida.com.ar\/portalurbano\/wp-content\/uploads\/2022\/07\/Los-640x792.jpeg",640,792,true],"web-stories-publisher-logo":["https:\/\/experienciadevida.com.ar\/portalurbano\/wp-content\/uploads\/2022\/07\/Los-96x96.jpeg",96,96,true],"web-stories-thumbnail":["https:\/\/experienciadevida.com.ar\/portalurbano\/wp-content\/uploads\/2022\/07\/Los-150x93.jpeg",150,93,true]},"author_info":{"display_name":"admpu17wp","author_link":"https:\/\/experienciadevida.com.ar\/portalurbano\/author\/admpu17wp\/"},"category_info":"<a href=\"https:\/\/experienciadevida.com.ar\/portalurbano\/category\/ciudad\/\" rel=\"category tag\">Ciudad<\/a> <a href=\"https:\/\/experienciadevida.com.ar\/portalurbano\/category\/destacadas-2\/\" rel=\"category tag\">Destacadas 2<\/a>","tag_info":"Destacadas 2","comment_count":"0","amp_enabled":true,"_links":{"self":[{"href":"https:\/\/experienciadevida.com.ar\/portalurbano\/wp-json\/wp\/v2\/posts\/171910"}],"collection":[{"href":"https:\/\/experienciadevida.com.ar\/portalurbano\/wp-json\/wp\/v2\/posts"}],"about":[{"href":"https:\/\/experienciadevida.com.ar\/portalurbano\/wp-json\/wp\/v2\/types\/post"}],"author":[{"embeddable":true,"href":"https:\/\/experienciadevida.com.ar\/portalurbano\/wp-json\/wp\/v2\/users\/1"}],"replies":[{"embeddable":true,"href":"https:\/\/experienciadevida.com.ar\/portalurbano\/wp-json\/wp\/v2\/comments?post=171910"}],"version-history":[{"count":1,"href":"https:\/\/experienciadevida.com.ar\/portalurbano\/wp-json\/wp\/v2\/posts\/171910\/revisions"}],"predecessor-version":[{"id":171912,"href":"https:\/\/experienciadevida.com.ar\/portalurbano\/wp-json\/wp\/v2\/posts\/171910\/revisions\/171912"}],"wp:featuredmedia":[{"embeddable":true,"href":"https:\/\/experienciadevida.com.ar\/portalurbano\/wp-json\/wp\/v2\/media\/171911"}],"wp:attachment":[{"href":"https:\/\/experienciadevida.com.ar\/portalurbano\/wp-json\/wp\/v2\/media?parent=171910"}],"wp:term":[{"taxonomy":"category","embeddable":true,"href":"https:\/\/experienciadevida.com.ar\/portalurbano\/wp-json\/wp\/v2\/categories?post=171910"},{"taxonomy":"post_tag","embeddable":true,"href":"https:\/\/experienciadevida.com.ar\/portalurbano\/wp-json\/wp\/v2\/tags?post=171910"}],"curies":[{"name":"wp","href":"https:\/\/api.w.org\/{rel}","templated":true}]}}