{"id":171879,"date":"2022-07-21T15:24:05","date_gmt":"2022-07-21T18:24:05","guid":{"rendered":"https:\/\/experienciadevida.com.ar\/portalurbano\/?p=171879"},"modified":"2022-07-21T15:25:16","modified_gmt":"2022-07-21T18:25:16","slug":"mas-visitas-desde-desarrollo-economico-a-emprendedores-locales","status":"publish","type":"post","link":"https:\/\/experienciadevida.com.ar\/portalurbano\/mas-visitas-desde-desarrollo-economico-a-emprendedores-locales\/","title":{"rendered":"M\u00e1s visitas desde Desarrollo Econ\u00f3mico a emprendedores locales"},"content":{"rendered":"<p>M\u00e1s visitas desde Desarrollo Econ\u00f3mico a emprendedores locales, as\u00ed lo informaron desde la Secretaria de Desarrollo Econ\u00f3mico de la <a href=\"https:\/\/www.facebook.com\/municipiodeolavarria\">Municipalidad<\/a> de Olavarr\u00eda se inform\u00f3 que se contin\u00faa con las visitas a emprendimientos del Partido con el objetivo de impulsar y fortalecer sus actividades econ\u00f3micas.<\/p>\n<p>En esta oportunidad se trat\u00f3 de tres proyectos que recibieron un cr\u00e9dito destinado a la compra de materiales, insumos, y mercader\u00edas. La visita tiene como principal objetivo acompa\u00f1ar el desarrollo de los mismos, y observar adem\u00e1s la correcta inversi\u00f3n de los fondos.<\/p>\n<p>En primer lugar, parte del equipo de la Secretaria, visitaron a Mar\u00eda Alejandra Saint Girons quien es titular de un local de Venta de productos de Almac\u00e9n. Con el cr\u00e9dito obtenido invirti\u00f3 en la compra de mercader\u00edas varias para anexar al emprendimiento y as\u00ed ofrecer mayor variedad a sus clientes.<\/p>\n<p>Luego se recorri\u00f3 el emprendimiento de Adriana Mata, artesana fiscalizada de la localidad de Loma Negra, en los rubros de cester\u00eda y macram\u00e9 desde hace varios a\u00f1os y con gran trayectoria. El cr\u00e9dito fue utilizado para la compra de insumos y materia prima, lo que le permitir\u00e1 hacer stock de productos para poder ofrecer en Ferias de nuestra ciudad.<\/p>\n<p>Por \u00faltimo, en la localidad de Sierras Bayas, se visito Renata \u00c1lvarez, quien dise\u00f1a y fabrica objetos de dise\u00f1o y decoraci\u00f3n. Con el cr\u00e9dito pudo acceder a la compra de herramientas, e insumos para la producci\u00f3n. Cabe destacar que este a\u00f1o Renata logro abrir su propio local en el centro de la localidad serrana, en donde se pueden encontrar sus productos y tambi\u00e9n los de otros emprendedores con los que ha establecido redes de apoyo.<\/p>\n<p>Por consultas o mayor informaci\u00f3n sobre el acompa\u00f1amiento a emprendimientos, los interesados pueden dirigirse personalmente a la Secretar\u00eda de Desarrollo Econ\u00f3mico en Moreno 2765, telef\u00f3nicamente al 422135\/195, o v\u00eda email a economia.social@olavarria.gov.ar.<\/p>\n<p><a href=\"https:\/\/experienciadevida.com.ar\/portalurbano\/mas-visitas-desde-desarrollo-economico-a-emprendedores-locales\/mas-visitas\/\" rel=\"attachment wp-att-171881\"><img decoding=\"async\" class=\"alignnone size-large wp-image-171881\" src=\"https:\/\/experienciadevida.com.ar\/portalurbano\/wp-content\/uploads\/2022\/07\/Mas-visitas-1024x682.jpg\" alt=\"M\u00e1s visitas \" width=\"900\" height=\"599\" srcset=\"https:\/\/experienciadevida.com.ar\/portalurbano\/wp-content\/uploads\/2022\/07\/Mas-visitas-1024x682.jpg 1024w, https:\/\/experienciadevida.com.ar\/portalurbano\/wp-content\/uploads\/2022\/07\/Mas-visitas-300x200.jpg 300w, https:\/\/experienciadevida.com.ar\/portalurbano\/wp-content\/uploads\/2022\/07\/Mas-visitas-768x512.jpg 768w, https:\/\/experienciadevida.com.ar\/portalurbano\/wp-content\/uploads\/2022\/07\/Mas-visitas-1536x1024.jpg 1536w, https:\/\/experienciadevida.com.ar\/portalurbano\/wp-content\/uploads\/2022\/07\/Mas-visitas-150x100.jpg 150w, https:\/\/experienciadevida.com.ar\/portalurbano\/wp-content\/uploads\/2022\/07\/Mas-visitas.jpg 1772w\" sizes=\"(max-width: 900px) 100vw, 900px\" \/><\/a><\/p>\n","protected":false},"excerpt":{"rendered":"<p>M\u00e1s visitas desde Desarrollo Econ\u00f3mico a emprendedores locales, as\u00ed lo informaron desde la Secretaria de&#8230;<\/p>\n","protected":false},"author":1,"featured_media":171880,"comment_status":"closed","ping_status":"closed","sticky":false,"template":"","format":"standard","meta":{"content-type":""},"categories":[27],"tags":[],"nelio_content":{"isAutoShareEnabled":false,"autoShareEndMode":"default","automationSources":{"useContentSentences":true,"useSocialTemplates":true,"useCustomSentences":false,"customSentences":[]},"followers":[1],"suggestedReferences":[],"includedReferences":[],"efiUrl":"","efiAlt":"","highlights":[]},"yoast_head":"<!-- This site is optimized with the Yoast SEO plugin v20.7 - https:\/\/yoast.com\/wordpress\/plugins\/seo\/ -->\n<title>M\u00e1s visitas desde Desarrollo Econ\u00f3mico a emprendedores locales<\/title>\n<meta name=\"description\" content=\"M\u00e1s visitas desde Desarrollo Econ\u00f3mico a emprendedores locales, as\u00ed lo informaron desde la Secretaria de Desarrollo Econ\u00f3mico\" \/>\n<meta name=\"robots\" content=\"index, follow, max-snippet:-1, max-image-preview:large, max-video-preview:-1\" \/>\n<link rel=\"canonical\" href=\"https:\/\/experienciadevida.com.ar\/portalurbano\/mas-visitas-desde-desarrollo-economico-a-emprendedores-locales\/\" \/>\n<meta property=\"og:locale\" content=\"es_ES\" \/>\n<meta property=\"og:type\" content=\"article\" \/>\n<meta property=\"og:title\" content=\"M\u00e1s visitas desde Desarrollo Econ\u00f3mico a emprendedores locales\" \/>\n<meta property=\"og:description\" content=\"M\u00e1s visitas desde Desarrollo Econ\u00f3mico a emprendedores locales, as\u00ed lo informaron desde la Secretaria de Desarrollo Econ\u00f3mico\" \/>\n<meta property=\"og:url\" content=\"https:\/\/experienciadevida.com.ar\/portalurbano\/mas-visitas-desde-desarrollo-economico-a-emprendedores-locales\/\" \/>\n<meta property=\"article:publisher\" content=\"https:\/\/www.facebook.com\/Portal-Urbano-171542830093757\/\" \/>\n<meta property=\"article:published_time\" content=\"2022-07-21T18:24:05+00:00\" \/>\n<meta property=\"article:modified_time\" content=\"2022-07-21T18:25:16+00:00\" \/>\n<meta property=\"og:image\" content=\"https:\/\/experienciadevida.com.ar\/portalurbano\/wp-content\/uploads\/2022\/07\/Mas-visitas-desde-Desarrollo.jpg\" \/>\n\t<meta property=\"og:image:width\" content=\"1772\" \/>\n\t<meta property=\"og:image:height\" content=\"1181\" \/>\n\t<meta property=\"og:image:type\" content=\"image\/jpeg\" \/>\n<meta name=\"author\" content=\"admpu17wp\" \/>\n<meta name=\"twitter:card\" content=\"summary_large_image\" \/>\n<meta name=\"twitter:creator\" content=\"@portalurbanook\" \/>\n<meta name=\"twitter:site\" content=\"@portalurbanook\" \/>\n<meta name=\"twitter:label1\" content=\"Escrito por\" \/>\n\t<meta name=\"twitter:data1\" content=\"admpu17wp\" \/>\n\t<meta name=\"twitter:label2\" content=\"Tiempo de lectura\" \/>\n\t<meta name=\"twitter:data2\" content=\"2 minutos\" \/>\n<script type=\"application\/ld+json\" class=\"yoast-schema-graph\">{\"@context\":\"https:\/\/schema.org\",\"@graph\":[{\"@type\":\"Article\",\"@id\":\"https:\/\/experienciadevida.com.ar\/portalurbano\/mas-visitas-desde-desarrollo-economico-a-emprendedores-locales\/#article\",\"isPartOf\":{\"@id\":\"https:\/\/experienciadevida.com.ar\/portalurbano\/mas-visitas-desde-desarrollo-economico-a-emprendedores-locales\/\"},\"author\":{\"name\":\"admpu17wp\",\"@id\":\"https:\/\/experienciadevida.com.ar\/portalurbano\/#\/schema\/person\/02dd326b1c4b056e9cc972486934a3a7\"},\"headline\":\"M\u00e1s visitas desde Desarrollo Econ\u00f3mico a emprendedores locales\",\"datePublished\":\"2022-07-21T18:24:05+00:00\",\"dateModified\":\"2022-07-21T18:25:16+00:00\",\"mainEntityOfPage\":{\"@id\":\"https:\/\/experienciadevida.com.ar\/portalurbano\/mas-visitas-desde-desarrollo-economico-a-emprendedores-locales\/\"},\"wordCount\":345,\"publisher\":{\"@id\":\"https:\/\/experienciadevida.com.ar\/portalurbano\/#organization\"},\"articleSection\":[\"Ciudad\"],\"inLanguage\":\"es\"},{\"@type\":\"WebPage\",\"@id\":\"https:\/\/experienciadevida.com.ar\/portalurbano\/mas-visitas-desde-desarrollo-economico-a-emprendedores-locales\/\",\"url\":\"https:\/\/experienciadevida.com.ar\/portalurbano\/mas-visitas-desde-desarrollo-economico-a-emprendedores-locales\/\",\"name\":\"M\u00e1s visitas desde Desarrollo Econ\u00f3mico a emprendedores locales\",\"isPartOf\":{\"@id\":\"https:\/\/experienciadevida.com.ar\/portalurbano\/#website\"},\"datePublished\":\"2022-07-21T18:24:05+00:00\",\"dateModified\":\"2022-07-21T18:25:16+00:00\",\"description\":\"M\u00e1s visitas desde Desarrollo Econ\u00f3mico a emprendedores locales, as\u00ed lo informaron desde la Secretaria de Desarrollo Econ\u00f3mico\",\"breadcrumb\":{\"@id\":\"https:\/\/experienciadevida.com.ar\/portalurbano\/mas-visitas-desde-desarrollo-economico-a-emprendedores-locales\/#breadcrumb\"},\"inLanguage\":\"es\",\"potentialAction\":[{\"@type\":\"ReadAction\",\"target\":[\"https:\/\/experienciadevida.com.ar\/portalurbano\/mas-visitas-desde-desarrollo-economico-a-emprendedores-locales\/\"]}]},{\"@type\":\"BreadcrumbList\",\"@id\":\"https:\/\/experienciadevida.com.ar\/portalurbano\/mas-visitas-desde-desarrollo-economico-a-emprendedores-locales\/#breadcrumb\",\"itemListElement\":[{\"@type\":\"ListItem\",\"position\":1,\"name\":\"Portada\",\"item\":\"https:\/\/experienciadevida.com.ar\/portalurbano\/\"},{\"@type\":\"ListItem\",\"position\":2,\"name\":\"M\u00e1s visitas desde Desarrollo Econ\u00f3mico a emprendedores locales\"}]},{\"@type\":\"WebSite\",\"@id\":\"https:\/\/experienciadevida.com.ar\/portalurbano\/#website\",\"url\":\"https:\/\/experienciadevida.com.ar\/portalurbano\/\",\"name\":\"\",\"description\":\"\",\"publisher\":{\"@id\":\"https:\/\/experienciadevida.com.ar\/portalurbano\/#organization\"},\"potentialAction\":[{\"@type\":\"SearchAction\",\"target\":{\"@type\":\"EntryPoint\",\"urlTemplate\":\"https:\/\/experienciadevida.com.ar\/portalurbano\/?s={search_term_string}\"},\"query-input\":\"required name=search_term_string\"}],\"inLanguage\":\"es\"},{\"@type\":\"Organization\",\"@id\":\"https:\/\/experienciadevida.com.ar\/portalurbano\/#organization\",\"name\":\"Portal Urbano\",\"url\":\"https:\/\/experienciadevida.com.ar\/portalurbano\/\",\"logo\":{\"@type\":\"ImageObject\",\"inLanguage\":\"es\",\"@id\":\"https:\/\/experienciadevida.com.ar\/portalurbano\/#\/schema\/logo\/image\/\",\"url\":\"https:\/\/experienciadevida.com.ar\/portalurbano\/wp-content\/uploads\/2019\/09\/Logo-Original.png\",\"contentUrl\":\"https:\/\/experienciadevida.com.ar\/portalurbano\/wp-content\/uploads\/2019\/09\/Logo-Original.png\",\"width\":2236,\"height\":1216,\"caption\":\"Portal Urbano\"},\"image\":{\"@id\":\"https:\/\/experienciadevida.com.ar\/portalurbano\/#\/schema\/logo\/image\/\"},\"sameAs\":[\"https:\/\/www.facebook.com\/Portal-Urbano-171542830093757\/\",\"https:\/\/twitter.com\/portalurbanook\",\"https:\/\/www.instagram.com\/_portalurbano\/\",\"https:\/\/www.youtube.com\/channel\/UCXhagIfszH8KxFiOok79zbA?view_as=subscriber\"]},{\"@type\":\"Person\",\"@id\":\"https:\/\/experienciadevida.com.ar\/portalurbano\/#\/schema\/person\/02dd326b1c4b056e9cc972486934a3a7\",\"name\":\"admpu17wp\",\"image\":{\"@type\":\"ImageObject\",\"inLanguage\":\"es\",\"@id\":\"https:\/\/experienciadevida.com.ar\/portalurbano\/#\/schema\/person\/image\/\",\"url\":\"https:\/\/secure.gravatar.com\/avatar\/830d4c57adaae6630765e449a6908047?s=96&d=mm&r=g\",\"contentUrl\":\"https:\/\/secure.gravatar.com\/avatar\/830d4c57adaae6630765e449a6908047?s=96&d=mm&r=g\",\"caption\":\"admpu17wp\"}}]}<\/script>\n<!-- \/ Yoast SEO plugin. -->","yoast_head_json":{"title":"M\u00e1s visitas desde Desarrollo Econ\u00f3mico a emprendedores locales","description":"M\u00e1s visitas desde Desarrollo Econ\u00f3mico a emprendedores locales, as\u00ed lo informaron desde la Secretaria de Desarrollo Econ\u00f3mico","robots":{"index":"index","follow":"follow","max-snippet":"max-snippet:-1","max-image-preview":"max-image-preview:large","max-video-preview":"max-video-preview:-1"},"canonical":"https:\/\/experienciadevida.com.ar\/portalurbano\/mas-visitas-desde-desarrollo-economico-a-emprendedores-locales\/","og_locale":"es_ES","og_type":"article","og_title":"M\u00e1s visitas desde Desarrollo Econ\u00f3mico a emprendedores locales","og_description":"M\u00e1s visitas desde Desarrollo Econ\u00f3mico a emprendedores locales, as\u00ed lo informaron desde la Secretaria de Desarrollo Econ\u00f3mico","og_url":"https:\/\/experienciadevida.com.ar\/portalurbano\/mas-visitas-desde-desarrollo-economico-a-emprendedores-locales\/","article_publisher":"https:\/\/www.facebook.com\/Portal-Urbano-171542830093757\/","article_published_time":"2022-07-21T18:24:05+00:00","article_modified_time":"2022-07-21T18:25:16+00:00","og_image":[{"width":1772,"height":1181,"url":"https:\/\/experienciadevida.com.ar\/portalurbano\/wp-content\/uploads\/2022\/07\/Mas-visitas-desde-Desarrollo.jpg","type":"image\/jpeg"}],"author":"admpu17wp","twitter_card":"summary_large_image","twitter_creator":"@portalurbanook","twitter_site":"@portalurbanook","twitter_misc":{"Escrito por":"admpu17wp","Tiempo de lectura":"2 minutos"},"schema":{"@context":"https:\/\/schema.org","@graph":[{"@type":"Article","@id":"https:\/\/experienciadevida.com.ar\/portalurbano\/mas-visitas-desde-desarrollo-economico-a-emprendedores-locales\/#article","isPartOf":{"@id":"https:\/\/experienciadevida.com.ar\/portalurbano\/mas-visitas-desde-desarrollo-economico-a-emprendedores-locales\/"},"author":{"name":"admpu17wp","@id":"https:\/\/experienciadevida.com.ar\/portalurbano\/#\/schema\/person\/02dd326b1c4b056e9cc972486934a3a7"},"headline":"M\u00e1s visitas desde Desarrollo Econ\u00f3mico a emprendedores locales","datePublished":"2022-07-21T18:24:05+00:00","dateModified":"2022-07-21T18:25:16+00:00","mainEntityOfPage":{"@id":"https:\/\/experienciadevida.com.ar\/portalurbano\/mas-visitas-desde-desarrollo-economico-a-emprendedores-locales\/"},"wordCount":345,"publisher":{"@id":"https:\/\/experienciadevida.com.ar\/portalurbano\/#organization"},"articleSection":["Ciudad"],"inLanguage":"es"},{"@type":"WebPage","@id":"https:\/\/experienciadevida.com.ar\/portalurbano\/mas-visitas-desde-desarrollo-economico-a-emprendedores-locales\/","url":"https:\/\/experienciadevida.com.ar\/portalurbano\/mas-visitas-desde-desarrollo-economico-a-emprendedores-locales\/","name":"M\u00e1s visitas desde Desarrollo Econ\u00f3mico a emprendedores locales","isPartOf":{"@id":"https:\/\/experienciadevida.com.ar\/portalurbano\/#website"},"datePublished":"2022-07-21T18:24:05+00:00","dateModified":"2022-07-21T18:25:16+00:00","description":"M\u00e1s visitas desde Desarrollo Econ\u00f3mico a emprendedores locales, as\u00ed lo informaron desde la Secretaria de Desarrollo Econ\u00f3mico","breadcrumb":{"@id":"https:\/\/experienciadevida.com.ar\/portalurbano\/mas-visitas-desde-desarrollo-economico-a-emprendedores-locales\/#breadcrumb"},"inLanguage":"es","potentialAction":[{"@type":"ReadAction","target":["https:\/\/experienciadevida.com.ar\/portalurbano\/mas-visitas-desde-desarrollo-economico-a-emprendedores-locales\/"]}]},{"@type":"BreadcrumbList","@id":"https:\/\/experienciadevida.com.ar\/portalurbano\/mas-visitas-desde-desarrollo-economico-a-emprendedores-locales\/#breadcrumb","itemListElement":[{"@type":"ListItem","position":1,"name":"Portada","item":"https:\/\/experienciadevida.com.ar\/portalurbano\/"},{"@type":"ListItem","position":2,"name":"M\u00e1s visitas desde Desarrollo Econ\u00f3mico a emprendedores locales"}]},{"@type":"WebSite","@id":"https:\/\/experienciadevida.com.ar\/portalurbano\/#website","url":"https:\/\/experienciadevida.com.ar\/portalurbano\/","name":"","description":"","publisher":{"@id":"https:\/\/experienciadevida.com.ar\/portalurbano\/#organization"},"potentialAction":[{"@type":"SearchAction","target":{"@type":"EntryPoint","urlTemplate":"https:\/\/experienciadevida.com.ar\/portalurbano\/?s={search_term_string}"},"query-input":"required name=search_term_string"}],"inLanguage":"es"},{"@type":"Organization","@id":"https:\/\/experienciadevida.com.ar\/portalurbano\/#organization","name":"Portal Urbano","url":"https:\/\/experienciadevida.com.ar\/portalurbano\/","logo":{"@type":"ImageObject","inLanguage":"es","@id":"https:\/\/experienciadevida.com.ar\/portalurbano\/#\/schema\/logo\/image\/","url":"https:\/\/experienciadevida.com.ar\/portalurbano\/wp-content\/uploads\/2019\/09\/Logo-Original.png","contentUrl":"https:\/\/experienciadevida.com.ar\/portalurbano\/wp-content\/uploads\/2019\/09\/Logo-Original.png","width":2236,"height":1216,"caption":"Portal Urbano"},"image":{"@id":"https:\/\/experienciadevida.com.ar\/portalurbano\/#\/schema\/logo\/image\/"},"sameAs":["https:\/\/www.facebook.com\/Portal-Urbano-171542830093757\/","https:\/\/twitter.com\/portalurbanook","https:\/\/www.instagram.com\/_portalurbano\/","https:\/\/www.youtube.com\/channel\/UCXhagIfszH8KxFiOok79zbA?view_as=subscriber"]},{"@type":"Person","@id":"https:\/\/experienciadevida.com.ar\/portalurbano\/#\/schema\/person\/02dd326b1c4b056e9cc972486934a3a7","name":"admpu17wp","image":{"@type":"ImageObject","inLanguage":"es","@id":"https:\/\/experienciadevida.com.ar\/portalurbano\/#\/schema\/person\/image\/","url":"https:\/\/secure.gravatar.com\/avatar\/830d4c57adaae6630765e449a6908047?s=96&d=mm&r=g","contentUrl":"https:\/\/secure.gravatar.com\/avatar\/830d4c57adaae6630765e449a6908047?s=96&d=mm&r=g","caption":"admpu17wp"}}]}},"featured_image_urls":{"full":["https:\/\/experienciadevida.com.ar\/portalurbano\/wp-content\/uploads\/2022\/07\/Mas-visitas-desde-Desarrollo.jpg",1772,1181,false],"thumbnail":["https:\/\/experienciadevida.com.ar\/portalurbano\/wp-content\/uploads\/2022\/07\/Mas-visitas-desde-Desarrollo-150x150.jpg",150,150,true],"medium":["https:\/\/experienciadevida.com.ar\/portalurbano\/wp-content\/uploads\/2022\/07\/Mas-visitas-desde-Desarrollo-300x200.jpg",300,200,true],"medium_large":["https:\/\/experienciadevida.com.ar\/portalurbano\/wp-content\/uploads\/2022\/07\/Mas-visitas-desde-Desarrollo-768x512.jpg",640,427,true],"large":["https:\/\/experienciadevida.com.ar\/portalurbano\/wp-content\/uploads\/2022\/07\/Mas-visitas-desde-Desarrollo-1024x682.jpg",640,426,true],"ug_big":["https:\/\/experienciadevida.com.ar\/portalurbano\/wp-content\/uploads\/2022\/07\/Mas-visitas-desde-Desarrollo-768x512.jpg",768,512,true],"1536x1536":["https:\/\/experienciadevida.com.ar\/portalurbano\/wp-content\/uploads\/2022\/07\/Mas-visitas-desde-Desarrollo-1536x1024.jpg",1536,1024,true],"2048x2048":["https:\/\/experienciadevida.com.ar\/portalurbano\/wp-content\/uploads\/2022\/07\/Mas-visitas-desde-Desarrollo.jpg",1772,1181,false],"newsever-slider-full":["https:\/\/experienciadevida.com.ar\/portalurbano\/wp-content\/uploads\/2022\/07\/Mas-visitas-desde-Desarrollo.jpg",1268,845,false],"newsever-featured":["https:\/\/experienciadevida.com.ar\/portalurbano\/wp-content\/uploads\/2022\/07\/Mas-visitas-desde-Desarrollo.jpg",1024,682,false],"newsever-medium":["https:\/\/experienciadevida.com.ar\/portalurbano\/wp-content\/uploads\/2022\/07\/Mas-visitas-desde-Desarrollo.jpg",713,475,false],"web-stories-poster-portrait":["https:\/\/experienciadevida.com.ar\/portalurbano\/wp-content\/uploads\/2022\/07\/Mas-visitas-desde-Desarrollo-640x853.jpg",640,853,true],"web-stories-publisher-logo":["https:\/\/experienciadevida.com.ar\/portalurbano\/wp-content\/uploads\/2022\/07\/Mas-visitas-desde-Desarrollo-96x96.jpg",96,96,true],"web-stories-thumbnail":["https:\/\/experienciadevida.com.ar\/portalurbano\/wp-content\/uploads\/2022\/07\/Mas-visitas-desde-Desarrollo-150x100.jpg",150,100,true]},"author_info":{"display_name":"admpu17wp","author_link":"https:\/\/experienciadevida.com.ar\/portalurbano\/author\/admpu17wp\/"},"category_info":"<a href=\"https:\/\/experienciadevida.com.ar\/portalurbano\/category\/ciudad\/\" rel=\"category tag\">Ciudad<\/a>","tag_info":"Ciudad","comment_count":"0","amp_enabled":true,"_links":{"self":[{"href":"https:\/\/experienciadevida.com.ar\/portalurbano\/wp-json\/wp\/v2\/posts\/171879"}],"collection":[{"href":"https:\/\/experienciadevida.com.ar\/portalurbano\/wp-json\/wp\/v2\/posts"}],"about":[{"href":"https:\/\/experienciadevida.com.ar\/portalurbano\/wp-json\/wp\/v2\/types\/post"}],"author":[{"embeddable":true,"href":"https:\/\/experienciadevida.com.ar\/portalurbano\/wp-json\/wp\/v2\/users\/1"}],"replies":[{"embeddable":true,"href":"https:\/\/experienciadevida.com.ar\/portalurbano\/wp-json\/wp\/v2\/comments?post=171879"}],"version-history":[{"count":2,"href":"https:\/\/experienciadevida.com.ar\/portalurbano\/wp-json\/wp\/v2\/posts\/171879\/revisions"}],"predecessor-version":[{"id":171883,"href":"https:\/\/experienciadevida.com.ar\/portalurbano\/wp-json\/wp\/v2\/posts\/171879\/revisions\/171883"}],"wp:featuredmedia":[{"embeddable":true,"href":"https:\/\/experienciadevida.com.ar\/portalurbano\/wp-json\/wp\/v2\/media\/171880"}],"wp:attachment":[{"href":"https:\/\/experienciadevida.com.ar\/portalurbano\/wp-json\/wp\/v2\/media?parent=171879"}],"wp:term":[{"taxonomy":"category","embeddable":true,"href":"https:\/\/experienciadevida.com.ar\/portalurbano\/wp-json\/wp\/v2\/categories?post=171879"},{"taxonomy":"post_tag","embeddable":true,"href":"https:\/\/experienciadevida.com.ar\/portalurbano\/wp-json\/wp\/v2\/tags?post=171879"}],"curies":[{"name":"wp","href":"https:\/\/api.w.org\/{rel}","templated":true}]}}