{"id":171865,"date":"2022-07-21T14:46:29","date_gmt":"2022-07-21T17:46:29","guid":{"rendered":"https:\/\/experienciadevida.com.ar\/portalurbano\/?p=171865"},"modified":"2022-07-21T14:59:47","modified_gmt":"2022-07-21T17:59:47","slug":"habilitacion-de-eventos-comienza-la-tramitacion-electronica","status":"publish","type":"post","link":"https:\/\/experienciadevida.com.ar\/portalurbano\/habilitacion-de-eventos-comienza-la-tramitacion-electronica\/","title":{"rendered":"Habilitaci\u00f3n de eventos: comienza la tramitaci\u00f3n electr\u00f3nica"},"content":{"rendered":"<p>Habilitaci\u00f3n de eventos: comienza la tramitaci\u00f3n electr\u00f3nica, as\u00ed lo informaron desde la Direcci\u00f3n de Habilitaciones del <a href=\"https:\/\/www.facebook.com\/municipiodeolavarria\">Municipio<\/a> se informa que a partir del pr\u00f3ximo lunes 2 de agosto se podr\u00e1 iniciar la tramitaci\u00f3n de habilitaci\u00f3n para realizar eventos de manera electr\u00f3nica.<\/p>\n<p>Se destaca que la solicitud de Habilitaci\u00f3n de eventos deber\u00e1 iniciarse con 20 d\u00edas de anticipaci\u00f3n a la fecha del mismo, de manera presencial en el Palacio Belgrano. En el momento se digitalizar\u00e1 la documentaci\u00f3n que se presente para la solicitud y se devolver\u00e1 a la persona. La tramitaci\u00f3n municipal se realizar\u00e1 utilizando el Expediente Electr\u00f3nico (EE), como herramienta de gesti\u00f3n interna.<\/p>\n<p>Con la incorporaci\u00f3n de EE, la Direcci\u00f3n de Habilitaciones se constituye en ventanilla \u00fanica. Es decir que al momento de solicitar una autorizaci\u00f3n para realizar eventos, se deber\u00e1 presentar la documentaci\u00f3n m\u00ednima y anexa requerida, en \u00e9sta dependencia. Se indica que, previo a la presentaci\u00f3n del tr\u00e1mite.<\/p>\n<p>La Dra. Mar\u00eda Celia Alem, titular del \u00e1rea, indic\u00f3 que hace unos meses se est\u00e1 trabajando, en conjunto con la Subsecretar\u00eda de Modernizaci\u00f3n, Planificaci\u00f3n y Transparencia, en la revisi\u00f3n de procedimientos internos, para incorporar el tr\u00e1mite de Habilitaci\u00f3n de eventos a la gesti\u00f3n digital.<\/p>\n<p>Asimismo, destac\u00f3 que en la direcci\u00f3n se utiliza Expediente Electr\u00f3nico desde el a\u00f1o 2021 para los tr\u00e1mites de Inicio de Habilitaci\u00f3n de comercios. Como resultado de este trabajo, se ha logrado reducir un 70% de tiempo en la gesti\u00f3n de cada tr\u00e1mite.<\/p>\n<p>Ante cualquier consulta podr\u00e1n comunicarse al tel\u00e9fono 2284-442760 interno 1027, correo habilitaciones@olavarria.gov.ar<\/p>\n","protected":false},"excerpt":{"rendered":"<p>Habilitaci\u00f3n de eventos: comienza la tramitaci\u00f3n electr\u00f3nica, as\u00ed lo informaron desde la Direcci\u00f3n de Habilitaciones&#8230;<\/p>\n","protected":false},"author":1,"featured_media":171866,"comment_status":"closed","ping_status":"closed","sticky":false,"template":"","format":"standard","meta":{"content-type":""},"categories":[27,51],"tags":[],"nelio_content":{"isAutoShareEnabled":false,"autoShareEndMode":"default","automationSources":{"useContentSentences":true,"useSocialTemplates":true,"useCustomSentences":false,"customSentences":[]},"followers":[1],"suggestedReferences":[],"includedReferences":[],"efiUrl":"","efiAlt":"","highlights":[]},"yoast_head":"<!-- This site is optimized with the Yoast SEO plugin v20.7 - https:\/\/yoast.com\/wordpress\/plugins\/seo\/ -->\n<title>Habilitaci\u00f3n de eventos: comienza la tramitaci\u00f3n electr\u00f3nica<\/title>\n<meta name=\"description\" content=\"Habilitaci\u00f3n de eventos: comienza la tramitaci\u00f3n electr\u00f3nica, as\u00ed lo informaron desde la Direcci\u00f3n de Habilitaciones del Municipio\" \/>\n<meta name=\"robots\" content=\"index, follow, max-snippet:-1, max-image-preview:large, max-video-preview:-1\" \/>\n<link rel=\"canonical\" href=\"https:\/\/experienciadevida.com.ar\/portalurbano\/habilitacion-de-eventos-comienza-la-tramitacion-electronica\/\" \/>\n<meta property=\"og:locale\" content=\"es_ES\" \/>\n<meta property=\"og:type\" content=\"article\" \/>\n<meta property=\"og:title\" content=\"Habilitaci\u00f3n de eventos: comienza la tramitaci\u00f3n electr\u00f3nica\" \/>\n<meta property=\"og:description\" content=\"Habilitaci\u00f3n de eventos: comienza la tramitaci\u00f3n electr\u00f3nica, as\u00ed lo informaron desde la Direcci\u00f3n de Habilitaciones del Municipio\" \/>\n<meta property=\"og:url\" content=\"https:\/\/experienciadevida.com.ar\/portalurbano\/habilitacion-de-eventos-comienza-la-tramitacion-electronica\/\" \/>\n<meta property=\"article:publisher\" content=\"https:\/\/www.facebook.com\/Portal-Urbano-171542830093757\/\" \/>\n<meta property=\"article:published_time\" content=\"2022-07-21T17:46:29+00:00\" \/>\n<meta property=\"article:modified_time\" content=\"2022-07-21T17:59:47+00:00\" \/>\n<meta property=\"og:image\" content=\"https:\/\/experienciadevida.com.ar\/portalurbano\/wp-content\/uploads\/2022\/07\/Habilitacion-de-eventos.jpg\" \/>\n\t<meta property=\"og:image:width\" content=\"1024\" \/>\n\t<meta property=\"og:image:height\" content=\"682\" \/>\n\t<meta property=\"og:image:type\" content=\"image\/jpeg\" \/>\n<meta name=\"author\" content=\"admpu17wp\" \/>\n<meta name=\"twitter:card\" content=\"summary_large_image\" \/>\n<meta name=\"twitter:creator\" content=\"@portalurbanook\" \/>\n<meta name=\"twitter:site\" content=\"@portalurbanook\" \/>\n<meta name=\"twitter:label1\" content=\"Escrito por\" \/>\n\t<meta name=\"twitter:data1\" content=\"admpu17wp\" \/>\n\t<meta name=\"twitter:label2\" content=\"Tiempo de lectura\" \/>\n\t<meta name=\"twitter:data2\" content=\"2 minutos\" \/>\n<script type=\"application\/ld+json\" class=\"yoast-schema-graph\">{\"@context\":\"https:\/\/schema.org\",\"@graph\":[{\"@type\":\"Article\",\"@id\":\"https:\/\/experienciadevida.com.ar\/portalurbano\/habilitacion-de-eventos-comienza-la-tramitacion-electronica\/#article\",\"isPartOf\":{\"@id\":\"https:\/\/experienciadevida.com.ar\/portalurbano\/habilitacion-de-eventos-comienza-la-tramitacion-electronica\/\"},\"author\":{\"name\":\"admpu17wp\",\"@id\":\"https:\/\/experienciadevida.com.ar\/portalurbano\/#\/schema\/person\/02dd326b1c4b056e9cc972486934a3a7\"},\"headline\":\"Habilitaci\u00f3n de eventos: comienza la tramitaci\u00f3n electr\u00f3nica\",\"datePublished\":\"2022-07-21T17:46:29+00:00\",\"dateModified\":\"2022-07-21T17:59:47+00:00\",\"mainEntityOfPage\":{\"@id\":\"https:\/\/experienciadevida.com.ar\/portalurbano\/habilitacion-de-eventos-comienza-la-tramitacion-electronica\/\"},\"wordCount\":295,\"publisher\":{\"@id\":\"https:\/\/experienciadevida.com.ar\/portalurbano\/#organization\"},\"articleSection\":[\"Ciudad\",\"Destacadas\"],\"inLanguage\":\"es\"},{\"@type\":\"WebPage\",\"@id\":\"https:\/\/experienciadevida.com.ar\/portalurbano\/habilitacion-de-eventos-comienza-la-tramitacion-electronica\/\",\"url\":\"https:\/\/experienciadevida.com.ar\/portalurbano\/habilitacion-de-eventos-comienza-la-tramitacion-electronica\/\",\"name\":\"Habilitaci\u00f3n de eventos: comienza la tramitaci\u00f3n electr\u00f3nica\",\"isPartOf\":{\"@id\":\"https:\/\/experienciadevida.com.ar\/portalurbano\/#website\"},\"datePublished\":\"2022-07-21T17:46:29+00:00\",\"dateModified\":\"2022-07-21T17:59:47+00:00\",\"description\":\"Habilitaci\u00f3n de eventos: comienza la tramitaci\u00f3n electr\u00f3nica, as\u00ed lo informaron desde la Direcci\u00f3n de Habilitaciones del Municipio\",\"breadcrumb\":{\"@id\":\"https:\/\/experienciadevida.com.ar\/portalurbano\/habilitacion-de-eventos-comienza-la-tramitacion-electronica\/#breadcrumb\"},\"inLanguage\":\"es\",\"potentialAction\":[{\"@type\":\"ReadAction\",\"target\":[\"https:\/\/experienciadevida.com.ar\/portalurbano\/habilitacion-de-eventos-comienza-la-tramitacion-electronica\/\"]}]},{\"@type\":\"BreadcrumbList\",\"@id\":\"https:\/\/experienciadevida.com.ar\/portalurbano\/habilitacion-de-eventos-comienza-la-tramitacion-electronica\/#breadcrumb\",\"itemListElement\":[{\"@type\":\"ListItem\",\"position\":1,\"name\":\"Portada\",\"item\":\"https:\/\/experienciadevida.com.ar\/portalurbano\/\"},{\"@type\":\"ListItem\",\"position\":2,\"name\":\"Habilitaci\u00f3n de eventos: comienza la tramitaci\u00f3n electr\u00f3nica\"}]},{\"@type\":\"WebSite\",\"@id\":\"https:\/\/experienciadevida.com.ar\/portalurbano\/#website\",\"url\":\"https:\/\/experienciadevida.com.ar\/portalurbano\/\",\"name\":\"\",\"description\":\"\",\"publisher\":{\"@id\":\"https:\/\/experienciadevida.com.ar\/portalurbano\/#organization\"},\"potentialAction\":[{\"@type\":\"SearchAction\",\"target\":{\"@type\":\"EntryPoint\",\"urlTemplate\":\"https:\/\/experienciadevida.com.ar\/portalurbano\/?s={search_term_string}\"},\"query-input\":\"required name=search_term_string\"}],\"inLanguage\":\"es\"},{\"@type\":\"Organization\",\"@id\":\"https:\/\/experienciadevida.com.ar\/portalurbano\/#organization\",\"name\":\"Portal Urbano\",\"url\":\"https:\/\/experienciadevida.com.ar\/portalurbano\/\",\"logo\":{\"@type\":\"ImageObject\",\"inLanguage\":\"es\",\"@id\":\"https:\/\/experienciadevida.com.ar\/portalurbano\/#\/schema\/logo\/image\/\",\"url\":\"https:\/\/experienciadevida.com.ar\/portalurbano\/wp-content\/uploads\/2019\/09\/Logo-Original.png\",\"contentUrl\":\"https:\/\/experienciadevida.com.ar\/portalurbano\/wp-content\/uploads\/2019\/09\/Logo-Original.png\",\"width\":2236,\"height\":1216,\"caption\":\"Portal Urbano\"},\"image\":{\"@id\":\"https:\/\/experienciadevida.com.ar\/portalurbano\/#\/schema\/logo\/image\/\"},\"sameAs\":[\"https:\/\/www.facebook.com\/Portal-Urbano-171542830093757\/\",\"https:\/\/twitter.com\/portalurbanook\",\"https:\/\/www.instagram.com\/_portalurbano\/\",\"https:\/\/www.youtube.com\/channel\/UCXhagIfszH8KxFiOok79zbA?view_as=subscriber\"]},{\"@type\":\"Person\",\"@id\":\"https:\/\/experienciadevida.com.ar\/portalurbano\/#\/schema\/person\/02dd326b1c4b056e9cc972486934a3a7\",\"name\":\"admpu17wp\",\"image\":{\"@type\":\"ImageObject\",\"inLanguage\":\"es\",\"@id\":\"https:\/\/experienciadevida.com.ar\/portalurbano\/#\/schema\/person\/image\/\",\"url\":\"https:\/\/secure.gravatar.com\/avatar\/830d4c57adaae6630765e449a6908047?s=96&d=mm&r=g\",\"contentUrl\":\"https:\/\/secure.gravatar.com\/avatar\/830d4c57adaae6630765e449a6908047?s=96&d=mm&r=g\",\"caption\":\"admpu17wp\"}}]}<\/script>\n<!-- \/ Yoast SEO plugin. -->","yoast_head_json":{"title":"Habilitaci\u00f3n de eventos: comienza la tramitaci\u00f3n electr\u00f3nica","description":"Habilitaci\u00f3n de eventos: comienza la tramitaci\u00f3n electr\u00f3nica, as\u00ed lo informaron desde la Direcci\u00f3n de Habilitaciones del Municipio","robots":{"index":"index","follow":"follow","max-snippet":"max-snippet:-1","max-image-preview":"max-image-preview:large","max-video-preview":"max-video-preview:-1"},"canonical":"https:\/\/experienciadevida.com.ar\/portalurbano\/habilitacion-de-eventos-comienza-la-tramitacion-electronica\/","og_locale":"es_ES","og_type":"article","og_title":"Habilitaci\u00f3n de eventos: comienza la tramitaci\u00f3n electr\u00f3nica","og_description":"Habilitaci\u00f3n de eventos: comienza la tramitaci\u00f3n electr\u00f3nica, as\u00ed lo informaron desde la Direcci\u00f3n de Habilitaciones del Municipio","og_url":"https:\/\/experienciadevida.com.ar\/portalurbano\/habilitacion-de-eventos-comienza-la-tramitacion-electronica\/","article_publisher":"https:\/\/www.facebook.com\/Portal-Urbano-171542830093757\/","article_published_time":"2022-07-21T17:46:29+00:00","article_modified_time":"2022-07-21T17:59:47+00:00","og_image":[{"width":1024,"height":682,"url":"https:\/\/experienciadevida.com.ar\/portalurbano\/wp-content\/uploads\/2022\/07\/Habilitacion-de-eventos.jpg","type":"image\/jpeg"}],"author":"admpu17wp","twitter_card":"summary_large_image","twitter_creator":"@portalurbanook","twitter_site":"@portalurbanook","twitter_misc":{"Escrito por":"admpu17wp","Tiempo de lectura":"2 minutos"},"schema":{"@context":"https:\/\/schema.org","@graph":[{"@type":"Article","@id":"https:\/\/experienciadevida.com.ar\/portalurbano\/habilitacion-de-eventos-comienza-la-tramitacion-electronica\/#article","isPartOf":{"@id":"https:\/\/experienciadevida.com.ar\/portalurbano\/habilitacion-de-eventos-comienza-la-tramitacion-electronica\/"},"author":{"name":"admpu17wp","@id":"https:\/\/experienciadevida.com.ar\/portalurbano\/#\/schema\/person\/02dd326b1c4b056e9cc972486934a3a7"},"headline":"Habilitaci\u00f3n de eventos: comienza la tramitaci\u00f3n electr\u00f3nica","datePublished":"2022-07-21T17:46:29+00:00","dateModified":"2022-07-21T17:59:47+00:00","mainEntityOfPage":{"@id":"https:\/\/experienciadevida.com.ar\/portalurbano\/habilitacion-de-eventos-comienza-la-tramitacion-electronica\/"},"wordCount":295,"publisher":{"@id":"https:\/\/experienciadevida.com.ar\/portalurbano\/#organization"},"articleSection":["Ciudad","Destacadas"],"inLanguage":"es"},{"@type":"WebPage","@id":"https:\/\/experienciadevida.com.ar\/portalurbano\/habilitacion-de-eventos-comienza-la-tramitacion-electronica\/","url":"https:\/\/experienciadevida.com.ar\/portalurbano\/habilitacion-de-eventos-comienza-la-tramitacion-electronica\/","name":"Habilitaci\u00f3n de eventos: comienza la tramitaci\u00f3n electr\u00f3nica","isPartOf":{"@id":"https:\/\/experienciadevida.com.ar\/portalurbano\/#website"},"datePublished":"2022-07-21T17:46:29+00:00","dateModified":"2022-07-21T17:59:47+00:00","description":"Habilitaci\u00f3n de eventos: comienza la tramitaci\u00f3n electr\u00f3nica, as\u00ed lo informaron desde la Direcci\u00f3n de Habilitaciones del Municipio","breadcrumb":{"@id":"https:\/\/experienciadevida.com.ar\/portalurbano\/habilitacion-de-eventos-comienza-la-tramitacion-electronica\/#breadcrumb"},"inLanguage":"es","potentialAction":[{"@type":"ReadAction","target":["https:\/\/experienciadevida.com.ar\/portalurbano\/habilitacion-de-eventos-comienza-la-tramitacion-electronica\/"]}]},{"@type":"BreadcrumbList","@id":"https:\/\/experienciadevida.com.ar\/portalurbano\/habilitacion-de-eventos-comienza-la-tramitacion-electronica\/#breadcrumb","itemListElement":[{"@type":"ListItem","position":1,"name":"Portada","item":"https:\/\/experienciadevida.com.ar\/portalurbano\/"},{"@type":"ListItem","position":2,"name":"Habilitaci\u00f3n de eventos: comienza la tramitaci\u00f3n electr\u00f3nica"}]},{"@type":"WebSite","@id":"https:\/\/experienciadevida.com.ar\/portalurbano\/#website","url":"https:\/\/experienciadevida.com.ar\/portalurbano\/","name":"","description":"","publisher":{"@id":"https:\/\/experienciadevida.com.ar\/portalurbano\/#organization"},"potentialAction":[{"@type":"SearchAction","target":{"@type":"EntryPoint","urlTemplate":"https:\/\/experienciadevida.com.ar\/portalurbano\/?s={search_term_string}"},"query-input":"required name=search_term_string"}],"inLanguage":"es"},{"@type":"Organization","@id":"https:\/\/experienciadevida.com.ar\/portalurbano\/#organization","name":"Portal Urbano","url":"https:\/\/experienciadevida.com.ar\/portalurbano\/","logo":{"@type":"ImageObject","inLanguage":"es","@id":"https:\/\/experienciadevida.com.ar\/portalurbano\/#\/schema\/logo\/image\/","url":"https:\/\/experienciadevida.com.ar\/portalurbano\/wp-content\/uploads\/2019\/09\/Logo-Original.png","contentUrl":"https:\/\/experienciadevida.com.ar\/portalurbano\/wp-content\/uploads\/2019\/09\/Logo-Original.png","width":2236,"height":1216,"caption":"Portal Urbano"},"image":{"@id":"https:\/\/experienciadevida.com.ar\/portalurbano\/#\/schema\/logo\/image\/"},"sameAs":["https:\/\/www.facebook.com\/Portal-Urbano-171542830093757\/","https:\/\/twitter.com\/portalurbanook","https:\/\/www.instagram.com\/_portalurbano\/","https:\/\/www.youtube.com\/channel\/UCXhagIfszH8KxFiOok79zbA?view_as=subscriber"]},{"@type":"Person","@id":"https:\/\/experienciadevida.com.ar\/portalurbano\/#\/schema\/person\/02dd326b1c4b056e9cc972486934a3a7","name":"admpu17wp","image":{"@type":"ImageObject","inLanguage":"es","@id":"https:\/\/experienciadevida.com.ar\/portalurbano\/#\/schema\/person\/image\/","url":"https:\/\/secure.gravatar.com\/avatar\/830d4c57adaae6630765e449a6908047?s=96&d=mm&r=g","contentUrl":"https:\/\/secure.gravatar.com\/avatar\/830d4c57adaae6630765e449a6908047?s=96&d=mm&r=g","caption":"admpu17wp"}}]}},"featured_image_urls":{"full":["https:\/\/experienciadevida.com.ar\/portalurbano\/wp-content\/uploads\/2022\/07\/Habilitacion-de-eventos.jpg",1024,682,false],"thumbnail":["https:\/\/experienciadevida.com.ar\/portalurbano\/wp-content\/uploads\/2022\/07\/Habilitacion-de-eventos-150x150.jpg",150,150,true],"medium":["https:\/\/experienciadevida.com.ar\/portalurbano\/wp-content\/uploads\/2022\/07\/Habilitacion-de-eventos-300x200.jpg",300,200,true],"medium_large":["https:\/\/experienciadevida.com.ar\/portalurbano\/wp-content\/uploads\/2022\/07\/Habilitacion-de-eventos-768x512.jpg",640,427,true],"large":["https:\/\/experienciadevida.com.ar\/portalurbano\/wp-content\/uploads\/2022\/07\/Habilitacion-de-eventos.jpg",640,426,false],"ug_big":["https:\/\/experienciadevida.com.ar\/portalurbano\/wp-content\/uploads\/2022\/07\/Habilitacion-de-eventos-768x512.jpg",768,512,true],"1536x1536":["https:\/\/experienciadevida.com.ar\/portalurbano\/wp-content\/uploads\/2022\/07\/Habilitacion-de-eventos.jpg",1024,682,false],"2048x2048":["https:\/\/experienciadevida.com.ar\/portalurbano\/wp-content\/uploads\/2022\/07\/Habilitacion-de-eventos.jpg",1024,682,false],"newsever-slider-full":["https:\/\/experienciadevida.com.ar\/portalurbano\/wp-content\/uploads\/2022\/07\/Habilitacion-de-eventos.jpg",1024,682,false],"newsever-featured":["https:\/\/experienciadevida.com.ar\/portalurbano\/wp-content\/uploads\/2022\/07\/Habilitacion-de-eventos.jpg",1024,682,false],"newsever-medium":["https:\/\/experienciadevida.com.ar\/portalurbano\/wp-content\/uploads\/2022\/07\/Habilitacion-de-eventos.jpg",713,475,false],"web-stories-poster-portrait":["https:\/\/experienciadevida.com.ar\/portalurbano\/wp-content\/uploads\/2022\/07\/Habilitacion-de-eventos-640x682.jpg",640,682,true],"web-stories-publisher-logo":["https:\/\/experienciadevida.com.ar\/portalurbano\/wp-content\/uploads\/2022\/07\/Habilitacion-de-eventos-96x96.jpg",96,96,true],"web-stories-thumbnail":["https:\/\/experienciadevida.com.ar\/portalurbano\/wp-content\/uploads\/2022\/07\/Habilitacion-de-eventos-150x100.jpg",150,100,true]},"author_info":{"display_name":"admpu17wp","author_link":"https:\/\/experienciadevida.com.ar\/portalurbano\/author\/admpu17wp\/"},"category_info":"<a href=\"https:\/\/experienciadevida.com.ar\/portalurbano\/category\/ciudad\/\" rel=\"category tag\">Ciudad<\/a> <a href=\"https:\/\/experienciadevida.com.ar\/portalurbano\/category\/destacadas\/\" rel=\"category tag\">Destacadas<\/a>","tag_info":"Destacadas","comment_count":"0","amp_enabled":true,"_links":{"self":[{"href":"https:\/\/experienciadevida.com.ar\/portalurbano\/wp-json\/wp\/v2\/posts\/171865"}],"collection":[{"href":"https:\/\/experienciadevida.com.ar\/portalurbano\/wp-json\/wp\/v2\/posts"}],"about":[{"href":"https:\/\/experienciadevida.com.ar\/portalurbano\/wp-json\/wp\/v2\/types\/post"}],"author":[{"embeddable":true,"href":"https:\/\/experienciadevida.com.ar\/portalurbano\/wp-json\/wp\/v2\/users\/1"}],"replies":[{"embeddable":true,"href":"https:\/\/experienciadevida.com.ar\/portalurbano\/wp-json\/wp\/v2\/comments?post=171865"}],"version-history":[{"count":2,"href":"https:\/\/experienciadevida.com.ar\/portalurbano\/wp-json\/wp\/v2\/posts\/171865\/revisions"}],"predecessor-version":[{"id":171868,"href":"https:\/\/experienciadevida.com.ar\/portalurbano\/wp-json\/wp\/v2\/posts\/171865\/revisions\/171868"}],"wp:featuredmedia":[{"embeddable":true,"href":"https:\/\/experienciadevida.com.ar\/portalurbano\/wp-json\/wp\/v2\/media\/171866"}],"wp:attachment":[{"href":"https:\/\/experienciadevida.com.ar\/portalurbano\/wp-json\/wp\/v2\/media?parent=171865"}],"wp:term":[{"taxonomy":"category","embeddable":true,"href":"https:\/\/experienciadevida.com.ar\/portalurbano\/wp-json\/wp\/v2\/categories?post=171865"},{"taxonomy":"post_tag","embeddable":true,"href":"https:\/\/experienciadevida.com.ar\/portalurbano\/wp-json\/wp\/v2\/tags?post=171865"}],"curies":[{"name":"wp","href":"https:\/\/api.w.org\/{rel}","templated":true}]}}