{"id":171851,"date":"2022-07-21T11:58:16","date_gmt":"2022-07-21T14:58:16","guid":{"rendered":"https:\/\/experienciadevida.com.ar\/portalurbano\/?p=171851"},"modified":"2022-07-21T11:58:52","modified_gmt":"2022-07-21T14:58:52","slug":"politicas-de-genero-participo-de-una-reunion-con-la-subsecretaria-de-politicas-de-diversidad","status":"publish","type":"post","link":"https:\/\/experienciadevida.com.ar\/portalurbano\/politicas-de-genero-participo-de-una-reunion-con-la-subsecretaria-de-politicas-de-diversidad\/","title":{"rendered":"Pol\u00edticas de G\u00e9nero particip\u00f3 de una reuni\u00f3n con la Subsecretar\u00eda de Pol\u00edticas de Diversidad"},"content":{"rendered":"<p>Pol\u00edticas de G\u00e9nero particip\u00f3 de una reuni\u00f3n con la Subsecretar\u00eda de Pol\u00edticas de Diversidad, en la ma\u00f1ana del \u00faltimo martes el Municipio de Olavarr\u00eda, con la representaci\u00f3n de la directora de Pol\u00edticas de G\u00e9nero Florencia Caro, particip\u00f3 junto a otros municipios de una reuni\u00f3n de gesti\u00f3n virtual con integrantes de la Subsecretar\u00eda de Pol\u00edticas de Diversidad de la Naci\u00f3n.<\/p>\n<p>En el encuentro, las autoridades de la mencionada Subsecretar\u00eda compartieron la presentaci\u00f3n formal del Programa GenerAR, y dialogaron sobre el recurso y experiencias vinculadas con los municipios participantes.<\/p>\n<p>Al respecto, la directora Florencia Caro indic\u00f3 que \u201cparticipamos con el objetivo de sumarnos al Programa para fortalecer el \u00e1rea de Diversidad de nuestra Direcci\u00f3n, y pensar pol\u00edticas p\u00fablicas en territorio que generen mejoras en la calidad de vida de las disidencias. Por ello buscamos articular con distintas \u00e1reas del Ministerio de Mujeres, G\u00e9neros y Diversidad la Naci\u00f3n, con el que venimos sosteniendo una relaci\u00f3n de intercambio y comunicaci\u00f3n muy positiva\u201d, sostuvo.<\/p>\n<p>&nbsp;<\/p>\n","protected":false},"excerpt":{"rendered":"<p>Pol\u00edticas de G\u00e9nero particip\u00f3 de una reuni\u00f3n con la Subsecretar\u00eda de Pol\u00edticas de Diversidad, en&#8230;<\/p>\n","protected":false},"author":1,"featured_media":171852,"comment_status":"closed","ping_status":"closed","sticky":false,"template":"","format":"standard","meta":{"content-type":""},"categories":[27],"tags":[],"nelio_content":{"isAutoShareEnabled":false,"autoShareEndMode":"default","automationSources":{"useContentSentences":true,"useSocialTemplates":true,"useCustomSentences":false,"customSentences":[]},"followers":[1],"suggestedReferences":[],"includedReferences":[],"efiUrl":"","efiAlt":"","highlights":[]},"yoast_head":"<!-- This site is optimized with the Yoast SEO plugin v20.7 - https:\/\/yoast.com\/wordpress\/plugins\/seo\/ -->\n<title>Pol\u00edticas de g\u00e9nero particip\u00f3 de una reuni\u00f3n<\/title>\n<meta name=\"description\" content=\"Pol\u00edticas de G\u00e9nero particip\u00f3 de una reuni\u00f3n con la Subsecretar\u00eda de Pol\u00edticas de Diversidad, en la ma\u00f1ana del \u00faltimo martes\" \/>\n<meta name=\"robots\" content=\"index, follow, max-snippet:-1, max-image-preview:large, max-video-preview:-1\" \/>\n<link rel=\"canonical\" href=\"https:\/\/experienciadevida.com.ar\/portalurbano\/politicas-de-genero-participo-de-una-reunion-con-la-subsecretaria-de-politicas-de-diversidad\/\" \/>\n<meta property=\"og:locale\" content=\"es_ES\" \/>\n<meta property=\"og:type\" content=\"article\" \/>\n<meta property=\"og:title\" content=\"Pol\u00edticas de g\u00e9nero particip\u00f3 de una reuni\u00f3n\" \/>\n<meta property=\"og:description\" content=\"Pol\u00edticas de G\u00e9nero particip\u00f3 de una reuni\u00f3n con la Subsecretar\u00eda de Pol\u00edticas de Diversidad, en la ma\u00f1ana del \u00faltimo martes\" \/>\n<meta property=\"og:url\" content=\"https:\/\/experienciadevida.com.ar\/portalurbano\/politicas-de-genero-participo-de-una-reunion-con-la-subsecretaria-de-politicas-de-diversidad\/\" \/>\n<meta property=\"article:publisher\" content=\"https:\/\/www.facebook.com\/Portal-Urbano-171542830093757\/\" \/>\n<meta property=\"article:published_time\" content=\"2022-07-21T14:58:16+00:00\" \/>\n<meta property=\"article:modified_time\" content=\"2022-07-21T14:58:52+00:00\" \/>\n<meta property=\"og:image\" content=\"https:\/\/experienciadevida.com.ar\/portalurbano\/wp-content\/uploads\/2022\/07\/Politicas-de-Genero-participo.jpeg\" \/>\n\t<meta property=\"og:image:width\" content=\"1024\" \/>\n\t<meta property=\"og:image:height\" content=\"507\" \/>\n\t<meta property=\"og:image:type\" content=\"image\/jpeg\" \/>\n<meta name=\"author\" content=\"admpu17wp\" \/>\n<meta name=\"twitter:card\" content=\"summary_large_image\" \/>\n<meta name=\"twitter:creator\" content=\"@portalurbanook\" \/>\n<meta name=\"twitter:site\" content=\"@portalurbanook\" \/>\n<meta name=\"twitter:label1\" content=\"Escrito por\" \/>\n\t<meta name=\"twitter:data1\" content=\"admpu17wp\" \/>\n\t<meta name=\"twitter:label2\" content=\"Tiempo de lectura\" \/>\n\t<meta name=\"twitter:data2\" content=\"1 minuto\" \/>\n<script type=\"application\/ld+json\" class=\"yoast-schema-graph\">{\"@context\":\"https:\/\/schema.org\",\"@graph\":[{\"@type\":\"Article\",\"@id\":\"https:\/\/experienciadevida.com.ar\/portalurbano\/politicas-de-genero-participo-de-una-reunion-con-la-subsecretaria-de-politicas-de-diversidad\/#article\",\"isPartOf\":{\"@id\":\"https:\/\/experienciadevida.com.ar\/portalurbano\/politicas-de-genero-participo-de-una-reunion-con-la-subsecretaria-de-politicas-de-diversidad\/\"},\"author\":{\"name\":\"admpu17wp\",\"@id\":\"https:\/\/experienciadevida.com.ar\/portalurbano\/#\/schema\/person\/02dd326b1c4b056e9cc972486934a3a7\"},\"headline\":\"Pol\u00edticas de G\u00e9nero particip\u00f3 de una reuni\u00f3n con la Subsecretar\u00eda de Pol\u00edticas de Diversidad\",\"datePublished\":\"2022-07-21T14:58:16+00:00\",\"dateModified\":\"2022-07-21T14:58:52+00:00\",\"mainEntityOfPage\":{\"@id\":\"https:\/\/experienciadevida.com.ar\/portalurbano\/politicas-de-genero-participo-de-una-reunion-con-la-subsecretaria-de-politicas-de-diversidad\/\"},\"wordCount\":203,\"publisher\":{\"@id\":\"https:\/\/experienciadevida.com.ar\/portalurbano\/#organization\"},\"articleSection\":[\"Ciudad\"],\"inLanguage\":\"es\"},{\"@type\":\"WebPage\",\"@id\":\"https:\/\/experienciadevida.com.ar\/portalurbano\/politicas-de-genero-participo-de-una-reunion-con-la-subsecretaria-de-politicas-de-diversidad\/\",\"url\":\"https:\/\/experienciadevida.com.ar\/portalurbano\/politicas-de-genero-participo-de-una-reunion-con-la-subsecretaria-de-politicas-de-diversidad\/\",\"name\":\"Pol\u00edticas de g\u00e9nero particip\u00f3 de una reuni\u00f3n\",\"isPartOf\":{\"@id\":\"https:\/\/experienciadevida.com.ar\/portalurbano\/#website\"},\"datePublished\":\"2022-07-21T14:58:16+00:00\",\"dateModified\":\"2022-07-21T14:58:52+00:00\",\"description\":\"Pol\u00edticas de G\u00e9nero particip\u00f3 de una reuni\u00f3n con la Subsecretar\u00eda de Pol\u00edticas de Diversidad, en la ma\u00f1ana del \u00faltimo martes\",\"breadcrumb\":{\"@id\":\"https:\/\/experienciadevida.com.ar\/portalurbano\/politicas-de-genero-participo-de-una-reunion-con-la-subsecretaria-de-politicas-de-diversidad\/#breadcrumb\"},\"inLanguage\":\"es\",\"potentialAction\":[{\"@type\":\"ReadAction\",\"target\":[\"https:\/\/experienciadevida.com.ar\/portalurbano\/politicas-de-genero-participo-de-una-reunion-con-la-subsecretaria-de-politicas-de-diversidad\/\"]}]},{\"@type\":\"BreadcrumbList\",\"@id\":\"https:\/\/experienciadevida.com.ar\/portalurbano\/politicas-de-genero-participo-de-una-reunion-con-la-subsecretaria-de-politicas-de-diversidad\/#breadcrumb\",\"itemListElement\":[{\"@type\":\"ListItem\",\"position\":1,\"name\":\"Portada\",\"item\":\"https:\/\/experienciadevida.com.ar\/portalurbano\/\"},{\"@type\":\"ListItem\",\"position\":2,\"name\":\"Pol\u00edticas de G\u00e9nero particip\u00f3 de una reuni\u00f3n con la Subsecretar\u00eda de Pol\u00edticas de Diversidad\"}]},{\"@type\":\"WebSite\",\"@id\":\"https:\/\/experienciadevida.com.ar\/portalurbano\/#website\",\"url\":\"https:\/\/experienciadevida.com.ar\/portalurbano\/\",\"name\":\"\",\"description\":\"\",\"publisher\":{\"@id\":\"https:\/\/experienciadevida.com.ar\/portalurbano\/#organization\"},\"potentialAction\":[{\"@type\":\"SearchAction\",\"target\":{\"@type\":\"EntryPoint\",\"urlTemplate\":\"https:\/\/experienciadevida.com.ar\/portalurbano\/?s={search_term_string}\"},\"query-input\":\"required name=search_term_string\"}],\"inLanguage\":\"es\"},{\"@type\":\"Organization\",\"@id\":\"https:\/\/experienciadevida.com.ar\/portalurbano\/#organization\",\"name\":\"Portal Urbano\",\"url\":\"https:\/\/experienciadevida.com.ar\/portalurbano\/\",\"logo\":{\"@type\":\"ImageObject\",\"inLanguage\":\"es\",\"@id\":\"https:\/\/experienciadevida.com.ar\/portalurbano\/#\/schema\/logo\/image\/\",\"url\":\"https:\/\/experienciadevida.com.ar\/portalurbano\/wp-content\/uploads\/2019\/09\/Logo-Original.png\",\"contentUrl\":\"https:\/\/experienciadevida.com.ar\/portalurbano\/wp-content\/uploads\/2019\/09\/Logo-Original.png\",\"width\":2236,\"height\":1216,\"caption\":\"Portal Urbano\"},\"image\":{\"@id\":\"https:\/\/experienciadevida.com.ar\/portalurbano\/#\/schema\/logo\/image\/\"},\"sameAs\":[\"https:\/\/www.facebook.com\/Portal-Urbano-171542830093757\/\",\"https:\/\/twitter.com\/portalurbanook\",\"https:\/\/www.instagram.com\/_portalurbano\/\",\"https:\/\/www.youtube.com\/channel\/UCXhagIfszH8KxFiOok79zbA?view_as=subscriber\"]},{\"@type\":\"Person\",\"@id\":\"https:\/\/experienciadevida.com.ar\/portalurbano\/#\/schema\/person\/02dd326b1c4b056e9cc972486934a3a7\",\"name\":\"admpu17wp\",\"image\":{\"@type\":\"ImageObject\",\"inLanguage\":\"es\",\"@id\":\"https:\/\/experienciadevida.com.ar\/portalurbano\/#\/schema\/person\/image\/\",\"url\":\"https:\/\/secure.gravatar.com\/avatar\/830d4c57adaae6630765e449a6908047?s=96&d=mm&r=g\",\"contentUrl\":\"https:\/\/secure.gravatar.com\/avatar\/830d4c57adaae6630765e449a6908047?s=96&d=mm&r=g\",\"caption\":\"admpu17wp\"}}]}<\/script>\n<!-- \/ Yoast SEO plugin. -->","yoast_head_json":{"title":"Pol\u00edticas de g\u00e9nero particip\u00f3 de una reuni\u00f3n","description":"Pol\u00edticas de G\u00e9nero particip\u00f3 de una reuni\u00f3n con la Subsecretar\u00eda de Pol\u00edticas de Diversidad, en la ma\u00f1ana del \u00faltimo martes","robots":{"index":"index","follow":"follow","max-snippet":"max-snippet:-1","max-image-preview":"max-image-preview:large","max-video-preview":"max-video-preview:-1"},"canonical":"https:\/\/experienciadevida.com.ar\/portalurbano\/politicas-de-genero-participo-de-una-reunion-con-la-subsecretaria-de-politicas-de-diversidad\/","og_locale":"es_ES","og_type":"article","og_title":"Pol\u00edticas de g\u00e9nero particip\u00f3 de una reuni\u00f3n","og_description":"Pol\u00edticas de G\u00e9nero particip\u00f3 de una reuni\u00f3n con la Subsecretar\u00eda de Pol\u00edticas de Diversidad, en la ma\u00f1ana del \u00faltimo martes","og_url":"https:\/\/experienciadevida.com.ar\/portalurbano\/politicas-de-genero-participo-de-una-reunion-con-la-subsecretaria-de-politicas-de-diversidad\/","article_publisher":"https:\/\/www.facebook.com\/Portal-Urbano-171542830093757\/","article_published_time":"2022-07-21T14:58:16+00:00","article_modified_time":"2022-07-21T14:58:52+00:00","og_image":[{"width":1024,"height":507,"url":"https:\/\/experienciadevida.com.ar\/portalurbano\/wp-content\/uploads\/2022\/07\/Politicas-de-Genero-participo.jpeg","type":"image\/jpeg"}],"author":"admpu17wp","twitter_card":"summary_large_image","twitter_creator":"@portalurbanook","twitter_site":"@portalurbanook","twitter_misc":{"Escrito por":"admpu17wp","Tiempo de lectura":"1 minuto"},"schema":{"@context":"https:\/\/schema.org","@graph":[{"@type":"Article","@id":"https:\/\/experienciadevida.com.ar\/portalurbano\/politicas-de-genero-participo-de-una-reunion-con-la-subsecretaria-de-politicas-de-diversidad\/#article","isPartOf":{"@id":"https:\/\/experienciadevida.com.ar\/portalurbano\/politicas-de-genero-participo-de-una-reunion-con-la-subsecretaria-de-politicas-de-diversidad\/"},"author":{"name":"admpu17wp","@id":"https:\/\/experienciadevida.com.ar\/portalurbano\/#\/schema\/person\/02dd326b1c4b056e9cc972486934a3a7"},"headline":"Pol\u00edticas de G\u00e9nero particip\u00f3 de una reuni\u00f3n con la Subsecretar\u00eda de Pol\u00edticas de Diversidad","datePublished":"2022-07-21T14:58:16+00:00","dateModified":"2022-07-21T14:58:52+00:00","mainEntityOfPage":{"@id":"https:\/\/experienciadevida.com.ar\/portalurbano\/politicas-de-genero-participo-de-una-reunion-con-la-subsecretaria-de-politicas-de-diversidad\/"},"wordCount":203,"publisher":{"@id":"https:\/\/experienciadevida.com.ar\/portalurbano\/#organization"},"articleSection":["Ciudad"],"inLanguage":"es"},{"@type":"WebPage","@id":"https:\/\/experienciadevida.com.ar\/portalurbano\/politicas-de-genero-participo-de-una-reunion-con-la-subsecretaria-de-politicas-de-diversidad\/","url":"https:\/\/experienciadevida.com.ar\/portalurbano\/politicas-de-genero-participo-de-una-reunion-con-la-subsecretaria-de-politicas-de-diversidad\/","name":"Pol\u00edticas de g\u00e9nero particip\u00f3 de una reuni\u00f3n","isPartOf":{"@id":"https:\/\/experienciadevida.com.ar\/portalurbano\/#website"},"datePublished":"2022-07-21T14:58:16+00:00","dateModified":"2022-07-21T14:58:52+00:00","description":"Pol\u00edticas de G\u00e9nero particip\u00f3 de una reuni\u00f3n con la Subsecretar\u00eda de Pol\u00edticas de Diversidad, en la ma\u00f1ana del \u00faltimo martes","breadcrumb":{"@id":"https:\/\/experienciadevida.com.ar\/portalurbano\/politicas-de-genero-participo-de-una-reunion-con-la-subsecretaria-de-politicas-de-diversidad\/#breadcrumb"},"inLanguage":"es","potentialAction":[{"@type":"ReadAction","target":["https:\/\/experienciadevida.com.ar\/portalurbano\/politicas-de-genero-participo-de-una-reunion-con-la-subsecretaria-de-politicas-de-diversidad\/"]}]},{"@type":"BreadcrumbList","@id":"https:\/\/experienciadevida.com.ar\/portalurbano\/politicas-de-genero-participo-de-una-reunion-con-la-subsecretaria-de-politicas-de-diversidad\/#breadcrumb","itemListElement":[{"@type":"ListItem","position":1,"name":"Portada","item":"https:\/\/experienciadevida.com.ar\/portalurbano\/"},{"@type":"ListItem","position":2,"name":"Pol\u00edticas de G\u00e9nero particip\u00f3 de una reuni\u00f3n con la Subsecretar\u00eda de Pol\u00edticas de Diversidad"}]},{"@type":"WebSite","@id":"https:\/\/experienciadevida.com.ar\/portalurbano\/#website","url":"https:\/\/experienciadevida.com.ar\/portalurbano\/","name":"","description":"","publisher":{"@id":"https:\/\/experienciadevida.com.ar\/portalurbano\/#organization"},"potentialAction":[{"@type":"SearchAction","target":{"@type":"EntryPoint","urlTemplate":"https:\/\/experienciadevida.com.ar\/portalurbano\/?s={search_term_string}"},"query-input":"required name=search_term_string"}],"inLanguage":"es"},{"@type":"Organization","@id":"https:\/\/experienciadevida.com.ar\/portalurbano\/#organization","name":"Portal Urbano","url":"https:\/\/experienciadevida.com.ar\/portalurbano\/","logo":{"@type":"ImageObject","inLanguage":"es","@id":"https:\/\/experienciadevida.com.ar\/portalurbano\/#\/schema\/logo\/image\/","url":"https:\/\/experienciadevida.com.ar\/portalurbano\/wp-content\/uploads\/2019\/09\/Logo-Original.png","contentUrl":"https:\/\/experienciadevida.com.ar\/portalurbano\/wp-content\/uploads\/2019\/09\/Logo-Original.png","width":2236,"height":1216,"caption":"Portal Urbano"},"image":{"@id":"https:\/\/experienciadevida.com.ar\/portalurbano\/#\/schema\/logo\/image\/"},"sameAs":["https:\/\/www.facebook.com\/Portal-Urbano-171542830093757\/","https:\/\/twitter.com\/portalurbanook","https:\/\/www.instagram.com\/_portalurbano\/","https:\/\/www.youtube.com\/channel\/UCXhagIfszH8KxFiOok79zbA?view_as=subscriber"]},{"@type":"Person","@id":"https:\/\/experienciadevida.com.ar\/portalurbano\/#\/schema\/person\/02dd326b1c4b056e9cc972486934a3a7","name":"admpu17wp","image":{"@type":"ImageObject","inLanguage":"es","@id":"https:\/\/experienciadevida.com.ar\/portalurbano\/#\/schema\/person\/image\/","url":"https:\/\/secure.gravatar.com\/avatar\/830d4c57adaae6630765e449a6908047?s=96&d=mm&r=g","contentUrl":"https:\/\/secure.gravatar.com\/avatar\/830d4c57adaae6630765e449a6908047?s=96&d=mm&r=g","caption":"admpu17wp"}}]}},"featured_image_urls":{"full":["https:\/\/experienciadevida.com.ar\/portalurbano\/wp-content\/uploads\/2022\/07\/Politicas-de-Genero-participo.jpeg",1024,507,false],"thumbnail":["https:\/\/experienciadevida.com.ar\/portalurbano\/wp-content\/uploads\/2022\/07\/Politicas-de-Genero-participo-150x150.jpeg",150,150,true],"medium":["https:\/\/experienciadevida.com.ar\/portalurbano\/wp-content\/uploads\/2022\/07\/Politicas-de-Genero-participo-300x149.jpeg",300,149,true],"medium_large":["https:\/\/experienciadevida.com.ar\/portalurbano\/wp-content\/uploads\/2022\/07\/Politicas-de-Genero-participo-768x380.jpeg",640,317,true],"large":["https:\/\/experienciadevida.com.ar\/portalurbano\/wp-content\/uploads\/2022\/07\/Politicas-de-Genero-participo.jpeg",640,317,false],"ug_big":["https:\/\/experienciadevida.com.ar\/portalurbano\/wp-content\/uploads\/2022\/07\/Politicas-de-Genero-participo-768x380.jpeg",768,380,true],"1536x1536":["https:\/\/experienciadevida.com.ar\/portalurbano\/wp-content\/uploads\/2022\/07\/Politicas-de-Genero-participo.jpeg",1024,507,false],"2048x2048":["https:\/\/experienciadevida.com.ar\/portalurbano\/wp-content\/uploads\/2022\/07\/Politicas-de-Genero-participo.jpeg",1024,507,false],"newsever-slider-full":["https:\/\/experienciadevida.com.ar\/portalurbano\/wp-content\/uploads\/2022\/07\/Politicas-de-Genero-participo.jpeg",1024,507,false],"newsever-featured":["https:\/\/experienciadevida.com.ar\/portalurbano\/wp-content\/uploads\/2022\/07\/Politicas-de-Genero-participo.jpeg",1024,507,false],"newsever-medium":["https:\/\/experienciadevida.com.ar\/portalurbano\/wp-content\/uploads\/2022\/07\/Politicas-de-Genero-participo.jpeg",720,356,false],"web-stories-poster-portrait":["https:\/\/experienciadevida.com.ar\/portalurbano\/wp-content\/uploads\/2022\/07\/Politicas-de-Genero-participo-640x507.jpeg",640,507,true],"web-stories-publisher-logo":["https:\/\/experienciadevida.com.ar\/portalurbano\/wp-content\/uploads\/2022\/07\/Politicas-de-Genero-participo-96x96.jpeg",96,96,true],"web-stories-thumbnail":["https:\/\/experienciadevida.com.ar\/portalurbano\/wp-content\/uploads\/2022\/07\/Politicas-de-Genero-participo-150x74.jpeg",150,74,true]},"author_info":{"display_name":"admpu17wp","author_link":"https:\/\/experienciadevida.com.ar\/portalurbano\/author\/admpu17wp\/"},"category_info":"<a href=\"https:\/\/experienciadevida.com.ar\/portalurbano\/category\/ciudad\/\" rel=\"category tag\">Ciudad<\/a>","tag_info":"Ciudad","comment_count":"0","amp_enabled":true,"_links":{"self":[{"href":"https:\/\/experienciadevida.com.ar\/portalurbano\/wp-json\/wp\/v2\/posts\/171851"}],"collection":[{"href":"https:\/\/experienciadevida.com.ar\/portalurbano\/wp-json\/wp\/v2\/posts"}],"about":[{"href":"https:\/\/experienciadevida.com.ar\/portalurbano\/wp-json\/wp\/v2\/types\/post"}],"author":[{"embeddable":true,"href":"https:\/\/experienciadevida.com.ar\/portalurbano\/wp-json\/wp\/v2\/users\/1"}],"replies":[{"embeddable":true,"href":"https:\/\/experienciadevida.com.ar\/portalurbano\/wp-json\/wp\/v2\/comments?post=171851"}],"version-history":[{"count":1,"href":"https:\/\/experienciadevida.com.ar\/portalurbano\/wp-json\/wp\/v2\/posts\/171851\/revisions"}],"predecessor-version":[{"id":171853,"href":"https:\/\/experienciadevida.com.ar\/portalurbano\/wp-json\/wp\/v2\/posts\/171851\/revisions\/171853"}],"wp:featuredmedia":[{"embeddable":true,"href":"https:\/\/experienciadevida.com.ar\/portalurbano\/wp-json\/wp\/v2\/media\/171852"}],"wp:attachment":[{"href":"https:\/\/experienciadevida.com.ar\/portalurbano\/wp-json\/wp\/v2\/media?parent=171851"}],"wp:term":[{"taxonomy":"category","embeddable":true,"href":"https:\/\/experienciadevida.com.ar\/portalurbano\/wp-json\/wp\/v2\/categories?post=171851"},{"taxonomy":"post_tag","embeddable":true,"href":"https:\/\/experienciadevida.com.ar\/portalurbano\/wp-json\/wp\/v2\/tags?post=171851"}],"curies":[{"name":"wp","href":"https:\/\/api.w.org\/{rel}","templated":true}]}}