{"id":171819,"date":"2022-07-20T19:29:41","date_gmt":"2022-07-20T22:29:41","guid":{"rendered":"https:\/\/experienciadevida.com.ar\/portalurbano\/?p=171819"},"modified":"2022-07-20T19:40:19","modified_gmt":"2022-07-20T22:40:19","slug":"vergel-y-matrella-se-reunieron-con-profesores-de-ajedrez","status":"publish","type":"post","link":"https:\/\/experienciadevida.com.ar\/portalurbano\/vergel-y-matrella-se-reunieron-con-profesores-de-ajedrez\/","title":{"rendered":"Vergel y Matrella se reunieron con profesores de ajedrez"},"content":{"rendered":"<p>Vergel y Matrella se reunieron con profesores de ajedrez, con la excusa de conmemorar el D\u00eda Internacional de la disciplina este 20 de julio. Desde el bloque UCR-Juntos se encuentran trabajando en dos proyectos para visibilizar y fomentar este juego.<\/p>\n<p>Adem\u00e1s de los concejales, estuvieron presentes los profesores Karina Caparuccia, Juan Torga, Dar\u00edo Maidana, Luis Gonz\u00e1lez y Omar Navarro. El encuentro sirvi\u00f3 para analizar la actualidad del Ajedrez en Olavarr\u00eda, donde los profesores indicaron las dificultades que actualmente presenta, detallaron la actividad local, y se analiz\u00f3 en conjunto posibles soluciones.<\/p>\n<p>Desde el bloque radical presentaron un Proyecto de Ordenanza que busca fomentar y difundir la pr\u00e1ctica de la disciplina. Este proyecto, denominado &#8220;Ajedrez en la plaza&#8221;, busca que el tercer s\u00e1bado del mes de noviembre se<br \/>\nrealicen diferentes tipos de actividades durante el d\u00eda, organizando partidas de ajedrez en las plazas, llevando tableros para que todos puedan jugar y sea una forma de acercar el juego a la comunidad.<\/p>\n<p>A partir de esta reuni\u00f3n tambi\u00e9n surgi\u00f3 otra iniciativa, la cual actualmente est\u00e1 en proceso de desarrollo y que est\u00e1n trabajando en conjunto concejales y ajedrecistas. Al igual que con el otro proyecto, buscan poner en valor uno de los juegos de mayor antig\u00fcedad de la humanidad, que cuenta con un car\u00e1cter intelectual y cultural que permite<br \/>\nque cualquier persona en cualquier parte del mundo pueda jugarlo sin importar las barreras que el idioma, la edad, el g\u00e9nero, la capacidad f\u00edsica o la situaci\u00f3n social pudieran llegar a interponer.<\/p>\n<p>Para Bel\u00e9n Vergel \u201cfue un hermoso momento compartido, donde nos permitieron conocer sobre la actividad y nos transmitieron su pasi\u00f3n por el ajedrez. Pudimos conocer que esta disciplina milenaria, a\u00fan en esta era digital,<br \/>\ntiene un amplio desarrollo en nuestra ciudad. Seguiremos trabajando en conjunto\u201d.<\/p>\n","protected":false},"excerpt":{"rendered":"<p>Vergel y Matrella se reunieron con profesores de ajedrez, con la excusa de conmemorar el&#8230;<\/p>\n","protected":false},"author":1,"featured_media":171820,"comment_status":"closed","ping_status":"closed","sticky":false,"template":"","format":"standard","meta":{"content-type":""},"categories":[27,51],"tags":[],"nelio_content":{"isAutoShareEnabled":false,"autoShareEndMode":"default","automationSources":{"useContentSentences":true,"useSocialTemplates":true,"useCustomSentences":false,"customSentences":[]},"followers":[1],"suggestedReferences":[],"includedReferences":[],"efiUrl":"","efiAlt":"","highlights":[]},"yoast_head":"<!-- This site is optimized with the Yoast SEO plugin v20.7 - https:\/\/yoast.com\/wordpress\/plugins\/seo\/ -->\n<title>Vergel y Matrella se reunieron con profesores de ajedrez<\/title>\n<meta name=\"description\" content=\"Vergel y Matrella se reunieron con profesores de ajedrez, con la excusa de conmemorar el D\u00eda Internacional de la disciplina\" \/>\n<meta name=\"robots\" content=\"index, follow, max-snippet:-1, max-image-preview:large, max-video-preview:-1\" \/>\n<link rel=\"canonical\" href=\"https:\/\/experienciadevida.com.ar\/portalurbano\/vergel-y-matrella-se-reunieron-con-profesores-de-ajedrez\/\" \/>\n<meta property=\"og:locale\" content=\"es_ES\" \/>\n<meta property=\"og:type\" content=\"article\" \/>\n<meta property=\"og:title\" content=\"Vergel y Matrella se reunieron con profesores de ajedrez\" \/>\n<meta property=\"og:description\" content=\"Vergel y Matrella se reunieron con profesores de ajedrez, con la excusa de conmemorar el D\u00eda Internacional de la disciplina\" \/>\n<meta property=\"og:url\" content=\"https:\/\/experienciadevida.com.ar\/portalurbano\/vergel-y-matrella-se-reunieron-con-profesores-de-ajedrez\/\" \/>\n<meta property=\"article:publisher\" content=\"https:\/\/www.facebook.com\/Portal-Urbano-171542830093757\/\" \/>\n<meta property=\"article:published_time\" content=\"2022-07-20T22:29:41+00:00\" \/>\n<meta property=\"article:modified_time\" content=\"2022-07-20T22:40:19+00:00\" \/>\n<meta property=\"og:image\" content=\"https:\/\/experienciadevida.com.ar\/portalurbano\/wp-content\/uploads\/2022\/07\/Vergel-y-Matrella-se.jpeg\" \/>\n\t<meta property=\"og:image:width\" content=\"1600\" \/>\n\t<meta property=\"og:image:height\" content=\"1200\" \/>\n\t<meta property=\"og:image:type\" content=\"image\/jpeg\" \/>\n<meta name=\"author\" content=\"admpu17wp\" \/>\n<meta name=\"twitter:card\" content=\"summary_large_image\" \/>\n<meta name=\"twitter:creator\" content=\"@portalurbanook\" \/>\n<meta name=\"twitter:site\" content=\"@portalurbanook\" \/>\n<meta name=\"twitter:label1\" content=\"Escrito por\" \/>\n\t<meta name=\"twitter:data1\" content=\"admpu17wp\" \/>\n\t<meta name=\"twitter:label2\" content=\"Tiempo de lectura\" \/>\n\t<meta name=\"twitter:data2\" content=\"2 minutos\" \/>\n<script type=\"application\/ld+json\" class=\"yoast-schema-graph\">{\"@context\":\"https:\/\/schema.org\",\"@graph\":[{\"@type\":\"Article\",\"@id\":\"https:\/\/experienciadevida.com.ar\/portalurbano\/vergel-y-matrella-se-reunieron-con-profesores-de-ajedrez\/#article\",\"isPartOf\":{\"@id\":\"https:\/\/experienciadevida.com.ar\/portalurbano\/vergel-y-matrella-se-reunieron-con-profesores-de-ajedrez\/\"},\"author\":{\"name\":\"admpu17wp\",\"@id\":\"https:\/\/experienciadevida.com.ar\/portalurbano\/#\/schema\/person\/02dd326b1c4b056e9cc972486934a3a7\"},\"headline\":\"Vergel y Matrella se reunieron con profesores de ajedrez\",\"datePublished\":\"2022-07-20T22:29:41+00:00\",\"dateModified\":\"2022-07-20T22:40:19+00:00\",\"mainEntityOfPage\":{\"@id\":\"https:\/\/experienciadevida.com.ar\/portalurbano\/vergel-y-matrella-se-reunieron-con-profesores-de-ajedrez\/\"},\"wordCount\":320,\"publisher\":{\"@id\":\"https:\/\/experienciadevida.com.ar\/portalurbano\/#organization\"},\"articleSection\":[\"Ciudad\",\"Destacadas\"],\"inLanguage\":\"es\"},{\"@type\":\"WebPage\",\"@id\":\"https:\/\/experienciadevida.com.ar\/portalurbano\/vergel-y-matrella-se-reunieron-con-profesores-de-ajedrez\/\",\"url\":\"https:\/\/experienciadevida.com.ar\/portalurbano\/vergel-y-matrella-se-reunieron-con-profesores-de-ajedrez\/\",\"name\":\"Vergel y Matrella se reunieron con profesores de ajedrez\",\"isPartOf\":{\"@id\":\"https:\/\/experienciadevida.com.ar\/portalurbano\/#website\"},\"datePublished\":\"2022-07-20T22:29:41+00:00\",\"dateModified\":\"2022-07-20T22:40:19+00:00\",\"description\":\"Vergel y Matrella se reunieron con profesores de ajedrez, con la excusa de conmemorar el D\u00eda Internacional de la disciplina\",\"breadcrumb\":{\"@id\":\"https:\/\/experienciadevida.com.ar\/portalurbano\/vergel-y-matrella-se-reunieron-con-profesores-de-ajedrez\/#breadcrumb\"},\"inLanguage\":\"es\",\"potentialAction\":[{\"@type\":\"ReadAction\",\"target\":[\"https:\/\/experienciadevida.com.ar\/portalurbano\/vergel-y-matrella-se-reunieron-con-profesores-de-ajedrez\/\"]}]},{\"@type\":\"BreadcrumbList\",\"@id\":\"https:\/\/experienciadevida.com.ar\/portalurbano\/vergel-y-matrella-se-reunieron-con-profesores-de-ajedrez\/#breadcrumb\",\"itemListElement\":[{\"@type\":\"ListItem\",\"position\":1,\"name\":\"Portada\",\"item\":\"https:\/\/experienciadevida.com.ar\/portalurbano\/\"},{\"@type\":\"ListItem\",\"position\":2,\"name\":\"Vergel y Matrella se reunieron con profesores de ajedrez\"}]},{\"@type\":\"WebSite\",\"@id\":\"https:\/\/experienciadevida.com.ar\/portalurbano\/#website\",\"url\":\"https:\/\/experienciadevida.com.ar\/portalurbano\/\",\"name\":\"\",\"description\":\"\",\"publisher\":{\"@id\":\"https:\/\/experienciadevida.com.ar\/portalurbano\/#organization\"},\"potentialAction\":[{\"@type\":\"SearchAction\",\"target\":{\"@type\":\"EntryPoint\",\"urlTemplate\":\"https:\/\/experienciadevida.com.ar\/portalurbano\/?s={search_term_string}\"},\"query-input\":\"required name=search_term_string\"}],\"inLanguage\":\"es\"},{\"@type\":\"Organization\",\"@id\":\"https:\/\/experienciadevida.com.ar\/portalurbano\/#organization\",\"name\":\"Portal Urbano\",\"url\":\"https:\/\/experienciadevida.com.ar\/portalurbano\/\",\"logo\":{\"@type\":\"ImageObject\",\"inLanguage\":\"es\",\"@id\":\"https:\/\/experienciadevida.com.ar\/portalurbano\/#\/schema\/logo\/image\/\",\"url\":\"https:\/\/experienciadevida.com.ar\/portalurbano\/wp-content\/uploads\/2019\/09\/Logo-Original.png\",\"contentUrl\":\"https:\/\/experienciadevida.com.ar\/portalurbano\/wp-content\/uploads\/2019\/09\/Logo-Original.png\",\"width\":2236,\"height\":1216,\"caption\":\"Portal Urbano\"},\"image\":{\"@id\":\"https:\/\/experienciadevida.com.ar\/portalurbano\/#\/schema\/logo\/image\/\"},\"sameAs\":[\"https:\/\/www.facebook.com\/Portal-Urbano-171542830093757\/\",\"https:\/\/twitter.com\/portalurbanook\",\"https:\/\/www.instagram.com\/_portalurbano\/\",\"https:\/\/www.youtube.com\/channel\/UCXhagIfszH8KxFiOok79zbA?view_as=subscriber\"]},{\"@type\":\"Person\",\"@id\":\"https:\/\/experienciadevida.com.ar\/portalurbano\/#\/schema\/person\/02dd326b1c4b056e9cc972486934a3a7\",\"name\":\"admpu17wp\",\"image\":{\"@type\":\"ImageObject\",\"inLanguage\":\"es\",\"@id\":\"https:\/\/experienciadevida.com.ar\/portalurbano\/#\/schema\/person\/image\/\",\"url\":\"https:\/\/secure.gravatar.com\/avatar\/830d4c57adaae6630765e449a6908047?s=96&d=mm&r=g\",\"contentUrl\":\"https:\/\/secure.gravatar.com\/avatar\/830d4c57adaae6630765e449a6908047?s=96&d=mm&r=g\",\"caption\":\"admpu17wp\"}}]}<\/script>\n<!-- \/ Yoast SEO plugin. -->","yoast_head_json":{"title":"Vergel y Matrella se reunieron con profesores de ajedrez","description":"Vergel y Matrella se reunieron con profesores de ajedrez, con la excusa de conmemorar el D\u00eda Internacional de la disciplina","robots":{"index":"index","follow":"follow","max-snippet":"max-snippet:-1","max-image-preview":"max-image-preview:large","max-video-preview":"max-video-preview:-1"},"canonical":"https:\/\/experienciadevida.com.ar\/portalurbano\/vergel-y-matrella-se-reunieron-con-profesores-de-ajedrez\/","og_locale":"es_ES","og_type":"article","og_title":"Vergel y Matrella se reunieron con profesores de ajedrez","og_description":"Vergel y Matrella se reunieron con profesores de ajedrez, con la excusa de conmemorar el D\u00eda Internacional de la disciplina","og_url":"https:\/\/experienciadevida.com.ar\/portalurbano\/vergel-y-matrella-se-reunieron-con-profesores-de-ajedrez\/","article_publisher":"https:\/\/www.facebook.com\/Portal-Urbano-171542830093757\/","article_published_time":"2022-07-20T22:29:41+00:00","article_modified_time":"2022-07-20T22:40:19+00:00","og_image":[{"width":1600,"height":1200,"url":"https:\/\/experienciadevida.com.ar\/portalurbano\/wp-content\/uploads\/2022\/07\/Vergel-y-Matrella-se.jpeg","type":"image\/jpeg"}],"author":"admpu17wp","twitter_card":"summary_large_image","twitter_creator":"@portalurbanook","twitter_site":"@portalurbanook","twitter_misc":{"Escrito por":"admpu17wp","Tiempo de lectura":"2 minutos"},"schema":{"@context":"https:\/\/schema.org","@graph":[{"@type":"Article","@id":"https:\/\/experienciadevida.com.ar\/portalurbano\/vergel-y-matrella-se-reunieron-con-profesores-de-ajedrez\/#article","isPartOf":{"@id":"https:\/\/experienciadevida.com.ar\/portalurbano\/vergel-y-matrella-se-reunieron-con-profesores-de-ajedrez\/"},"author":{"name":"admpu17wp","@id":"https:\/\/experienciadevida.com.ar\/portalurbano\/#\/schema\/person\/02dd326b1c4b056e9cc972486934a3a7"},"headline":"Vergel y Matrella se reunieron con profesores de ajedrez","datePublished":"2022-07-20T22:29:41+00:00","dateModified":"2022-07-20T22:40:19+00:00","mainEntityOfPage":{"@id":"https:\/\/experienciadevida.com.ar\/portalurbano\/vergel-y-matrella-se-reunieron-con-profesores-de-ajedrez\/"},"wordCount":320,"publisher":{"@id":"https:\/\/experienciadevida.com.ar\/portalurbano\/#organization"},"articleSection":["Ciudad","Destacadas"],"inLanguage":"es"},{"@type":"WebPage","@id":"https:\/\/experienciadevida.com.ar\/portalurbano\/vergel-y-matrella-se-reunieron-con-profesores-de-ajedrez\/","url":"https:\/\/experienciadevida.com.ar\/portalurbano\/vergel-y-matrella-se-reunieron-con-profesores-de-ajedrez\/","name":"Vergel y Matrella se reunieron con profesores de ajedrez","isPartOf":{"@id":"https:\/\/experienciadevida.com.ar\/portalurbano\/#website"},"datePublished":"2022-07-20T22:29:41+00:00","dateModified":"2022-07-20T22:40:19+00:00","description":"Vergel y Matrella se reunieron con profesores de ajedrez, con la excusa de conmemorar el D\u00eda Internacional de la disciplina","breadcrumb":{"@id":"https:\/\/experienciadevida.com.ar\/portalurbano\/vergel-y-matrella-se-reunieron-con-profesores-de-ajedrez\/#breadcrumb"},"inLanguage":"es","potentialAction":[{"@type":"ReadAction","target":["https:\/\/experienciadevida.com.ar\/portalurbano\/vergel-y-matrella-se-reunieron-con-profesores-de-ajedrez\/"]}]},{"@type":"BreadcrumbList","@id":"https:\/\/experienciadevida.com.ar\/portalurbano\/vergel-y-matrella-se-reunieron-con-profesores-de-ajedrez\/#breadcrumb","itemListElement":[{"@type":"ListItem","position":1,"name":"Portada","item":"https:\/\/experienciadevida.com.ar\/portalurbano\/"},{"@type":"ListItem","position":2,"name":"Vergel y Matrella se reunieron con profesores de ajedrez"}]},{"@type":"WebSite","@id":"https:\/\/experienciadevida.com.ar\/portalurbano\/#website","url":"https:\/\/experienciadevida.com.ar\/portalurbano\/","name":"","description":"","publisher":{"@id":"https:\/\/experienciadevida.com.ar\/portalurbano\/#organization"},"potentialAction":[{"@type":"SearchAction","target":{"@type":"EntryPoint","urlTemplate":"https:\/\/experienciadevida.com.ar\/portalurbano\/?s={search_term_string}"},"query-input":"required name=search_term_string"}],"inLanguage":"es"},{"@type":"Organization","@id":"https:\/\/experienciadevida.com.ar\/portalurbano\/#organization","name":"Portal Urbano","url":"https:\/\/experienciadevida.com.ar\/portalurbano\/","logo":{"@type":"ImageObject","inLanguage":"es","@id":"https:\/\/experienciadevida.com.ar\/portalurbano\/#\/schema\/logo\/image\/","url":"https:\/\/experienciadevida.com.ar\/portalurbano\/wp-content\/uploads\/2019\/09\/Logo-Original.png","contentUrl":"https:\/\/experienciadevida.com.ar\/portalurbano\/wp-content\/uploads\/2019\/09\/Logo-Original.png","width":2236,"height":1216,"caption":"Portal Urbano"},"image":{"@id":"https:\/\/experienciadevida.com.ar\/portalurbano\/#\/schema\/logo\/image\/"},"sameAs":["https:\/\/www.facebook.com\/Portal-Urbano-171542830093757\/","https:\/\/twitter.com\/portalurbanook","https:\/\/www.instagram.com\/_portalurbano\/","https:\/\/www.youtube.com\/channel\/UCXhagIfszH8KxFiOok79zbA?view_as=subscriber"]},{"@type":"Person","@id":"https:\/\/experienciadevida.com.ar\/portalurbano\/#\/schema\/person\/02dd326b1c4b056e9cc972486934a3a7","name":"admpu17wp","image":{"@type":"ImageObject","inLanguage":"es","@id":"https:\/\/experienciadevida.com.ar\/portalurbano\/#\/schema\/person\/image\/","url":"https:\/\/secure.gravatar.com\/avatar\/830d4c57adaae6630765e449a6908047?s=96&d=mm&r=g","contentUrl":"https:\/\/secure.gravatar.com\/avatar\/830d4c57adaae6630765e449a6908047?s=96&d=mm&r=g","caption":"admpu17wp"}}]}},"featured_image_urls":{"full":["https:\/\/experienciadevida.com.ar\/portalurbano\/wp-content\/uploads\/2022\/07\/Vergel-y-Matrella-se.jpeg",1600,1200,false],"thumbnail":["https:\/\/experienciadevida.com.ar\/portalurbano\/wp-content\/uploads\/2022\/07\/Vergel-y-Matrella-se-150x150.jpeg",150,150,true],"medium":["https:\/\/experienciadevida.com.ar\/portalurbano\/wp-content\/uploads\/2022\/07\/Vergel-y-Matrella-se-300x225.jpeg",300,225,true],"medium_large":["https:\/\/experienciadevida.com.ar\/portalurbano\/wp-content\/uploads\/2022\/07\/Vergel-y-Matrella-se-768x576.jpeg",640,480,true],"large":["https:\/\/experienciadevida.com.ar\/portalurbano\/wp-content\/uploads\/2022\/07\/Vergel-y-Matrella-se-1024x768.jpeg",640,480,true],"ug_big":["https:\/\/experienciadevida.com.ar\/portalurbano\/wp-content\/uploads\/2022\/07\/Vergel-y-Matrella-se-768x576.jpeg",768,576,true],"1536x1536":["https:\/\/experienciadevida.com.ar\/portalurbano\/wp-content\/uploads\/2022\/07\/Vergel-y-Matrella-se-1536x1152.jpeg",1536,1152,true],"2048x2048":["https:\/\/experienciadevida.com.ar\/portalurbano\/wp-content\/uploads\/2022\/07\/Vergel-y-Matrella-se.jpeg",1600,1200,false],"newsever-slider-full":["https:\/\/experienciadevida.com.ar\/portalurbano\/wp-content\/uploads\/2022\/07\/Vergel-y-Matrella-se.jpeg",1127,845,false],"newsever-featured":["https:\/\/experienciadevida.com.ar\/portalurbano\/wp-content\/uploads\/2022\/07\/Vergel-y-Matrella-se.jpeg",1024,768,false],"newsever-medium":["https:\/\/experienciadevida.com.ar\/portalurbano\/wp-content\/uploads\/2022\/07\/Vergel-y-Matrella-se.jpeg",633,475,false],"web-stories-poster-portrait":["https:\/\/experienciadevida.com.ar\/portalurbano\/wp-content\/uploads\/2022\/07\/Vergel-y-Matrella-se-640x853.jpeg",640,853,true],"web-stories-publisher-logo":["https:\/\/experienciadevida.com.ar\/portalurbano\/wp-content\/uploads\/2022\/07\/Vergel-y-Matrella-se-96x96.jpeg",96,96,true],"web-stories-thumbnail":["https:\/\/experienciadevida.com.ar\/portalurbano\/wp-content\/uploads\/2022\/07\/Vergel-y-Matrella-se-150x113.jpeg",150,113,true]},"author_info":{"display_name":"admpu17wp","author_link":"https:\/\/experienciadevida.com.ar\/portalurbano\/author\/admpu17wp\/"},"category_info":"<a href=\"https:\/\/experienciadevida.com.ar\/portalurbano\/category\/ciudad\/\" rel=\"category tag\">Ciudad<\/a> <a href=\"https:\/\/experienciadevida.com.ar\/portalurbano\/category\/destacadas\/\" rel=\"category tag\">Destacadas<\/a>","tag_info":"Destacadas","comment_count":"0","amp_enabled":true,"_links":{"self":[{"href":"https:\/\/experienciadevida.com.ar\/portalurbano\/wp-json\/wp\/v2\/posts\/171819"}],"collection":[{"href":"https:\/\/experienciadevida.com.ar\/portalurbano\/wp-json\/wp\/v2\/posts"}],"about":[{"href":"https:\/\/experienciadevida.com.ar\/portalurbano\/wp-json\/wp\/v2\/types\/post"}],"author":[{"embeddable":true,"href":"https:\/\/experienciadevida.com.ar\/portalurbano\/wp-json\/wp\/v2\/users\/1"}],"replies":[{"embeddable":true,"href":"https:\/\/experienciadevida.com.ar\/portalurbano\/wp-json\/wp\/v2\/comments?post=171819"}],"version-history":[{"count":1,"href":"https:\/\/experienciadevida.com.ar\/portalurbano\/wp-json\/wp\/v2\/posts\/171819\/revisions"}],"predecessor-version":[{"id":171821,"href":"https:\/\/experienciadevida.com.ar\/portalurbano\/wp-json\/wp\/v2\/posts\/171819\/revisions\/171821"}],"wp:featuredmedia":[{"embeddable":true,"href":"https:\/\/experienciadevida.com.ar\/portalurbano\/wp-json\/wp\/v2\/media\/171820"}],"wp:attachment":[{"href":"https:\/\/experienciadevida.com.ar\/portalurbano\/wp-json\/wp\/v2\/media?parent=171819"}],"wp:term":[{"taxonomy":"category","embeddable":true,"href":"https:\/\/experienciadevida.com.ar\/portalurbano\/wp-json\/wp\/v2\/categories?post=171819"},{"taxonomy":"post_tag","embeddable":true,"href":"https:\/\/experienciadevida.com.ar\/portalurbano\/wp-json\/wp\/v2\/tags?post=171819"}],"curies":[{"name":"wp","href":"https:\/\/api.w.org\/{rel}","templated":true}]}}