{"id":171808,"date":"2022-07-20T16:24:17","date_gmt":"2022-07-20T19:24:17","guid":{"rendered":"https:\/\/experienciadevida.com.ar\/portalurbano\/?p=171808"},"modified":"2022-07-20T16:26:42","modified_gmt":"2022-07-20T19:26:42","slug":"se-inauguro-la-ampliacion-de-la-red-cloacal-en-el-barrio-facundo-quiroga-i-es-un-cambio-en-la-calidad-de-vida","status":"publish","type":"post","link":"https:\/\/experienciadevida.com.ar\/portalurbano\/se-inauguro-la-ampliacion-de-la-red-cloacal-en-el-barrio-facundo-quiroga-i-es-un-cambio-en-la-calidad-de-vida\/","title":{"rendered":"Se inaugur\u00f3 la ampliaci\u00f3n de la red cloacal en el barrio Facundo Quiroga I: \u201cEs un cambio en la calidad de vida\u201d"},"content":{"rendered":"<p>Se inaugur\u00f3 la ampliaci\u00f3n de la red cloacal en el barrio Facundo Quiroga I: \u201cEs un cambio en la calidad de vida\u201d, &#8220;Brinda salud, brinda calidad de vida, entonces para nosotros esta obra, que se hizo con fondos municipales y que se planific\u00f3 y que se escuch\u00f3 a los vecinos, es una gran inauguraci\u00f3n\u201d. De esa manera el intendente municipal Ezequiel Galli celebr\u00f3 la inauguraci\u00f3n de la ampliaci\u00f3n de la red cloacal del barrio Facundo Quiroga I, una obra que demand\u00f3 una inversi\u00f3n de 30 millones de pesos y que beneficia a 227 viviendas de ese punto de la ciudad&#8221;.<\/p>\n<p><a href=\"https:\/\/experienciadevida.com.ar\/portalurbano\/se-inauguro-la-ampliacion-de-la-red-cloacal-en-el-barrio-facundo-quiroga-i-es-un-cambio-en-la-calidad-de-vida\/se-17\/\" rel=\"attachment wp-att-171811\"><img decoding=\"async\" class=\"alignnone size-large wp-image-171811\" src=\"https:\/\/experienciadevida.com.ar\/portalurbano\/wp-content\/uploads\/2022\/07\/Se-4-1024x684.jpg\" alt=\"Se \" width=\"900\" height=\"601\" srcset=\"https:\/\/experienciadevida.com.ar\/portalurbano\/wp-content\/uploads\/2022\/07\/Se-4-1024x684.jpg 1024w, https:\/\/experienciadevida.com.ar\/portalurbano\/wp-content\/uploads\/2022\/07\/Se-4-300x201.jpg 300w, https:\/\/experienciadevida.com.ar\/portalurbano\/wp-content\/uploads\/2022\/07\/Se-4-768x513.jpg 768w, https:\/\/experienciadevida.com.ar\/portalurbano\/wp-content\/uploads\/2022\/07\/Se-4-1536x1027.jpg 1536w, https:\/\/experienciadevida.com.ar\/portalurbano\/wp-content\/uploads\/2022\/07\/Se-4-2048x1369.jpg 2048w, https:\/\/experienciadevida.com.ar\/portalurbano\/wp-content\/uploads\/2022\/07\/Se-4-150x100.jpg 150w\" sizes=\"(max-width: 900px) 100vw, 900px\" \/><\/a><\/p>\n<p>El acto se realiz\u00f3 en la ma\u00f1ana de este mi\u00e9rcoles y el jefe comunal estuvo acompa\u00f1ado por el secretario de Mantenimiento y Obras P\u00fablicas Julio Ferraro, el secretario de Gobierno Hilario Galli, el subsecretario de Obras y Servicios P\u00fablicos Gonzalo Ortiz, y la presidenta del Concejo Deliberante Cecilia Krivochen. Tambi\u00e9n concurrieron funcionarios municipales, concejales, representantes de Coopelectric y vecinos y vecinas.<\/p>\n<p>\u201cHoy es una ma\u00f1ana fresca, una ma\u00f1ana hermosa y una ma\u00f1ana de lindas noticias. Una ma\u00f1ana de mucha alegr\u00eda, porque esta inauguraci\u00f3n, este servicio que ya est\u00e1 liberado para estas 227 viviendas, esta obra de 4.000 metros lineales de cloacas, realmente es una obra muy, muy esperada por el barrio y una obra en la que pudimos caminar, recorrer, planificar y ponernos a trabajar, es un pedido hist\u00f3rico del barrio\u201d, enfatiz\u00f3 en su discurso el intendente municipal.<\/p>\n<p>Se inaugur\u00f3 la ampliaci\u00f3n de la red cloacal en el barrio Facundo Quiroga I, por \u00faltimo se\u00f1al\u00f3 que \u201cen este sector de la ciudad estamos haciendo un mont\u00f3n de obras. Estamos haciendo el Instituto de Educaci\u00f3n F\u00edsica a poquitas cuadras de ac\u00e1, ya llevamos adelante la pista de atletismo, estamos haciendo una obra en la Escuela T\u00e9cnica, estamos terminando una obra en el CEF 44. Ya iniciamos el segundo centro comercial del barrio Ceco. Estamos trabajando, para eso me eligieron los vecinos, para trabajar, no para hablar, y este momento del pa\u00eds necesita de hechos concretos. Estamos viviendo un momento muy dif\u00edcil, muy complejo de la Argentina. Tenemos que parar la pelota, levantar la cabeza mirar, para adelante y pensar en cada uno de los m\u00e1s de 40 millones de argentinos que merecen y necesitan hechos concretos. A los vecinos del Facundo Quiroga gracias por esperar, gracias por la paciencia, en el 2014 vine por primera vez al barrio y me pidieron esta obra, y la obra lleg\u00f3. Al resto de los barrios les pido eso, les pido paciencia, de a poco vamos a ir avanzando con la infraestructura que necesita una Olavarr\u00eda que no para de crecer\u201d, finaliz\u00f3.<\/p>\n<p><a href=\"https:\/\/experienciadevida.com.ar\/portalurbano\/se-inauguro-la-ampliacion-de-la-red-cloacal-en-el-barrio-facundo-quiroga-i-es-un-cambio-en-la-calidad-de-vida\/inauguro-5\/\" rel=\"attachment wp-att-171812\"><img decoding=\"async\" class=\"alignnone size-large wp-image-171812\" src=\"https:\/\/experienciadevida.com.ar\/portalurbano\/wp-content\/uploads\/2022\/07\/inauguro-1-1024x684.jpg\" alt=\"inaugur\u00f3\" width=\"900\" height=\"601\" srcset=\"https:\/\/experienciadevida.com.ar\/portalurbano\/wp-content\/uploads\/2022\/07\/inauguro-1-1024x684.jpg 1024w, https:\/\/experienciadevida.com.ar\/portalurbano\/wp-content\/uploads\/2022\/07\/inauguro-1-300x201.jpg 300w, https:\/\/experienciadevida.com.ar\/portalurbano\/wp-content\/uploads\/2022\/07\/inauguro-1-768x513.jpg 768w, https:\/\/experienciadevida.com.ar\/portalurbano\/wp-content\/uploads\/2022\/07\/inauguro-1-1536x1027.jpg 1536w, https:\/\/experienciadevida.com.ar\/portalurbano\/wp-content\/uploads\/2022\/07\/inauguro-1-2048x1369.jpg 2048w, https:\/\/experienciadevida.com.ar\/portalurbano\/wp-content\/uploads\/2022\/07\/inauguro-1-150x100.jpg 150w\" sizes=\"(max-width: 900px) 100vw, 900px\" \/><\/a><\/p>\n","protected":false},"excerpt":{"rendered":"<p>Se inaugur\u00f3 la ampliaci\u00f3n de la red cloacal en el barrio Facundo Quiroga I: \u201cEs&#8230;<\/p>\n","protected":false},"author":1,"featured_media":171809,"comment_status":"closed","ping_status":"closed","sticky":false,"template":"","format":"standard","meta":{"content-type":""},"categories":[27,51],"tags":[],"nelio_content":{"isAutoShareEnabled":false,"autoShareEndMode":"default","automationSources":{"useContentSentences":true,"useSocialTemplates":true,"useCustomSentences":false,"customSentences":[]},"followers":[1],"suggestedReferences":[],"includedReferences":[],"efiUrl":"","efiAlt":"","highlights":[]},"yoast_head":"<!-- This site is optimized with the Yoast SEO plugin v20.7 - https:\/\/yoast.com\/wordpress\/plugins\/seo\/ -->\n<title>Se inaugur\u00f3 la ampliaci\u00f3n de la red cloacal en el Facundo Quiroga<\/title>\n<meta name=\"description\" content=\"Se inaugur\u00f3 la ampliaci\u00f3n de la red cloacal en el barrio Facundo Quiroga I: \u201cEs un cambio en la calidad de vida\u201d, &quot;Brinda salud,\" \/>\n<meta name=\"robots\" content=\"index, follow, max-snippet:-1, max-image-preview:large, max-video-preview:-1\" \/>\n<link rel=\"canonical\" href=\"https:\/\/experienciadevida.com.ar\/portalurbano\/se-inauguro-la-ampliacion-de-la-red-cloacal-en-el-barrio-facundo-quiroga-i-es-un-cambio-en-la-calidad-de-vida\/\" \/>\n<meta property=\"og:locale\" content=\"es_ES\" \/>\n<meta property=\"og:type\" content=\"article\" \/>\n<meta property=\"og:title\" content=\"Se inaugur\u00f3 la ampliaci\u00f3n de la red cloacal en el Facundo Quiroga\" \/>\n<meta property=\"og:description\" content=\"Se inaugur\u00f3 la ampliaci\u00f3n de la red cloacal en el barrio Facundo Quiroga I: \u201cEs un cambio en la calidad de vida\u201d, &quot;Brinda salud,\" \/>\n<meta property=\"og:url\" content=\"https:\/\/experienciadevida.com.ar\/portalurbano\/se-inauguro-la-ampliacion-de-la-red-cloacal-en-el-barrio-facundo-quiroga-i-es-un-cambio-en-la-calidad-de-vida\/\" \/>\n<meta property=\"article:publisher\" content=\"https:\/\/www.facebook.com\/Portal-Urbano-171542830093757\/\" \/>\n<meta property=\"article:published_time\" content=\"2022-07-20T19:24:17+00:00\" \/>\n<meta property=\"article:modified_time\" content=\"2022-07-20T19:26:42+00:00\" \/>\n<meta property=\"og:image\" content=\"https:\/\/experienciadevida.com.ar\/portalurbano\/wp-content\/uploads\/2022\/07\/Se-inauguro-la-ampliacion.jpg\" \/>\n\t<meta property=\"og:image:width\" content=\"2560\" \/>\n\t<meta property=\"og:image:height\" content=\"1711\" \/>\n\t<meta property=\"og:image:type\" content=\"image\/jpeg\" \/>\n<meta name=\"author\" content=\"admpu17wp\" \/>\n<meta name=\"twitter:card\" content=\"summary_large_image\" \/>\n<meta name=\"twitter:creator\" content=\"@portalurbanook\" \/>\n<meta name=\"twitter:site\" content=\"@portalurbanook\" \/>\n<meta name=\"twitter:label1\" content=\"Escrito por\" \/>\n\t<meta name=\"twitter:data1\" content=\"admpu17wp\" \/>\n\t<meta name=\"twitter:label2\" content=\"Tiempo de lectura\" \/>\n\t<meta name=\"twitter:data2\" content=\"3 minutos\" \/>\n<script type=\"application\/ld+json\" class=\"yoast-schema-graph\">{\"@context\":\"https:\/\/schema.org\",\"@graph\":[{\"@type\":\"Article\",\"@id\":\"https:\/\/experienciadevida.com.ar\/portalurbano\/se-inauguro-la-ampliacion-de-la-red-cloacal-en-el-barrio-facundo-quiroga-i-es-un-cambio-en-la-calidad-de-vida\/#article\",\"isPartOf\":{\"@id\":\"https:\/\/experienciadevida.com.ar\/portalurbano\/se-inauguro-la-ampliacion-de-la-red-cloacal-en-el-barrio-facundo-quiroga-i-es-un-cambio-en-la-calidad-de-vida\/\"},\"author\":{\"name\":\"admpu17wp\",\"@id\":\"https:\/\/experienciadevida.com.ar\/portalurbano\/#\/schema\/person\/02dd326b1c4b056e9cc972486934a3a7\"},\"headline\":\"Se inaugur\u00f3 la ampliaci\u00f3n de la red cloacal en el barrio Facundo Quiroga I: \u201cEs un cambio en la calidad de vida\u201d\",\"datePublished\":\"2022-07-20T19:24:17+00:00\",\"dateModified\":\"2022-07-20T19:26:42+00:00\",\"mainEntityOfPage\":{\"@id\":\"https:\/\/experienciadevida.com.ar\/portalurbano\/se-inauguro-la-ampliacion-de-la-red-cloacal-en-el-barrio-facundo-quiroga-i-es-un-cambio-en-la-calidad-de-vida\/\"},\"wordCount\":481,\"publisher\":{\"@id\":\"https:\/\/experienciadevida.com.ar\/portalurbano\/#organization\"},\"articleSection\":[\"Ciudad\",\"Destacadas\"],\"inLanguage\":\"es\"},{\"@type\":\"WebPage\",\"@id\":\"https:\/\/experienciadevida.com.ar\/portalurbano\/se-inauguro-la-ampliacion-de-la-red-cloacal-en-el-barrio-facundo-quiroga-i-es-un-cambio-en-la-calidad-de-vida\/\",\"url\":\"https:\/\/experienciadevida.com.ar\/portalurbano\/se-inauguro-la-ampliacion-de-la-red-cloacal-en-el-barrio-facundo-quiroga-i-es-un-cambio-en-la-calidad-de-vida\/\",\"name\":\"Se inaugur\u00f3 la ampliaci\u00f3n de la red cloacal en el Facundo Quiroga\",\"isPartOf\":{\"@id\":\"https:\/\/experienciadevida.com.ar\/portalurbano\/#website\"},\"datePublished\":\"2022-07-20T19:24:17+00:00\",\"dateModified\":\"2022-07-20T19:26:42+00:00\",\"description\":\"Se inaugur\u00f3 la ampliaci\u00f3n de la red cloacal en el barrio Facundo Quiroga I: \u201cEs un cambio en la calidad de vida\u201d, \\\"Brinda salud,\",\"breadcrumb\":{\"@id\":\"https:\/\/experienciadevida.com.ar\/portalurbano\/se-inauguro-la-ampliacion-de-la-red-cloacal-en-el-barrio-facundo-quiroga-i-es-un-cambio-en-la-calidad-de-vida\/#breadcrumb\"},\"inLanguage\":\"es\",\"potentialAction\":[{\"@type\":\"ReadAction\",\"target\":[\"https:\/\/experienciadevida.com.ar\/portalurbano\/se-inauguro-la-ampliacion-de-la-red-cloacal-en-el-barrio-facundo-quiroga-i-es-un-cambio-en-la-calidad-de-vida\/\"]}]},{\"@type\":\"BreadcrumbList\",\"@id\":\"https:\/\/experienciadevida.com.ar\/portalurbano\/se-inauguro-la-ampliacion-de-la-red-cloacal-en-el-barrio-facundo-quiroga-i-es-un-cambio-en-la-calidad-de-vida\/#breadcrumb\",\"itemListElement\":[{\"@type\":\"ListItem\",\"position\":1,\"name\":\"Portada\",\"item\":\"https:\/\/experienciadevida.com.ar\/portalurbano\/\"},{\"@type\":\"ListItem\",\"position\":2,\"name\":\"Se inaugur\u00f3 la ampliaci\u00f3n de la red cloacal en el barrio Facundo Quiroga I: \u201cEs un cambio en la calidad de vida\u201d\"}]},{\"@type\":\"WebSite\",\"@id\":\"https:\/\/experienciadevida.com.ar\/portalurbano\/#website\",\"url\":\"https:\/\/experienciadevida.com.ar\/portalurbano\/\",\"name\":\"\",\"description\":\"\",\"publisher\":{\"@id\":\"https:\/\/experienciadevida.com.ar\/portalurbano\/#organization\"},\"potentialAction\":[{\"@type\":\"SearchAction\",\"target\":{\"@type\":\"EntryPoint\",\"urlTemplate\":\"https:\/\/experienciadevida.com.ar\/portalurbano\/?s={search_term_string}\"},\"query-input\":\"required name=search_term_string\"}],\"inLanguage\":\"es\"},{\"@type\":\"Organization\",\"@id\":\"https:\/\/experienciadevida.com.ar\/portalurbano\/#organization\",\"name\":\"Portal Urbano\",\"url\":\"https:\/\/experienciadevida.com.ar\/portalurbano\/\",\"logo\":{\"@type\":\"ImageObject\",\"inLanguage\":\"es\",\"@id\":\"https:\/\/experienciadevida.com.ar\/portalurbano\/#\/schema\/logo\/image\/\",\"url\":\"https:\/\/experienciadevida.com.ar\/portalurbano\/wp-content\/uploads\/2019\/09\/Logo-Original.png\",\"contentUrl\":\"https:\/\/experienciadevida.com.ar\/portalurbano\/wp-content\/uploads\/2019\/09\/Logo-Original.png\",\"width\":2236,\"height\":1216,\"caption\":\"Portal Urbano\"},\"image\":{\"@id\":\"https:\/\/experienciadevida.com.ar\/portalurbano\/#\/schema\/logo\/image\/\"},\"sameAs\":[\"https:\/\/www.facebook.com\/Portal-Urbano-171542830093757\/\",\"https:\/\/twitter.com\/portalurbanook\",\"https:\/\/www.instagram.com\/_portalurbano\/\",\"https:\/\/www.youtube.com\/channel\/UCXhagIfszH8KxFiOok79zbA?view_as=subscriber\"]},{\"@type\":\"Person\",\"@id\":\"https:\/\/experienciadevida.com.ar\/portalurbano\/#\/schema\/person\/02dd326b1c4b056e9cc972486934a3a7\",\"name\":\"admpu17wp\",\"image\":{\"@type\":\"ImageObject\",\"inLanguage\":\"es\",\"@id\":\"https:\/\/experienciadevida.com.ar\/portalurbano\/#\/schema\/person\/image\/\",\"url\":\"https:\/\/secure.gravatar.com\/avatar\/830d4c57adaae6630765e449a6908047?s=96&d=mm&r=g\",\"contentUrl\":\"https:\/\/secure.gravatar.com\/avatar\/830d4c57adaae6630765e449a6908047?s=96&d=mm&r=g\",\"caption\":\"admpu17wp\"}}]}<\/script>\n<!-- \/ Yoast SEO plugin. -->","yoast_head_json":{"title":"Se inaugur\u00f3 la ampliaci\u00f3n de la red cloacal en el Facundo Quiroga","description":"Se inaugur\u00f3 la ampliaci\u00f3n de la red cloacal en el barrio Facundo Quiroga I: \u201cEs un cambio en la calidad de vida\u201d, \"Brinda salud,","robots":{"index":"index","follow":"follow","max-snippet":"max-snippet:-1","max-image-preview":"max-image-preview:large","max-video-preview":"max-video-preview:-1"},"canonical":"https:\/\/experienciadevida.com.ar\/portalurbano\/se-inauguro-la-ampliacion-de-la-red-cloacal-en-el-barrio-facundo-quiroga-i-es-un-cambio-en-la-calidad-de-vida\/","og_locale":"es_ES","og_type":"article","og_title":"Se inaugur\u00f3 la ampliaci\u00f3n de la red cloacal en el Facundo Quiroga","og_description":"Se inaugur\u00f3 la ampliaci\u00f3n de la red cloacal en el barrio Facundo Quiroga I: \u201cEs un cambio en la calidad de vida\u201d, \"Brinda salud,","og_url":"https:\/\/experienciadevida.com.ar\/portalurbano\/se-inauguro-la-ampliacion-de-la-red-cloacal-en-el-barrio-facundo-quiroga-i-es-un-cambio-en-la-calidad-de-vida\/","article_publisher":"https:\/\/www.facebook.com\/Portal-Urbano-171542830093757\/","article_published_time":"2022-07-20T19:24:17+00:00","article_modified_time":"2022-07-20T19:26:42+00:00","og_image":[{"width":2560,"height":1711,"url":"https:\/\/experienciadevida.com.ar\/portalurbano\/wp-content\/uploads\/2022\/07\/Se-inauguro-la-ampliacion.jpg","type":"image\/jpeg"}],"author":"admpu17wp","twitter_card":"summary_large_image","twitter_creator":"@portalurbanook","twitter_site":"@portalurbanook","twitter_misc":{"Escrito por":"admpu17wp","Tiempo de lectura":"3 minutos"},"schema":{"@context":"https:\/\/schema.org","@graph":[{"@type":"Article","@id":"https:\/\/experienciadevida.com.ar\/portalurbano\/se-inauguro-la-ampliacion-de-la-red-cloacal-en-el-barrio-facundo-quiroga-i-es-un-cambio-en-la-calidad-de-vida\/#article","isPartOf":{"@id":"https:\/\/experienciadevida.com.ar\/portalurbano\/se-inauguro-la-ampliacion-de-la-red-cloacal-en-el-barrio-facundo-quiroga-i-es-un-cambio-en-la-calidad-de-vida\/"},"author":{"name":"admpu17wp","@id":"https:\/\/experienciadevida.com.ar\/portalurbano\/#\/schema\/person\/02dd326b1c4b056e9cc972486934a3a7"},"headline":"Se inaugur\u00f3 la ampliaci\u00f3n de la red cloacal en el barrio Facundo Quiroga I: \u201cEs un cambio en la calidad de vida\u201d","datePublished":"2022-07-20T19:24:17+00:00","dateModified":"2022-07-20T19:26:42+00:00","mainEntityOfPage":{"@id":"https:\/\/experienciadevida.com.ar\/portalurbano\/se-inauguro-la-ampliacion-de-la-red-cloacal-en-el-barrio-facundo-quiroga-i-es-un-cambio-en-la-calidad-de-vida\/"},"wordCount":481,"publisher":{"@id":"https:\/\/experienciadevida.com.ar\/portalurbano\/#organization"},"articleSection":["Ciudad","Destacadas"],"inLanguage":"es"},{"@type":"WebPage","@id":"https:\/\/experienciadevida.com.ar\/portalurbano\/se-inauguro-la-ampliacion-de-la-red-cloacal-en-el-barrio-facundo-quiroga-i-es-un-cambio-en-la-calidad-de-vida\/","url":"https:\/\/experienciadevida.com.ar\/portalurbano\/se-inauguro-la-ampliacion-de-la-red-cloacal-en-el-barrio-facundo-quiroga-i-es-un-cambio-en-la-calidad-de-vida\/","name":"Se inaugur\u00f3 la ampliaci\u00f3n de la red cloacal en el Facundo Quiroga","isPartOf":{"@id":"https:\/\/experienciadevida.com.ar\/portalurbano\/#website"},"datePublished":"2022-07-20T19:24:17+00:00","dateModified":"2022-07-20T19:26:42+00:00","description":"Se inaugur\u00f3 la ampliaci\u00f3n de la red cloacal en el barrio Facundo Quiroga I: \u201cEs un cambio en la calidad de vida\u201d, \"Brinda salud,","breadcrumb":{"@id":"https:\/\/experienciadevida.com.ar\/portalurbano\/se-inauguro-la-ampliacion-de-la-red-cloacal-en-el-barrio-facundo-quiroga-i-es-un-cambio-en-la-calidad-de-vida\/#breadcrumb"},"inLanguage":"es","potentialAction":[{"@type":"ReadAction","target":["https:\/\/experienciadevida.com.ar\/portalurbano\/se-inauguro-la-ampliacion-de-la-red-cloacal-en-el-barrio-facundo-quiroga-i-es-un-cambio-en-la-calidad-de-vida\/"]}]},{"@type":"BreadcrumbList","@id":"https:\/\/experienciadevida.com.ar\/portalurbano\/se-inauguro-la-ampliacion-de-la-red-cloacal-en-el-barrio-facundo-quiroga-i-es-un-cambio-en-la-calidad-de-vida\/#breadcrumb","itemListElement":[{"@type":"ListItem","position":1,"name":"Portada","item":"https:\/\/experienciadevida.com.ar\/portalurbano\/"},{"@type":"ListItem","position":2,"name":"Se inaugur\u00f3 la ampliaci\u00f3n de la red cloacal en el barrio Facundo Quiroga I: \u201cEs un cambio en la calidad de vida\u201d"}]},{"@type":"WebSite","@id":"https:\/\/experienciadevida.com.ar\/portalurbano\/#website","url":"https:\/\/experienciadevida.com.ar\/portalurbano\/","name":"","description":"","publisher":{"@id":"https:\/\/experienciadevida.com.ar\/portalurbano\/#organization"},"potentialAction":[{"@type":"SearchAction","target":{"@type":"EntryPoint","urlTemplate":"https:\/\/experienciadevida.com.ar\/portalurbano\/?s={search_term_string}"},"query-input":"required name=search_term_string"}],"inLanguage":"es"},{"@type":"Organization","@id":"https:\/\/experienciadevida.com.ar\/portalurbano\/#organization","name":"Portal Urbano","url":"https:\/\/experienciadevida.com.ar\/portalurbano\/","logo":{"@type":"ImageObject","inLanguage":"es","@id":"https:\/\/experienciadevida.com.ar\/portalurbano\/#\/schema\/logo\/image\/","url":"https:\/\/experienciadevida.com.ar\/portalurbano\/wp-content\/uploads\/2019\/09\/Logo-Original.png","contentUrl":"https:\/\/experienciadevida.com.ar\/portalurbano\/wp-content\/uploads\/2019\/09\/Logo-Original.png","width":2236,"height":1216,"caption":"Portal Urbano"},"image":{"@id":"https:\/\/experienciadevida.com.ar\/portalurbano\/#\/schema\/logo\/image\/"},"sameAs":["https:\/\/www.facebook.com\/Portal-Urbano-171542830093757\/","https:\/\/twitter.com\/portalurbanook","https:\/\/www.instagram.com\/_portalurbano\/","https:\/\/www.youtube.com\/channel\/UCXhagIfszH8KxFiOok79zbA?view_as=subscriber"]},{"@type":"Person","@id":"https:\/\/experienciadevida.com.ar\/portalurbano\/#\/schema\/person\/02dd326b1c4b056e9cc972486934a3a7","name":"admpu17wp","image":{"@type":"ImageObject","inLanguage":"es","@id":"https:\/\/experienciadevida.com.ar\/portalurbano\/#\/schema\/person\/image\/","url":"https:\/\/secure.gravatar.com\/avatar\/830d4c57adaae6630765e449a6908047?s=96&d=mm&r=g","contentUrl":"https:\/\/secure.gravatar.com\/avatar\/830d4c57adaae6630765e449a6908047?s=96&d=mm&r=g","caption":"admpu17wp"}}]}},"featured_image_urls":{"full":["https:\/\/experienciadevida.com.ar\/portalurbano\/wp-content\/uploads\/2022\/07\/Se-inauguro-la-ampliacion.jpg",2560,1711,false],"thumbnail":["https:\/\/experienciadevida.com.ar\/portalurbano\/wp-content\/uploads\/2022\/07\/Se-inauguro-la-ampliacion-150x150.jpg",150,150,true],"medium":["https:\/\/experienciadevida.com.ar\/portalurbano\/wp-content\/uploads\/2022\/07\/Se-inauguro-la-ampliacion-300x201.jpg",300,201,true],"medium_large":["https:\/\/experienciadevida.com.ar\/portalurbano\/wp-content\/uploads\/2022\/07\/Se-inauguro-la-ampliacion-768x513.jpg",640,428,true],"large":["https:\/\/experienciadevida.com.ar\/portalurbano\/wp-content\/uploads\/2022\/07\/Se-inauguro-la-ampliacion-1024x684.jpg",640,428,true],"ug_big":["https:\/\/experienciadevida.com.ar\/portalurbano\/wp-content\/uploads\/2022\/07\/Se-inauguro-la-ampliacion-768x513.jpg",768,513,true],"1536x1536":["https:\/\/experienciadevida.com.ar\/portalurbano\/wp-content\/uploads\/2022\/07\/Se-inauguro-la-ampliacion-1536x1027.jpg",1536,1027,true],"2048x2048":["https:\/\/experienciadevida.com.ar\/portalurbano\/wp-content\/uploads\/2022\/07\/Se-inauguro-la-ampliacion-2048x1369.jpg",2048,1369,true],"newsever-slider-full":["https:\/\/experienciadevida.com.ar\/portalurbano\/wp-content\/uploads\/2022\/07\/Se-inauguro-la-ampliacion.jpg",1264,845,false],"newsever-featured":["https:\/\/experienciadevida.com.ar\/portalurbano\/wp-content\/uploads\/2022\/07\/Se-inauguro-la-ampliacion.jpg",1024,684,false],"newsever-medium":["https:\/\/experienciadevida.com.ar\/portalurbano\/wp-content\/uploads\/2022\/07\/Se-inauguro-la-ampliacion.jpg",711,475,false],"web-stories-poster-portrait":["https:\/\/experienciadevida.com.ar\/portalurbano\/wp-content\/uploads\/2022\/07\/Se-inauguro-la-ampliacion-640x853.jpg",640,853,true],"web-stories-publisher-logo":["https:\/\/experienciadevida.com.ar\/portalurbano\/wp-content\/uploads\/2022\/07\/Se-inauguro-la-ampliacion-96x96.jpg",96,96,true],"web-stories-thumbnail":["https:\/\/experienciadevida.com.ar\/portalurbano\/wp-content\/uploads\/2022\/07\/Se-inauguro-la-ampliacion-150x100.jpg",150,100,true]},"author_info":{"display_name":"admpu17wp","author_link":"https:\/\/experienciadevida.com.ar\/portalurbano\/author\/admpu17wp\/"},"category_info":"<a href=\"https:\/\/experienciadevida.com.ar\/portalurbano\/category\/ciudad\/\" rel=\"category tag\">Ciudad<\/a> <a href=\"https:\/\/experienciadevida.com.ar\/portalurbano\/category\/destacadas\/\" rel=\"category tag\">Destacadas<\/a>","tag_info":"Destacadas","comment_count":"0","amp_enabled":true,"_links":{"self":[{"href":"https:\/\/experienciadevida.com.ar\/portalurbano\/wp-json\/wp\/v2\/posts\/171808"}],"collection":[{"href":"https:\/\/experienciadevida.com.ar\/portalurbano\/wp-json\/wp\/v2\/posts"}],"about":[{"href":"https:\/\/experienciadevida.com.ar\/portalurbano\/wp-json\/wp\/v2\/types\/post"}],"author":[{"embeddable":true,"href":"https:\/\/experienciadevida.com.ar\/portalurbano\/wp-json\/wp\/v2\/users\/1"}],"replies":[{"embeddable":true,"href":"https:\/\/experienciadevida.com.ar\/portalurbano\/wp-json\/wp\/v2\/comments?post=171808"}],"version-history":[{"count":2,"href":"https:\/\/experienciadevida.com.ar\/portalurbano\/wp-json\/wp\/v2\/posts\/171808\/revisions"}],"predecessor-version":[{"id":171813,"href":"https:\/\/experienciadevida.com.ar\/portalurbano\/wp-json\/wp\/v2\/posts\/171808\/revisions\/171813"}],"wp:featuredmedia":[{"embeddable":true,"href":"https:\/\/experienciadevida.com.ar\/portalurbano\/wp-json\/wp\/v2\/media\/171809"}],"wp:attachment":[{"href":"https:\/\/experienciadevida.com.ar\/portalurbano\/wp-json\/wp\/v2\/media?parent=171808"}],"wp:term":[{"taxonomy":"category","embeddable":true,"href":"https:\/\/experienciadevida.com.ar\/portalurbano\/wp-json\/wp\/v2\/categories?post=171808"},{"taxonomy":"post_tag","embeddable":true,"href":"https:\/\/experienciadevida.com.ar\/portalurbano\/wp-json\/wp\/v2\/tags?post=171808"}],"curies":[{"name":"wp","href":"https:\/\/api.w.org\/{rel}","templated":true}]}}