{"id":171795,"date":"2022-07-20T15:21:28","date_gmt":"2022-07-20T18:21:28","guid":{"rendered":"https:\/\/experienciadevida.com.ar\/portalurbano\/?p=171795"},"modified":"2022-07-20T15:36:08","modified_gmt":"2022-07-20T18:36:08","slug":"en-olavarria-pidieron-por-el-salario-universal","status":"publish","type":"post","link":"https:\/\/experienciadevida.com.ar\/portalurbano\/en-olavarria-pidieron-por-el-salario-universal\/","title":{"rendered":"En Olavarr\u00eda pidieron por el salario universal"},"content":{"rendered":"<p>En Olavarr\u00eda pidieron por el salario universal, al igual que en diferentes puntos del pa\u00eds la concentraci\u00f3n en nuestra ciudad se dio en la ruta 226 a la altura de la calle Independencia.<\/p>\n<p><a href=\"https:\/\/experienciadevida.com.ar\/portalurbano\/en-olavarria-pidieron-por-el-salario-universal\/en-18\/\" rel=\"attachment wp-att-171800\"><img decoding=\"async\" class=\"alignnone size-large wp-image-171800\" src=\"https:\/\/experienciadevida.com.ar\/portalurbano\/wp-content\/uploads\/2022\/07\/En-2-1024x461.jpg\" alt=\"En \" width=\"900\" height=\"405\" srcset=\"https:\/\/experienciadevida.com.ar\/portalurbano\/wp-content\/uploads\/2022\/07\/En-2-1024x461.jpg 1024w, https:\/\/experienciadevida.com.ar\/portalurbano\/wp-content\/uploads\/2022\/07\/En-2-300x135.jpg 300w, https:\/\/experienciadevida.com.ar\/portalurbano\/wp-content\/uploads\/2022\/07\/En-2-768x346.jpg 768w, https:\/\/experienciadevida.com.ar\/portalurbano\/wp-content\/uploads\/2022\/07\/En-2-1536x691.jpg 1536w, https:\/\/experienciadevida.com.ar\/portalurbano\/wp-content\/uploads\/2022\/07\/En-2-150x68.jpg 150w, https:\/\/experienciadevida.com.ar\/portalurbano\/wp-content\/uploads\/2022\/07\/En-2.jpg 1600w\" sizes=\"(max-width: 900px) 100vw, 900px\" \/><\/a><\/p>\n<p>Este mi\u00e9rcoles por la ma\u00f1ana se desarroll\u00f3 una movilizaci\u00f3n en consonancia a lo que sucede en el resto del pa\u00eds, diferentes organizaciones sociales piden por el salario universal. Este medio dialog\u00f3 con dos referentes del MTE, quienes explicaron los puntos m\u00e1s importantes.<\/p>\n<p>&#8220;Hay cuatro puntos b\u00e1sicos que se reclaman en todo el pa\u00eds, se hicieron asambleas y nosotros hicimos lo mismo en Olavarr\u00eda, lo que se pide son 15 mil pesos fijos para la gente que no est\u00e1 en blanco y que no son vagos como se dijo. Hay gente que hace changas y que trabaja en lo que puede pero no llega a cubrir las necesidades b\u00e1sicas pero con la m\u00ednima estar\u00edan aliviando la situaci\u00f3n&#8221;.<\/p>\n<p><a href=\"https:\/\/experienciadevida.com.ar\/portalurbano\/en-olavarria-pidieron-por-el-salario-universal\/olavarria-6\/\" rel=\"attachment wp-att-171801\"><img decoding=\"async\" class=\"alignnone size-large wp-image-171801\" src=\"https:\/\/experienciadevida.com.ar\/portalurbano\/wp-content\/uploads\/2022\/07\/Olavarria-1-1024x461.jpg\" alt=\"Olavarr\u00eda \" width=\"900\" height=\"405\" srcset=\"https:\/\/experienciadevida.com.ar\/portalurbano\/wp-content\/uploads\/2022\/07\/Olavarria-1-1024x461.jpg 1024w, https:\/\/experienciadevida.com.ar\/portalurbano\/wp-content\/uploads\/2022\/07\/Olavarria-1-300x135.jpg 300w, https:\/\/experienciadevida.com.ar\/portalurbano\/wp-content\/uploads\/2022\/07\/Olavarria-1-768x346.jpg 768w, https:\/\/experienciadevida.com.ar\/portalurbano\/wp-content\/uploads\/2022\/07\/Olavarria-1-1536x691.jpg 1536w, https:\/\/experienciadevida.com.ar\/portalurbano\/wp-content\/uploads\/2022\/07\/Olavarria-1-150x68.jpg 150w, https:\/\/experienciadevida.com.ar\/portalurbano\/wp-content\/uploads\/2022\/07\/Olavarria-1.jpg 1600w\" sizes=\"(max-width: 900px) 100vw, 900px\" \/><\/a><\/p>\n<p>Por otro lado, &#8220;el segundo punto es que tambi\u00e9n lo cobre los jubilados y pensionados que tampoco alcanzan a cubrir la canasta b\u00e1sica que est\u00e1 casi en cien mil pesos.\u00a0 El tercer punto es para las personas que est\u00e1n con trabajo formal pero que tambi\u00e9n est\u00e1n por debajo de la l\u00ednea de pobreza&#8221;.<\/p>\n<p>&#8220;El cuarto punto alcanza a los compa\u00f1eros que ya est\u00e1n organizados como nosotros que tienen un potencial trabajo que est\u00e1n organizados en cooperativas, despu\u00e9s hacer que el gobierno vea que 5 de cada cuatro chicos est\u00e1n bajo la l\u00ednea de pobreza, aument\u00f3 todo&#8221;.<\/p>\n<p>Para finalizar mencionaron &#8220;es desesperado el momento que estamos viviendo, hay gente que paga alquiler que tienen hijos, a los humildes es a lo que m\u00e1s nos pega, la ciudad nos tiene que acompa\u00f1ar y poder dar vuelta la historia, la ministra de econom\u00eda nos dice que no nos puede aumentar ni que puede dar m\u00e1s ayuda social significa que se va a agravar y nosotros queremos que cambien las reglas econ\u00f3micas. El presidente cuando asumi\u00f3 dijo que iba a empezar a ayudar con los dem\u00e1s abajo&#8221;.<\/p>\n<p><a href=\"https:\/\/experienciadevida.com.ar\/portalurbano\/en-olavarria-pidieron-por-el-salario-universal\/pidieron\/\" rel=\"attachment wp-att-171802\"><img decoding=\"async\" class=\"alignnone size-large wp-image-171802\" src=\"https:\/\/experienciadevida.com.ar\/portalurbano\/wp-content\/uploads\/2022\/07\/pidieron-1024x461.jpg\" alt=\"pidieron \" width=\"900\" height=\"405\" srcset=\"https:\/\/experienciadevida.com.ar\/portalurbano\/wp-content\/uploads\/2022\/07\/pidieron-1024x461.jpg 1024w, https:\/\/experienciadevida.com.ar\/portalurbano\/wp-content\/uploads\/2022\/07\/pidieron-300x135.jpg 300w, https:\/\/experienciadevida.com.ar\/portalurbano\/wp-content\/uploads\/2022\/07\/pidieron-768x346.jpg 768w, https:\/\/experienciadevida.com.ar\/portalurbano\/wp-content\/uploads\/2022\/07\/pidieron-1536x691.jpg 1536w, https:\/\/experienciadevida.com.ar\/portalurbano\/wp-content\/uploads\/2022\/07\/pidieron-150x68.jpg 150w, https:\/\/experienciadevida.com.ar\/portalurbano\/wp-content\/uploads\/2022\/07\/pidieron.jpg 1600w\" sizes=\"(max-width: 900px) 100vw, 900px\" \/><\/a><\/p>\n<p><a href=\"https:\/\/experienciadevida.com.ar\/portalurbano\/en-olavarria-pidieron-por-el-salario-universal\/por-2\/\" rel=\"attachment wp-att-171803\"><img decoding=\"async\" class=\"alignnone size-large wp-image-171803\" src=\"https:\/\/experienciadevida.com.ar\/portalurbano\/wp-content\/uploads\/2022\/07\/por-1024x461.jpg\" alt=\"por \" width=\"900\" height=\"405\" srcset=\"https:\/\/experienciadevida.com.ar\/portalurbano\/wp-content\/uploads\/2022\/07\/por-1024x461.jpg 1024w, https:\/\/experienciadevida.com.ar\/portalurbano\/wp-content\/uploads\/2022\/07\/por-300x135.jpg 300w, https:\/\/experienciadevida.com.ar\/portalurbano\/wp-content\/uploads\/2022\/07\/por-768x346.jpg 768w, https:\/\/experienciadevida.com.ar\/portalurbano\/wp-content\/uploads\/2022\/07\/por-1536x691.jpg 1536w, https:\/\/experienciadevida.com.ar\/portalurbano\/wp-content\/uploads\/2022\/07\/por-150x68.jpg 150w, https:\/\/experienciadevida.com.ar\/portalurbano\/wp-content\/uploads\/2022\/07\/por.jpg 1600w\" sizes=\"(max-width: 900px) 100vw, 900px\" \/><\/a><\/p>\n<p><a href=\"https:\/\/experienciadevida.com.ar\/portalurbano\/en-olavarria-pidieron-por-el-salario-universal\/d2d943df-b3e6-4afd-9e2e-5b6fe040d185\/\" rel=\"attachment wp-att-171804\"><img decoding=\"async\" class=\"alignnone size-large wp-image-171804\" src=\"https:\/\/experienciadevida.com.ar\/portalurbano\/wp-content\/uploads\/2022\/07\/d2d943df-b3e6-4afd-9e2e-5b6fe040d185-1024x461.jpg\" alt=\"\" width=\"900\" height=\"405\" srcset=\"https:\/\/experienciadevida.com.ar\/portalurbano\/wp-content\/uploads\/2022\/07\/d2d943df-b3e6-4afd-9e2e-5b6fe040d185-1024x461.jpg 1024w, https:\/\/experienciadevida.com.ar\/portalurbano\/wp-content\/uploads\/2022\/07\/d2d943df-b3e6-4afd-9e2e-5b6fe040d185-300x135.jpg 300w, https:\/\/experienciadevida.com.ar\/portalurbano\/wp-content\/uploads\/2022\/07\/d2d943df-b3e6-4afd-9e2e-5b6fe040d185-768x346.jpg 768w, https:\/\/experienciadevida.com.ar\/portalurbano\/wp-content\/uploads\/2022\/07\/d2d943df-b3e6-4afd-9e2e-5b6fe040d185-1536x691.jpg 1536w, https:\/\/experienciadevida.com.ar\/portalurbano\/wp-content\/uploads\/2022\/07\/d2d943df-b3e6-4afd-9e2e-5b6fe040d185-150x68.jpg 150w, https:\/\/experienciadevida.com.ar\/portalurbano\/wp-content\/uploads\/2022\/07\/d2d943df-b3e6-4afd-9e2e-5b6fe040d185.jpg 1600w\" sizes=\"(max-width: 900px) 100vw, 900px\" \/><\/a><\/p>\n<p><a href=\"https:\/\/experienciadevida.com.ar\/portalurbano\/en-olavarria-pidieron-por-el-salario-universal\/71366ccd-ff35-4f64-8bfe-d7198a521ce0\/\" rel=\"attachment wp-att-171805\"><img decoding=\"async\" class=\"alignnone size-large wp-image-171805\" src=\"https:\/\/experienciadevida.com.ar\/portalurbano\/wp-content\/uploads\/2022\/07\/71366ccd-ff35-4f64-8bfe-d7198a521ce0-1024x461.jpg\" alt=\"\" width=\"900\" height=\"405\" srcset=\"https:\/\/experienciadevida.com.ar\/portalurbano\/wp-content\/uploads\/2022\/07\/71366ccd-ff35-4f64-8bfe-d7198a521ce0-1024x461.jpg 1024w, https:\/\/experienciadevida.com.ar\/portalurbano\/wp-content\/uploads\/2022\/07\/71366ccd-ff35-4f64-8bfe-d7198a521ce0-300x135.jpg 300w, https:\/\/experienciadevida.com.ar\/portalurbano\/wp-content\/uploads\/2022\/07\/71366ccd-ff35-4f64-8bfe-d7198a521ce0-768x346.jpg 768w, https:\/\/experienciadevida.com.ar\/portalurbano\/wp-content\/uploads\/2022\/07\/71366ccd-ff35-4f64-8bfe-d7198a521ce0-1536x691.jpg 1536w, https:\/\/experienciadevida.com.ar\/portalurbano\/wp-content\/uploads\/2022\/07\/71366ccd-ff35-4f64-8bfe-d7198a521ce0-150x68.jpg 150w, https:\/\/experienciadevida.com.ar\/portalurbano\/wp-content\/uploads\/2022\/07\/71366ccd-ff35-4f64-8bfe-d7198a521ce0.jpg 1600w\" sizes=\"(max-width: 900px) 100vw, 900px\" \/><\/a><\/p>\n<p><a href=\"https:\/\/experienciadevida.com.ar\/portalurbano\/en-olavarria-pidieron-por-el-salario-universal\/f9ad26f5-58fb-4d20-82ea-5fa5d76c5947\/\" rel=\"attachment wp-att-171806\"><img decoding=\"async\" class=\"alignnone size-large wp-image-171806\" src=\"https:\/\/experienciadevida.com.ar\/portalurbano\/wp-content\/uploads\/2022\/07\/f9ad26f5-58fb-4d20-82ea-5fa5d76c5947-1024x461.jpg\" alt=\"\" width=\"900\" height=\"405\" srcset=\"https:\/\/experienciadevida.com.ar\/portalurbano\/wp-content\/uploads\/2022\/07\/f9ad26f5-58fb-4d20-82ea-5fa5d76c5947-1024x461.jpg 1024w, https:\/\/experienciadevida.com.ar\/portalurbano\/wp-content\/uploads\/2022\/07\/f9ad26f5-58fb-4d20-82ea-5fa5d76c5947-300x135.jpg 300w, https:\/\/experienciadevida.com.ar\/portalurbano\/wp-content\/uploads\/2022\/07\/f9ad26f5-58fb-4d20-82ea-5fa5d76c5947-768x346.jpg 768w, https:\/\/experienciadevida.com.ar\/portalurbano\/wp-content\/uploads\/2022\/07\/f9ad26f5-58fb-4d20-82ea-5fa5d76c5947-1536x691.jpg 1536w, https:\/\/experienciadevida.com.ar\/portalurbano\/wp-content\/uploads\/2022\/07\/f9ad26f5-58fb-4d20-82ea-5fa5d76c5947-150x68.jpg 150w, https:\/\/experienciadevida.com.ar\/portalurbano\/wp-content\/uploads\/2022\/07\/f9ad26f5-58fb-4d20-82ea-5fa5d76c5947.jpg 1600w\" sizes=\"(max-width: 900px) 100vw, 900px\" \/><\/a><\/p>\n","protected":false},"excerpt":{"rendered":"<p>En Olavarr\u00eda pidieron por el salario universal, al igual que en diferentes puntos del pa\u00eds&#8230;<\/p>\n","protected":false},"author":1,"featured_media":171796,"comment_status":"closed","ping_status":"closed","sticky":false,"template":"","format":"standard","meta":{"content-type":""},"categories":[27,64],"tags":[],"nelio_content":{"isAutoShareEnabled":false,"autoShareEndMode":"default","automationSources":{"useContentSentences":true,"useSocialTemplates":true,"useCustomSentences":false,"customSentences":[]},"followers":[1],"suggestedReferences":[],"includedReferences":[],"efiUrl":"","efiAlt":"","highlights":[]},"yoast_head":"<!-- This site is optimized with the Yoast SEO plugin v20.7 - https:\/\/yoast.com\/wordpress\/plugins\/seo\/ -->\n<title>En Olavarr\u00eda pidieron por el salario Universal<\/title>\n<meta name=\"description\" content=\"En Olavarr\u00eda pidieron por el salario universal, al igual que en diferentes puntos del pa\u00eds la concentraci\u00f3n en nuestra ciudad\" \/>\n<meta name=\"robots\" content=\"index, follow, max-snippet:-1, max-image-preview:large, max-video-preview:-1\" \/>\n<link rel=\"canonical\" href=\"https:\/\/experienciadevida.com.ar\/portalurbano\/en-olavarria-pidieron-por-el-salario-universal\/\" \/>\n<meta property=\"og:locale\" content=\"es_ES\" \/>\n<meta property=\"og:type\" content=\"article\" \/>\n<meta property=\"og:title\" content=\"En Olavarr\u00eda pidieron por el salario Universal\" \/>\n<meta property=\"og:description\" content=\"En Olavarr\u00eda pidieron por el salario universal, al igual que en diferentes puntos del pa\u00eds la concentraci\u00f3n en nuestra ciudad\" \/>\n<meta property=\"og:url\" content=\"https:\/\/experienciadevida.com.ar\/portalurbano\/en-olavarria-pidieron-por-el-salario-universal\/\" \/>\n<meta property=\"article:publisher\" content=\"https:\/\/www.facebook.com\/Portal-Urbano-171542830093757\/\" \/>\n<meta property=\"article:published_time\" content=\"2022-07-20T18:21:28+00:00\" \/>\n<meta property=\"article:modified_time\" content=\"2022-07-20T18:36:08+00:00\" \/>\n<meta property=\"og:image\" content=\"https:\/\/experienciadevida.com.ar\/portalurbano\/wp-content\/uploads\/2022\/07\/En-Olavarria-pidieron-por.jpg\" \/>\n\t<meta property=\"og:image:width\" content=\"1600\" \/>\n\t<meta property=\"og:image:height\" content=\"720\" \/>\n\t<meta property=\"og:image:type\" content=\"image\/jpeg\" \/>\n<meta name=\"author\" content=\"admpu17wp\" \/>\n<meta name=\"twitter:card\" content=\"summary_large_image\" \/>\n<meta name=\"twitter:creator\" content=\"@portalurbanook\" \/>\n<meta name=\"twitter:site\" content=\"@portalurbanook\" \/>\n<meta name=\"twitter:label1\" content=\"Escrito por\" \/>\n\t<meta name=\"twitter:data1\" content=\"admpu17wp\" \/>\n\t<meta name=\"twitter:label2\" content=\"Tiempo de lectura\" \/>\n\t<meta name=\"twitter:data2\" content=\"3 minutos\" \/>\n<script type=\"application\/ld+json\" class=\"yoast-schema-graph\">{\"@context\":\"https:\/\/schema.org\",\"@graph\":[{\"@type\":\"Article\",\"@id\":\"https:\/\/experienciadevida.com.ar\/portalurbano\/en-olavarria-pidieron-por-el-salario-universal\/#article\",\"isPartOf\":{\"@id\":\"https:\/\/experienciadevida.com.ar\/portalurbano\/en-olavarria-pidieron-por-el-salario-universal\/\"},\"author\":{\"name\":\"admpu17wp\",\"@id\":\"https:\/\/experienciadevida.com.ar\/portalurbano\/#\/schema\/person\/02dd326b1c4b056e9cc972486934a3a7\"},\"headline\":\"En Olavarr\u00eda pidieron por el salario universal\",\"datePublished\":\"2022-07-20T18:21:28+00:00\",\"dateModified\":\"2022-07-20T18:36:08+00:00\",\"mainEntityOfPage\":{\"@id\":\"https:\/\/experienciadevida.com.ar\/portalurbano\/en-olavarria-pidieron-por-el-salario-universal\/\"},\"wordCount\":370,\"publisher\":{\"@id\":\"https:\/\/experienciadevida.com.ar\/portalurbano\/#organization\"},\"articleSection\":[\"Ciudad\",\"Destacadas 2\"],\"inLanguage\":\"es\"},{\"@type\":\"WebPage\",\"@id\":\"https:\/\/experienciadevida.com.ar\/portalurbano\/en-olavarria-pidieron-por-el-salario-universal\/\",\"url\":\"https:\/\/experienciadevida.com.ar\/portalurbano\/en-olavarria-pidieron-por-el-salario-universal\/\",\"name\":\"En Olavarr\u00eda pidieron por el salario Universal\",\"isPartOf\":{\"@id\":\"https:\/\/experienciadevida.com.ar\/portalurbano\/#website\"},\"datePublished\":\"2022-07-20T18:21:28+00:00\",\"dateModified\":\"2022-07-20T18:36:08+00:00\",\"description\":\"En Olavarr\u00eda pidieron por el salario universal, al igual que en diferentes puntos del pa\u00eds la concentraci\u00f3n en nuestra ciudad\",\"breadcrumb\":{\"@id\":\"https:\/\/experienciadevida.com.ar\/portalurbano\/en-olavarria-pidieron-por-el-salario-universal\/#breadcrumb\"},\"inLanguage\":\"es\",\"potentialAction\":[{\"@type\":\"ReadAction\",\"target\":[\"https:\/\/experienciadevida.com.ar\/portalurbano\/en-olavarria-pidieron-por-el-salario-universal\/\"]}]},{\"@type\":\"BreadcrumbList\",\"@id\":\"https:\/\/experienciadevida.com.ar\/portalurbano\/en-olavarria-pidieron-por-el-salario-universal\/#breadcrumb\",\"itemListElement\":[{\"@type\":\"ListItem\",\"position\":1,\"name\":\"Portada\",\"item\":\"https:\/\/experienciadevida.com.ar\/portalurbano\/\"},{\"@type\":\"ListItem\",\"position\":2,\"name\":\"En Olavarr\u00eda pidieron por el salario universal\"}]},{\"@type\":\"WebSite\",\"@id\":\"https:\/\/experienciadevida.com.ar\/portalurbano\/#website\",\"url\":\"https:\/\/experienciadevida.com.ar\/portalurbano\/\",\"name\":\"\",\"description\":\"\",\"publisher\":{\"@id\":\"https:\/\/experienciadevida.com.ar\/portalurbano\/#organization\"},\"potentialAction\":[{\"@type\":\"SearchAction\",\"target\":{\"@type\":\"EntryPoint\",\"urlTemplate\":\"https:\/\/experienciadevida.com.ar\/portalurbano\/?s={search_term_string}\"},\"query-input\":\"required name=search_term_string\"}],\"inLanguage\":\"es\"},{\"@type\":\"Organization\",\"@id\":\"https:\/\/experienciadevida.com.ar\/portalurbano\/#organization\",\"name\":\"Portal Urbano\",\"url\":\"https:\/\/experienciadevida.com.ar\/portalurbano\/\",\"logo\":{\"@type\":\"ImageObject\",\"inLanguage\":\"es\",\"@id\":\"https:\/\/experienciadevida.com.ar\/portalurbano\/#\/schema\/logo\/image\/\",\"url\":\"https:\/\/experienciadevida.com.ar\/portalurbano\/wp-content\/uploads\/2019\/09\/Logo-Original.png\",\"contentUrl\":\"https:\/\/experienciadevida.com.ar\/portalurbano\/wp-content\/uploads\/2019\/09\/Logo-Original.png\",\"width\":2236,\"height\":1216,\"caption\":\"Portal Urbano\"},\"image\":{\"@id\":\"https:\/\/experienciadevida.com.ar\/portalurbano\/#\/schema\/logo\/image\/\"},\"sameAs\":[\"https:\/\/www.facebook.com\/Portal-Urbano-171542830093757\/\",\"https:\/\/twitter.com\/portalurbanook\",\"https:\/\/www.instagram.com\/_portalurbano\/\",\"https:\/\/www.youtube.com\/channel\/UCXhagIfszH8KxFiOok79zbA?view_as=subscriber\"]},{\"@type\":\"Person\",\"@id\":\"https:\/\/experienciadevida.com.ar\/portalurbano\/#\/schema\/person\/02dd326b1c4b056e9cc972486934a3a7\",\"name\":\"admpu17wp\",\"image\":{\"@type\":\"ImageObject\",\"inLanguage\":\"es\",\"@id\":\"https:\/\/experienciadevida.com.ar\/portalurbano\/#\/schema\/person\/image\/\",\"url\":\"https:\/\/secure.gravatar.com\/avatar\/830d4c57adaae6630765e449a6908047?s=96&d=mm&r=g\",\"contentUrl\":\"https:\/\/secure.gravatar.com\/avatar\/830d4c57adaae6630765e449a6908047?s=96&d=mm&r=g\",\"caption\":\"admpu17wp\"}}]}<\/script>\n<!-- \/ Yoast SEO plugin. -->","yoast_head_json":{"title":"En Olavarr\u00eda pidieron por el salario Universal","description":"En Olavarr\u00eda pidieron por el salario universal, al igual que en diferentes puntos del pa\u00eds la concentraci\u00f3n en nuestra ciudad","robots":{"index":"index","follow":"follow","max-snippet":"max-snippet:-1","max-image-preview":"max-image-preview:large","max-video-preview":"max-video-preview:-1"},"canonical":"https:\/\/experienciadevida.com.ar\/portalurbano\/en-olavarria-pidieron-por-el-salario-universal\/","og_locale":"es_ES","og_type":"article","og_title":"En Olavarr\u00eda pidieron por el salario Universal","og_description":"En Olavarr\u00eda pidieron por el salario universal, al igual que en diferentes puntos del pa\u00eds la concentraci\u00f3n en nuestra ciudad","og_url":"https:\/\/experienciadevida.com.ar\/portalurbano\/en-olavarria-pidieron-por-el-salario-universal\/","article_publisher":"https:\/\/www.facebook.com\/Portal-Urbano-171542830093757\/","article_published_time":"2022-07-20T18:21:28+00:00","article_modified_time":"2022-07-20T18:36:08+00:00","og_image":[{"width":1600,"height":720,"url":"https:\/\/experienciadevida.com.ar\/portalurbano\/wp-content\/uploads\/2022\/07\/En-Olavarria-pidieron-por.jpg","type":"image\/jpeg"}],"author":"admpu17wp","twitter_card":"summary_large_image","twitter_creator":"@portalurbanook","twitter_site":"@portalurbanook","twitter_misc":{"Escrito por":"admpu17wp","Tiempo de lectura":"3 minutos"},"schema":{"@context":"https:\/\/schema.org","@graph":[{"@type":"Article","@id":"https:\/\/experienciadevida.com.ar\/portalurbano\/en-olavarria-pidieron-por-el-salario-universal\/#article","isPartOf":{"@id":"https:\/\/experienciadevida.com.ar\/portalurbano\/en-olavarria-pidieron-por-el-salario-universal\/"},"author":{"name":"admpu17wp","@id":"https:\/\/experienciadevida.com.ar\/portalurbano\/#\/schema\/person\/02dd326b1c4b056e9cc972486934a3a7"},"headline":"En Olavarr\u00eda pidieron por el salario universal","datePublished":"2022-07-20T18:21:28+00:00","dateModified":"2022-07-20T18:36:08+00:00","mainEntityOfPage":{"@id":"https:\/\/experienciadevida.com.ar\/portalurbano\/en-olavarria-pidieron-por-el-salario-universal\/"},"wordCount":370,"publisher":{"@id":"https:\/\/experienciadevida.com.ar\/portalurbano\/#organization"},"articleSection":["Ciudad","Destacadas 2"],"inLanguage":"es"},{"@type":"WebPage","@id":"https:\/\/experienciadevida.com.ar\/portalurbano\/en-olavarria-pidieron-por-el-salario-universal\/","url":"https:\/\/experienciadevida.com.ar\/portalurbano\/en-olavarria-pidieron-por-el-salario-universal\/","name":"En Olavarr\u00eda pidieron por el salario Universal","isPartOf":{"@id":"https:\/\/experienciadevida.com.ar\/portalurbano\/#website"},"datePublished":"2022-07-20T18:21:28+00:00","dateModified":"2022-07-20T18:36:08+00:00","description":"En Olavarr\u00eda pidieron por el salario universal, al igual que en diferentes puntos del pa\u00eds la concentraci\u00f3n en nuestra ciudad","breadcrumb":{"@id":"https:\/\/experienciadevida.com.ar\/portalurbano\/en-olavarria-pidieron-por-el-salario-universal\/#breadcrumb"},"inLanguage":"es","potentialAction":[{"@type":"ReadAction","target":["https:\/\/experienciadevida.com.ar\/portalurbano\/en-olavarria-pidieron-por-el-salario-universal\/"]}]},{"@type":"BreadcrumbList","@id":"https:\/\/experienciadevida.com.ar\/portalurbano\/en-olavarria-pidieron-por-el-salario-universal\/#breadcrumb","itemListElement":[{"@type":"ListItem","position":1,"name":"Portada","item":"https:\/\/experienciadevida.com.ar\/portalurbano\/"},{"@type":"ListItem","position":2,"name":"En Olavarr\u00eda pidieron por el salario universal"}]},{"@type":"WebSite","@id":"https:\/\/experienciadevida.com.ar\/portalurbano\/#website","url":"https:\/\/experienciadevida.com.ar\/portalurbano\/","name":"","description":"","publisher":{"@id":"https:\/\/experienciadevida.com.ar\/portalurbano\/#organization"},"potentialAction":[{"@type":"SearchAction","target":{"@type":"EntryPoint","urlTemplate":"https:\/\/experienciadevida.com.ar\/portalurbano\/?s={search_term_string}"},"query-input":"required name=search_term_string"}],"inLanguage":"es"},{"@type":"Organization","@id":"https:\/\/experienciadevida.com.ar\/portalurbano\/#organization","name":"Portal Urbano","url":"https:\/\/experienciadevida.com.ar\/portalurbano\/","logo":{"@type":"ImageObject","inLanguage":"es","@id":"https:\/\/experienciadevida.com.ar\/portalurbano\/#\/schema\/logo\/image\/","url":"https:\/\/experienciadevida.com.ar\/portalurbano\/wp-content\/uploads\/2019\/09\/Logo-Original.png","contentUrl":"https:\/\/experienciadevida.com.ar\/portalurbano\/wp-content\/uploads\/2019\/09\/Logo-Original.png","width":2236,"height":1216,"caption":"Portal Urbano"},"image":{"@id":"https:\/\/experienciadevida.com.ar\/portalurbano\/#\/schema\/logo\/image\/"},"sameAs":["https:\/\/www.facebook.com\/Portal-Urbano-171542830093757\/","https:\/\/twitter.com\/portalurbanook","https:\/\/www.instagram.com\/_portalurbano\/","https:\/\/www.youtube.com\/channel\/UCXhagIfszH8KxFiOok79zbA?view_as=subscriber"]},{"@type":"Person","@id":"https:\/\/experienciadevida.com.ar\/portalurbano\/#\/schema\/person\/02dd326b1c4b056e9cc972486934a3a7","name":"admpu17wp","image":{"@type":"ImageObject","inLanguage":"es","@id":"https:\/\/experienciadevida.com.ar\/portalurbano\/#\/schema\/person\/image\/","url":"https:\/\/secure.gravatar.com\/avatar\/830d4c57adaae6630765e449a6908047?s=96&d=mm&r=g","contentUrl":"https:\/\/secure.gravatar.com\/avatar\/830d4c57adaae6630765e449a6908047?s=96&d=mm&r=g","caption":"admpu17wp"}}]}},"featured_image_urls":{"full":["https:\/\/experienciadevida.com.ar\/portalurbano\/wp-content\/uploads\/2022\/07\/En-Olavarria-pidieron-por.jpg",1600,720,false],"thumbnail":["https:\/\/experienciadevida.com.ar\/portalurbano\/wp-content\/uploads\/2022\/07\/En-Olavarria-pidieron-por-150x150.jpg",150,150,true],"medium":["https:\/\/experienciadevida.com.ar\/portalurbano\/wp-content\/uploads\/2022\/07\/En-Olavarria-pidieron-por-300x135.jpg",300,135,true],"medium_large":["https:\/\/experienciadevida.com.ar\/portalurbano\/wp-content\/uploads\/2022\/07\/En-Olavarria-pidieron-por-768x346.jpg",640,288,true],"large":["https:\/\/experienciadevida.com.ar\/portalurbano\/wp-content\/uploads\/2022\/07\/En-Olavarria-pidieron-por-1024x461.jpg",640,288,true],"ug_big":["https:\/\/experienciadevida.com.ar\/portalurbano\/wp-content\/uploads\/2022\/07\/En-Olavarria-pidieron-por-768x346.jpg",768,346,true],"1536x1536":["https:\/\/experienciadevida.com.ar\/portalurbano\/wp-content\/uploads\/2022\/07\/En-Olavarria-pidieron-por-1536x691.jpg",1536,691,true],"2048x2048":["https:\/\/experienciadevida.com.ar\/portalurbano\/wp-content\/uploads\/2022\/07\/En-Olavarria-pidieron-por.jpg",1600,720,false],"newsever-slider-full":["https:\/\/experienciadevida.com.ar\/portalurbano\/wp-content\/uploads\/2022\/07\/En-Olavarria-pidieron-por.jpg",1280,576,false],"newsever-featured":["https:\/\/experienciadevida.com.ar\/portalurbano\/wp-content\/uploads\/2022\/07\/En-Olavarria-pidieron-por.jpg",1024,461,false],"newsever-medium":["https:\/\/experienciadevida.com.ar\/portalurbano\/wp-content\/uploads\/2022\/07\/En-Olavarria-pidieron-por.jpg",720,324,false],"web-stories-poster-portrait":["https:\/\/experienciadevida.com.ar\/portalurbano\/wp-content\/uploads\/2022\/07\/En-Olavarria-pidieron-por-640x720.jpg",640,720,true],"web-stories-publisher-logo":["https:\/\/experienciadevida.com.ar\/portalurbano\/wp-content\/uploads\/2022\/07\/En-Olavarria-pidieron-por-96x96.jpg",96,96,true],"web-stories-thumbnail":["https:\/\/experienciadevida.com.ar\/portalurbano\/wp-content\/uploads\/2022\/07\/En-Olavarria-pidieron-por-150x68.jpg",150,68,true]},"author_info":{"display_name":"admpu17wp","author_link":"https:\/\/experienciadevida.com.ar\/portalurbano\/author\/admpu17wp\/"},"category_info":"<a href=\"https:\/\/experienciadevida.com.ar\/portalurbano\/category\/ciudad\/\" rel=\"category tag\">Ciudad<\/a> <a href=\"https:\/\/experienciadevida.com.ar\/portalurbano\/category\/destacadas-2\/\" rel=\"category tag\">Destacadas 2<\/a>","tag_info":"Destacadas 2","comment_count":"0","amp_enabled":true,"_links":{"self":[{"href":"https:\/\/experienciadevida.com.ar\/portalurbano\/wp-json\/wp\/v2\/posts\/171795"}],"collection":[{"href":"https:\/\/experienciadevida.com.ar\/portalurbano\/wp-json\/wp\/v2\/posts"}],"about":[{"href":"https:\/\/experienciadevida.com.ar\/portalurbano\/wp-json\/wp\/v2\/types\/post"}],"author":[{"embeddable":true,"href":"https:\/\/experienciadevida.com.ar\/portalurbano\/wp-json\/wp\/v2\/users\/1"}],"replies":[{"embeddable":true,"href":"https:\/\/experienciadevida.com.ar\/portalurbano\/wp-json\/wp\/v2\/comments?post=171795"}],"version-history":[{"count":4,"href":"https:\/\/experienciadevida.com.ar\/portalurbano\/wp-json\/wp\/v2\/posts\/171795\/revisions"}],"predecessor-version":[{"id":171807,"href":"https:\/\/experienciadevida.com.ar\/portalurbano\/wp-json\/wp\/v2\/posts\/171795\/revisions\/171807"}],"wp:featuredmedia":[{"embeddable":true,"href":"https:\/\/experienciadevida.com.ar\/portalurbano\/wp-json\/wp\/v2\/media\/171796"}],"wp:attachment":[{"href":"https:\/\/experienciadevida.com.ar\/portalurbano\/wp-json\/wp\/v2\/media?parent=171795"}],"wp:term":[{"taxonomy":"category","embeddable":true,"href":"https:\/\/experienciadevida.com.ar\/portalurbano\/wp-json\/wp\/v2\/categories?post=171795"},{"taxonomy":"post_tag","embeddable":true,"href":"https:\/\/experienciadevida.com.ar\/portalurbano\/wp-json\/wp\/v2\/tags?post=171795"}],"curies":[{"name":"wp","href":"https:\/\/api.w.org\/{rel}","templated":true}]}}