{"id":171782,"date":"2022-07-20T09:25:40","date_gmt":"2022-07-20T12:25:40","guid":{"rendered":"https:\/\/experienciadevida.com.ar\/portalurbano\/?p=171782"},"modified":"2022-07-20T09:26:15","modified_gmt":"2022-07-20T12:26:15","slug":"coopelectric-visito-el-centro-de-jubilados-los-amigos-de-sierras-bayas","status":"publish","type":"post","link":"https:\/\/experienciadevida.com.ar\/portalurbano\/coopelectric-visito-el-centro-de-jubilados-los-amigos-de-sierras-bayas\/","title":{"rendered":"Coopelectric visit\u00f3 el centro de jubilados &#8220;los amigos&#8221; de Sierras Bayas"},"content":{"rendered":"<p>Coopelectric visit\u00f3 el centro de jubilados &#8220;los amigos&#8221; de Sierras Bayas, los integrantes del Consejo de Administraci\u00f3n y personal t\u00e9cnico de Coopelectric visitaron el Centro de Jubilados \u201cLos Amigos\u201d en Sierras Bayas.<br \/>\nEstuvieron presentes el tesorero del Consejo de Administraci\u00f3n Carlos D\u00edaz, el S\u00edndico Horacio Balbiani, los Delegados Omar Jouanny y Ricardo Vazquez, el gerente de Distribuci\u00f3n del Servicio El\u00e9ctrico Claudio N\u00e1poli, la<br \/>\npresidenta del Centro de Jubilados Delia Bertelli y dem\u00e1s miembros de su Comisi\u00f3n Directiva.<\/p>\n<p>Carlos D\u00edaz fue el encargado de iniciar el encuentro \u201cnos interesa escuchar las consultas o problem\u00e1ticas que tengan, esa es nuestra funci\u00f3n como entidad social. Los dirigentes somos personas de Olavarr\u00eda, y estamos al servicio de la comunidad\u201d.<\/p>\n<p>Entre los temas abordados, se destac\u00f3 la operaci\u00f3n y el mantenimiento del Alumbrado P\u00fablico, la conformaci\u00f3n del parque lum\u00ednico del Partido y de la localidad de Sierras Bayas en particular. En tal sentido, se explic\u00f3 que la<br \/>\nexpansi\u00f3n del sistema de alumbrado es planificada por el Municipio, se respondieron preguntas acerca de la tecnolog\u00eda LED y se registraron consultas particulares.<\/p>\n<p>El funcionamiento del Servicio El\u00e9ctrico en la zona de Villa Arrieta fue otro de los temas salientes, por lo que el Ing. Claudio N\u00e1poli inform\u00f3 que \u201cse est\u00e1n llevando a cabo trabajos para tener la posibilidad de reconfigurar la l\u00ednea y que el barrio cuente con alternativas de alimentaci\u00f3n por otra red en caso de producirse alguna falla en el alimentador principal\u201d. Y a continuaci\u00f3n agreg\u00f3, \u201cesto nos permitir\u00e1 minimizar los tiempos de interrupci\u00f3n del servicio ante una falla\u201d.<\/p>\n<p>Tambi\u00e9n se recibieron consultas respecto del r\u00e9gimen de segmentaci\u00f3n de subsidios a usuarios residenciales de los servicios p\u00fablicos de energ\u00eda el\u00e9ctrica y gas natural. \u201cSi bien a\u00fan no hemos recibido instrucciones sobre su implementaci\u00f3n por parte de la autoridad regulatoria provincial, la recomendaci\u00f3n que hacemos a los usuarios es que completen el formulario que se encuentra publicado en el sitio web &lt;http:\/\/www.argentina.gob.ar\/subsidios&gt; www.argentina.gob.ar\/subsidios\u201d exclam\u00f3 Carlos D\u00edaz. Para ello los usuarios deber\u00e1n utilizar los n\u00fameros de<br \/>\nsuministro y medidor que figuran en el frente de las facturas.<\/p>\n<p>Tras la reuni\u00f3n, el tesorero de Coopelectric Carlos D\u00edaz sostuvo \u201cfue una reuni\u00f3n muy c\u00e1lida que nos permiti\u00f3 conocer las inquietudes de los vecinos, brindar informaci\u00f3n y tomar nota de demandas puntuales. Valoramos este tipo de encuentros y estamos a disposici\u00f3n de los vecinos para lo que necesiten.<\/p>\n<p><a href=\"https:\/\/experienciadevida.com.ar\/portalurbano\/coopelectric-visito-el-centro-de-jubilados-los-amigos-de-sierras-bayas\/coopelectric-visito\/\" rel=\"attachment wp-att-171784\"><img decoding=\"async\" class=\"alignnone size-large wp-image-171784\" src=\"https:\/\/experienciadevida.com.ar\/portalurbano\/wp-content\/uploads\/2022\/07\/Coopelectric-visito-1024x768.jpeg\" alt=\"Coopelectric visit\u00f3 \" width=\"900\" height=\"675\" srcset=\"https:\/\/experienciadevida.com.ar\/portalurbano\/wp-content\/uploads\/2022\/07\/Coopelectric-visito-1024x768.jpeg 1024w, https:\/\/experienciadevida.com.ar\/portalurbano\/wp-content\/uploads\/2022\/07\/Coopelectric-visito-300x225.jpeg 300w, https:\/\/experienciadevida.com.ar\/portalurbano\/wp-content\/uploads\/2022\/07\/Coopelectric-visito-768x576.jpeg 768w, https:\/\/experienciadevida.com.ar\/portalurbano\/wp-content\/uploads\/2022\/07\/Coopelectric-visito-150x113.jpeg 150w, https:\/\/experienciadevida.com.ar\/portalurbano\/wp-content\/uploads\/2022\/07\/Coopelectric-visito.jpeg 1280w\" sizes=\"(max-width: 900px) 100vw, 900px\" \/><\/a><\/p>\n","protected":false},"excerpt":{"rendered":"<p>Coopelectric visit\u00f3 el centro de jubilados &#8220;los amigos&#8221; de Sierras Bayas, los integrantes del Consejo&#8230;<\/p>\n","protected":false},"author":1,"featured_media":171783,"comment_status":"closed","ping_status":"closed","sticky":false,"template":"","format":"standard","meta":{"content-type":""},"categories":[27],"tags":[],"nelio_content":{"isAutoShareEnabled":false,"autoShareEndMode":"default","automationSources":{"useContentSentences":true,"useSocialTemplates":true,"useCustomSentences":false,"customSentences":[]},"followers":[1],"suggestedReferences":[],"includedReferences":[],"efiUrl":"","efiAlt":"","highlights":[]},"yoast_head":"<!-- This site is optimized with the Yoast SEO plugin v20.7 - https:\/\/yoast.com\/wordpress\/plugins\/seo\/ -->\n<title>Coopelectric visit\u00f3 el centro de jubilados &quot;los amigos&quot; de S.Bayas<\/title>\n<meta name=\"description\" content=\"Coopelectric visit\u00f3 el centro de jubilados &quot;los amigos&quot; de Sierras Bayas, los integrantes del Consejo de Administraci\u00f3n y personal t\u00e9cnico\" \/>\n<meta name=\"robots\" content=\"index, follow, max-snippet:-1, max-image-preview:large, max-video-preview:-1\" \/>\n<link rel=\"canonical\" href=\"https:\/\/experienciadevida.com.ar\/portalurbano\/coopelectric-visito-el-centro-de-jubilados-los-amigos-de-sierras-bayas\/\" \/>\n<meta property=\"og:locale\" content=\"es_ES\" \/>\n<meta property=\"og:type\" content=\"article\" \/>\n<meta property=\"og:title\" content=\"Coopelectric visit\u00f3 el centro de jubilados &quot;los amigos&quot; de S.Bayas\" \/>\n<meta property=\"og:description\" content=\"Coopelectric visit\u00f3 el centro de jubilados &quot;los amigos&quot; de Sierras Bayas, los integrantes del Consejo de Administraci\u00f3n y personal t\u00e9cnico\" \/>\n<meta property=\"og:url\" content=\"https:\/\/experienciadevida.com.ar\/portalurbano\/coopelectric-visito-el-centro-de-jubilados-los-amigos-de-sierras-bayas\/\" \/>\n<meta property=\"article:publisher\" content=\"https:\/\/www.facebook.com\/Portal-Urbano-171542830093757\/\" \/>\n<meta property=\"article:published_time\" content=\"2022-07-20T12:25:40+00:00\" \/>\n<meta property=\"article:modified_time\" content=\"2022-07-20T12:26:15+00:00\" \/>\n<meta property=\"og:image\" content=\"https:\/\/experienciadevida.com.ar\/portalurbano\/wp-content\/uploads\/2022\/07\/Coopelectric-visito-el-centro.jpeg\" \/>\n\t<meta property=\"og:image:width\" content=\"1280\" \/>\n\t<meta property=\"og:image:height\" content=\"960\" \/>\n\t<meta property=\"og:image:type\" content=\"image\/jpeg\" \/>\n<meta name=\"author\" content=\"admpu17wp\" \/>\n<meta name=\"twitter:card\" content=\"summary_large_image\" \/>\n<meta name=\"twitter:creator\" content=\"@portalurbanook\" \/>\n<meta name=\"twitter:site\" content=\"@portalurbanook\" \/>\n<meta name=\"twitter:label1\" content=\"Escrito por\" \/>\n\t<meta name=\"twitter:data1\" content=\"admpu17wp\" \/>\n\t<meta name=\"twitter:label2\" content=\"Tiempo de lectura\" \/>\n\t<meta name=\"twitter:data2\" content=\"2 minutos\" \/>\n<script type=\"application\/ld+json\" class=\"yoast-schema-graph\">{\"@context\":\"https:\/\/schema.org\",\"@graph\":[{\"@type\":\"Article\",\"@id\":\"https:\/\/experienciadevida.com.ar\/portalurbano\/coopelectric-visito-el-centro-de-jubilados-los-amigos-de-sierras-bayas\/#article\",\"isPartOf\":{\"@id\":\"https:\/\/experienciadevida.com.ar\/portalurbano\/coopelectric-visito-el-centro-de-jubilados-los-amigos-de-sierras-bayas\/\"},\"author\":{\"name\":\"admpu17wp\",\"@id\":\"https:\/\/experienciadevida.com.ar\/portalurbano\/#\/schema\/person\/02dd326b1c4b056e9cc972486934a3a7\"},\"headline\":\"Coopelectric visit\u00f3 el centro de jubilados &#8220;los amigos&#8221; de Sierras Bayas\",\"datePublished\":\"2022-07-20T12:25:40+00:00\",\"dateModified\":\"2022-07-20T12:26:15+00:00\",\"mainEntityOfPage\":{\"@id\":\"https:\/\/experienciadevida.com.ar\/portalurbano\/coopelectric-visito-el-centro-de-jubilados-los-amigos-de-sierras-bayas\/\"},\"wordCount\":455,\"publisher\":{\"@id\":\"https:\/\/experienciadevida.com.ar\/portalurbano\/#organization\"},\"articleSection\":[\"Ciudad\"],\"inLanguage\":\"es\"},{\"@type\":\"WebPage\",\"@id\":\"https:\/\/experienciadevida.com.ar\/portalurbano\/coopelectric-visito-el-centro-de-jubilados-los-amigos-de-sierras-bayas\/\",\"url\":\"https:\/\/experienciadevida.com.ar\/portalurbano\/coopelectric-visito-el-centro-de-jubilados-los-amigos-de-sierras-bayas\/\",\"name\":\"Coopelectric visit\u00f3 el centro de jubilados \\\"los amigos\\\" de S.Bayas\",\"isPartOf\":{\"@id\":\"https:\/\/experienciadevida.com.ar\/portalurbano\/#website\"},\"datePublished\":\"2022-07-20T12:25:40+00:00\",\"dateModified\":\"2022-07-20T12:26:15+00:00\",\"description\":\"Coopelectric visit\u00f3 el centro de jubilados \\\"los amigos\\\" de Sierras Bayas, los integrantes del Consejo de Administraci\u00f3n y personal t\u00e9cnico\",\"breadcrumb\":{\"@id\":\"https:\/\/experienciadevida.com.ar\/portalurbano\/coopelectric-visito-el-centro-de-jubilados-los-amigos-de-sierras-bayas\/#breadcrumb\"},\"inLanguage\":\"es\",\"potentialAction\":[{\"@type\":\"ReadAction\",\"target\":[\"https:\/\/experienciadevida.com.ar\/portalurbano\/coopelectric-visito-el-centro-de-jubilados-los-amigos-de-sierras-bayas\/\"]}]},{\"@type\":\"BreadcrumbList\",\"@id\":\"https:\/\/experienciadevida.com.ar\/portalurbano\/coopelectric-visito-el-centro-de-jubilados-los-amigos-de-sierras-bayas\/#breadcrumb\",\"itemListElement\":[{\"@type\":\"ListItem\",\"position\":1,\"name\":\"Portada\",\"item\":\"https:\/\/experienciadevida.com.ar\/portalurbano\/\"},{\"@type\":\"ListItem\",\"position\":2,\"name\":\"Coopelectric visit\u00f3 el centro de jubilados \u00ablos amigos\u00bb de Sierras Bayas\"}]},{\"@type\":\"WebSite\",\"@id\":\"https:\/\/experienciadevida.com.ar\/portalurbano\/#website\",\"url\":\"https:\/\/experienciadevida.com.ar\/portalurbano\/\",\"name\":\"\",\"description\":\"\",\"publisher\":{\"@id\":\"https:\/\/experienciadevida.com.ar\/portalurbano\/#organization\"},\"potentialAction\":[{\"@type\":\"SearchAction\",\"target\":{\"@type\":\"EntryPoint\",\"urlTemplate\":\"https:\/\/experienciadevida.com.ar\/portalurbano\/?s={search_term_string}\"},\"query-input\":\"required name=search_term_string\"}],\"inLanguage\":\"es\"},{\"@type\":\"Organization\",\"@id\":\"https:\/\/experienciadevida.com.ar\/portalurbano\/#organization\",\"name\":\"Portal Urbano\",\"url\":\"https:\/\/experienciadevida.com.ar\/portalurbano\/\",\"logo\":{\"@type\":\"ImageObject\",\"inLanguage\":\"es\",\"@id\":\"https:\/\/experienciadevida.com.ar\/portalurbano\/#\/schema\/logo\/image\/\",\"url\":\"https:\/\/experienciadevida.com.ar\/portalurbano\/wp-content\/uploads\/2019\/09\/Logo-Original.png\",\"contentUrl\":\"https:\/\/experienciadevida.com.ar\/portalurbano\/wp-content\/uploads\/2019\/09\/Logo-Original.png\",\"width\":2236,\"height\":1216,\"caption\":\"Portal Urbano\"},\"image\":{\"@id\":\"https:\/\/experienciadevida.com.ar\/portalurbano\/#\/schema\/logo\/image\/\"},\"sameAs\":[\"https:\/\/www.facebook.com\/Portal-Urbano-171542830093757\/\",\"https:\/\/twitter.com\/portalurbanook\",\"https:\/\/www.instagram.com\/_portalurbano\/\",\"https:\/\/www.youtube.com\/channel\/UCXhagIfszH8KxFiOok79zbA?view_as=subscriber\"]},{\"@type\":\"Person\",\"@id\":\"https:\/\/experienciadevida.com.ar\/portalurbano\/#\/schema\/person\/02dd326b1c4b056e9cc972486934a3a7\",\"name\":\"admpu17wp\",\"image\":{\"@type\":\"ImageObject\",\"inLanguage\":\"es\",\"@id\":\"https:\/\/experienciadevida.com.ar\/portalurbano\/#\/schema\/person\/image\/\",\"url\":\"https:\/\/secure.gravatar.com\/avatar\/830d4c57adaae6630765e449a6908047?s=96&d=mm&r=g\",\"contentUrl\":\"https:\/\/secure.gravatar.com\/avatar\/830d4c57adaae6630765e449a6908047?s=96&d=mm&r=g\",\"caption\":\"admpu17wp\"}}]}<\/script>\n<!-- \/ Yoast SEO plugin. -->","yoast_head_json":{"title":"Coopelectric visit\u00f3 el centro de jubilados \"los amigos\" de S.Bayas","description":"Coopelectric visit\u00f3 el centro de jubilados \"los amigos\" de Sierras Bayas, los integrantes del Consejo de Administraci\u00f3n y personal t\u00e9cnico","robots":{"index":"index","follow":"follow","max-snippet":"max-snippet:-1","max-image-preview":"max-image-preview:large","max-video-preview":"max-video-preview:-1"},"canonical":"https:\/\/experienciadevida.com.ar\/portalurbano\/coopelectric-visito-el-centro-de-jubilados-los-amigos-de-sierras-bayas\/","og_locale":"es_ES","og_type":"article","og_title":"Coopelectric visit\u00f3 el centro de jubilados \"los amigos\" de S.Bayas","og_description":"Coopelectric visit\u00f3 el centro de jubilados \"los amigos\" de Sierras Bayas, los integrantes del Consejo de Administraci\u00f3n y personal t\u00e9cnico","og_url":"https:\/\/experienciadevida.com.ar\/portalurbano\/coopelectric-visito-el-centro-de-jubilados-los-amigos-de-sierras-bayas\/","article_publisher":"https:\/\/www.facebook.com\/Portal-Urbano-171542830093757\/","article_published_time":"2022-07-20T12:25:40+00:00","article_modified_time":"2022-07-20T12:26:15+00:00","og_image":[{"width":1280,"height":960,"url":"https:\/\/experienciadevida.com.ar\/portalurbano\/wp-content\/uploads\/2022\/07\/Coopelectric-visito-el-centro.jpeg","type":"image\/jpeg"}],"author":"admpu17wp","twitter_card":"summary_large_image","twitter_creator":"@portalurbanook","twitter_site":"@portalurbanook","twitter_misc":{"Escrito por":"admpu17wp","Tiempo de lectura":"2 minutos"},"schema":{"@context":"https:\/\/schema.org","@graph":[{"@type":"Article","@id":"https:\/\/experienciadevida.com.ar\/portalurbano\/coopelectric-visito-el-centro-de-jubilados-los-amigos-de-sierras-bayas\/#article","isPartOf":{"@id":"https:\/\/experienciadevida.com.ar\/portalurbano\/coopelectric-visito-el-centro-de-jubilados-los-amigos-de-sierras-bayas\/"},"author":{"name":"admpu17wp","@id":"https:\/\/experienciadevida.com.ar\/portalurbano\/#\/schema\/person\/02dd326b1c4b056e9cc972486934a3a7"},"headline":"Coopelectric visit\u00f3 el centro de jubilados &#8220;los amigos&#8221; de Sierras Bayas","datePublished":"2022-07-20T12:25:40+00:00","dateModified":"2022-07-20T12:26:15+00:00","mainEntityOfPage":{"@id":"https:\/\/experienciadevida.com.ar\/portalurbano\/coopelectric-visito-el-centro-de-jubilados-los-amigos-de-sierras-bayas\/"},"wordCount":455,"publisher":{"@id":"https:\/\/experienciadevida.com.ar\/portalurbano\/#organization"},"articleSection":["Ciudad"],"inLanguage":"es"},{"@type":"WebPage","@id":"https:\/\/experienciadevida.com.ar\/portalurbano\/coopelectric-visito-el-centro-de-jubilados-los-amigos-de-sierras-bayas\/","url":"https:\/\/experienciadevida.com.ar\/portalurbano\/coopelectric-visito-el-centro-de-jubilados-los-amigos-de-sierras-bayas\/","name":"Coopelectric visit\u00f3 el centro de jubilados \"los amigos\" de S.Bayas","isPartOf":{"@id":"https:\/\/experienciadevida.com.ar\/portalurbano\/#website"},"datePublished":"2022-07-20T12:25:40+00:00","dateModified":"2022-07-20T12:26:15+00:00","description":"Coopelectric visit\u00f3 el centro de jubilados \"los amigos\" de Sierras Bayas, los integrantes del Consejo de Administraci\u00f3n y personal t\u00e9cnico","breadcrumb":{"@id":"https:\/\/experienciadevida.com.ar\/portalurbano\/coopelectric-visito-el-centro-de-jubilados-los-amigos-de-sierras-bayas\/#breadcrumb"},"inLanguage":"es","potentialAction":[{"@type":"ReadAction","target":["https:\/\/experienciadevida.com.ar\/portalurbano\/coopelectric-visito-el-centro-de-jubilados-los-amigos-de-sierras-bayas\/"]}]},{"@type":"BreadcrumbList","@id":"https:\/\/experienciadevida.com.ar\/portalurbano\/coopelectric-visito-el-centro-de-jubilados-los-amigos-de-sierras-bayas\/#breadcrumb","itemListElement":[{"@type":"ListItem","position":1,"name":"Portada","item":"https:\/\/experienciadevida.com.ar\/portalurbano\/"},{"@type":"ListItem","position":2,"name":"Coopelectric visit\u00f3 el centro de jubilados \u00ablos amigos\u00bb de Sierras Bayas"}]},{"@type":"WebSite","@id":"https:\/\/experienciadevida.com.ar\/portalurbano\/#website","url":"https:\/\/experienciadevida.com.ar\/portalurbano\/","name":"","description":"","publisher":{"@id":"https:\/\/experienciadevida.com.ar\/portalurbano\/#organization"},"potentialAction":[{"@type":"SearchAction","target":{"@type":"EntryPoint","urlTemplate":"https:\/\/experienciadevida.com.ar\/portalurbano\/?s={search_term_string}"},"query-input":"required name=search_term_string"}],"inLanguage":"es"},{"@type":"Organization","@id":"https:\/\/experienciadevida.com.ar\/portalurbano\/#organization","name":"Portal Urbano","url":"https:\/\/experienciadevida.com.ar\/portalurbano\/","logo":{"@type":"ImageObject","inLanguage":"es","@id":"https:\/\/experienciadevida.com.ar\/portalurbano\/#\/schema\/logo\/image\/","url":"https:\/\/experienciadevida.com.ar\/portalurbano\/wp-content\/uploads\/2019\/09\/Logo-Original.png","contentUrl":"https:\/\/experienciadevida.com.ar\/portalurbano\/wp-content\/uploads\/2019\/09\/Logo-Original.png","width":2236,"height":1216,"caption":"Portal Urbano"},"image":{"@id":"https:\/\/experienciadevida.com.ar\/portalurbano\/#\/schema\/logo\/image\/"},"sameAs":["https:\/\/www.facebook.com\/Portal-Urbano-171542830093757\/","https:\/\/twitter.com\/portalurbanook","https:\/\/www.instagram.com\/_portalurbano\/","https:\/\/www.youtube.com\/channel\/UCXhagIfszH8KxFiOok79zbA?view_as=subscriber"]},{"@type":"Person","@id":"https:\/\/experienciadevida.com.ar\/portalurbano\/#\/schema\/person\/02dd326b1c4b056e9cc972486934a3a7","name":"admpu17wp","image":{"@type":"ImageObject","inLanguage":"es","@id":"https:\/\/experienciadevida.com.ar\/portalurbano\/#\/schema\/person\/image\/","url":"https:\/\/secure.gravatar.com\/avatar\/830d4c57adaae6630765e449a6908047?s=96&d=mm&r=g","contentUrl":"https:\/\/secure.gravatar.com\/avatar\/830d4c57adaae6630765e449a6908047?s=96&d=mm&r=g","caption":"admpu17wp"}}]}},"featured_image_urls":{"full":["https:\/\/experienciadevida.com.ar\/portalurbano\/wp-content\/uploads\/2022\/07\/Coopelectric-visito-el-centro.jpeg",1280,960,false],"thumbnail":["https:\/\/experienciadevida.com.ar\/portalurbano\/wp-content\/uploads\/2022\/07\/Coopelectric-visito-el-centro-150x150.jpeg",150,150,true],"medium":["https:\/\/experienciadevida.com.ar\/portalurbano\/wp-content\/uploads\/2022\/07\/Coopelectric-visito-el-centro-300x225.jpeg",300,225,true],"medium_large":["https:\/\/experienciadevida.com.ar\/portalurbano\/wp-content\/uploads\/2022\/07\/Coopelectric-visito-el-centro-768x576.jpeg",640,480,true],"large":["https:\/\/experienciadevida.com.ar\/portalurbano\/wp-content\/uploads\/2022\/07\/Coopelectric-visito-el-centro-1024x768.jpeg",640,480,true],"ug_big":["https:\/\/experienciadevida.com.ar\/portalurbano\/wp-content\/uploads\/2022\/07\/Coopelectric-visito-el-centro-768x576.jpeg",768,576,true],"1536x1536":["https:\/\/experienciadevida.com.ar\/portalurbano\/wp-content\/uploads\/2022\/07\/Coopelectric-visito-el-centro.jpeg",1280,960,false],"2048x2048":["https:\/\/experienciadevida.com.ar\/portalurbano\/wp-content\/uploads\/2022\/07\/Coopelectric-visito-el-centro.jpeg",1280,960,false],"newsever-slider-full":["https:\/\/experienciadevida.com.ar\/portalurbano\/wp-content\/uploads\/2022\/07\/Coopelectric-visito-el-centro.jpeg",1127,845,false],"newsever-featured":["https:\/\/experienciadevida.com.ar\/portalurbano\/wp-content\/uploads\/2022\/07\/Coopelectric-visito-el-centro.jpeg",1024,768,false],"newsever-medium":["https:\/\/experienciadevida.com.ar\/portalurbano\/wp-content\/uploads\/2022\/07\/Coopelectric-visito-el-centro.jpeg",633,475,false],"web-stories-poster-portrait":["https:\/\/experienciadevida.com.ar\/portalurbano\/wp-content\/uploads\/2022\/07\/Coopelectric-visito-el-centro-640x853.jpeg",640,853,true],"web-stories-publisher-logo":["https:\/\/experienciadevida.com.ar\/portalurbano\/wp-content\/uploads\/2022\/07\/Coopelectric-visito-el-centro-96x96.jpeg",96,96,true],"web-stories-thumbnail":["https:\/\/experienciadevida.com.ar\/portalurbano\/wp-content\/uploads\/2022\/07\/Coopelectric-visito-el-centro-150x113.jpeg",150,113,true]},"author_info":{"display_name":"admpu17wp","author_link":"https:\/\/experienciadevida.com.ar\/portalurbano\/author\/admpu17wp\/"},"category_info":"<a href=\"https:\/\/experienciadevida.com.ar\/portalurbano\/category\/ciudad\/\" rel=\"category tag\">Ciudad<\/a>","tag_info":"Ciudad","comment_count":"0","amp_enabled":true,"_links":{"self":[{"href":"https:\/\/experienciadevida.com.ar\/portalurbano\/wp-json\/wp\/v2\/posts\/171782"}],"collection":[{"href":"https:\/\/experienciadevida.com.ar\/portalurbano\/wp-json\/wp\/v2\/posts"}],"about":[{"href":"https:\/\/experienciadevida.com.ar\/portalurbano\/wp-json\/wp\/v2\/types\/post"}],"author":[{"embeddable":true,"href":"https:\/\/experienciadevida.com.ar\/portalurbano\/wp-json\/wp\/v2\/users\/1"}],"replies":[{"embeddable":true,"href":"https:\/\/experienciadevida.com.ar\/portalurbano\/wp-json\/wp\/v2\/comments?post=171782"}],"version-history":[{"count":2,"href":"https:\/\/experienciadevida.com.ar\/portalurbano\/wp-json\/wp\/v2\/posts\/171782\/revisions"}],"predecessor-version":[{"id":171786,"href":"https:\/\/experienciadevida.com.ar\/portalurbano\/wp-json\/wp\/v2\/posts\/171782\/revisions\/171786"}],"wp:featuredmedia":[{"embeddable":true,"href":"https:\/\/experienciadevida.com.ar\/portalurbano\/wp-json\/wp\/v2\/media\/171783"}],"wp:attachment":[{"href":"https:\/\/experienciadevida.com.ar\/portalurbano\/wp-json\/wp\/v2\/media?parent=171782"}],"wp:term":[{"taxonomy":"category","embeddable":true,"href":"https:\/\/experienciadevida.com.ar\/portalurbano\/wp-json\/wp\/v2\/categories?post=171782"},{"taxonomy":"post_tag","embeddable":true,"href":"https:\/\/experienciadevida.com.ar\/portalurbano\/wp-json\/wp\/v2\/tags?post=171782"}],"curies":[{"name":"wp","href":"https:\/\/api.w.org\/{rel}","templated":true}]}}