{"id":171763,"date":"2022-07-19T17:55:23","date_gmt":"2022-07-19T20:55:23","guid":{"rendered":"https:\/\/experienciadevida.com.ar\/portalurbano\/?p=171763"},"modified":"2022-07-19T17:57:11","modified_gmt":"2022-07-19T20:57:11","slug":"consumos-problematicos-el-municipio-visito-bolivar-para-asesorarse-sobre-dispositivos-de-abordaje","status":"publish","type":"post","link":"https:\/\/experienciadevida.com.ar\/portalurbano\/consumos-problematicos-el-municipio-visito-bolivar-para-asesorarse-sobre-dispositivos-de-abordaje\/","title":{"rendered":"Consumos problem\u00e1ticos: El Municipio visit\u00f3 Bol\u00edvar para asesorarse sobre dispositivos de abordaje"},"content":{"rendered":"<p>Consumos problem\u00e1ticos: El Municipio visit\u00f3 Bol\u00edvar para asesorarse sobre dispositivos de abordaje, d\u00edas pasados referentes de la Subsecretar\u00eda de Derechos, Igualdad y Oportunidades de la Municipalidad de Olavarr\u00eda viajaron a la ciudad de Bol\u00edvar para reunirse con integrantes de \u201cEl Gigante Azul\u201d, el dispositivo territorial comunitario que trabaja en materia de consumos problem\u00e1ticos.<\/p>\n<p>Este espacio cuenta con un equipo de trabajo interdisciplinario que articula directamente con la Secretar\u00eda de Pol\u00edticas Integrales sobre Drogas de la Naci\u00f3n Argentina (SEDRONAR), lo cual resulta estrat\u00e9gico en materia de gesti\u00f3n de recursos espec\u00edficos en la materia.<\/p>\n<p>Durante la reuni\u00f3n referentes de la Subsecretar\u00eda de Derechos, Igualdad y Oportunidades, Consumos Problem\u00e1ticos, Ni\u00f1eces y Adolescencias, y Servicio Local pudieron asesorarse sobre el funcionamiento de servicio y \u201cconocer el trabajo con las ni\u00f1eces y juventudes que se realiza desde ese dispositivo pensado como pol\u00edtica p\u00fablica para el abordaje de los consumos problem\u00e1ticos y, a la vez, compartir intervenciones, miradas y encuadres en materia de abordaje entre los Municipios\u201d, se\u00f1alaron.<\/p>\n<p>Como balance del encuentro, destacaron la posibilidad de pensar desde l\u00f3gicas de cuidado, acompa\u00f1amiento y encuentro con las juventudes de manera inclusiva. Al respecto se\u00f1alaron que es \u201cun desaf\u00edo enorme que nos interpela para seguir construyendo otras l\u00f3gicas superadoras en el marco de la sociedad de consumo en la que vivimos\u201d.<\/p>\n<p>Para ello, indicaron que \u201cel di\u00e1logo y la presencia en territorio\u00a8, son fundamentales a la hora de pensar acciones y estrategias de acompa\u00f1amiento de los y las j\u00f3venes, y que el encuadre de abordaje debe tener \u00a8una mirada integral que contemple qu\u00e9 sucede en las vidas de las juventudes y qu\u00e9 deseos y proyecciones tienen, y desde qu\u00e9 lugar podemos aportar de acuerdo con el rol que nos toque ocupar\u201d, concluyeron.<\/p>\n","protected":false},"excerpt":{"rendered":"<p>Consumos problem\u00e1ticos: El Municipio visit\u00f3 Bol\u00edvar para asesorarse sobre dispositivos de abordaje, d\u00edas pasados referentes&#8230;<\/p>\n","protected":false},"author":1,"featured_media":171764,"comment_status":"closed","ping_status":"closed","sticky":false,"template":"","format":"standard","meta":{"content-type":""},"categories":[27,64],"tags":[],"nelio_content":{"isAutoShareEnabled":false,"autoShareEndMode":"default","automationSources":{"useContentSentences":true,"useSocialTemplates":true,"useCustomSentences":false,"customSentences":[]},"followers":[1],"suggestedReferences":[],"includedReferences":[],"efiUrl":"","efiAlt":"","highlights":[]},"yoast_head":"<!-- This site is optimized with the Yoast SEO plugin v20.7 - https:\/\/yoast.com\/wordpress\/plugins\/seo\/ -->\n<title>Consumos problem\u00e1ticos: El Municipio visit\u00f3 Bol\u00edvar<\/title>\n<meta name=\"description\" content=\"Consumos problem\u00e1ticos: El Municipio visit\u00f3 Bol\u00edvar para asesorarse sobre dispositivos de abordaje, d\u00edas pasados referentes\" \/>\n<meta name=\"robots\" content=\"index, follow, max-snippet:-1, max-image-preview:large, max-video-preview:-1\" \/>\n<link rel=\"canonical\" href=\"https:\/\/experienciadevida.com.ar\/portalurbano\/consumos-problematicos-el-municipio-visito-bolivar-para-asesorarse-sobre-dispositivos-de-abordaje\/\" \/>\n<meta property=\"og:locale\" content=\"es_ES\" \/>\n<meta property=\"og:type\" content=\"article\" \/>\n<meta property=\"og:title\" content=\"Consumos problem\u00e1ticos: El Municipio visit\u00f3 Bol\u00edvar\" \/>\n<meta property=\"og:description\" content=\"Consumos problem\u00e1ticos: El Municipio visit\u00f3 Bol\u00edvar para asesorarse sobre dispositivos de abordaje, d\u00edas pasados referentes\" \/>\n<meta property=\"og:url\" content=\"https:\/\/experienciadevida.com.ar\/portalurbano\/consumos-problematicos-el-municipio-visito-bolivar-para-asesorarse-sobre-dispositivos-de-abordaje\/\" \/>\n<meta property=\"article:publisher\" content=\"https:\/\/www.facebook.com\/Portal-Urbano-171542830093757\/\" \/>\n<meta property=\"article:published_time\" content=\"2022-07-19T20:55:23+00:00\" \/>\n<meta property=\"article:modified_time\" content=\"2022-07-19T20:57:11+00:00\" \/>\n<meta property=\"og:image\" content=\"https:\/\/experienciadevida.com.ar\/portalurbano\/wp-content\/uploads\/2022\/07\/Consumos-problematicos.jpeg\" \/>\n\t<meta property=\"og:image:width\" content=\"1024\" \/>\n\t<meta property=\"og:image:height\" content=\"615\" \/>\n\t<meta property=\"og:image:type\" content=\"image\/jpeg\" \/>\n<meta name=\"author\" content=\"admpu17wp\" \/>\n<meta name=\"twitter:card\" content=\"summary_large_image\" \/>\n<meta name=\"twitter:creator\" content=\"@portalurbanook\" \/>\n<meta name=\"twitter:site\" content=\"@portalurbanook\" \/>\n<meta name=\"twitter:label1\" content=\"Escrito por\" \/>\n\t<meta name=\"twitter:data1\" content=\"admpu17wp\" \/>\n\t<meta name=\"twitter:label2\" content=\"Tiempo de lectura\" \/>\n\t<meta name=\"twitter:data2\" content=\"2 minutos\" \/>\n<script type=\"application\/ld+json\" class=\"yoast-schema-graph\">{\"@context\":\"https:\/\/schema.org\",\"@graph\":[{\"@type\":\"Article\",\"@id\":\"https:\/\/experienciadevida.com.ar\/portalurbano\/consumos-problematicos-el-municipio-visito-bolivar-para-asesorarse-sobre-dispositivos-de-abordaje\/#article\",\"isPartOf\":{\"@id\":\"https:\/\/experienciadevida.com.ar\/portalurbano\/consumos-problematicos-el-municipio-visito-bolivar-para-asesorarse-sobre-dispositivos-de-abordaje\/\"},\"author\":{\"name\":\"admpu17wp\",\"@id\":\"https:\/\/experienciadevida.com.ar\/portalurbano\/#\/schema\/person\/02dd326b1c4b056e9cc972486934a3a7\"},\"headline\":\"Consumos problem\u00e1ticos: El Municipio visit\u00f3 Bol\u00edvar para asesorarse sobre dispositivos de abordaje\",\"datePublished\":\"2022-07-19T20:55:23+00:00\",\"dateModified\":\"2022-07-19T20:57:11+00:00\",\"mainEntityOfPage\":{\"@id\":\"https:\/\/experienciadevida.com.ar\/portalurbano\/consumos-problematicos-el-municipio-visito-bolivar-para-asesorarse-sobre-dispositivos-de-abordaje\/\"},\"wordCount\":328,\"publisher\":{\"@id\":\"https:\/\/experienciadevida.com.ar\/portalurbano\/#organization\"},\"articleSection\":[\"Ciudad\",\"Destacadas 2\"],\"inLanguage\":\"es\"},{\"@type\":\"WebPage\",\"@id\":\"https:\/\/experienciadevida.com.ar\/portalurbano\/consumos-problematicos-el-municipio-visito-bolivar-para-asesorarse-sobre-dispositivos-de-abordaje\/\",\"url\":\"https:\/\/experienciadevida.com.ar\/portalurbano\/consumos-problematicos-el-municipio-visito-bolivar-para-asesorarse-sobre-dispositivos-de-abordaje\/\",\"name\":\"Consumos problem\u00e1ticos: El Municipio visit\u00f3 Bol\u00edvar\",\"isPartOf\":{\"@id\":\"https:\/\/experienciadevida.com.ar\/portalurbano\/#website\"},\"datePublished\":\"2022-07-19T20:55:23+00:00\",\"dateModified\":\"2022-07-19T20:57:11+00:00\",\"description\":\"Consumos problem\u00e1ticos: El Municipio visit\u00f3 Bol\u00edvar para asesorarse sobre dispositivos de abordaje, d\u00edas pasados referentes\",\"breadcrumb\":{\"@id\":\"https:\/\/experienciadevida.com.ar\/portalurbano\/consumos-problematicos-el-municipio-visito-bolivar-para-asesorarse-sobre-dispositivos-de-abordaje\/#breadcrumb\"},\"inLanguage\":\"es\",\"potentialAction\":[{\"@type\":\"ReadAction\",\"target\":[\"https:\/\/experienciadevida.com.ar\/portalurbano\/consumos-problematicos-el-municipio-visito-bolivar-para-asesorarse-sobre-dispositivos-de-abordaje\/\"]}]},{\"@type\":\"BreadcrumbList\",\"@id\":\"https:\/\/experienciadevida.com.ar\/portalurbano\/consumos-problematicos-el-municipio-visito-bolivar-para-asesorarse-sobre-dispositivos-de-abordaje\/#breadcrumb\",\"itemListElement\":[{\"@type\":\"ListItem\",\"position\":1,\"name\":\"Portada\",\"item\":\"https:\/\/experienciadevida.com.ar\/portalurbano\/\"},{\"@type\":\"ListItem\",\"position\":2,\"name\":\"Consumos problem\u00e1ticos: El Municipio visit\u00f3 Bol\u00edvar para asesorarse sobre dispositivos de abordaje\"}]},{\"@type\":\"WebSite\",\"@id\":\"https:\/\/experienciadevida.com.ar\/portalurbano\/#website\",\"url\":\"https:\/\/experienciadevida.com.ar\/portalurbano\/\",\"name\":\"\",\"description\":\"\",\"publisher\":{\"@id\":\"https:\/\/experienciadevida.com.ar\/portalurbano\/#organization\"},\"potentialAction\":[{\"@type\":\"SearchAction\",\"target\":{\"@type\":\"EntryPoint\",\"urlTemplate\":\"https:\/\/experienciadevida.com.ar\/portalurbano\/?s={search_term_string}\"},\"query-input\":\"required name=search_term_string\"}],\"inLanguage\":\"es\"},{\"@type\":\"Organization\",\"@id\":\"https:\/\/experienciadevida.com.ar\/portalurbano\/#organization\",\"name\":\"Portal Urbano\",\"url\":\"https:\/\/experienciadevida.com.ar\/portalurbano\/\",\"logo\":{\"@type\":\"ImageObject\",\"inLanguage\":\"es\",\"@id\":\"https:\/\/experienciadevida.com.ar\/portalurbano\/#\/schema\/logo\/image\/\",\"url\":\"https:\/\/experienciadevida.com.ar\/portalurbano\/wp-content\/uploads\/2019\/09\/Logo-Original.png\",\"contentUrl\":\"https:\/\/experienciadevida.com.ar\/portalurbano\/wp-content\/uploads\/2019\/09\/Logo-Original.png\",\"width\":2236,\"height\":1216,\"caption\":\"Portal Urbano\"},\"image\":{\"@id\":\"https:\/\/experienciadevida.com.ar\/portalurbano\/#\/schema\/logo\/image\/\"},\"sameAs\":[\"https:\/\/www.facebook.com\/Portal-Urbano-171542830093757\/\",\"https:\/\/twitter.com\/portalurbanook\",\"https:\/\/www.instagram.com\/_portalurbano\/\",\"https:\/\/www.youtube.com\/channel\/UCXhagIfszH8KxFiOok79zbA?view_as=subscriber\"]},{\"@type\":\"Person\",\"@id\":\"https:\/\/experienciadevida.com.ar\/portalurbano\/#\/schema\/person\/02dd326b1c4b056e9cc972486934a3a7\",\"name\":\"admpu17wp\",\"image\":{\"@type\":\"ImageObject\",\"inLanguage\":\"es\",\"@id\":\"https:\/\/experienciadevida.com.ar\/portalurbano\/#\/schema\/person\/image\/\",\"url\":\"https:\/\/secure.gravatar.com\/avatar\/830d4c57adaae6630765e449a6908047?s=96&d=mm&r=g\",\"contentUrl\":\"https:\/\/secure.gravatar.com\/avatar\/830d4c57adaae6630765e449a6908047?s=96&d=mm&r=g\",\"caption\":\"admpu17wp\"}}]}<\/script>\n<!-- \/ Yoast SEO plugin. -->","yoast_head_json":{"title":"Consumos problem\u00e1ticos: El Municipio visit\u00f3 Bol\u00edvar","description":"Consumos problem\u00e1ticos: El Municipio visit\u00f3 Bol\u00edvar para asesorarse sobre dispositivos de abordaje, d\u00edas pasados referentes","robots":{"index":"index","follow":"follow","max-snippet":"max-snippet:-1","max-image-preview":"max-image-preview:large","max-video-preview":"max-video-preview:-1"},"canonical":"https:\/\/experienciadevida.com.ar\/portalurbano\/consumos-problematicos-el-municipio-visito-bolivar-para-asesorarse-sobre-dispositivos-de-abordaje\/","og_locale":"es_ES","og_type":"article","og_title":"Consumos problem\u00e1ticos: El Municipio visit\u00f3 Bol\u00edvar","og_description":"Consumos problem\u00e1ticos: El Municipio visit\u00f3 Bol\u00edvar para asesorarse sobre dispositivos de abordaje, d\u00edas pasados referentes","og_url":"https:\/\/experienciadevida.com.ar\/portalurbano\/consumos-problematicos-el-municipio-visito-bolivar-para-asesorarse-sobre-dispositivos-de-abordaje\/","article_publisher":"https:\/\/www.facebook.com\/Portal-Urbano-171542830093757\/","article_published_time":"2022-07-19T20:55:23+00:00","article_modified_time":"2022-07-19T20:57:11+00:00","og_image":[{"width":1024,"height":615,"url":"https:\/\/experienciadevida.com.ar\/portalurbano\/wp-content\/uploads\/2022\/07\/Consumos-problematicos.jpeg","type":"image\/jpeg"}],"author":"admpu17wp","twitter_card":"summary_large_image","twitter_creator":"@portalurbanook","twitter_site":"@portalurbanook","twitter_misc":{"Escrito por":"admpu17wp","Tiempo de lectura":"2 minutos"},"schema":{"@context":"https:\/\/schema.org","@graph":[{"@type":"Article","@id":"https:\/\/experienciadevida.com.ar\/portalurbano\/consumos-problematicos-el-municipio-visito-bolivar-para-asesorarse-sobre-dispositivos-de-abordaje\/#article","isPartOf":{"@id":"https:\/\/experienciadevida.com.ar\/portalurbano\/consumos-problematicos-el-municipio-visito-bolivar-para-asesorarse-sobre-dispositivos-de-abordaje\/"},"author":{"name":"admpu17wp","@id":"https:\/\/experienciadevida.com.ar\/portalurbano\/#\/schema\/person\/02dd326b1c4b056e9cc972486934a3a7"},"headline":"Consumos problem\u00e1ticos: El Municipio visit\u00f3 Bol\u00edvar para asesorarse sobre dispositivos de abordaje","datePublished":"2022-07-19T20:55:23+00:00","dateModified":"2022-07-19T20:57:11+00:00","mainEntityOfPage":{"@id":"https:\/\/experienciadevida.com.ar\/portalurbano\/consumos-problematicos-el-municipio-visito-bolivar-para-asesorarse-sobre-dispositivos-de-abordaje\/"},"wordCount":328,"publisher":{"@id":"https:\/\/experienciadevida.com.ar\/portalurbano\/#organization"},"articleSection":["Ciudad","Destacadas 2"],"inLanguage":"es"},{"@type":"WebPage","@id":"https:\/\/experienciadevida.com.ar\/portalurbano\/consumos-problematicos-el-municipio-visito-bolivar-para-asesorarse-sobre-dispositivos-de-abordaje\/","url":"https:\/\/experienciadevida.com.ar\/portalurbano\/consumos-problematicos-el-municipio-visito-bolivar-para-asesorarse-sobre-dispositivos-de-abordaje\/","name":"Consumos problem\u00e1ticos: El Municipio visit\u00f3 Bol\u00edvar","isPartOf":{"@id":"https:\/\/experienciadevida.com.ar\/portalurbano\/#website"},"datePublished":"2022-07-19T20:55:23+00:00","dateModified":"2022-07-19T20:57:11+00:00","description":"Consumos problem\u00e1ticos: El Municipio visit\u00f3 Bol\u00edvar para asesorarse sobre dispositivos de abordaje, d\u00edas pasados referentes","breadcrumb":{"@id":"https:\/\/experienciadevida.com.ar\/portalurbano\/consumos-problematicos-el-municipio-visito-bolivar-para-asesorarse-sobre-dispositivos-de-abordaje\/#breadcrumb"},"inLanguage":"es","potentialAction":[{"@type":"ReadAction","target":["https:\/\/experienciadevida.com.ar\/portalurbano\/consumos-problematicos-el-municipio-visito-bolivar-para-asesorarse-sobre-dispositivos-de-abordaje\/"]}]},{"@type":"BreadcrumbList","@id":"https:\/\/experienciadevida.com.ar\/portalurbano\/consumos-problematicos-el-municipio-visito-bolivar-para-asesorarse-sobre-dispositivos-de-abordaje\/#breadcrumb","itemListElement":[{"@type":"ListItem","position":1,"name":"Portada","item":"https:\/\/experienciadevida.com.ar\/portalurbano\/"},{"@type":"ListItem","position":2,"name":"Consumos problem\u00e1ticos: El Municipio visit\u00f3 Bol\u00edvar para asesorarse sobre dispositivos de abordaje"}]},{"@type":"WebSite","@id":"https:\/\/experienciadevida.com.ar\/portalurbano\/#website","url":"https:\/\/experienciadevida.com.ar\/portalurbano\/","name":"","description":"","publisher":{"@id":"https:\/\/experienciadevida.com.ar\/portalurbano\/#organization"},"potentialAction":[{"@type":"SearchAction","target":{"@type":"EntryPoint","urlTemplate":"https:\/\/experienciadevida.com.ar\/portalurbano\/?s={search_term_string}"},"query-input":"required name=search_term_string"}],"inLanguage":"es"},{"@type":"Organization","@id":"https:\/\/experienciadevida.com.ar\/portalurbano\/#organization","name":"Portal Urbano","url":"https:\/\/experienciadevida.com.ar\/portalurbano\/","logo":{"@type":"ImageObject","inLanguage":"es","@id":"https:\/\/experienciadevida.com.ar\/portalurbano\/#\/schema\/logo\/image\/","url":"https:\/\/experienciadevida.com.ar\/portalurbano\/wp-content\/uploads\/2019\/09\/Logo-Original.png","contentUrl":"https:\/\/experienciadevida.com.ar\/portalurbano\/wp-content\/uploads\/2019\/09\/Logo-Original.png","width":2236,"height":1216,"caption":"Portal Urbano"},"image":{"@id":"https:\/\/experienciadevida.com.ar\/portalurbano\/#\/schema\/logo\/image\/"},"sameAs":["https:\/\/www.facebook.com\/Portal-Urbano-171542830093757\/","https:\/\/twitter.com\/portalurbanook","https:\/\/www.instagram.com\/_portalurbano\/","https:\/\/www.youtube.com\/channel\/UCXhagIfszH8KxFiOok79zbA?view_as=subscriber"]},{"@type":"Person","@id":"https:\/\/experienciadevida.com.ar\/portalurbano\/#\/schema\/person\/02dd326b1c4b056e9cc972486934a3a7","name":"admpu17wp","image":{"@type":"ImageObject","inLanguage":"es","@id":"https:\/\/experienciadevida.com.ar\/portalurbano\/#\/schema\/person\/image\/","url":"https:\/\/secure.gravatar.com\/avatar\/830d4c57adaae6630765e449a6908047?s=96&d=mm&r=g","contentUrl":"https:\/\/secure.gravatar.com\/avatar\/830d4c57adaae6630765e449a6908047?s=96&d=mm&r=g","caption":"admpu17wp"}}]}},"featured_image_urls":{"full":["https:\/\/experienciadevida.com.ar\/portalurbano\/wp-content\/uploads\/2022\/07\/Consumos-problematicos.jpeg",1024,615,false],"thumbnail":["https:\/\/experienciadevida.com.ar\/portalurbano\/wp-content\/uploads\/2022\/07\/Consumos-problematicos-150x150.jpeg",150,150,true],"medium":["https:\/\/experienciadevida.com.ar\/portalurbano\/wp-content\/uploads\/2022\/07\/Consumos-problematicos-300x180.jpeg",300,180,true],"medium_large":["https:\/\/experienciadevida.com.ar\/portalurbano\/wp-content\/uploads\/2022\/07\/Consumos-problematicos-768x461.jpeg",640,384,true],"large":["https:\/\/experienciadevida.com.ar\/portalurbano\/wp-content\/uploads\/2022\/07\/Consumos-problematicos.jpeg",640,384,false],"ug_big":["https:\/\/experienciadevida.com.ar\/portalurbano\/wp-content\/uploads\/2022\/07\/Consumos-problematicos-768x461.jpeg",768,461,true],"1536x1536":["https:\/\/experienciadevida.com.ar\/portalurbano\/wp-content\/uploads\/2022\/07\/Consumos-problematicos.jpeg",1024,615,false],"2048x2048":["https:\/\/experienciadevida.com.ar\/portalurbano\/wp-content\/uploads\/2022\/07\/Consumos-problematicos.jpeg",1024,615,false],"newsever-slider-full":["https:\/\/experienciadevida.com.ar\/portalurbano\/wp-content\/uploads\/2022\/07\/Consumos-problematicos.jpeg",1024,615,false],"newsever-featured":["https:\/\/experienciadevida.com.ar\/portalurbano\/wp-content\/uploads\/2022\/07\/Consumos-problematicos.jpeg",1024,615,false],"newsever-medium":["https:\/\/experienciadevida.com.ar\/portalurbano\/wp-content\/uploads\/2022\/07\/Consumos-problematicos.jpeg",720,432,false],"web-stories-poster-portrait":["https:\/\/experienciadevida.com.ar\/portalurbano\/wp-content\/uploads\/2022\/07\/Consumos-problematicos-640x615.jpeg",640,615,true],"web-stories-publisher-logo":["https:\/\/experienciadevida.com.ar\/portalurbano\/wp-content\/uploads\/2022\/07\/Consumos-problematicos-96x96.jpeg",96,96,true],"web-stories-thumbnail":["https:\/\/experienciadevida.com.ar\/portalurbano\/wp-content\/uploads\/2022\/07\/Consumos-problematicos-150x90.jpeg",150,90,true]},"author_info":{"display_name":"admpu17wp","author_link":"https:\/\/experienciadevida.com.ar\/portalurbano\/author\/admpu17wp\/"},"category_info":"<a href=\"https:\/\/experienciadevida.com.ar\/portalurbano\/category\/ciudad\/\" rel=\"category tag\">Ciudad<\/a> <a href=\"https:\/\/experienciadevida.com.ar\/portalurbano\/category\/destacadas-2\/\" rel=\"category tag\">Destacadas 2<\/a>","tag_info":"Destacadas 2","comment_count":"0","amp_enabled":true,"_links":{"self":[{"href":"https:\/\/experienciadevida.com.ar\/portalurbano\/wp-json\/wp\/v2\/posts\/171763"}],"collection":[{"href":"https:\/\/experienciadevida.com.ar\/portalurbano\/wp-json\/wp\/v2\/posts"}],"about":[{"href":"https:\/\/experienciadevida.com.ar\/portalurbano\/wp-json\/wp\/v2\/types\/post"}],"author":[{"embeddable":true,"href":"https:\/\/experienciadevida.com.ar\/portalurbano\/wp-json\/wp\/v2\/users\/1"}],"replies":[{"embeddable":true,"href":"https:\/\/experienciadevida.com.ar\/portalurbano\/wp-json\/wp\/v2\/comments?post=171763"}],"version-history":[{"count":1,"href":"https:\/\/experienciadevida.com.ar\/portalurbano\/wp-json\/wp\/v2\/posts\/171763\/revisions"}],"predecessor-version":[{"id":171765,"href":"https:\/\/experienciadevida.com.ar\/portalurbano\/wp-json\/wp\/v2\/posts\/171763\/revisions\/171765"}],"wp:featuredmedia":[{"embeddable":true,"href":"https:\/\/experienciadevida.com.ar\/portalurbano\/wp-json\/wp\/v2\/media\/171764"}],"wp:attachment":[{"href":"https:\/\/experienciadevida.com.ar\/portalurbano\/wp-json\/wp\/v2\/media?parent=171763"}],"wp:term":[{"taxonomy":"category","embeddable":true,"href":"https:\/\/experienciadevida.com.ar\/portalurbano\/wp-json\/wp\/v2\/categories?post=171763"},{"taxonomy":"post_tag","embeddable":true,"href":"https:\/\/experienciadevida.com.ar\/portalurbano\/wp-json\/wp\/v2\/tags?post=171763"}],"curies":[{"name":"wp","href":"https:\/\/api.w.org\/{rel}","templated":true}]}}