{"id":171755,"date":"2022-07-19T16:14:55","date_gmt":"2022-07-19T19:14:55","guid":{"rendered":"https:\/\/experienciadevida.com.ar\/portalurbano\/?p=171755"},"modified":"2022-07-19T16:18:22","modified_gmt":"2022-07-19T19:18:22","slug":"reclamo-de-trabajadores-de-un-medio-local-por-la-falta-de-pago-de-salarios","status":"publish","type":"post","link":"https:\/\/experienciadevida.com.ar\/portalurbano\/reclamo-de-trabajadores-de-un-medio-local-por-la-falta-de-pago-de-salarios\/","title":{"rendered":"Reclamo de trabajadores de un medio local por la falta de pago de salarios"},"content":{"rendered":"<p>Reclamo de trabajadores de un medio local por la falta de pago de salarios, sucedi\u00f3 al mediod\u00eda de este martes, los trabajadores estuvieron acompa\u00f1ados por diferentes gremios por la falta de pago de la totalidad de los sueldos y aguinaldo. La empresa dijo que no ten\u00eda los medios para poder regularizar la situaci\u00f3n y que sus cuentas fueron embargadas por AFIP.<\/p>\n<p><a href=\"https:\/\/experienciadevida.com.ar\/portalurbano\/reclamo-de-trabajadores-de-un-medio-local-por-la-falta-de-pago-de-salarios\/reclamo\/\" rel=\"attachment wp-att-171758\"><img decoding=\"async\" class=\"alignnone size-large wp-image-171758\" src=\"https:\/\/experienciadevida.com.ar\/portalurbano\/wp-content\/uploads\/2022\/07\/Reclamo-1024x768.jpg\" alt=\"Reclamo \" width=\"900\" height=\"675\" srcset=\"https:\/\/experienciadevida.com.ar\/portalurbano\/wp-content\/uploads\/2022\/07\/Reclamo-1024x768.jpg 1024w, https:\/\/experienciadevida.com.ar\/portalurbano\/wp-content\/uploads\/2022\/07\/Reclamo-300x225.jpg 300w, https:\/\/experienciadevida.com.ar\/portalurbano\/wp-content\/uploads\/2022\/07\/Reclamo-768x576.jpg 768w, https:\/\/experienciadevida.com.ar\/portalurbano\/wp-content\/uploads\/2022\/07\/Reclamo-1536x1152.jpg 1536w, https:\/\/experienciadevida.com.ar\/portalurbano\/wp-content\/uploads\/2022\/07\/Reclamo-150x113.jpg 150w, https:\/\/experienciadevida.com.ar\/portalurbano\/wp-content\/uploads\/2022\/07\/Reclamo.jpg 1600w\" sizes=\"(max-width: 900px) 100vw, 900px\" \/><\/a><\/p>\n<p>Este martes a partir de las 13hs se realiz\u00f3 una nueva asamblea de trabajadores de El Popular, reclamando por la falta de pago de los salarios en su totalidad as\u00ed como tambi\u00e9n los aguinaldos. De la movilizaci\u00f3n que se realiz\u00f3 en el lugar acompa\u00f1aron diferentes gremios como la casa del trabajador, CGT local adem\u00e1s colegas de otros medios de comunicaci\u00f3n.<\/p>\n<p>Pellegrini fue uno de los oradores quien explic\u00f3 la situaci\u00f3n diciendo que a la fecha se complet\u00f3 casi la totalidad del pago de salario del mes de junio y julio aunque en algunos casos resta abonar entre el 10 y el 20% y que a\u00fan no se abon\u00f3 el aguinaldo. Adem\u00e1s dijo que hasta el momento no han obtenido respuesta de c\u00f3mo se va a abonar ni cu\u00e1ndo.<\/p>\n<p>Seg\u00fan la empresa dice que no paga porque no quiere sino porque no tiene los medios necesarios para hacerlo, y dijeron que ya es una pr\u00e1ctica que vienen realizando desde hace a\u00f1os.<\/p>\n<p><a href=\"https:\/\/experienciadevida.com.ar\/portalurbano\/reclamo-de-trabajadores-de-un-medio-local-por-la-falta-de-pago-de-salarios\/de-32\/\" rel=\"attachment wp-att-171759\"><img decoding=\"async\" class=\"alignnone size-large wp-image-171759\" src=\"https:\/\/experienciadevida.com.ar\/portalurbano\/wp-content\/uploads\/2022\/07\/de-2-1024x768.jpg\" alt=\"de \" width=\"900\" height=\"675\" srcset=\"https:\/\/experienciadevida.com.ar\/portalurbano\/wp-content\/uploads\/2022\/07\/de-2-1024x768.jpg 1024w, https:\/\/experienciadevida.com.ar\/portalurbano\/wp-content\/uploads\/2022\/07\/de-2-300x225.jpg 300w, https:\/\/experienciadevida.com.ar\/portalurbano\/wp-content\/uploads\/2022\/07\/de-2-768x576.jpg 768w, https:\/\/experienciadevida.com.ar\/portalurbano\/wp-content\/uploads\/2022\/07\/de-2-1536x1152.jpg 1536w, https:\/\/experienciadevida.com.ar\/portalurbano\/wp-content\/uploads\/2022\/07\/de-2-150x113.jpg 150w, https:\/\/experienciadevida.com.ar\/portalurbano\/wp-content\/uploads\/2022\/07\/de-2.jpg 1600w\" sizes=\"(max-width: 900px) 100vw, 900px\" \/><\/a><\/p>\n","protected":false},"excerpt":{"rendered":"<p>Reclamo de trabajadores de un medio local por la falta de pago de salarios, sucedi\u00f3&#8230;<\/p>\n","protected":false},"author":1,"featured_media":171756,"comment_status":"closed","ping_status":"closed","sticky":false,"template":"","format":"standard","meta":{"content-type":""},"categories":[27],"tags":[],"nelio_content":{"isAutoShareEnabled":false,"autoShareEndMode":"default","automationSources":{"useContentSentences":true,"useSocialTemplates":true,"useCustomSentences":false,"customSentences":[]},"followers":[1],"suggestedReferences":[],"includedReferences":[],"efiUrl":"","efiAlt":"","highlights":[]},"yoast_head":"<!-- This site is optimized with the Yoast SEO plugin v20.7 - https:\/\/yoast.com\/wordpress\/plugins\/seo\/ -->\n<title>Reclamo de trabajadores de un medio local por la falta de pago<\/title>\n<meta name=\"description\" content=\"Reclamo de trabajadores de un medio local por la falta de pago de salarios, sucedi\u00f3 al mediod\u00eda de este martes, acompa\u00f1ados por gremios\" \/>\n<meta name=\"robots\" content=\"index, follow, max-snippet:-1, max-image-preview:large, max-video-preview:-1\" \/>\n<link rel=\"canonical\" href=\"https:\/\/experienciadevida.com.ar\/portalurbano\/reclamo-de-trabajadores-de-un-medio-local-por-la-falta-de-pago-de-salarios\/\" \/>\n<meta property=\"og:locale\" content=\"es_ES\" \/>\n<meta property=\"og:type\" content=\"article\" \/>\n<meta property=\"og:title\" content=\"Reclamo de trabajadores de un medio local por la falta de pago\" \/>\n<meta property=\"og:description\" content=\"Reclamo de trabajadores de un medio local por la falta de pago de salarios, sucedi\u00f3 al mediod\u00eda de este martes, acompa\u00f1ados por gremios\" \/>\n<meta property=\"og:url\" content=\"https:\/\/experienciadevida.com.ar\/portalurbano\/reclamo-de-trabajadores-de-un-medio-local-por-la-falta-de-pago-de-salarios\/\" \/>\n<meta property=\"article:publisher\" content=\"https:\/\/www.facebook.com\/Portal-Urbano-171542830093757\/\" \/>\n<meta property=\"article:published_time\" content=\"2022-07-19T19:14:55+00:00\" \/>\n<meta property=\"article:modified_time\" content=\"2022-07-19T19:18:22+00:00\" \/>\n<meta property=\"og:image\" content=\"https:\/\/experienciadevida.com.ar\/portalurbano\/wp-content\/uploads\/2022\/07\/Reclamo-de-trabajadores-de.jpg\" \/>\n\t<meta property=\"og:image:width\" content=\"1600\" \/>\n\t<meta property=\"og:image:height\" content=\"1200\" \/>\n\t<meta property=\"og:image:type\" content=\"image\/jpeg\" \/>\n<meta name=\"author\" content=\"admpu17wp\" \/>\n<meta name=\"twitter:card\" content=\"summary_large_image\" \/>\n<meta name=\"twitter:creator\" content=\"@portalurbanook\" \/>\n<meta name=\"twitter:site\" content=\"@portalurbanook\" \/>\n<meta name=\"twitter:label1\" content=\"Escrito por\" \/>\n\t<meta name=\"twitter:data1\" content=\"admpu17wp\" \/>\n\t<meta name=\"twitter:label2\" content=\"Tiempo de lectura\" \/>\n\t<meta name=\"twitter:data2\" content=\"2 minutos\" \/>\n<script type=\"application\/ld+json\" class=\"yoast-schema-graph\">{\"@context\":\"https:\/\/schema.org\",\"@graph\":[{\"@type\":\"Article\",\"@id\":\"https:\/\/experienciadevida.com.ar\/portalurbano\/reclamo-de-trabajadores-de-un-medio-local-por-la-falta-de-pago-de-salarios\/#article\",\"isPartOf\":{\"@id\":\"https:\/\/experienciadevida.com.ar\/portalurbano\/reclamo-de-trabajadores-de-un-medio-local-por-la-falta-de-pago-de-salarios\/\"},\"author\":{\"name\":\"admpu17wp\",\"@id\":\"https:\/\/experienciadevida.com.ar\/portalurbano\/#\/schema\/person\/02dd326b1c4b056e9cc972486934a3a7\"},\"headline\":\"Reclamo de trabajadores de un medio local por la falta de pago de salarios\",\"datePublished\":\"2022-07-19T19:14:55+00:00\",\"dateModified\":\"2022-07-19T19:18:22+00:00\",\"mainEntityOfPage\":{\"@id\":\"https:\/\/experienciadevida.com.ar\/portalurbano\/reclamo-de-trabajadores-de-un-medio-local-por-la-falta-de-pago-de-salarios\/\"},\"wordCount\":250,\"publisher\":{\"@id\":\"https:\/\/experienciadevida.com.ar\/portalurbano\/#organization\"},\"articleSection\":[\"Ciudad\"],\"inLanguage\":\"es\"},{\"@type\":\"WebPage\",\"@id\":\"https:\/\/experienciadevida.com.ar\/portalurbano\/reclamo-de-trabajadores-de-un-medio-local-por-la-falta-de-pago-de-salarios\/\",\"url\":\"https:\/\/experienciadevida.com.ar\/portalurbano\/reclamo-de-trabajadores-de-un-medio-local-por-la-falta-de-pago-de-salarios\/\",\"name\":\"Reclamo de trabajadores de un medio local por la falta de pago\",\"isPartOf\":{\"@id\":\"https:\/\/experienciadevida.com.ar\/portalurbano\/#website\"},\"datePublished\":\"2022-07-19T19:14:55+00:00\",\"dateModified\":\"2022-07-19T19:18:22+00:00\",\"description\":\"Reclamo de trabajadores de un medio local por la falta de pago de salarios, sucedi\u00f3 al mediod\u00eda de este martes, acompa\u00f1ados por gremios\",\"breadcrumb\":{\"@id\":\"https:\/\/experienciadevida.com.ar\/portalurbano\/reclamo-de-trabajadores-de-un-medio-local-por-la-falta-de-pago-de-salarios\/#breadcrumb\"},\"inLanguage\":\"es\",\"potentialAction\":[{\"@type\":\"ReadAction\",\"target\":[\"https:\/\/experienciadevida.com.ar\/portalurbano\/reclamo-de-trabajadores-de-un-medio-local-por-la-falta-de-pago-de-salarios\/\"]}]},{\"@type\":\"BreadcrumbList\",\"@id\":\"https:\/\/experienciadevida.com.ar\/portalurbano\/reclamo-de-trabajadores-de-un-medio-local-por-la-falta-de-pago-de-salarios\/#breadcrumb\",\"itemListElement\":[{\"@type\":\"ListItem\",\"position\":1,\"name\":\"Portada\",\"item\":\"https:\/\/experienciadevida.com.ar\/portalurbano\/\"},{\"@type\":\"ListItem\",\"position\":2,\"name\":\"Reclamo de trabajadores de un medio local por la falta de pago de salarios\"}]},{\"@type\":\"WebSite\",\"@id\":\"https:\/\/experienciadevida.com.ar\/portalurbano\/#website\",\"url\":\"https:\/\/experienciadevida.com.ar\/portalurbano\/\",\"name\":\"\",\"description\":\"\",\"publisher\":{\"@id\":\"https:\/\/experienciadevida.com.ar\/portalurbano\/#organization\"},\"potentialAction\":[{\"@type\":\"SearchAction\",\"target\":{\"@type\":\"EntryPoint\",\"urlTemplate\":\"https:\/\/experienciadevida.com.ar\/portalurbano\/?s={search_term_string}\"},\"query-input\":\"required name=search_term_string\"}],\"inLanguage\":\"es\"},{\"@type\":\"Organization\",\"@id\":\"https:\/\/experienciadevida.com.ar\/portalurbano\/#organization\",\"name\":\"Portal Urbano\",\"url\":\"https:\/\/experienciadevida.com.ar\/portalurbano\/\",\"logo\":{\"@type\":\"ImageObject\",\"inLanguage\":\"es\",\"@id\":\"https:\/\/experienciadevida.com.ar\/portalurbano\/#\/schema\/logo\/image\/\",\"url\":\"https:\/\/experienciadevida.com.ar\/portalurbano\/wp-content\/uploads\/2019\/09\/Logo-Original.png\",\"contentUrl\":\"https:\/\/experienciadevida.com.ar\/portalurbano\/wp-content\/uploads\/2019\/09\/Logo-Original.png\",\"width\":2236,\"height\":1216,\"caption\":\"Portal Urbano\"},\"image\":{\"@id\":\"https:\/\/experienciadevida.com.ar\/portalurbano\/#\/schema\/logo\/image\/\"},\"sameAs\":[\"https:\/\/www.facebook.com\/Portal-Urbano-171542830093757\/\",\"https:\/\/twitter.com\/portalurbanook\",\"https:\/\/www.instagram.com\/_portalurbano\/\",\"https:\/\/www.youtube.com\/channel\/UCXhagIfszH8KxFiOok79zbA?view_as=subscriber\"]},{\"@type\":\"Person\",\"@id\":\"https:\/\/experienciadevida.com.ar\/portalurbano\/#\/schema\/person\/02dd326b1c4b056e9cc972486934a3a7\",\"name\":\"admpu17wp\",\"image\":{\"@type\":\"ImageObject\",\"inLanguage\":\"es\",\"@id\":\"https:\/\/experienciadevida.com.ar\/portalurbano\/#\/schema\/person\/image\/\",\"url\":\"https:\/\/secure.gravatar.com\/avatar\/830d4c57adaae6630765e449a6908047?s=96&d=mm&r=g\",\"contentUrl\":\"https:\/\/secure.gravatar.com\/avatar\/830d4c57adaae6630765e449a6908047?s=96&d=mm&r=g\",\"caption\":\"admpu17wp\"}}]}<\/script>\n<!-- \/ Yoast SEO plugin. -->","yoast_head_json":{"title":"Reclamo de trabajadores de un medio local por la falta de pago","description":"Reclamo de trabajadores de un medio local por la falta de pago de salarios, sucedi\u00f3 al mediod\u00eda de este martes, acompa\u00f1ados por gremios","robots":{"index":"index","follow":"follow","max-snippet":"max-snippet:-1","max-image-preview":"max-image-preview:large","max-video-preview":"max-video-preview:-1"},"canonical":"https:\/\/experienciadevida.com.ar\/portalurbano\/reclamo-de-trabajadores-de-un-medio-local-por-la-falta-de-pago-de-salarios\/","og_locale":"es_ES","og_type":"article","og_title":"Reclamo de trabajadores de un medio local por la falta de pago","og_description":"Reclamo de trabajadores de un medio local por la falta de pago de salarios, sucedi\u00f3 al mediod\u00eda de este martes, acompa\u00f1ados por gremios","og_url":"https:\/\/experienciadevida.com.ar\/portalurbano\/reclamo-de-trabajadores-de-un-medio-local-por-la-falta-de-pago-de-salarios\/","article_publisher":"https:\/\/www.facebook.com\/Portal-Urbano-171542830093757\/","article_published_time":"2022-07-19T19:14:55+00:00","article_modified_time":"2022-07-19T19:18:22+00:00","og_image":[{"width":1600,"height":1200,"url":"https:\/\/experienciadevida.com.ar\/portalurbano\/wp-content\/uploads\/2022\/07\/Reclamo-de-trabajadores-de.jpg","type":"image\/jpeg"}],"author":"admpu17wp","twitter_card":"summary_large_image","twitter_creator":"@portalurbanook","twitter_site":"@portalurbanook","twitter_misc":{"Escrito por":"admpu17wp","Tiempo de lectura":"2 minutos"},"schema":{"@context":"https:\/\/schema.org","@graph":[{"@type":"Article","@id":"https:\/\/experienciadevida.com.ar\/portalurbano\/reclamo-de-trabajadores-de-un-medio-local-por-la-falta-de-pago-de-salarios\/#article","isPartOf":{"@id":"https:\/\/experienciadevida.com.ar\/portalurbano\/reclamo-de-trabajadores-de-un-medio-local-por-la-falta-de-pago-de-salarios\/"},"author":{"name":"admpu17wp","@id":"https:\/\/experienciadevida.com.ar\/portalurbano\/#\/schema\/person\/02dd326b1c4b056e9cc972486934a3a7"},"headline":"Reclamo de trabajadores de un medio local por la falta de pago de salarios","datePublished":"2022-07-19T19:14:55+00:00","dateModified":"2022-07-19T19:18:22+00:00","mainEntityOfPage":{"@id":"https:\/\/experienciadevida.com.ar\/portalurbano\/reclamo-de-trabajadores-de-un-medio-local-por-la-falta-de-pago-de-salarios\/"},"wordCount":250,"publisher":{"@id":"https:\/\/experienciadevida.com.ar\/portalurbano\/#organization"},"articleSection":["Ciudad"],"inLanguage":"es"},{"@type":"WebPage","@id":"https:\/\/experienciadevida.com.ar\/portalurbano\/reclamo-de-trabajadores-de-un-medio-local-por-la-falta-de-pago-de-salarios\/","url":"https:\/\/experienciadevida.com.ar\/portalurbano\/reclamo-de-trabajadores-de-un-medio-local-por-la-falta-de-pago-de-salarios\/","name":"Reclamo de trabajadores de un medio local por la falta de pago","isPartOf":{"@id":"https:\/\/experienciadevida.com.ar\/portalurbano\/#website"},"datePublished":"2022-07-19T19:14:55+00:00","dateModified":"2022-07-19T19:18:22+00:00","description":"Reclamo de trabajadores de un medio local por la falta de pago de salarios, sucedi\u00f3 al mediod\u00eda de este martes, acompa\u00f1ados por gremios","breadcrumb":{"@id":"https:\/\/experienciadevida.com.ar\/portalurbano\/reclamo-de-trabajadores-de-un-medio-local-por-la-falta-de-pago-de-salarios\/#breadcrumb"},"inLanguage":"es","potentialAction":[{"@type":"ReadAction","target":["https:\/\/experienciadevida.com.ar\/portalurbano\/reclamo-de-trabajadores-de-un-medio-local-por-la-falta-de-pago-de-salarios\/"]}]},{"@type":"BreadcrumbList","@id":"https:\/\/experienciadevida.com.ar\/portalurbano\/reclamo-de-trabajadores-de-un-medio-local-por-la-falta-de-pago-de-salarios\/#breadcrumb","itemListElement":[{"@type":"ListItem","position":1,"name":"Portada","item":"https:\/\/experienciadevida.com.ar\/portalurbano\/"},{"@type":"ListItem","position":2,"name":"Reclamo de trabajadores de un medio local por la falta de pago de salarios"}]},{"@type":"WebSite","@id":"https:\/\/experienciadevida.com.ar\/portalurbano\/#website","url":"https:\/\/experienciadevida.com.ar\/portalurbano\/","name":"","description":"","publisher":{"@id":"https:\/\/experienciadevida.com.ar\/portalurbano\/#organization"},"potentialAction":[{"@type":"SearchAction","target":{"@type":"EntryPoint","urlTemplate":"https:\/\/experienciadevida.com.ar\/portalurbano\/?s={search_term_string}"},"query-input":"required name=search_term_string"}],"inLanguage":"es"},{"@type":"Organization","@id":"https:\/\/experienciadevida.com.ar\/portalurbano\/#organization","name":"Portal Urbano","url":"https:\/\/experienciadevida.com.ar\/portalurbano\/","logo":{"@type":"ImageObject","inLanguage":"es","@id":"https:\/\/experienciadevida.com.ar\/portalurbano\/#\/schema\/logo\/image\/","url":"https:\/\/experienciadevida.com.ar\/portalurbano\/wp-content\/uploads\/2019\/09\/Logo-Original.png","contentUrl":"https:\/\/experienciadevida.com.ar\/portalurbano\/wp-content\/uploads\/2019\/09\/Logo-Original.png","width":2236,"height":1216,"caption":"Portal Urbano"},"image":{"@id":"https:\/\/experienciadevida.com.ar\/portalurbano\/#\/schema\/logo\/image\/"},"sameAs":["https:\/\/www.facebook.com\/Portal-Urbano-171542830093757\/","https:\/\/twitter.com\/portalurbanook","https:\/\/www.instagram.com\/_portalurbano\/","https:\/\/www.youtube.com\/channel\/UCXhagIfszH8KxFiOok79zbA?view_as=subscriber"]},{"@type":"Person","@id":"https:\/\/experienciadevida.com.ar\/portalurbano\/#\/schema\/person\/02dd326b1c4b056e9cc972486934a3a7","name":"admpu17wp","image":{"@type":"ImageObject","inLanguage":"es","@id":"https:\/\/experienciadevida.com.ar\/portalurbano\/#\/schema\/person\/image\/","url":"https:\/\/secure.gravatar.com\/avatar\/830d4c57adaae6630765e449a6908047?s=96&d=mm&r=g","contentUrl":"https:\/\/secure.gravatar.com\/avatar\/830d4c57adaae6630765e449a6908047?s=96&d=mm&r=g","caption":"admpu17wp"}}]}},"featured_image_urls":{"full":["https:\/\/experienciadevida.com.ar\/portalurbano\/wp-content\/uploads\/2022\/07\/Reclamo-de-trabajadores-de.jpg",1600,1200,false],"thumbnail":["https:\/\/experienciadevida.com.ar\/portalurbano\/wp-content\/uploads\/2022\/07\/Reclamo-de-trabajadores-de-150x150.jpg",150,150,true],"medium":["https:\/\/experienciadevida.com.ar\/portalurbano\/wp-content\/uploads\/2022\/07\/Reclamo-de-trabajadores-de-300x225.jpg",300,225,true],"medium_large":["https:\/\/experienciadevida.com.ar\/portalurbano\/wp-content\/uploads\/2022\/07\/Reclamo-de-trabajadores-de-768x576.jpg",640,480,true],"large":["https:\/\/experienciadevida.com.ar\/portalurbano\/wp-content\/uploads\/2022\/07\/Reclamo-de-trabajadores-de-1024x768.jpg",640,480,true],"ug_big":["https:\/\/experienciadevida.com.ar\/portalurbano\/wp-content\/uploads\/2022\/07\/Reclamo-de-trabajadores-de-768x576.jpg",768,576,true],"1536x1536":["https:\/\/experienciadevida.com.ar\/portalurbano\/wp-content\/uploads\/2022\/07\/Reclamo-de-trabajadores-de-1536x1152.jpg",1536,1152,true],"2048x2048":["https:\/\/experienciadevida.com.ar\/portalurbano\/wp-content\/uploads\/2022\/07\/Reclamo-de-trabajadores-de.jpg",1600,1200,false],"newsever-slider-full":["https:\/\/experienciadevida.com.ar\/portalurbano\/wp-content\/uploads\/2022\/07\/Reclamo-de-trabajadores-de.jpg",1127,845,false],"newsever-featured":["https:\/\/experienciadevida.com.ar\/portalurbano\/wp-content\/uploads\/2022\/07\/Reclamo-de-trabajadores-de.jpg",1024,768,false],"newsever-medium":["https:\/\/experienciadevida.com.ar\/portalurbano\/wp-content\/uploads\/2022\/07\/Reclamo-de-trabajadores-de.jpg",633,475,false],"web-stories-poster-portrait":["https:\/\/experienciadevida.com.ar\/portalurbano\/wp-content\/uploads\/2022\/07\/Reclamo-de-trabajadores-de-640x853.jpg",640,853,true],"web-stories-publisher-logo":["https:\/\/experienciadevida.com.ar\/portalurbano\/wp-content\/uploads\/2022\/07\/Reclamo-de-trabajadores-de-96x96.jpg",96,96,true],"web-stories-thumbnail":["https:\/\/experienciadevida.com.ar\/portalurbano\/wp-content\/uploads\/2022\/07\/Reclamo-de-trabajadores-de-150x113.jpg",150,113,true]},"author_info":{"display_name":"admpu17wp","author_link":"https:\/\/experienciadevida.com.ar\/portalurbano\/author\/admpu17wp\/"},"category_info":"<a href=\"https:\/\/experienciadevida.com.ar\/portalurbano\/category\/ciudad\/\" rel=\"category tag\">Ciudad<\/a>","tag_info":"Ciudad","comment_count":"0","amp_enabled":true,"_links":{"self":[{"href":"https:\/\/experienciadevida.com.ar\/portalurbano\/wp-json\/wp\/v2\/posts\/171755"}],"collection":[{"href":"https:\/\/experienciadevida.com.ar\/portalurbano\/wp-json\/wp\/v2\/posts"}],"about":[{"href":"https:\/\/experienciadevida.com.ar\/portalurbano\/wp-json\/wp\/v2\/types\/post"}],"author":[{"embeddable":true,"href":"https:\/\/experienciadevida.com.ar\/portalurbano\/wp-json\/wp\/v2\/users\/1"}],"replies":[{"embeddable":true,"href":"https:\/\/experienciadevida.com.ar\/portalurbano\/wp-json\/wp\/v2\/comments?post=171755"}],"version-history":[{"count":2,"href":"https:\/\/experienciadevida.com.ar\/portalurbano\/wp-json\/wp\/v2\/posts\/171755\/revisions"}],"predecessor-version":[{"id":171760,"href":"https:\/\/experienciadevida.com.ar\/portalurbano\/wp-json\/wp\/v2\/posts\/171755\/revisions\/171760"}],"wp:featuredmedia":[{"embeddable":true,"href":"https:\/\/experienciadevida.com.ar\/portalurbano\/wp-json\/wp\/v2\/media\/171756"}],"wp:attachment":[{"href":"https:\/\/experienciadevida.com.ar\/portalurbano\/wp-json\/wp\/v2\/media?parent=171755"}],"wp:term":[{"taxonomy":"category","embeddable":true,"href":"https:\/\/experienciadevida.com.ar\/portalurbano\/wp-json\/wp\/v2\/categories?post=171755"},{"taxonomy":"post_tag","embeddable":true,"href":"https:\/\/experienciadevida.com.ar\/portalurbano\/wp-json\/wp\/v2\/tags?post=171755"}],"curies":[{"name":"wp","href":"https:\/\/api.w.org\/{rel}","templated":true}]}}