{"id":171751,"date":"2022-07-19T12:54:36","date_gmt":"2022-07-19T15:54:36","guid":{"rendered":"https:\/\/experienciadevida.com.ar\/portalurbano\/?p=171751"},"modified":"2022-07-19T12:55:52","modified_gmt":"2022-07-19T15:55:52","slug":"eduardo-rodriguez-destaco-la-obra-de-prolongacion-de-la-autopista-buenos-aires-la-plata-hasta-ruta-11","status":"publish","type":"post","link":"https:\/\/experienciadevida.com.ar\/portalurbano\/eduardo-rodriguez-destaco-la-obra-de-prolongacion-de-la-autopista-buenos-aires-la-plata-hasta-ruta-11\/","title":{"rendered":"Eduardo Rodr\u00edguez destac\u00f3 la obra de prolongaci\u00f3n de la Autopista Buenos Aires &#8211; La Plata hasta Ruta 11"},"content":{"rendered":"<p>Eduardo <a href=\"https:\/\/www.instagram.com\/rodriguezolav\/\">Rodr\u00edguez<\/a> destac\u00f3 la obra de prolongaci\u00f3n de la Autopista Buenos Aires &#8211; La Plata hasta Ruta 11, La obra fue pedida por el Gobernador Kicillof y anunciada por el Presidente, Eduardo Rodr\u00edguez destac\u00f3 la obra de prolongaci\u00f3n de la Autopista Buenos Aires &#8211; La Plata hasta Ruta 11.<\/p>\n<p>La obra fue propuesta por el Gobernador de la Provincia de Buenos Aires, Axel Kicillof, y anunciada en la presentaci\u00f3n del \u201cPlan de Infraestructura Argentina Grande\u201d, impulsado por el presidente Alberto Fern\u00e1ndez.<\/p>\n<p>Durante la presentaci\u00f3n del \u201cPlan de Infraestructura Argentina Grande\u201d, el cual impulsa el Gobierno Nacional, se anunci\u00f3 la ampliaci\u00f3n de la Autopista Buenos Aires &#8211; La Plata, la cual se extender\u00e1 hasta empalmar con la Ruta<br \/>\n11. El gobernador Axel Kicillof, junto al presidente Alberto Fern\u00e1ndez y el Ministro de Obras P\u00fablicas, Gabriel Katopodis, firmaron el convenio correspondiente.<\/p>\n<p>Esta obra fue un pedido del Gobernador de la Provincia de Buenos Aires, Axel Kicillof, y ser\u00e1 financiada por el gobierno nacional. Al respecto, Kicillof defini\u00f3 la ampliaci\u00f3n como \u201cuna obra hist\u00f3rica\u201d que \u201cva a permitir, generar un 30% m\u00e1s del largo que tiene hoy la autopista. Va a permitir, de forma eficaz, unir el puerto de La Plata\u201d, explic\u00f3 el<br \/>\ngobernador haciendo hincapi\u00e9 en las mejoras en el tr\u00e1nsito que posibilitar\u00e1 dicha extensi\u00f3n.<\/p>\n<p>Eduardo Rodr\u00edguez destac\u00f3 la iniciativa indicando que \u201cestas obras de infraestructura mejoran la conectividad de los bonaerenses\u201d. A su vez, Rodr\u00edguez se\u00f1al\u00f3 que \u201cestas obras son parte de un plan estrat\u00e9gico para conectar todos los anillos productivos de la regi\u00f3n. Agreg\u00f3 que \u201cel Gobierno Provincial tiene una visi\u00f3n de desarrollo\u201d y que \u201cbusca impulsar el puerto de La Plata y conectar la Provincia entre s\u00ed\u201d.<\/p>\n<p>Los trabajos que se encuentran previstos para esta ampliaci\u00f3n son:<\/p>\n<p>La continuaci\u00f3n de la Autopista Buenos Aires &#8211; La Plata en traza nueva contar\u00e1 con 11,2 km de extensi\u00f3n.<\/p>\n<p>La obra representar\u00e1 una inversi\u00f3n total de $18.865 millones y beneficiar\u00e1 la circulaci\u00f3n de 27.810 veh\u00edculos diarios.<\/p>\n<p>Los trabajos, que generar\u00e1n 200 puestos de trabajo directos, incluyen la duplicaci\u00f3n de la calzada, la construcci\u00f3n de 1 viaducto, 2 puentes, intervenciones hidr\u00e1ulicas y de alcantarillado, forestaci\u00f3n y demarcaci\u00f3n.<\/p>\n<p>La obra permitir\u00e1 vincular esta v\u00eda con la Ruta Provincial 11, as\u00ed como tambi\u00e9n se conectar\u00e1 con la RP 6 y la Autopista Per\u00f3n.<\/p>\n<p>A nivel local, mejorar\u00e1 la vinculaci\u00f3n con las zonas portuarias de Ensenada y Berisso, y solucionar\u00e1 problemas de capacidad de la circulaci\u00f3n vehicular permitiendo separar el tr\u00e1nsito pesado del urbano, que hoy ambos<br \/>\ncirculan por la Avenida 122.<\/p>\n","protected":false},"excerpt":{"rendered":"<p>Eduardo Rodr\u00edguez destac\u00f3 la obra de prolongaci\u00f3n de la Autopista Buenos Aires &#8211; La Plata&#8230;<\/p>\n","protected":false},"author":1,"featured_media":171752,"comment_status":"closed","ping_status":"closed","sticky":false,"template":"","format":"standard","meta":{"content-type":""},"categories":[27],"tags":[],"nelio_content":{"isAutoShareEnabled":false,"autoShareEndMode":"default","automationSources":{"useContentSentences":true,"useSocialTemplates":true,"useCustomSentences":false,"customSentences":[]},"followers":[1],"suggestedReferences":[],"includedReferences":[],"efiUrl":"","efiAlt":"","highlights":[]},"yoast_head":"<!-- This site is optimized with the Yoast SEO plugin v20.7 - https:\/\/yoast.com\/wordpress\/plugins\/seo\/ -->\n<title>Eduardo Rodr\u00edguez destac\u00f3 la obra de prolongaci\u00f3n de la Autopista<\/title>\n<meta name=\"description\" content=\"Eduardo Rodr\u00edguez destac\u00f3 la obra de prolongaci\u00f3n de la Autopista Buenos Aires - La Plata hasta Ruta 11, La obra fue pedida\" \/>\n<meta name=\"robots\" content=\"index, follow, max-snippet:-1, max-image-preview:large, max-video-preview:-1\" \/>\n<link rel=\"canonical\" href=\"https:\/\/experienciadevida.com.ar\/portalurbano\/eduardo-rodriguez-destaco-la-obra-de-prolongacion-de-la-autopista-buenos-aires-la-plata-hasta-ruta-11\/\" \/>\n<meta property=\"og:locale\" content=\"es_ES\" \/>\n<meta property=\"og:type\" content=\"article\" \/>\n<meta property=\"og:title\" content=\"Eduardo Rodr\u00edguez destac\u00f3 la obra de prolongaci\u00f3n de la Autopista\" \/>\n<meta property=\"og:description\" content=\"Eduardo Rodr\u00edguez destac\u00f3 la obra de prolongaci\u00f3n de la Autopista Buenos Aires - La Plata hasta Ruta 11, La obra fue pedida\" \/>\n<meta property=\"og:url\" content=\"https:\/\/experienciadevida.com.ar\/portalurbano\/eduardo-rodriguez-destaco-la-obra-de-prolongacion-de-la-autopista-buenos-aires-la-plata-hasta-ruta-11\/\" \/>\n<meta property=\"article:publisher\" content=\"https:\/\/www.facebook.com\/Portal-Urbano-171542830093757\/\" \/>\n<meta property=\"article:published_time\" content=\"2022-07-19T15:54:36+00:00\" \/>\n<meta property=\"article:modified_time\" content=\"2022-07-19T15:55:52+00:00\" \/>\n<meta property=\"og:image\" content=\"https:\/\/experienciadevida.com.ar\/portalurbano\/wp-content\/uploads\/2022\/07\/Eduardo-Rodriguez-destaco-la.jpg\" \/>\n\t<meta property=\"og:image:width\" content=\"800\" \/>\n\t<meta property=\"og:image:height\" content=\"500\" \/>\n\t<meta property=\"og:image:type\" content=\"image\/jpeg\" \/>\n<meta name=\"author\" content=\"admpu17wp\" \/>\n<meta name=\"twitter:card\" content=\"summary_large_image\" \/>\n<meta name=\"twitter:creator\" content=\"@portalurbanook\" \/>\n<meta name=\"twitter:site\" content=\"@portalurbanook\" \/>\n<meta name=\"twitter:label1\" content=\"Escrito por\" \/>\n\t<meta name=\"twitter:data1\" content=\"admpu17wp\" \/>\n\t<meta name=\"twitter:label2\" content=\"Tiempo de lectura\" \/>\n\t<meta name=\"twitter:data2\" content=\"2 minutos\" \/>\n<script type=\"application\/ld+json\" class=\"yoast-schema-graph\">{\"@context\":\"https:\/\/schema.org\",\"@graph\":[{\"@type\":\"Article\",\"@id\":\"https:\/\/experienciadevida.com.ar\/portalurbano\/eduardo-rodriguez-destaco-la-obra-de-prolongacion-de-la-autopista-buenos-aires-la-plata-hasta-ruta-11\/#article\",\"isPartOf\":{\"@id\":\"https:\/\/experienciadevida.com.ar\/portalurbano\/eduardo-rodriguez-destaco-la-obra-de-prolongacion-de-la-autopista-buenos-aires-la-plata-hasta-ruta-11\/\"},\"author\":{\"name\":\"admpu17wp\",\"@id\":\"https:\/\/experienciadevida.com.ar\/portalurbano\/#\/schema\/person\/02dd326b1c4b056e9cc972486934a3a7\"},\"headline\":\"Eduardo Rodr\u00edguez destac\u00f3 la obra de prolongaci\u00f3n de la Autopista Buenos Aires &#8211; La Plata hasta Ruta 11\",\"datePublished\":\"2022-07-19T15:54:36+00:00\",\"dateModified\":\"2022-07-19T15:55:52+00:00\",\"mainEntityOfPage\":{\"@id\":\"https:\/\/experienciadevida.com.ar\/portalurbano\/eduardo-rodriguez-destaco-la-obra-de-prolongacion-de-la-autopista-buenos-aires-la-plata-hasta-ruta-11\/\"},\"wordCount\":461,\"publisher\":{\"@id\":\"https:\/\/experienciadevida.com.ar\/portalurbano\/#organization\"},\"articleSection\":[\"Ciudad\"],\"inLanguage\":\"es\"},{\"@type\":\"WebPage\",\"@id\":\"https:\/\/experienciadevida.com.ar\/portalurbano\/eduardo-rodriguez-destaco-la-obra-de-prolongacion-de-la-autopista-buenos-aires-la-plata-hasta-ruta-11\/\",\"url\":\"https:\/\/experienciadevida.com.ar\/portalurbano\/eduardo-rodriguez-destaco-la-obra-de-prolongacion-de-la-autopista-buenos-aires-la-plata-hasta-ruta-11\/\",\"name\":\"Eduardo Rodr\u00edguez destac\u00f3 la obra de prolongaci\u00f3n de la Autopista\",\"isPartOf\":{\"@id\":\"https:\/\/experienciadevida.com.ar\/portalurbano\/#website\"},\"datePublished\":\"2022-07-19T15:54:36+00:00\",\"dateModified\":\"2022-07-19T15:55:52+00:00\",\"description\":\"Eduardo Rodr\u00edguez destac\u00f3 la obra de prolongaci\u00f3n de la Autopista Buenos Aires - La Plata hasta Ruta 11, La obra fue pedida\",\"breadcrumb\":{\"@id\":\"https:\/\/experienciadevida.com.ar\/portalurbano\/eduardo-rodriguez-destaco-la-obra-de-prolongacion-de-la-autopista-buenos-aires-la-plata-hasta-ruta-11\/#breadcrumb\"},\"inLanguage\":\"es\",\"potentialAction\":[{\"@type\":\"ReadAction\",\"target\":[\"https:\/\/experienciadevida.com.ar\/portalurbano\/eduardo-rodriguez-destaco-la-obra-de-prolongacion-de-la-autopista-buenos-aires-la-plata-hasta-ruta-11\/\"]}]},{\"@type\":\"BreadcrumbList\",\"@id\":\"https:\/\/experienciadevida.com.ar\/portalurbano\/eduardo-rodriguez-destaco-la-obra-de-prolongacion-de-la-autopista-buenos-aires-la-plata-hasta-ruta-11\/#breadcrumb\",\"itemListElement\":[{\"@type\":\"ListItem\",\"position\":1,\"name\":\"Portada\",\"item\":\"https:\/\/experienciadevida.com.ar\/portalurbano\/\"},{\"@type\":\"ListItem\",\"position\":2,\"name\":\"Eduardo Rodr\u00edguez destac\u00f3 la obra de prolongaci\u00f3n de la Autopista Buenos Aires &#8211; La Plata hasta Ruta 11\"}]},{\"@type\":\"WebSite\",\"@id\":\"https:\/\/experienciadevida.com.ar\/portalurbano\/#website\",\"url\":\"https:\/\/experienciadevida.com.ar\/portalurbano\/\",\"name\":\"\",\"description\":\"\",\"publisher\":{\"@id\":\"https:\/\/experienciadevida.com.ar\/portalurbano\/#organization\"},\"potentialAction\":[{\"@type\":\"SearchAction\",\"target\":{\"@type\":\"EntryPoint\",\"urlTemplate\":\"https:\/\/experienciadevida.com.ar\/portalurbano\/?s={search_term_string}\"},\"query-input\":\"required name=search_term_string\"}],\"inLanguage\":\"es\"},{\"@type\":\"Organization\",\"@id\":\"https:\/\/experienciadevida.com.ar\/portalurbano\/#organization\",\"name\":\"Portal Urbano\",\"url\":\"https:\/\/experienciadevida.com.ar\/portalurbano\/\",\"logo\":{\"@type\":\"ImageObject\",\"inLanguage\":\"es\",\"@id\":\"https:\/\/experienciadevida.com.ar\/portalurbano\/#\/schema\/logo\/image\/\",\"url\":\"https:\/\/experienciadevida.com.ar\/portalurbano\/wp-content\/uploads\/2019\/09\/Logo-Original.png\",\"contentUrl\":\"https:\/\/experienciadevida.com.ar\/portalurbano\/wp-content\/uploads\/2019\/09\/Logo-Original.png\",\"width\":2236,\"height\":1216,\"caption\":\"Portal Urbano\"},\"image\":{\"@id\":\"https:\/\/experienciadevida.com.ar\/portalurbano\/#\/schema\/logo\/image\/\"},\"sameAs\":[\"https:\/\/www.facebook.com\/Portal-Urbano-171542830093757\/\",\"https:\/\/twitter.com\/portalurbanook\",\"https:\/\/www.instagram.com\/_portalurbano\/\",\"https:\/\/www.youtube.com\/channel\/UCXhagIfszH8KxFiOok79zbA?view_as=subscriber\"]},{\"@type\":\"Person\",\"@id\":\"https:\/\/experienciadevida.com.ar\/portalurbano\/#\/schema\/person\/02dd326b1c4b056e9cc972486934a3a7\",\"name\":\"admpu17wp\",\"image\":{\"@type\":\"ImageObject\",\"inLanguage\":\"es\",\"@id\":\"https:\/\/experienciadevida.com.ar\/portalurbano\/#\/schema\/person\/image\/\",\"url\":\"https:\/\/secure.gravatar.com\/avatar\/830d4c57adaae6630765e449a6908047?s=96&d=mm&r=g\",\"contentUrl\":\"https:\/\/secure.gravatar.com\/avatar\/830d4c57adaae6630765e449a6908047?s=96&d=mm&r=g\",\"caption\":\"admpu17wp\"}}]}<\/script>\n<!-- \/ Yoast SEO plugin. -->","yoast_head_json":{"title":"Eduardo Rodr\u00edguez destac\u00f3 la obra de prolongaci\u00f3n de la Autopista","description":"Eduardo Rodr\u00edguez destac\u00f3 la obra de prolongaci\u00f3n de la Autopista Buenos Aires - La Plata hasta Ruta 11, La obra fue pedida","robots":{"index":"index","follow":"follow","max-snippet":"max-snippet:-1","max-image-preview":"max-image-preview:large","max-video-preview":"max-video-preview:-1"},"canonical":"https:\/\/experienciadevida.com.ar\/portalurbano\/eduardo-rodriguez-destaco-la-obra-de-prolongacion-de-la-autopista-buenos-aires-la-plata-hasta-ruta-11\/","og_locale":"es_ES","og_type":"article","og_title":"Eduardo Rodr\u00edguez destac\u00f3 la obra de prolongaci\u00f3n de la Autopista","og_description":"Eduardo Rodr\u00edguez destac\u00f3 la obra de prolongaci\u00f3n de la Autopista Buenos Aires - La Plata hasta Ruta 11, La obra fue pedida","og_url":"https:\/\/experienciadevida.com.ar\/portalurbano\/eduardo-rodriguez-destaco-la-obra-de-prolongacion-de-la-autopista-buenos-aires-la-plata-hasta-ruta-11\/","article_publisher":"https:\/\/www.facebook.com\/Portal-Urbano-171542830093757\/","article_published_time":"2022-07-19T15:54:36+00:00","article_modified_time":"2022-07-19T15:55:52+00:00","og_image":[{"width":800,"height":500,"url":"https:\/\/experienciadevida.com.ar\/portalurbano\/wp-content\/uploads\/2022\/07\/Eduardo-Rodriguez-destaco-la.jpg","type":"image\/jpeg"}],"author":"admpu17wp","twitter_card":"summary_large_image","twitter_creator":"@portalurbanook","twitter_site":"@portalurbanook","twitter_misc":{"Escrito por":"admpu17wp","Tiempo de lectura":"2 minutos"},"schema":{"@context":"https:\/\/schema.org","@graph":[{"@type":"Article","@id":"https:\/\/experienciadevida.com.ar\/portalurbano\/eduardo-rodriguez-destaco-la-obra-de-prolongacion-de-la-autopista-buenos-aires-la-plata-hasta-ruta-11\/#article","isPartOf":{"@id":"https:\/\/experienciadevida.com.ar\/portalurbano\/eduardo-rodriguez-destaco-la-obra-de-prolongacion-de-la-autopista-buenos-aires-la-plata-hasta-ruta-11\/"},"author":{"name":"admpu17wp","@id":"https:\/\/experienciadevida.com.ar\/portalurbano\/#\/schema\/person\/02dd326b1c4b056e9cc972486934a3a7"},"headline":"Eduardo Rodr\u00edguez destac\u00f3 la obra de prolongaci\u00f3n de la Autopista Buenos Aires &#8211; La Plata hasta Ruta 11","datePublished":"2022-07-19T15:54:36+00:00","dateModified":"2022-07-19T15:55:52+00:00","mainEntityOfPage":{"@id":"https:\/\/experienciadevida.com.ar\/portalurbano\/eduardo-rodriguez-destaco-la-obra-de-prolongacion-de-la-autopista-buenos-aires-la-plata-hasta-ruta-11\/"},"wordCount":461,"publisher":{"@id":"https:\/\/experienciadevida.com.ar\/portalurbano\/#organization"},"articleSection":["Ciudad"],"inLanguage":"es"},{"@type":"WebPage","@id":"https:\/\/experienciadevida.com.ar\/portalurbano\/eduardo-rodriguez-destaco-la-obra-de-prolongacion-de-la-autopista-buenos-aires-la-plata-hasta-ruta-11\/","url":"https:\/\/experienciadevida.com.ar\/portalurbano\/eduardo-rodriguez-destaco-la-obra-de-prolongacion-de-la-autopista-buenos-aires-la-plata-hasta-ruta-11\/","name":"Eduardo Rodr\u00edguez destac\u00f3 la obra de prolongaci\u00f3n de la Autopista","isPartOf":{"@id":"https:\/\/experienciadevida.com.ar\/portalurbano\/#website"},"datePublished":"2022-07-19T15:54:36+00:00","dateModified":"2022-07-19T15:55:52+00:00","description":"Eduardo Rodr\u00edguez destac\u00f3 la obra de prolongaci\u00f3n de la Autopista Buenos Aires - La Plata hasta Ruta 11, La obra fue pedida","breadcrumb":{"@id":"https:\/\/experienciadevida.com.ar\/portalurbano\/eduardo-rodriguez-destaco-la-obra-de-prolongacion-de-la-autopista-buenos-aires-la-plata-hasta-ruta-11\/#breadcrumb"},"inLanguage":"es","potentialAction":[{"@type":"ReadAction","target":["https:\/\/experienciadevida.com.ar\/portalurbano\/eduardo-rodriguez-destaco-la-obra-de-prolongacion-de-la-autopista-buenos-aires-la-plata-hasta-ruta-11\/"]}]},{"@type":"BreadcrumbList","@id":"https:\/\/experienciadevida.com.ar\/portalurbano\/eduardo-rodriguez-destaco-la-obra-de-prolongacion-de-la-autopista-buenos-aires-la-plata-hasta-ruta-11\/#breadcrumb","itemListElement":[{"@type":"ListItem","position":1,"name":"Portada","item":"https:\/\/experienciadevida.com.ar\/portalurbano\/"},{"@type":"ListItem","position":2,"name":"Eduardo Rodr\u00edguez destac\u00f3 la obra de prolongaci\u00f3n de la Autopista Buenos Aires &#8211; La Plata hasta Ruta 11"}]},{"@type":"WebSite","@id":"https:\/\/experienciadevida.com.ar\/portalurbano\/#website","url":"https:\/\/experienciadevida.com.ar\/portalurbano\/","name":"","description":"","publisher":{"@id":"https:\/\/experienciadevida.com.ar\/portalurbano\/#organization"},"potentialAction":[{"@type":"SearchAction","target":{"@type":"EntryPoint","urlTemplate":"https:\/\/experienciadevida.com.ar\/portalurbano\/?s={search_term_string}"},"query-input":"required name=search_term_string"}],"inLanguage":"es"},{"@type":"Organization","@id":"https:\/\/experienciadevida.com.ar\/portalurbano\/#organization","name":"Portal Urbano","url":"https:\/\/experienciadevida.com.ar\/portalurbano\/","logo":{"@type":"ImageObject","inLanguage":"es","@id":"https:\/\/experienciadevida.com.ar\/portalurbano\/#\/schema\/logo\/image\/","url":"https:\/\/experienciadevida.com.ar\/portalurbano\/wp-content\/uploads\/2019\/09\/Logo-Original.png","contentUrl":"https:\/\/experienciadevida.com.ar\/portalurbano\/wp-content\/uploads\/2019\/09\/Logo-Original.png","width":2236,"height":1216,"caption":"Portal Urbano"},"image":{"@id":"https:\/\/experienciadevida.com.ar\/portalurbano\/#\/schema\/logo\/image\/"},"sameAs":["https:\/\/www.facebook.com\/Portal-Urbano-171542830093757\/","https:\/\/twitter.com\/portalurbanook","https:\/\/www.instagram.com\/_portalurbano\/","https:\/\/www.youtube.com\/channel\/UCXhagIfszH8KxFiOok79zbA?view_as=subscriber"]},{"@type":"Person","@id":"https:\/\/experienciadevida.com.ar\/portalurbano\/#\/schema\/person\/02dd326b1c4b056e9cc972486934a3a7","name":"admpu17wp","image":{"@type":"ImageObject","inLanguage":"es","@id":"https:\/\/experienciadevida.com.ar\/portalurbano\/#\/schema\/person\/image\/","url":"https:\/\/secure.gravatar.com\/avatar\/830d4c57adaae6630765e449a6908047?s=96&d=mm&r=g","contentUrl":"https:\/\/secure.gravatar.com\/avatar\/830d4c57adaae6630765e449a6908047?s=96&d=mm&r=g","caption":"admpu17wp"}}]}},"featured_image_urls":{"full":["https:\/\/experienciadevida.com.ar\/portalurbano\/wp-content\/uploads\/2022\/07\/Eduardo-Rodriguez-destaco-la.jpg",800,500,false],"thumbnail":["https:\/\/experienciadevida.com.ar\/portalurbano\/wp-content\/uploads\/2022\/07\/Eduardo-Rodriguez-destaco-la-150x150.jpg",150,150,true],"medium":["https:\/\/experienciadevida.com.ar\/portalurbano\/wp-content\/uploads\/2022\/07\/Eduardo-Rodriguez-destaco-la-300x188.jpg",300,188,true],"medium_large":["https:\/\/experienciadevida.com.ar\/portalurbano\/wp-content\/uploads\/2022\/07\/Eduardo-Rodriguez-destaco-la-768x480.jpg",640,400,true],"large":["https:\/\/experienciadevida.com.ar\/portalurbano\/wp-content\/uploads\/2022\/07\/Eduardo-Rodriguez-destaco-la.jpg",640,400,false],"ug_big":["https:\/\/experienciadevida.com.ar\/portalurbano\/wp-content\/uploads\/2022\/07\/Eduardo-Rodriguez-destaco-la-768x480.jpg",768,480,true],"1536x1536":["https:\/\/experienciadevida.com.ar\/portalurbano\/wp-content\/uploads\/2022\/07\/Eduardo-Rodriguez-destaco-la.jpg",800,500,false],"2048x2048":["https:\/\/experienciadevida.com.ar\/portalurbano\/wp-content\/uploads\/2022\/07\/Eduardo-Rodriguez-destaco-la.jpg",800,500,false],"newsever-slider-full":["https:\/\/experienciadevida.com.ar\/portalurbano\/wp-content\/uploads\/2022\/07\/Eduardo-Rodriguez-destaco-la.jpg",800,500,false],"newsever-featured":["https:\/\/experienciadevida.com.ar\/portalurbano\/wp-content\/uploads\/2022\/07\/Eduardo-Rodriguez-destaco-la.jpg",800,500,false],"newsever-medium":["https:\/\/experienciadevida.com.ar\/portalurbano\/wp-content\/uploads\/2022\/07\/Eduardo-Rodriguez-destaco-la.jpg",720,450,false],"web-stories-poster-portrait":["https:\/\/experienciadevida.com.ar\/portalurbano\/wp-content\/uploads\/2022\/07\/Eduardo-Rodriguez-destaco-la-640x500.jpg",640,500,true],"web-stories-publisher-logo":["https:\/\/experienciadevida.com.ar\/portalurbano\/wp-content\/uploads\/2022\/07\/Eduardo-Rodriguez-destaco-la-96x96.jpg",96,96,true],"web-stories-thumbnail":["https:\/\/experienciadevida.com.ar\/portalurbano\/wp-content\/uploads\/2022\/07\/Eduardo-Rodriguez-destaco-la-150x94.jpg",150,94,true]},"author_info":{"display_name":"admpu17wp","author_link":"https:\/\/experienciadevida.com.ar\/portalurbano\/author\/admpu17wp\/"},"category_info":"<a href=\"https:\/\/experienciadevida.com.ar\/portalurbano\/category\/ciudad\/\" rel=\"category tag\">Ciudad<\/a>","tag_info":"Ciudad","comment_count":"0","amp_enabled":true,"_links":{"self":[{"href":"https:\/\/experienciadevida.com.ar\/portalurbano\/wp-json\/wp\/v2\/posts\/171751"}],"collection":[{"href":"https:\/\/experienciadevida.com.ar\/portalurbano\/wp-json\/wp\/v2\/posts"}],"about":[{"href":"https:\/\/experienciadevida.com.ar\/portalurbano\/wp-json\/wp\/v2\/types\/post"}],"author":[{"embeddable":true,"href":"https:\/\/experienciadevida.com.ar\/portalurbano\/wp-json\/wp\/v2\/users\/1"}],"replies":[{"embeddable":true,"href":"https:\/\/experienciadevida.com.ar\/portalurbano\/wp-json\/wp\/v2\/comments?post=171751"}],"version-history":[{"count":2,"href":"https:\/\/experienciadevida.com.ar\/portalurbano\/wp-json\/wp\/v2\/posts\/171751\/revisions"}],"predecessor-version":[{"id":171754,"href":"https:\/\/experienciadevida.com.ar\/portalurbano\/wp-json\/wp\/v2\/posts\/171751\/revisions\/171754"}],"wp:featuredmedia":[{"embeddable":true,"href":"https:\/\/experienciadevida.com.ar\/portalurbano\/wp-json\/wp\/v2\/media\/171752"}],"wp:attachment":[{"href":"https:\/\/experienciadevida.com.ar\/portalurbano\/wp-json\/wp\/v2\/media?parent=171751"}],"wp:term":[{"taxonomy":"category","embeddable":true,"href":"https:\/\/experienciadevida.com.ar\/portalurbano\/wp-json\/wp\/v2\/categories?post=171751"},{"taxonomy":"post_tag","embeddable":true,"href":"https:\/\/experienciadevida.com.ar\/portalurbano\/wp-json\/wp\/v2\/tags?post=171751"}],"curies":[{"name":"wp","href":"https:\/\/api.w.org\/{rel}","templated":true}]}}