{"id":171741,"date":"2022-07-19T12:37:34","date_gmt":"2022-07-19T15:37:34","guid":{"rendered":"https:\/\/experienciadevida.com.ar\/portalurbano\/?p=171741"},"modified":"2022-07-19T12:40:09","modified_gmt":"2022-07-19T15:40:09","slug":"se-inicia-la-repavimentacion-de-la-avenida-avellaneda","status":"publish","type":"post","link":"https:\/\/experienciadevida.com.ar\/portalurbano\/se-inicia-la-repavimentacion-de-la-avenida-avellaneda\/","title":{"rendered":"Se inicia la repavimentaci\u00f3n de la avenida Avellaneda"},"content":{"rendered":"<div class=\"page-title\">\n<p>Se inicia la repavimentaci\u00f3n de la avenida Avellaneda, desde la Secretar\u00eda de Mantenimiento y Obras P\u00fablicas de la <a href=\"https:\/\/www.facebook.com\/municipiodeolavarria\">Municipalidad<\/a> de Olavarr\u00eda se informa que este mi\u00e9rcoles dar\u00e1 inicio la obra de repavimentaci\u00f3n de la avenida Avellaneda, en el tramo comprendido entre la avenida Eva Per\u00f3n -conocida tambi\u00e9n como Circunvalaci\u00f3n- y la calle 157.<\/p>\n<p>Se trata de la primera etapa de la repavimentaci\u00f3n de un camino que se encuentra actualmente deteriorado y dificulta el tr\u00e1nsito en un sector alta circulaci\u00f3n, que es utilizado como acceso a nuestra ciudad por vecinos de la zona serrana. Vale destacar que la obra contempla adem\u00e1s la construcci\u00f3n de un sector de bicisendas, que permitir\u00e1 el desarrollo de actividades f\u00edsicas y el transito seguro de ciclistas.<\/p>\n<p>La licitaci\u00f3n se llev\u00f3 a cabo el pasado mes de junio y participaron 6 empresas, resultando adjudicataria la firma Atak SRL, que cotiz\u00f3 $91.164.100 pesos. Las tareas se iniciar\u00e1n a las 8 horas de este mi\u00e9rcoles y se detall\u00f3 que el plazo de la obra ser\u00e1 de 4 meses.<\/p>\n<p>En cuanto a las especificaciones t\u00e9cnicas se realizar\u00e1 una carpeta de rodamiento de hormig\u00f3n simple de 0,18 metros de espesor asentada sobre una base de tosca compactada de 0,20 metros de espesor.<\/p>\n<p>Esta obra incluye, adem\u00e1s, banquinas de tosca compactada de 3,00 metros de ancho. El nivel definitivo del pavimento terminado ser\u00e1 el que actualmente tiene la avenida. El ancho de la carpeta de rodamiento ser\u00e1 de 7,30 metros.<\/p>\n<p>Por otra parte, en labores realizadas de manera conjunta con la Direcci\u00f3n de Control Urbano de la Subsecretar\u00eda de Seguridad, a partir de este mi\u00e9rcoles tambi\u00e9n se llevar\u00e1n a cabo diversos cortes y desv\u00edos para reorganizar la circulaci\u00f3n vehicular por el sector. En ese sentido, se precis\u00f3 que estar\u00e1 cerrado al tr\u00e1nsito el acceso a la avenida Avellaneda tanto por la Ruta Provincial N\u00b0 51 como por Eva Per\u00f3n (Circunvalaci\u00f3n).<\/p>\n<\/div>\n<p>A lo que es el barrio privado Sauveterre y sectores aleda\u00f1os se acceder\u00e1 por tanto por avenida Pueyrred\u00f3n, como por la calle 257 (avenida Formosa), para lo cual se colocar\u00e1 la se\u00f1alizaci\u00f3n y carteler\u00eda correspondiente.<\/p>\n<p>Foto Archivo<\/p>\n","protected":false},"excerpt":{"rendered":"<p>Se inicia la repavimentaci\u00f3n de la avenida Avellaneda, desde la Secretar\u00eda de Mantenimiento y Obras&#8230;<\/p>\n","protected":false},"author":1,"featured_media":171742,"comment_status":"closed","ping_status":"closed","sticky":false,"template":"","format":"standard","meta":{"content-type":""},"categories":[27,51],"tags":[],"nelio_content":{"isAutoShareEnabled":false,"autoShareEndMode":"default","automationSources":{"useContentSentences":true,"useSocialTemplates":true,"useCustomSentences":false,"customSentences":[]},"followers":[1],"suggestedReferences":[],"includedReferences":[],"efiUrl":"","efiAlt":"","highlights":[]},"yoast_head":"<!-- This site is optimized with the Yoast SEO plugin v20.7 - https:\/\/yoast.com\/wordpress\/plugins\/seo\/ -->\n<title>Se inicia la repavimentaci\u00f3n de la Avenida Avellaneda<\/title>\n<meta name=\"description\" content=\"Se inicia la repavimentaci\u00f3n de la avenida Avellaneda, desde la Secretar\u00eda de Mantenimiento y Obras P\u00fablicas de la Municipalidad de Olavarr\u00eda\" \/>\n<meta name=\"robots\" content=\"index, follow, max-snippet:-1, max-image-preview:large, max-video-preview:-1\" \/>\n<link rel=\"canonical\" href=\"https:\/\/experienciadevida.com.ar\/portalurbano\/se-inicia-la-repavimentacion-de-la-avenida-avellaneda\/\" \/>\n<meta property=\"og:locale\" content=\"es_ES\" \/>\n<meta property=\"og:type\" content=\"article\" \/>\n<meta property=\"og:title\" content=\"Se inicia la repavimentaci\u00f3n de la Avenida Avellaneda\" \/>\n<meta property=\"og:description\" content=\"Se inicia la repavimentaci\u00f3n de la avenida Avellaneda, desde la Secretar\u00eda de Mantenimiento y Obras P\u00fablicas de la Municipalidad de Olavarr\u00eda\" \/>\n<meta property=\"og:url\" content=\"https:\/\/experienciadevida.com.ar\/portalurbano\/se-inicia-la-repavimentacion-de-la-avenida-avellaneda\/\" \/>\n<meta property=\"article:publisher\" content=\"https:\/\/www.facebook.com\/Portal-Urbano-171542830093757\/\" \/>\n<meta property=\"article:published_time\" content=\"2022-07-19T15:37:34+00:00\" \/>\n<meta property=\"article:modified_time\" content=\"2022-07-19T15:40:09+00:00\" \/>\n<meta property=\"og:image\" content=\"https:\/\/experienciadevida.com.ar\/portalurbano\/wp-content\/uploads\/2022\/07\/Se-inicia-la-repavimentacion.jpeg\" \/>\n\t<meta property=\"og:image:width\" content=\"1024\" \/>\n\t<meta property=\"og:image:height\" content=\"576\" \/>\n\t<meta property=\"og:image:type\" content=\"image\/jpeg\" \/>\n<meta name=\"author\" content=\"admpu17wp\" \/>\n<meta name=\"twitter:card\" content=\"summary_large_image\" \/>\n<meta name=\"twitter:creator\" content=\"@portalurbanook\" \/>\n<meta name=\"twitter:site\" content=\"@portalurbanook\" \/>\n<meta name=\"twitter:label1\" content=\"Escrito por\" \/>\n\t<meta name=\"twitter:data1\" content=\"admpu17wp\" \/>\n\t<meta name=\"twitter:label2\" content=\"Tiempo de lectura\" \/>\n\t<meta name=\"twitter:data2\" content=\"2 minutos\" \/>\n<script type=\"application\/ld+json\" class=\"yoast-schema-graph\">{\"@context\":\"https:\/\/schema.org\",\"@graph\":[{\"@type\":\"Article\",\"@id\":\"https:\/\/experienciadevida.com.ar\/portalurbano\/se-inicia-la-repavimentacion-de-la-avenida-avellaneda\/#article\",\"isPartOf\":{\"@id\":\"https:\/\/experienciadevida.com.ar\/portalurbano\/se-inicia-la-repavimentacion-de-la-avenida-avellaneda\/\"},\"author\":{\"name\":\"admpu17wp\",\"@id\":\"https:\/\/experienciadevida.com.ar\/portalurbano\/#\/schema\/person\/02dd326b1c4b056e9cc972486934a3a7\"},\"headline\":\"Se inicia la repavimentaci\u00f3n de la avenida Avellaneda\",\"datePublished\":\"2022-07-19T15:37:34+00:00\",\"dateModified\":\"2022-07-19T15:40:09+00:00\",\"mainEntityOfPage\":{\"@id\":\"https:\/\/experienciadevida.com.ar\/portalurbano\/se-inicia-la-repavimentacion-de-la-avenida-avellaneda\/\"},\"wordCount\":379,\"publisher\":{\"@id\":\"https:\/\/experienciadevida.com.ar\/portalurbano\/#organization\"},\"articleSection\":[\"Ciudad\",\"Destacadas\"],\"inLanguage\":\"es\"},{\"@type\":\"WebPage\",\"@id\":\"https:\/\/experienciadevida.com.ar\/portalurbano\/se-inicia-la-repavimentacion-de-la-avenida-avellaneda\/\",\"url\":\"https:\/\/experienciadevida.com.ar\/portalurbano\/se-inicia-la-repavimentacion-de-la-avenida-avellaneda\/\",\"name\":\"Se inicia la repavimentaci\u00f3n de la Avenida Avellaneda\",\"isPartOf\":{\"@id\":\"https:\/\/experienciadevida.com.ar\/portalurbano\/#website\"},\"datePublished\":\"2022-07-19T15:37:34+00:00\",\"dateModified\":\"2022-07-19T15:40:09+00:00\",\"description\":\"Se inicia la repavimentaci\u00f3n de la avenida Avellaneda, desde la Secretar\u00eda de Mantenimiento y Obras P\u00fablicas de la Municipalidad de Olavarr\u00eda\",\"breadcrumb\":{\"@id\":\"https:\/\/experienciadevida.com.ar\/portalurbano\/se-inicia-la-repavimentacion-de-la-avenida-avellaneda\/#breadcrumb\"},\"inLanguage\":\"es\",\"potentialAction\":[{\"@type\":\"ReadAction\",\"target\":[\"https:\/\/experienciadevida.com.ar\/portalurbano\/se-inicia-la-repavimentacion-de-la-avenida-avellaneda\/\"]}]},{\"@type\":\"BreadcrumbList\",\"@id\":\"https:\/\/experienciadevida.com.ar\/portalurbano\/se-inicia-la-repavimentacion-de-la-avenida-avellaneda\/#breadcrumb\",\"itemListElement\":[{\"@type\":\"ListItem\",\"position\":1,\"name\":\"Portada\",\"item\":\"https:\/\/experienciadevida.com.ar\/portalurbano\/\"},{\"@type\":\"ListItem\",\"position\":2,\"name\":\"Se inicia la repavimentaci\u00f3n de la avenida Avellaneda\"}]},{\"@type\":\"WebSite\",\"@id\":\"https:\/\/experienciadevida.com.ar\/portalurbano\/#website\",\"url\":\"https:\/\/experienciadevida.com.ar\/portalurbano\/\",\"name\":\"\",\"description\":\"\",\"publisher\":{\"@id\":\"https:\/\/experienciadevida.com.ar\/portalurbano\/#organization\"},\"potentialAction\":[{\"@type\":\"SearchAction\",\"target\":{\"@type\":\"EntryPoint\",\"urlTemplate\":\"https:\/\/experienciadevida.com.ar\/portalurbano\/?s={search_term_string}\"},\"query-input\":\"required name=search_term_string\"}],\"inLanguage\":\"es\"},{\"@type\":\"Organization\",\"@id\":\"https:\/\/experienciadevida.com.ar\/portalurbano\/#organization\",\"name\":\"Portal Urbano\",\"url\":\"https:\/\/experienciadevida.com.ar\/portalurbano\/\",\"logo\":{\"@type\":\"ImageObject\",\"inLanguage\":\"es\",\"@id\":\"https:\/\/experienciadevida.com.ar\/portalurbano\/#\/schema\/logo\/image\/\",\"url\":\"https:\/\/experienciadevida.com.ar\/portalurbano\/wp-content\/uploads\/2019\/09\/Logo-Original.png\",\"contentUrl\":\"https:\/\/experienciadevida.com.ar\/portalurbano\/wp-content\/uploads\/2019\/09\/Logo-Original.png\",\"width\":2236,\"height\":1216,\"caption\":\"Portal Urbano\"},\"image\":{\"@id\":\"https:\/\/experienciadevida.com.ar\/portalurbano\/#\/schema\/logo\/image\/\"},\"sameAs\":[\"https:\/\/www.facebook.com\/Portal-Urbano-171542830093757\/\",\"https:\/\/twitter.com\/portalurbanook\",\"https:\/\/www.instagram.com\/_portalurbano\/\",\"https:\/\/www.youtube.com\/channel\/UCXhagIfszH8KxFiOok79zbA?view_as=subscriber\"]},{\"@type\":\"Person\",\"@id\":\"https:\/\/experienciadevida.com.ar\/portalurbano\/#\/schema\/person\/02dd326b1c4b056e9cc972486934a3a7\",\"name\":\"admpu17wp\",\"image\":{\"@type\":\"ImageObject\",\"inLanguage\":\"es\",\"@id\":\"https:\/\/experienciadevida.com.ar\/portalurbano\/#\/schema\/person\/image\/\",\"url\":\"https:\/\/secure.gravatar.com\/avatar\/830d4c57adaae6630765e449a6908047?s=96&d=mm&r=g\",\"contentUrl\":\"https:\/\/secure.gravatar.com\/avatar\/830d4c57adaae6630765e449a6908047?s=96&d=mm&r=g\",\"caption\":\"admpu17wp\"}}]}<\/script>\n<!-- \/ Yoast SEO plugin. -->","yoast_head_json":{"title":"Se inicia la repavimentaci\u00f3n de la Avenida Avellaneda","description":"Se inicia la repavimentaci\u00f3n de la avenida Avellaneda, desde la Secretar\u00eda de Mantenimiento y Obras P\u00fablicas de la Municipalidad de Olavarr\u00eda","robots":{"index":"index","follow":"follow","max-snippet":"max-snippet:-1","max-image-preview":"max-image-preview:large","max-video-preview":"max-video-preview:-1"},"canonical":"https:\/\/experienciadevida.com.ar\/portalurbano\/se-inicia-la-repavimentacion-de-la-avenida-avellaneda\/","og_locale":"es_ES","og_type":"article","og_title":"Se inicia la repavimentaci\u00f3n de la Avenida Avellaneda","og_description":"Se inicia la repavimentaci\u00f3n de la avenida Avellaneda, desde la Secretar\u00eda de Mantenimiento y Obras P\u00fablicas de la Municipalidad de Olavarr\u00eda","og_url":"https:\/\/experienciadevida.com.ar\/portalurbano\/se-inicia-la-repavimentacion-de-la-avenida-avellaneda\/","article_publisher":"https:\/\/www.facebook.com\/Portal-Urbano-171542830093757\/","article_published_time":"2022-07-19T15:37:34+00:00","article_modified_time":"2022-07-19T15:40:09+00:00","og_image":[{"width":1024,"height":576,"url":"https:\/\/experienciadevida.com.ar\/portalurbano\/wp-content\/uploads\/2022\/07\/Se-inicia-la-repavimentacion.jpeg","type":"image\/jpeg"}],"author":"admpu17wp","twitter_card":"summary_large_image","twitter_creator":"@portalurbanook","twitter_site":"@portalurbanook","twitter_misc":{"Escrito por":"admpu17wp","Tiempo de lectura":"2 minutos"},"schema":{"@context":"https:\/\/schema.org","@graph":[{"@type":"Article","@id":"https:\/\/experienciadevida.com.ar\/portalurbano\/se-inicia-la-repavimentacion-de-la-avenida-avellaneda\/#article","isPartOf":{"@id":"https:\/\/experienciadevida.com.ar\/portalurbano\/se-inicia-la-repavimentacion-de-la-avenida-avellaneda\/"},"author":{"name":"admpu17wp","@id":"https:\/\/experienciadevida.com.ar\/portalurbano\/#\/schema\/person\/02dd326b1c4b056e9cc972486934a3a7"},"headline":"Se inicia la repavimentaci\u00f3n de la avenida Avellaneda","datePublished":"2022-07-19T15:37:34+00:00","dateModified":"2022-07-19T15:40:09+00:00","mainEntityOfPage":{"@id":"https:\/\/experienciadevida.com.ar\/portalurbano\/se-inicia-la-repavimentacion-de-la-avenida-avellaneda\/"},"wordCount":379,"publisher":{"@id":"https:\/\/experienciadevida.com.ar\/portalurbano\/#organization"},"articleSection":["Ciudad","Destacadas"],"inLanguage":"es"},{"@type":"WebPage","@id":"https:\/\/experienciadevida.com.ar\/portalurbano\/se-inicia-la-repavimentacion-de-la-avenida-avellaneda\/","url":"https:\/\/experienciadevida.com.ar\/portalurbano\/se-inicia-la-repavimentacion-de-la-avenida-avellaneda\/","name":"Se inicia la repavimentaci\u00f3n de la Avenida Avellaneda","isPartOf":{"@id":"https:\/\/experienciadevida.com.ar\/portalurbano\/#website"},"datePublished":"2022-07-19T15:37:34+00:00","dateModified":"2022-07-19T15:40:09+00:00","description":"Se inicia la repavimentaci\u00f3n de la avenida Avellaneda, desde la Secretar\u00eda de Mantenimiento y Obras P\u00fablicas de la Municipalidad de Olavarr\u00eda","breadcrumb":{"@id":"https:\/\/experienciadevida.com.ar\/portalurbano\/se-inicia-la-repavimentacion-de-la-avenida-avellaneda\/#breadcrumb"},"inLanguage":"es","potentialAction":[{"@type":"ReadAction","target":["https:\/\/experienciadevida.com.ar\/portalurbano\/se-inicia-la-repavimentacion-de-la-avenida-avellaneda\/"]}]},{"@type":"BreadcrumbList","@id":"https:\/\/experienciadevida.com.ar\/portalurbano\/se-inicia-la-repavimentacion-de-la-avenida-avellaneda\/#breadcrumb","itemListElement":[{"@type":"ListItem","position":1,"name":"Portada","item":"https:\/\/experienciadevida.com.ar\/portalurbano\/"},{"@type":"ListItem","position":2,"name":"Se inicia la repavimentaci\u00f3n de la avenida Avellaneda"}]},{"@type":"WebSite","@id":"https:\/\/experienciadevida.com.ar\/portalurbano\/#website","url":"https:\/\/experienciadevida.com.ar\/portalurbano\/","name":"","description":"","publisher":{"@id":"https:\/\/experienciadevida.com.ar\/portalurbano\/#organization"},"potentialAction":[{"@type":"SearchAction","target":{"@type":"EntryPoint","urlTemplate":"https:\/\/experienciadevida.com.ar\/portalurbano\/?s={search_term_string}"},"query-input":"required name=search_term_string"}],"inLanguage":"es"},{"@type":"Organization","@id":"https:\/\/experienciadevida.com.ar\/portalurbano\/#organization","name":"Portal Urbano","url":"https:\/\/experienciadevida.com.ar\/portalurbano\/","logo":{"@type":"ImageObject","inLanguage":"es","@id":"https:\/\/experienciadevida.com.ar\/portalurbano\/#\/schema\/logo\/image\/","url":"https:\/\/experienciadevida.com.ar\/portalurbano\/wp-content\/uploads\/2019\/09\/Logo-Original.png","contentUrl":"https:\/\/experienciadevida.com.ar\/portalurbano\/wp-content\/uploads\/2019\/09\/Logo-Original.png","width":2236,"height":1216,"caption":"Portal Urbano"},"image":{"@id":"https:\/\/experienciadevida.com.ar\/portalurbano\/#\/schema\/logo\/image\/"},"sameAs":["https:\/\/www.facebook.com\/Portal-Urbano-171542830093757\/","https:\/\/twitter.com\/portalurbanook","https:\/\/www.instagram.com\/_portalurbano\/","https:\/\/www.youtube.com\/channel\/UCXhagIfszH8KxFiOok79zbA?view_as=subscriber"]},{"@type":"Person","@id":"https:\/\/experienciadevida.com.ar\/portalurbano\/#\/schema\/person\/02dd326b1c4b056e9cc972486934a3a7","name":"admpu17wp","image":{"@type":"ImageObject","inLanguage":"es","@id":"https:\/\/experienciadevida.com.ar\/portalurbano\/#\/schema\/person\/image\/","url":"https:\/\/secure.gravatar.com\/avatar\/830d4c57adaae6630765e449a6908047?s=96&d=mm&r=g","contentUrl":"https:\/\/secure.gravatar.com\/avatar\/830d4c57adaae6630765e449a6908047?s=96&d=mm&r=g","caption":"admpu17wp"}}]}},"featured_image_urls":{"full":["https:\/\/experienciadevida.com.ar\/portalurbano\/wp-content\/uploads\/2022\/07\/Se-inicia-la-repavimentacion.jpeg",1024,576,false],"thumbnail":["https:\/\/experienciadevida.com.ar\/portalurbano\/wp-content\/uploads\/2022\/07\/Se-inicia-la-repavimentacion-150x150.jpeg",150,150,true],"medium":["https:\/\/experienciadevida.com.ar\/portalurbano\/wp-content\/uploads\/2022\/07\/Se-inicia-la-repavimentacion-300x169.jpeg",300,169,true],"medium_large":["https:\/\/experienciadevida.com.ar\/portalurbano\/wp-content\/uploads\/2022\/07\/Se-inicia-la-repavimentacion-768x432.jpeg",640,360,true],"large":["https:\/\/experienciadevida.com.ar\/portalurbano\/wp-content\/uploads\/2022\/07\/Se-inicia-la-repavimentacion.jpeg",640,360,false],"ug_big":["https:\/\/experienciadevida.com.ar\/portalurbano\/wp-content\/uploads\/2022\/07\/Se-inicia-la-repavimentacion-768x432.jpeg",768,432,true],"1536x1536":["https:\/\/experienciadevida.com.ar\/portalurbano\/wp-content\/uploads\/2022\/07\/Se-inicia-la-repavimentacion.jpeg",1024,576,false],"2048x2048":["https:\/\/experienciadevida.com.ar\/portalurbano\/wp-content\/uploads\/2022\/07\/Se-inicia-la-repavimentacion.jpeg",1024,576,false],"newsever-slider-full":["https:\/\/experienciadevida.com.ar\/portalurbano\/wp-content\/uploads\/2022\/07\/Se-inicia-la-repavimentacion.jpeg",1024,576,false],"newsever-featured":["https:\/\/experienciadevida.com.ar\/portalurbano\/wp-content\/uploads\/2022\/07\/Se-inicia-la-repavimentacion.jpeg",1024,576,false],"newsever-medium":["https:\/\/experienciadevida.com.ar\/portalurbano\/wp-content\/uploads\/2022\/07\/Se-inicia-la-repavimentacion.jpeg",720,405,false],"web-stories-poster-portrait":["https:\/\/experienciadevida.com.ar\/portalurbano\/wp-content\/uploads\/2022\/07\/Se-inicia-la-repavimentacion-640x576.jpeg",640,576,true],"web-stories-publisher-logo":["https:\/\/experienciadevida.com.ar\/portalurbano\/wp-content\/uploads\/2022\/07\/Se-inicia-la-repavimentacion-96x96.jpeg",96,96,true],"web-stories-thumbnail":["https:\/\/experienciadevida.com.ar\/portalurbano\/wp-content\/uploads\/2022\/07\/Se-inicia-la-repavimentacion-150x84.jpeg",150,84,true]},"author_info":{"display_name":"admpu17wp","author_link":"https:\/\/experienciadevida.com.ar\/portalurbano\/author\/admpu17wp\/"},"category_info":"<a href=\"https:\/\/experienciadevida.com.ar\/portalurbano\/category\/ciudad\/\" rel=\"category tag\">Ciudad<\/a> <a href=\"https:\/\/experienciadevida.com.ar\/portalurbano\/category\/destacadas\/\" rel=\"category tag\">Destacadas<\/a>","tag_info":"Destacadas","comment_count":"0","amp_enabled":true,"_links":{"self":[{"href":"https:\/\/experienciadevida.com.ar\/portalurbano\/wp-json\/wp\/v2\/posts\/171741"}],"collection":[{"href":"https:\/\/experienciadevida.com.ar\/portalurbano\/wp-json\/wp\/v2\/posts"}],"about":[{"href":"https:\/\/experienciadevida.com.ar\/portalurbano\/wp-json\/wp\/v2\/types\/post"}],"author":[{"embeddable":true,"href":"https:\/\/experienciadevida.com.ar\/portalurbano\/wp-json\/wp\/v2\/users\/1"}],"replies":[{"embeddable":true,"href":"https:\/\/experienciadevida.com.ar\/portalurbano\/wp-json\/wp\/v2\/comments?post=171741"}],"version-history":[{"count":3,"href":"https:\/\/experienciadevida.com.ar\/portalurbano\/wp-json\/wp\/v2\/posts\/171741\/revisions"}],"predecessor-version":[{"id":171745,"href":"https:\/\/experienciadevida.com.ar\/portalurbano\/wp-json\/wp\/v2\/posts\/171741\/revisions\/171745"}],"wp:featuredmedia":[{"embeddable":true,"href":"https:\/\/experienciadevida.com.ar\/portalurbano\/wp-json\/wp\/v2\/media\/171742"}],"wp:attachment":[{"href":"https:\/\/experienciadevida.com.ar\/portalurbano\/wp-json\/wp\/v2\/media?parent=171741"}],"wp:term":[{"taxonomy":"category","embeddable":true,"href":"https:\/\/experienciadevida.com.ar\/portalurbano\/wp-json\/wp\/v2\/categories?post=171741"},{"taxonomy":"post_tag","embeddable":true,"href":"https:\/\/experienciadevida.com.ar\/portalurbano\/wp-json\/wp\/v2\/tags?post=171741"}],"curies":[{"name":"wp","href":"https:\/\/api.w.org\/{rel}","templated":true}]}}