{"id":171736,"date":"2022-07-19T12:26:21","date_gmt":"2022-07-19T15:26:21","guid":{"rendered":"https:\/\/experienciadevida.com.ar\/portalurbano\/?p=171736"},"modified":"2022-07-19T12:30:12","modified_gmt":"2022-07-19T15:30:12","slug":"articulacion-entre-la-secretaria-de-desarrollo-economico-municipal-e-iteco","status":"publish","type":"post","link":"https:\/\/experienciadevida.com.ar\/portalurbano\/articulacion-entre-la-secretaria-de-desarrollo-economico-municipal-e-iteco\/","title":{"rendered":"Articulaci\u00f3n entre la Secretar\u00eda de Desarrollo Econ\u00f3mico Municipal e ITECO"},"content":{"rendered":"<p>Articulaci\u00f3n entre la Secretar\u00eda de Desarrollo Econ\u00f3mico <a href=\"https:\/\/www.facebook.com\/municipiodeolavarria\">Municipal<\/a> e ITECO, d\u00edas atr\u00e1s se concret\u00f3 en la sede de la Fundaci\u00f3n Instituto Tecnol\u00f3gico Olavarr\u00eda -ITECO- una reuni\u00f3n de trabajo de la que tomaron parte funcionarios de la Direcci\u00f3n de Empleo y Asistencia a Empresas, ambas pertenecientes a la Secretar\u00eda de Desarrollo Econ\u00f3mico Municipal.<\/p>\n<p>Se detall\u00f3 que el agrimensor Carlos Garc\u00eda (Director Acad\u00e9mico) y el ingeniero Alberto Miotti (Asesor de ITECO) recibieron a la Directora de Empleo Municipal, la licenciada Natalia Alcaza, y al responsable del \u00e1rea de asistencia de la Direcci\u00f3n de Empresas, el ingeniero Horacio Balbiani. El objetivo del encuentro fue avanzar en un trabajo cooperativo relacionado con la inserci\u00f3n de los alumnos en las empresas.<\/p>\n<p>La reuni\u00f3n se enmarc\u00f3 en las tareas y gestiones que desde la Secretaria de Desarrollo Econ\u00f3mico se realizan para acompa\u00f1ar la inserci\u00f3n del egresado al \u00e1mbito laboral. En ese sentido, por un lado se promocionaron los programas de empleo vigentes y, por otro, se explicaron los programas de acompa\u00f1amiento a empresas con importantes subsidios.<\/p>\n<p>En lo que respecta a capacitaci\u00f3n es por importante recordar y resaltar la oferta acad\u00e9mica dictada por ITECO. La Fundaci\u00f3n Instituto Tecnol\u00f3gico Olavarr\u00eda, cuenta con distintas carreras entre las que se destacan la Tecnicatura Superior en Administraci\u00f3n General, la Tecnicatura Superior en Mantenimiento, Tecnicatura Superior en Automatizaci\u00f3n y Control, Tecnicatura Superior en Miner\u00eda y distintos cursos a solicitud de empresas.<\/p>\n","protected":false},"excerpt":{"rendered":"<p>Articulaci\u00f3n entre la Secretar\u00eda de Desarrollo Econ\u00f3mico Municipal e ITECO, d\u00edas atr\u00e1s se concret\u00f3 en&#8230;<\/p>\n","protected":false},"author":1,"featured_media":171737,"comment_status":"closed","ping_status":"closed","sticky":false,"template":"","format":"standard","meta":{"content-type":""},"categories":[27,64],"tags":[],"nelio_content":{"isAutoShareEnabled":false,"autoShareEndMode":"default","automationSources":{"useContentSentences":true,"useSocialTemplates":true,"useCustomSentences":false,"customSentences":[]},"followers":[1],"suggestedReferences":[],"includedReferences":[],"efiUrl":"","efiAlt":"","highlights":[]},"yoast_head":"<!-- This site is optimized with the Yoast SEO plugin v20.7 - https:\/\/yoast.com\/wordpress\/plugins\/seo\/ -->\n<title>Articulaci\u00f3n entre la Secretar\u00eda de desarrollo econ\u00f3mico Municipal<\/title>\n<meta name=\"description\" content=\"Articulaci\u00f3n entre la Secretar\u00eda de Desarrollo Econ\u00f3mico Municipal e ITECO, d\u00edas atr\u00e1s se concret\u00f3 en la sede de la Fundaci\u00f3n\" \/>\n<meta name=\"robots\" content=\"index, follow, max-snippet:-1, max-image-preview:large, max-video-preview:-1\" \/>\n<link rel=\"canonical\" href=\"https:\/\/experienciadevida.com.ar\/portalurbano\/articulacion-entre-la-secretaria-de-desarrollo-economico-municipal-e-iteco\/\" \/>\n<meta property=\"og:locale\" content=\"es_ES\" \/>\n<meta property=\"og:type\" content=\"article\" \/>\n<meta property=\"og:title\" content=\"Articulaci\u00f3n entre la Secretar\u00eda de desarrollo econ\u00f3mico Municipal\" \/>\n<meta property=\"og:description\" content=\"Articulaci\u00f3n entre la Secretar\u00eda de Desarrollo Econ\u00f3mico Municipal e ITECO, d\u00edas atr\u00e1s se concret\u00f3 en la sede de la Fundaci\u00f3n\" \/>\n<meta property=\"og:url\" content=\"https:\/\/experienciadevida.com.ar\/portalurbano\/articulacion-entre-la-secretaria-de-desarrollo-economico-municipal-e-iteco\/\" \/>\n<meta property=\"article:publisher\" content=\"https:\/\/www.facebook.com\/Portal-Urbano-171542830093757\/\" \/>\n<meta property=\"article:published_time\" content=\"2022-07-19T15:26:21+00:00\" \/>\n<meta property=\"article:modified_time\" content=\"2022-07-19T15:30:12+00:00\" \/>\n<meta property=\"og:image\" content=\"https:\/\/experienciadevida.com.ar\/portalurbano\/wp-content\/uploads\/2022\/07\/Articulacion-entre-la-Secretaria.jpg\" \/>\n\t<meta property=\"og:image:width\" content=\"1024\" \/>\n\t<meta property=\"og:image:height\" content=\"682\" \/>\n\t<meta property=\"og:image:type\" content=\"image\/jpeg\" \/>\n<meta name=\"author\" content=\"admpu17wp\" \/>\n<meta name=\"twitter:card\" content=\"summary_large_image\" \/>\n<meta name=\"twitter:creator\" content=\"@portalurbanook\" \/>\n<meta name=\"twitter:site\" content=\"@portalurbanook\" \/>\n<meta name=\"twitter:label1\" content=\"Escrito por\" \/>\n\t<meta name=\"twitter:data1\" content=\"admpu17wp\" \/>\n\t<meta name=\"twitter:label2\" content=\"Tiempo de lectura\" \/>\n\t<meta name=\"twitter:data2\" content=\"2 minutos\" \/>\n<script type=\"application\/ld+json\" class=\"yoast-schema-graph\">{\"@context\":\"https:\/\/schema.org\",\"@graph\":[{\"@type\":\"Article\",\"@id\":\"https:\/\/experienciadevida.com.ar\/portalurbano\/articulacion-entre-la-secretaria-de-desarrollo-economico-municipal-e-iteco\/#article\",\"isPartOf\":{\"@id\":\"https:\/\/experienciadevida.com.ar\/portalurbano\/articulacion-entre-la-secretaria-de-desarrollo-economico-municipal-e-iteco\/\"},\"author\":{\"name\":\"admpu17wp\",\"@id\":\"https:\/\/experienciadevida.com.ar\/portalurbano\/#\/schema\/person\/02dd326b1c4b056e9cc972486934a3a7\"},\"headline\":\"Articulaci\u00f3n entre la Secretar\u00eda de Desarrollo Econ\u00f3mico Municipal e ITECO\",\"datePublished\":\"2022-07-19T15:26:21+00:00\",\"dateModified\":\"2022-07-19T15:30:12+00:00\",\"mainEntityOfPage\":{\"@id\":\"https:\/\/experienciadevida.com.ar\/portalurbano\/articulacion-entre-la-secretaria-de-desarrollo-economico-municipal-e-iteco\/\"},\"wordCount\":272,\"publisher\":{\"@id\":\"https:\/\/experienciadevida.com.ar\/portalurbano\/#organization\"},\"articleSection\":[\"Ciudad\",\"Destacadas 2\"],\"inLanguage\":\"es\"},{\"@type\":\"WebPage\",\"@id\":\"https:\/\/experienciadevida.com.ar\/portalurbano\/articulacion-entre-la-secretaria-de-desarrollo-economico-municipal-e-iteco\/\",\"url\":\"https:\/\/experienciadevida.com.ar\/portalurbano\/articulacion-entre-la-secretaria-de-desarrollo-economico-municipal-e-iteco\/\",\"name\":\"Articulaci\u00f3n entre la Secretar\u00eda de desarrollo econ\u00f3mico Municipal\",\"isPartOf\":{\"@id\":\"https:\/\/experienciadevida.com.ar\/portalurbano\/#website\"},\"datePublished\":\"2022-07-19T15:26:21+00:00\",\"dateModified\":\"2022-07-19T15:30:12+00:00\",\"description\":\"Articulaci\u00f3n entre la Secretar\u00eda de Desarrollo Econ\u00f3mico Municipal e ITECO, d\u00edas atr\u00e1s se concret\u00f3 en la sede de la Fundaci\u00f3n\",\"breadcrumb\":{\"@id\":\"https:\/\/experienciadevida.com.ar\/portalurbano\/articulacion-entre-la-secretaria-de-desarrollo-economico-municipal-e-iteco\/#breadcrumb\"},\"inLanguage\":\"es\",\"potentialAction\":[{\"@type\":\"ReadAction\",\"target\":[\"https:\/\/experienciadevida.com.ar\/portalurbano\/articulacion-entre-la-secretaria-de-desarrollo-economico-municipal-e-iteco\/\"]}]},{\"@type\":\"BreadcrumbList\",\"@id\":\"https:\/\/experienciadevida.com.ar\/portalurbano\/articulacion-entre-la-secretaria-de-desarrollo-economico-municipal-e-iteco\/#breadcrumb\",\"itemListElement\":[{\"@type\":\"ListItem\",\"position\":1,\"name\":\"Portada\",\"item\":\"https:\/\/experienciadevida.com.ar\/portalurbano\/\"},{\"@type\":\"ListItem\",\"position\":2,\"name\":\"Articulaci\u00f3n entre la Secretar\u00eda de Desarrollo Econ\u00f3mico Municipal e ITECO\"}]},{\"@type\":\"WebSite\",\"@id\":\"https:\/\/experienciadevida.com.ar\/portalurbano\/#website\",\"url\":\"https:\/\/experienciadevida.com.ar\/portalurbano\/\",\"name\":\"\",\"description\":\"\",\"publisher\":{\"@id\":\"https:\/\/experienciadevida.com.ar\/portalurbano\/#organization\"},\"potentialAction\":[{\"@type\":\"SearchAction\",\"target\":{\"@type\":\"EntryPoint\",\"urlTemplate\":\"https:\/\/experienciadevida.com.ar\/portalurbano\/?s={search_term_string}\"},\"query-input\":\"required name=search_term_string\"}],\"inLanguage\":\"es\"},{\"@type\":\"Organization\",\"@id\":\"https:\/\/experienciadevida.com.ar\/portalurbano\/#organization\",\"name\":\"Portal Urbano\",\"url\":\"https:\/\/experienciadevida.com.ar\/portalurbano\/\",\"logo\":{\"@type\":\"ImageObject\",\"inLanguage\":\"es\",\"@id\":\"https:\/\/experienciadevida.com.ar\/portalurbano\/#\/schema\/logo\/image\/\",\"url\":\"https:\/\/experienciadevida.com.ar\/portalurbano\/wp-content\/uploads\/2019\/09\/Logo-Original.png\",\"contentUrl\":\"https:\/\/experienciadevida.com.ar\/portalurbano\/wp-content\/uploads\/2019\/09\/Logo-Original.png\",\"width\":2236,\"height\":1216,\"caption\":\"Portal Urbano\"},\"image\":{\"@id\":\"https:\/\/experienciadevida.com.ar\/portalurbano\/#\/schema\/logo\/image\/\"},\"sameAs\":[\"https:\/\/www.facebook.com\/Portal-Urbano-171542830093757\/\",\"https:\/\/twitter.com\/portalurbanook\",\"https:\/\/www.instagram.com\/_portalurbano\/\",\"https:\/\/www.youtube.com\/channel\/UCXhagIfszH8KxFiOok79zbA?view_as=subscriber\"]},{\"@type\":\"Person\",\"@id\":\"https:\/\/experienciadevida.com.ar\/portalurbano\/#\/schema\/person\/02dd326b1c4b056e9cc972486934a3a7\",\"name\":\"admpu17wp\",\"image\":{\"@type\":\"ImageObject\",\"inLanguage\":\"es\",\"@id\":\"https:\/\/experienciadevida.com.ar\/portalurbano\/#\/schema\/person\/image\/\",\"url\":\"https:\/\/secure.gravatar.com\/avatar\/830d4c57adaae6630765e449a6908047?s=96&d=mm&r=g\",\"contentUrl\":\"https:\/\/secure.gravatar.com\/avatar\/830d4c57adaae6630765e449a6908047?s=96&d=mm&r=g\",\"caption\":\"admpu17wp\"}}]}<\/script>\n<!-- \/ Yoast SEO plugin. -->","yoast_head_json":{"title":"Articulaci\u00f3n entre la Secretar\u00eda de desarrollo econ\u00f3mico Municipal","description":"Articulaci\u00f3n entre la Secretar\u00eda de Desarrollo Econ\u00f3mico Municipal e ITECO, d\u00edas atr\u00e1s se concret\u00f3 en la sede de la Fundaci\u00f3n","robots":{"index":"index","follow":"follow","max-snippet":"max-snippet:-1","max-image-preview":"max-image-preview:large","max-video-preview":"max-video-preview:-1"},"canonical":"https:\/\/experienciadevida.com.ar\/portalurbano\/articulacion-entre-la-secretaria-de-desarrollo-economico-municipal-e-iteco\/","og_locale":"es_ES","og_type":"article","og_title":"Articulaci\u00f3n entre la Secretar\u00eda de desarrollo econ\u00f3mico Municipal","og_description":"Articulaci\u00f3n entre la Secretar\u00eda de Desarrollo Econ\u00f3mico Municipal e ITECO, d\u00edas atr\u00e1s se concret\u00f3 en la sede de la Fundaci\u00f3n","og_url":"https:\/\/experienciadevida.com.ar\/portalurbano\/articulacion-entre-la-secretaria-de-desarrollo-economico-municipal-e-iteco\/","article_publisher":"https:\/\/www.facebook.com\/Portal-Urbano-171542830093757\/","article_published_time":"2022-07-19T15:26:21+00:00","article_modified_time":"2022-07-19T15:30:12+00:00","og_image":[{"width":1024,"height":682,"url":"https:\/\/experienciadevida.com.ar\/portalurbano\/wp-content\/uploads\/2022\/07\/Articulacion-entre-la-Secretaria.jpg","type":"image\/jpeg"}],"author":"admpu17wp","twitter_card":"summary_large_image","twitter_creator":"@portalurbanook","twitter_site":"@portalurbanook","twitter_misc":{"Escrito por":"admpu17wp","Tiempo de lectura":"2 minutos"},"schema":{"@context":"https:\/\/schema.org","@graph":[{"@type":"Article","@id":"https:\/\/experienciadevida.com.ar\/portalurbano\/articulacion-entre-la-secretaria-de-desarrollo-economico-municipal-e-iteco\/#article","isPartOf":{"@id":"https:\/\/experienciadevida.com.ar\/portalurbano\/articulacion-entre-la-secretaria-de-desarrollo-economico-municipal-e-iteco\/"},"author":{"name":"admpu17wp","@id":"https:\/\/experienciadevida.com.ar\/portalurbano\/#\/schema\/person\/02dd326b1c4b056e9cc972486934a3a7"},"headline":"Articulaci\u00f3n entre la Secretar\u00eda de Desarrollo Econ\u00f3mico Municipal e ITECO","datePublished":"2022-07-19T15:26:21+00:00","dateModified":"2022-07-19T15:30:12+00:00","mainEntityOfPage":{"@id":"https:\/\/experienciadevida.com.ar\/portalurbano\/articulacion-entre-la-secretaria-de-desarrollo-economico-municipal-e-iteco\/"},"wordCount":272,"publisher":{"@id":"https:\/\/experienciadevida.com.ar\/portalurbano\/#organization"},"articleSection":["Ciudad","Destacadas 2"],"inLanguage":"es"},{"@type":"WebPage","@id":"https:\/\/experienciadevida.com.ar\/portalurbano\/articulacion-entre-la-secretaria-de-desarrollo-economico-municipal-e-iteco\/","url":"https:\/\/experienciadevida.com.ar\/portalurbano\/articulacion-entre-la-secretaria-de-desarrollo-economico-municipal-e-iteco\/","name":"Articulaci\u00f3n entre la Secretar\u00eda de desarrollo econ\u00f3mico Municipal","isPartOf":{"@id":"https:\/\/experienciadevida.com.ar\/portalurbano\/#website"},"datePublished":"2022-07-19T15:26:21+00:00","dateModified":"2022-07-19T15:30:12+00:00","description":"Articulaci\u00f3n entre la Secretar\u00eda de Desarrollo Econ\u00f3mico Municipal e ITECO, d\u00edas atr\u00e1s se concret\u00f3 en la sede de la Fundaci\u00f3n","breadcrumb":{"@id":"https:\/\/experienciadevida.com.ar\/portalurbano\/articulacion-entre-la-secretaria-de-desarrollo-economico-municipal-e-iteco\/#breadcrumb"},"inLanguage":"es","potentialAction":[{"@type":"ReadAction","target":["https:\/\/experienciadevida.com.ar\/portalurbano\/articulacion-entre-la-secretaria-de-desarrollo-economico-municipal-e-iteco\/"]}]},{"@type":"BreadcrumbList","@id":"https:\/\/experienciadevida.com.ar\/portalurbano\/articulacion-entre-la-secretaria-de-desarrollo-economico-municipal-e-iteco\/#breadcrumb","itemListElement":[{"@type":"ListItem","position":1,"name":"Portada","item":"https:\/\/experienciadevida.com.ar\/portalurbano\/"},{"@type":"ListItem","position":2,"name":"Articulaci\u00f3n entre la Secretar\u00eda de Desarrollo Econ\u00f3mico Municipal e ITECO"}]},{"@type":"WebSite","@id":"https:\/\/experienciadevida.com.ar\/portalurbano\/#website","url":"https:\/\/experienciadevida.com.ar\/portalurbano\/","name":"","description":"","publisher":{"@id":"https:\/\/experienciadevida.com.ar\/portalurbano\/#organization"},"potentialAction":[{"@type":"SearchAction","target":{"@type":"EntryPoint","urlTemplate":"https:\/\/experienciadevida.com.ar\/portalurbano\/?s={search_term_string}"},"query-input":"required name=search_term_string"}],"inLanguage":"es"},{"@type":"Organization","@id":"https:\/\/experienciadevida.com.ar\/portalurbano\/#organization","name":"Portal Urbano","url":"https:\/\/experienciadevida.com.ar\/portalurbano\/","logo":{"@type":"ImageObject","inLanguage":"es","@id":"https:\/\/experienciadevida.com.ar\/portalurbano\/#\/schema\/logo\/image\/","url":"https:\/\/experienciadevida.com.ar\/portalurbano\/wp-content\/uploads\/2019\/09\/Logo-Original.png","contentUrl":"https:\/\/experienciadevida.com.ar\/portalurbano\/wp-content\/uploads\/2019\/09\/Logo-Original.png","width":2236,"height":1216,"caption":"Portal Urbano"},"image":{"@id":"https:\/\/experienciadevida.com.ar\/portalurbano\/#\/schema\/logo\/image\/"},"sameAs":["https:\/\/www.facebook.com\/Portal-Urbano-171542830093757\/","https:\/\/twitter.com\/portalurbanook","https:\/\/www.instagram.com\/_portalurbano\/","https:\/\/www.youtube.com\/channel\/UCXhagIfszH8KxFiOok79zbA?view_as=subscriber"]},{"@type":"Person","@id":"https:\/\/experienciadevida.com.ar\/portalurbano\/#\/schema\/person\/02dd326b1c4b056e9cc972486934a3a7","name":"admpu17wp","image":{"@type":"ImageObject","inLanguage":"es","@id":"https:\/\/experienciadevida.com.ar\/portalurbano\/#\/schema\/person\/image\/","url":"https:\/\/secure.gravatar.com\/avatar\/830d4c57adaae6630765e449a6908047?s=96&d=mm&r=g","contentUrl":"https:\/\/secure.gravatar.com\/avatar\/830d4c57adaae6630765e449a6908047?s=96&d=mm&r=g","caption":"admpu17wp"}}]}},"featured_image_urls":{"full":["https:\/\/experienciadevida.com.ar\/portalurbano\/wp-content\/uploads\/2022\/07\/Articulacion-entre-la-Secretaria.jpg",1024,682,false],"thumbnail":["https:\/\/experienciadevida.com.ar\/portalurbano\/wp-content\/uploads\/2022\/07\/Articulacion-entre-la-Secretaria-150x150.jpg",150,150,true],"medium":["https:\/\/experienciadevida.com.ar\/portalurbano\/wp-content\/uploads\/2022\/07\/Articulacion-entre-la-Secretaria-300x200.jpg",300,200,true],"medium_large":["https:\/\/experienciadevida.com.ar\/portalurbano\/wp-content\/uploads\/2022\/07\/Articulacion-entre-la-Secretaria-768x512.jpg",640,427,true],"large":["https:\/\/experienciadevida.com.ar\/portalurbano\/wp-content\/uploads\/2022\/07\/Articulacion-entre-la-Secretaria.jpg",640,426,false],"ug_big":["https:\/\/experienciadevida.com.ar\/portalurbano\/wp-content\/uploads\/2022\/07\/Articulacion-entre-la-Secretaria-768x512.jpg",768,512,true],"1536x1536":["https:\/\/experienciadevida.com.ar\/portalurbano\/wp-content\/uploads\/2022\/07\/Articulacion-entre-la-Secretaria.jpg",1024,682,false],"2048x2048":["https:\/\/experienciadevida.com.ar\/portalurbano\/wp-content\/uploads\/2022\/07\/Articulacion-entre-la-Secretaria.jpg",1024,682,false],"newsever-slider-full":["https:\/\/experienciadevida.com.ar\/portalurbano\/wp-content\/uploads\/2022\/07\/Articulacion-entre-la-Secretaria.jpg",1024,682,false],"newsever-featured":["https:\/\/experienciadevida.com.ar\/portalurbano\/wp-content\/uploads\/2022\/07\/Articulacion-entre-la-Secretaria.jpg",1024,682,false],"newsever-medium":["https:\/\/experienciadevida.com.ar\/portalurbano\/wp-content\/uploads\/2022\/07\/Articulacion-entre-la-Secretaria.jpg",713,475,false],"web-stories-poster-portrait":["https:\/\/experienciadevida.com.ar\/portalurbano\/wp-content\/uploads\/2022\/07\/Articulacion-entre-la-Secretaria-640x682.jpg",640,682,true],"web-stories-publisher-logo":["https:\/\/experienciadevida.com.ar\/portalurbano\/wp-content\/uploads\/2022\/07\/Articulacion-entre-la-Secretaria-96x96.jpg",96,96,true],"web-stories-thumbnail":["https:\/\/experienciadevida.com.ar\/portalurbano\/wp-content\/uploads\/2022\/07\/Articulacion-entre-la-Secretaria-150x100.jpg",150,100,true]},"author_info":{"display_name":"admpu17wp","author_link":"https:\/\/experienciadevida.com.ar\/portalurbano\/author\/admpu17wp\/"},"category_info":"<a href=\"https:\/\/experienciadevida.com.ar\/portalurbano\/category\/ciudad\/\" rel=\"category tag\">Ciudad<\/a> <a href=\"https:\/\/experienciadevida.com.ar\/portalurbano\/category\/destacadas-2\/\" rel=\"category tag\">Destacadas 2<\/a>","tag_info":"Destacadas 2","comment_count":"0","amp_enabled":true,"_links":{"self":[{"href":"https:\/\/experienciadevida.com.ar\/portalurbano\/wp-json\/wp\/v2\/posts\/171736"}],"collection":[{"href":"https:\/\/experienciadevida.com.ar\/portalurbano\/wp-json\/wp\/v2\/posts"}],"about":[{"href":"https:\/\/experienciadevida.com.ar\/portalurbano\/wp-json\/wp\/v2\/types\/post"}],"author":[{"embeddable":true,"href":"https:\/\/experienciadevida.com.ar\/portalurbano\/wp-json\/wp\/v2\/users\/1"}],"replies":[{"embeddable":true,"href":"https:\/\/experienciadevida.com.ar\/portalurbano\/wp-json\/wp\/v2\/comments?post=171736"}],"version-history":[{"count":3,"href":"https:\/\/experienciadevida.com.ar\/portalurbano\/wp-json\/wp\/v2\/posts\/171736\/revisions"}],"predecessor-version":[{"id":171740,"href":"https:\/\/experienciadevida.com.ar\/portalurbano\/wp-json\/wp\/v2\/posts\/171736\/revisions\/171740"}],"wp:featuredmedia":[{"embeddable":true,"href":"https:\/\/experienciadevida.com.ar\/portalurbano\/wp-json\/wp\/v2\/media\/171737"}],"wp:attachment":[{"href":"https:\/\/experienciadevida.com.ar\/portalurbano\/wp-json\/wp\/v2\/media?parent=171736"}],"wp:term":[{"taxonomy":"category","embeddable":true,"href":"https:\/\/experienciadevida.com.ar\/portalurbano\/wp-json\/wp\/v2\/categories?post=171736"},{"taxonomy":"post_tag","embeddable":true,"href":"https:\/\/experienciadevida.com.ar\/portalurbano\/wp-json\/wp\/v2\/tags?post=171736"}],"curies":[{"name":"wp","href":"https:\/\/api.w.org\/{rel}","templated":true}]}}