{"id":171709,"date":"2022-07-18T20:22:04","date_gmt":"2022-07-18T23:22:04","guid":{"rendered":"https:\/\/experienciadevida.com.ar\/portalurbano\/?p=171709"},"modified":"2022-07-18T20:23:56","modified_gmt":"2022-07-18T23:23:56","slug":"actualizacion-de-tasas-de-servicios-urbanos-proteccion-ciudadana-y-defensa-civil","status":"publish","type":"post","link":"https:\/\/experienciadevida.com.ar\/portalurbano\/actualizacion-de-tasas-de-servicios-urbanos-proteccion-ciudadana-y-defensa-civil\/","title":{"rendered":"Actualizaci\u00f3n de tasas de Servicios Urbanos, Protecci\u00f3n Ciudadana y Defensa Civil"},"content":{"rendered":"<p>Actualizaci\u00f3n de tasas de Servicios Urbanos, Protecci\u00f3n Ciudadana y Defensa Civil, se informa que la liquidaci\u00f3n de la Tasa de Servicios Generales Urbanos en conjunto con la Tasa de Protecci\u00f3n Ciudadana y Defensa Civil que vence en el mes de agosto incluye los nuevos valores determinados por Decreto 3434 de fecha 15 de julio de 2022, con un incremento del 36.2% respecto de los valores anteriores, de acuerdo al \u00edndice inflacionario IPC nivel general publicado por el INDEC por el semestre enero a junio de 2022.<\/p>\n<p>Cabe mencionar que esta potestad surge del en art\u00edculo 23 de la Ordenanza Fiscal N\u00ba 2.460\/99 y sus modificatorias.<\/p>\n<p>Asimismo, y en funci\u00f3n que los valores aprobados en el mismo rigen a partir del 01 de julio del a\u00f1o en curso, se ha liquidado un retroactivo por \u00fanica vez correspondiente al mes de julio de 2022 que corresponde al diferencial entre los nuevos valores y el liquidado para dicho mes oportunamente.<br \/>\nEl incremento del 36.2% mencionado anteriormente rige para otros tributos y tasas municipales tales como la tasa de servicios generales rurales, la tasa de seguridad e higiene, entre otras.<\/p>\n<p>&nbsp;<\/p>\n","protected":false},"excerpt":{"rendered":"<p>Actualizaci\u00f3n de tasas de Servicios Urbanos, Protecci\u00f3n Ciudadana y Defensa Civil, se informa que la&#8230;<\/p>\n","protected":false},"author":1,"featured_media":92505,"comment_status":"closed","ping_status":"closed","sticky":false,"template":"","format":"standard","meta":{"content-type":""},"categories":[27,64],"tags":[],"nelio_content":{"isAutoShareEnabled":false,"autoShareEndMode":"default","automationSources":{"useContentSentences":true,"useSocialTemplates":true,"useCustomSentences":false,"customSentences":[]},"followers":[1],"suggestedReferences":[],"includedReferences":[],"efiUrl":"","efiAlt":"","highlights":[]},"yoast_head":"<!-- This site is optimized with the Yoast SEO plugin v20.7 - https:\/\/yoast.com\/wordpress\/plugins\/seo\/ -->\n<title>Actualizaci\u00f3n de tasas de servicios urbanos, protecci\u00f3n ciudadana<\/title>\n<meta name=\"description\" content=\"Actualizaci\u00f3n de tasas de Servicios Urbanos, Protecci\u00f3n Ciudadana y Defensa Civil, se informa que la liquidaci\u00f3n de la Tasa\" \/>\n<meta name=\"robots\" content=\"index, follow, max-snippet:-1, max-image-preview:large, max-video-preview:-1\" \/>\n<link rel=\"canonical\" href=\"https:\/\/experienciadevida.com.ar\/portalurbano\/actualizacion-de-tasas-de-servicios-urbanos-proteccion-ciudadana-y-defensa-civil\/\" \/>\n<meta property=\"og:locale\" content=\"es_ES\" \/>\n<meta property=\"og:type\" content=\"article\" \/>\n<meta property=\"og:title\" content=\"Actualizaci\u00f3n de tasas de servicios urbanos, protecci\u00f3n ciudadana\" \/>\n<meta property=\"og:description\" content=\"Actualizaci\u00f3n de tasas de Servicios Urbanos, Protecci\u00f3n Ciudadana y Defensa Civil, se informa que la liquidaci\u00f3n de la Tasa\" \/>\n<meta property=\"og:url\" content=\"https:\/\/experienciadevida.com.ar\/portalurbano\/actualizacion-de-tasas-de-servicios-urbanos-proteccion-ciudadana-y-defensa-civil\/\" \/>\n<meta property=\"article:publisher\" content=\"https:\/\/www.facebook.com\/Portal-Urbano-171542830093757\/\" \/>\n<meta property=\"article:published_time\" content=\"2022-07-18T23:22:04+00:00\" \/>\n<meta property=\"article:modified_time\" content=\"2022-07-18T23:23:56+00:00\" \/>\n<meta property=\"og:image\" content=\"https:\/\/experienciadevida.com.ar\/portalurbano\/wp-content\/uploads\/2019\/11\/Fachada-Municipalidad-1-1024x682-e1573085296277.jpg\" \/>\n\t<meta property=\"og:image:width\" content=\"750\" \/>\n\t<meta property=\"og:image:height\" content=\"500\" \/>\n\t<meta property=\"og:image:type\" content=\"image\/jpeg\" \/>\n<meta name=\"author\" content=\"admpu17wp\" \/>\n<meta name=\"twitter:card\" content=\"summary_large_image\" \/>\n<meta name=\"twitter:creator\" content=\"@portalurbanook\" \/>\n<meta name=\"twitter:site\" content=\"@portalurbanook\" \/>\n<meta name=\"twitter:label1\" content=\"Escrito por\" \/>\n\t<meta name=\"twitter:data1\" content=\"admpu17wp\" \/>\n\t<meta name=\"twitter:label2\" content=\"Tiempo de lectura\" \/>\n\t<meta name=\"twitter:data2\" content=\"1 minuto\" \/>\n<script type=\"application\/ld+json\" class=\"yoast-schema-graph\">{\"@context\":\"https:\/\/schema.org\",\"@graph\":[{\"@type\":\"Article\",\"@id\":\"https:\/\/experienciadevida.com.ar\/portalurbano\/actualizacion-de-tasas-de-servicios-urbanos-proteccion-ciudadana-y-defensa-civil\/#article\",\"isPartOf\":{\"@id\":\"https:\/\/experienciadevida.com.ar\/portalurbano\/actualizacion-de-tasas-de-servicios-urbanos-proteccion-ciudadana-y-defensa-civil\/\"},\"author\":{\"name\":\"admpu17wp\",\"@id\":\"https:\/\/experienciadevida.com.ar\/portalurbano\/#\/schema\/person\/02dd326b1c4b056e9cc972486934a3a7\"},\"headline\":\"Actualizaci\u00f3n de tasas de Servicios Urbanos, Protecci\u00f3n Ciudadana y Defensa Civil\",\"datePublished\":\"2022-07-18T23:22:04+00:00\",\"dateModified\":\"2022-07-18T23:23:56+00:00\",\"mainEntityOfPage\":{\"@id\":\"https:\/\/experienciadevida.com.ar\/portalurbano\/actualizacion-de-tasas-de-servicios-urbanos-proteccion-ciudadana-y-defensa-civil\/\"},\"wordCount\":197,\"publisher\":{\"@id\":\"https:\/\/experienciadevida.com.ar\/portalurbano\/#organization\"},\"articleSection\":[\"Ciudad\",\"Destacadas 2\"],\"inLanguage\":\"es\"},{\"@type\":\"WebPage\",\"@id\":\"https:\/\/experienciadevida.com.ar\/portalurbano\/actualizacion-de-tasas-de-servicios-urbanos-proteccion-ciudadana-y-defensa-civil\/\",\"url\":\"https:\/\/experienciadevida.com.ar\/portalurbano\/actualizacion-de-tasas-de-servicios-urbanos-proteccion-ciudadana-y-defensa-civil\/\",\"name\":\"Actualizaci\u00f3n de tasas de servicios urbanos, protecci\u00f3n ciudadana\",\"isPartOf\":{\"@id\":\"https:\/\/experienciadevida.com.ar\/portalurbano\/#website\"},\"datePublished\":\"2022-07-18T23:22:04+00:00\",\"dateModified\":\"2022-07-18T23:23:56+00:00\",\"description\":\"Actualizaci\u00f3n de tasas de Servicios Urbanos, Protecci\u00f3n Ciudadana y Defensa Civil, se informa que la liquidaci\u00f3n de la Tasa\",\"breadcrumb\":{\"@id\":\"https:\/\/experienciadevida.com.ar\/portalurbano\/actualizacion-de-tasas-de-servicios-urbanos-proteccion-ciudadana-y-defensa-civil\/#breadcrumb\"},\"inLanguage\":\"es\",\"potentialAction\":[{\"@type\":\"ReadAction\",\"target\":[\"https:\/\/experienciadevida.com.ar\/portalurbano\/actualizacion-de-tasas-de-servicios-urbanos-proteccion-ciudadana-y-defensa-civil\/\"]}]},{\"@type\":\"BreadcrumbList\",\"@id\":\"https:\/\/experienciadevida.com.ar\/portalurbano\/actualizacion-de-tasas-de-servicios-urbanos-proteccion-ciudadana-y-defensa-civil\/#breadcrumb\",\"itemListElement\":[{\"@type\":\"ListItem\",\"position\":1,\"name\":\"Portada\",\"item\":\"https:\/\/experienciadevida.com.ar\/portalurbano\/\"},{\"@type\":\"ListItem\",\"position\":2,\"name\":\"Actualizaci\u00f3n de tasas de Servicios Urbanos, Protecci\u00f3n Ciudadana y Defensa Civil\"}]},{\"@type\":\"WebSite\",\"@id\":\"https:\/\/experienciadevida.com.ar\/portalurbano\/#website\",\"url\":\"https:\/\/experienciadevida.com.ar\/portalurbano\/\",\"name\":\"\",\"description\":\"\",\"publisher\":{\"@id\":\"https:\/\/experienciadevida.com.ar\/portalurbano\/#organization\"},\"potentialAction\":[{\"@type\":\"SearchAction\",\"target\":{\"@type\":\"EntryPoint\",\"urlTemplate\":\"https:\/\/experienciadevida.com.ar\/portalurbano\/?s={search_term_string}\"},\"query-input\":\"required name=search_term_string\"}],\"inLanguage\":\"es\"},{\"@type\":\"Organization\",\"@id\":\"https:\/\/experienciadevida.com.ar\/portalurbano\/#organization\",\"name\":\"Portal Urbano\",\"url\":\"https:\/\/experienciadevida.com.ar\/portalurbano\/\",\"logo\":{\"@type\":\"ImageObject\",\"inLanguage\":\"es\",\"@id\":\"https:\/\/experienciadevida.com.ar\/portalurbano\/#\/schema\/logo\/image\/\",\"url\":\"https:\/\/experienciadevida.com.ar\/portalurbano\/wp-content\/uploads\/2019\/09\/Logo-Original.png\",\"contentUrl\":\"https:\/\/experienciadevida.com.ar\/portalurbano\/wp-content\/uploads\/2019\/09\/Logo-Original.png\",\"width\":2236,\"height\":1216,\"caption\":\"Portal Urbano\"},\"image\":{\"@id\":\"https:\/\/experienciadevida.com.ar\/portalurbano\/#\/schema\/logo\/image\/\"},\"sameAs\":[\"https:\/\/www.facebook.com\/Portal-Urbano-171542830093757\/\",\"https:\/\/twitter.com\/portalurbanook\",\"https:\/\/www.instagram.com\/_portalurbano\/\",\"https:\/\/www.youtube.com\/channel\/UCXhagIfszH8KxFiOok79zbA?view_as=subscriber\"]},{\"@type\":\"Person\",\"@id\":\"https:\/\/experienciadevida.com.ar\/portalurbano\/#\/schema\/person\/02dd326b1c4b056e9cc972486934a3a7\",\"name\":\"admpu17wp\",\"image\":{\"@type\":\"ImageObject\",\"inLanguage\":\"es\",\"@id\":\"https:\/\/experienciadevida.com.ar\/portalurbano\/#\/schema\/person\/image\/\",\"url\":\"https:\/\/secure.gravatar.com\/avatar\/830d4c57adaae6630765e449a6908047?s=96&d=mm&r=g\",\"contentUrl\":\"https:\/\/secure.gravatar.com\/avatar\/830d4c57adaae6630765e449a6908047?s=96&d=mm&r=g\",\"caption\":\"admpu17wp\"}}]}<\/script>\n<!-- \/ Yoast SEO plugin. -->","yoast_head_json":{"title":"Actualizaci\u00f3n de tasas de servicios urbanos, protecci\u00f3n ciudadana","description":"Actualizaci\u00f3n de tasas de Servicios Urbanos, Protecci\u00f3n Ciudadana y Defensa Civil, se informa que la liquidaci\u00f3n de la Tasa","robots":{"index":"index","follow":"follow","max-snippet":"max-snippet:-1","max-image-preview":"max-image-preview:large","max-video-preview":"max-video-preview:-1"},"canonical":"https:\/\/experienciadevida.com.ar\/portalurbano\/actualizacion-de-tasas-de-servicios-urbanos-proteccion-ciudadana-y-defensa-civil\/","og_locale":"es_ES","og_type":"article","og_title":"Actualizaci\u00f3n de tasas de servicios urbanos, protecci\u00f3n ciudadana","og_description":"Actualizaci\u00f3n de tasas de Servicios Urbanos, Protecci\u00f3n Ciudadana y Defensa Civil, se informa que la liquidaci\u00f3n de la Tasa","og_url":"https:\/\/experienciadevida.com.ar\/portalurbano\/actualizacion-de-tasas-de-servicios-urbanos-proteccion-ciudadana-y-defensa-civil\/","article_publisher":"https:\/\/www.facebook.com\/Portal-Urbano-171542830093757\/","article_published_time":"2022-07-18T23:22:04+00:00","article_modified_time":"2022-07-18T23:23:56+00:00","og_image":[{"width":750,"height":500,"url":"https:\/\/experienciadevida.com.ar\/portalurbano\/wp-content\/uploads\/2019\/11\/Fachada-Municipalidad-1-1024x682-e1573085296277.jpg","type":"image\/jpeg"}],"author":"admpu17wp","twitter_card":"summary_large_image","twitter_creator":"@portalurbanook","twitter_site":"@portalurbanook","twitter_misc":{"Escrito por":"admpu17wp","Tiempo de lectura":"1 minuto"},"schema":{"@context":"https:\/\/schema.org","@graph":[{"@type":"Article","@id":"https:\/\/experienciadevida.com.ar\/portalurbano\/actualizacion-de-tasas-de-servicios-urbanos-proteccion-ciudadana-y-defensa-civil\/#article","isPartOf":{"@id":"https:\/\/experienciadevida.com.ar\/portalurbano\/actualizacion-de-tasas-de-servicios-urbanos-proteccion-ciudadana-y-defensa-civil\/"},"author":{"name":"admpu17wp","@id":"https:\/\/experienciadevida.com.ar\/portalurbano\/#\/schema\/person\/02dd326b1c4b056e9cc972486934a3a7"},"headline":"Actualizaci\u00f3n de tasas de Servicios Urbanos, Protecci\u00f3n Ciudadana y Defensa Civil","datePublished":"2022-07-18T23:22:04+00:00","dateModified":"2022-07-18T23:23:56+00:00","mainEntityOfPage":{"@id":"https:\/\/experienciadevida.com.ar\/portalurbano\/actualizacion-de-tasas-de-servicios-urbanos-proteccion-ciudadana-y-defensa-civil\/"},"wordCount":197,"publisher":{"@id":"https:\/\/experienciadevida.com.ar\/portalurbano\/#organization"},"articleSection":["Ciudad","Destacadas 2"],"inLanguage":"es"},{"@type":"WebPage","@id":"https:\/\/experienciadevida.com.ar\/portalurbano\/actualizacion-de-tasas-de-servicios-urbanos-proteccion-ciudadana-y-defensa-civil\/","url":"https:\/\/experienciadevida.com.ar\/portalurbano\/actualizacion-de-tasas-de-servicios-urbanos-proteccion-ciudadana-y-defensa-civil\/","name":"Actualizaci\u00f3n de tasas de servicios urbanos, protecci\u00f3n ciudadana","isPartOf":{"@id":"https:\/\/experienciadevida.com.ar\/portalurbano\/#website"},"datePublished":"2022-07-18T23:22:04+00:00","dateModified":"2022-07-18T23:23:56+00:00","description":"Actualizaci\u00f3n de tasas de Servicios Urbanos, Protecci\u00f3n Ciudadana y Defensa Civil, se informa que la liquidaci\u00f3n de la Tasa","breadcrumb":{"@id":"https:\/\/experienciadevida.com.ar\/portalurbano\/actualizacion-de-tasas-de-servicios-urbanos-proteccion-ciudadana-y-defensa-civil\/#breadcrumb"},"inLanguage":"es","potentialAction":[{"@type":"ReadAction","target":["https:\/\/experienciadevida.com.ar\/portalurbano\/actualizacion-de-tasas-de-servicios-urbanos-proteccion-ciudadana-y-defensa-civil\/"]}]},{"@type":"BreadcrumbList","@id":"https:\/\/experienciadevida.com.ar\/portalurbano\/actualizacion-de-tasas-de-servicios-urbanos-proteccion-ciudadana-y-defensa-civil\/#breadcrumb","itemListElement":[{"@type":"ListItem","position":1,"name":"Portada","item":"https:\/\/experienciadevida.com.ar\/portalurbano\/"},{"@type":"ListItem","position":2,"name":"Actualizaci\u00f3n de tasas de Servicios Urbanos, Protecci\u00f3n Ciudadana y Defensa Civil"}]},{"@type":"WebSite","@id":"https:\/\/experienciadevida.com.ar\/portalurbano\/#website","url":"https:\/\/experienciadevida.com.ar\/portalurbano\/","name":"","description":"","publisher":{"@id":"https:\/\/experienciadevida.com.ar\/portalurbano\/#organization"},"potentialAction":[{"@type":"SearchAction","target":{"@type":"EntryPoint","urlTemplate":"https:\/\/experienciadevida.com.ar\/portalurbano\/?s={search_term_string}"},"query-input":"required name=search_term_string"}],"inLanguage":"es"},{"@type":"Organization","@id":"https:\/\/experienciadevida.com.ar\/portalurbano\/#organization","name":"Portal Urbano","url":"https:\/\/experienciadevida.com.ar\/portalurbano\/","logo":{"@type":"ImageObject","inLanguage":"es","@id":"https:\/\/experienciadevida.com.ar\/portalurbano\/#\/schema\/logo\/image\/","url":"https:\/\/experienciadevida.com.ar\/portalurbano\/wp-content\/uploads\/2019\/09\/Logo-Original.png","contentUrl":"https:\/\/experienciadevida.com.ar\/portalurbano\/wp-content\/uploads\/2019\/09\/Logo-Original.png","width":2236,"height":1216,"caption":"Portal Urbano"},"image":{"@id":"https:\/\/experienciadevida.com.ar\/portalurbano\/#\/schema\/logo\/image\/"},"sameAs":["https:\/\/www.facebook.com\/Portal-Urbano-171542830093757\/","https:\/\/twitter.com\/portalurbanook","https:\/\/www.instagram.com\/_portalurbano\/","https:\/\/www.youtube.com\/channel\/UCXhagIfszH8KxFiOok79zbA?view_as=subscriber"]},{"@type":"Person","@id":"https:\/\/experienciadevida.com.ar\/portalurbano\/#\/schema\/person\/02dd326b1c4b056e9cc972486934a3a7","name":"admpu17wp","image":{"@type":"ImageObject","inLanguage":"es","@id":"https:\/\/experienciadevida.com.ar\/portalurbano\/#\/schema\/person\/image\/","url":"https:\/\/secure.gravatar.com\/avatar\/830d4c57adaae6630765e449a6908047?s=96&d=mm&r=g","contentUrl":"https:\/\/secure.gravatar.com\/avatar\/830d4c57adaae6630765e449a6908047?s=96&d=mm&r=g","caption":"admpu17wp"}}]}},"featured_image_urls":{"full":["https:\/\/experienciadevida.com.ar\/portalurbano\/wp-content\/uploads\/2019\/11\/Fachada-Municipalidad-1-1024x682-e1573085296277.jpg",750,500,false],"thumbnail":["https:\/\/experienciadevida.com.ar\/portalurbano\/wp-content\/uploads\/2019\/11\/Fachada-Municipalidad-1-1024x682-150x150.jpg",150,150,true],"medium":["https:\/\/experienciadevida.com.ar\/portalurbano\/wp-content\/uploads\/2019\/11\/Fachada-Municipalidad-1-1024x682-300x200.jpg",300,200,true],"medium_large":["https:\/\/experienciadevida.com.ar\/portalurbano\/wp-content\/uploads\/2019\/11\/Fachada-Municipalidad-1-1024x682-768x512.jpg",640,427,true],"large":["https:\/\/experienciadevida.com.ar\/portalurbano\/wp-content\/uploads\/2019\/11\/Fachada-Municipalidad-1-1024x682-1024x682.jpg",640,426,true],"ug_big":["https:\/\/experienciadevida.com.ar\/portalurbano\/wp-content\/uploads\/2019\/11\/Fachada-Municipalidad-1-1024x682-768x512.jpg",768,512,true],"1536x1536":["https:\/\/experienciadevida.com.ar\/portalurbano\/wp-content\/uploads\/2019\/11\/Fachada-Municipalidad-1-1024x682-e1573085296277.jpg",750,500,false],"2048x2048":["https:\/\/experienciadevida.com.ar\/portalurbano\/wp-content\/uploads\/2019\/11\/Fachada-Municipalidad-1-1024x682-e1573085296277.jpg",750,500,false],"newsever-slider-full":["https:\/\/experienciadevida.com.ar\/portalurbano\/wp-content\/uploads\/2019\/11\/Fachada-Municipalidad-1-1024x682-e1573085296277.jpg",750,500,false],"newsever-featured":["https:\/\/experienciadevida.com.ar\/portalurbano\/wp-content\/uploads\/2019\/11\/Fachada-Municipalidad-1-1024x682-e1573085296277.jpg",750,500,false],"newsever-medium":["https:\/\/experienciadevida.com.ar\/portalurbano\/wp-content\/uploads\/2019\/11\/Fachada-Municipalidad-1-1024x682-e1573085296277.jpg",713,475,false],"web-stories-poster-portrait":["https:\/\/experienciadevida.com.ar\/portalurbano\/wp-content\/uploads\/2019\/11\/Fachada-Municipalidad-1-1024x682-e1573085296277.jpg",640,427,false],"web-stories-publisher-logo":["https:\/\/experienciadevida.com.ar\/portalurbano\/wp-content\/uploads\/2019\/11\/Fachada-Municipalidad-1-1024x682-e1573085296277.jpg",96,64,false],"web-stories-thumbnail":["https:\/\/experienciadevida.com.ar\/portalurbano\/wp-content\/uploads\/2019\/11\/Fachada-Municipalidad-1-1024x682-e1573085296277.jpg",150,100,false]},"author_info":{"display_name":"admpu17wp","author_link":"https:\/\/experienciadevida.com.ar\/portalurbano\/author\/admpu17wp\/"},"category_info":"<a href=\"https:\/\/experienciadevida.com.ar\/portalurbano\/category\/ciudad\/\" rel=\"category tag\">Ciudad<\/a> <a href=\"https:\/\/experienciadevida.com.ar\/portalurbano\/category\/destacadas-2\/\" rel=\"category tag\">Destacadas 2<\/a>","tag_info":"Destacadas 2","comment_count":"0","amp_enabled":true,"_links":{"self":[{"href":"https:\/\/experienciadevida.com.ar\/portalurbano\/wp-json\/wp\/v2\/posts\/171709"}],"collection":[{"href":"https:\/\/experienciadevida.com.ar\/portalurbano\/wp-json\/wp\/v2\/posts"}],"about":[{"href":"https:\/\/experienciadevida.com.ar\/portalurbano\/wp-json\/wp\/v2\/types\/post"}],"author":[{"embeddable":true,"href":"https:\/\/experienciadevida.com.ar\/portalurbano\/wp-json\/wp\/v2\/users\/1"}],"replies":[{"embeddable":true,"href":"https:\/\/experienciadevida.com.ar\/portalurbano\/wp-json\/wp\/v2\/comments?post=171709"}],"version-history":[{"count":2,"href":"https:\/\/experienciadevida.com.ar\/portalurbano\/wp-json\/wp\/v2\/posts\/171709\/revisions"}],"predecessor-version":[{"id":171711,"href":"https:\/\/experienciadevida.com.ar\/portalurbano\/wp-json\/wp\/v2\/posts\/171709\/revisions\/171711"}],"wp:featuredmedia":[{"embeddable":true,"href":"https:\/\/experienciadevida.com.ar\/portalurbano\/wp-json\/wp\/v2\/media\/92505"}],"wp:attachment":[{"href":"https:\/\/experienciadevida.com.ar\/portalurbano\/wp-json\/wp\/v2\/media?parent=171709"}],"wp:term":[{"taxonomy":"category","embeddable":true,"href":"https:\/\/experienciadevida.com.ar\/portalurbano\/wp-json\/wp\/v2\/categories?post=171709"},{"taxonomy":"post_tag","embeddable":true,"href":"https:\/\/experienciadevida.com.ar\/portalurbano\/wp-json\/wp\/v2\/tags?post=171709"}],"curies":[{"name":"wp","href":"https:\/\/api.w.org\/{rel}","templated":true}]}}