{"id":171706,"date":"2022-07-18T20:11:38","date_gmt":"2022-07-18T23:11:38","guid":{"rendered":"https:\/\/experienciadevida.com.ar\/portalurbano\/?p=171706"},"modified":"2022-07-18T20:20:04","modified_gmt":"2022-07-18T23:20:04","slug":"anses-inscribira-para-acceder-a-los-subsidios-de-gas-y-luz-en-un-nuevo-operativo-de-el-estado-cerca-tuyo","status":"publish","type":"post","link":"https:\/\/experienciadevida.com.ar\/portalurbano\/anses-inscribira-para-acceder-a-los-subsidios-de-gas-y-luz-en-un-nuevo-operativo-de-el-estado-cerca-tuyo\/","title":{"rendered":"ANSES inscribir\u00e1 para acceder a los subsidios de gas y luz en un nuevo operativo de \u201cEl Estado Cerca Tuyo\u201d"},"content":{"rendered":"<p>ANSES inscribir\u00e1 para acceder a los subsidios de gas y luz en un nuevo operativo de \u201cEl Estado Cerca Tuyo\u201d, ma\u00f1ana comenzar\u00e1n de 10 a 13 en el Club Mariano Moreno y podr\u00e1n anotarse las personas cuyo DNI terminen en 0,1 y 2.<\/p>\n<p>Ma\u00f1ana martes 19 de julio de 10 a 13 horas, ANSES junto a diferentes organismos llevar\u00e1n adelante un nuevo operativo interministerial de \u201cEl Estado Cerca Tuyo\u201d.<\/p>\n<p>En ese sentido, desde ANSES realizar\u00e1n inscripciones para que los usuarios cuyo DNI terminen en 0, 1 y 2 puedan acceder a los subsidios de las tarifas de gas y de luz. Es importante destacar que deber\u00e1n asistir con una factura de energ\u00eda el\u00e9ctrica y otra de gas natural, el DNI y el n\u00famero de CUIL de cada integrante del hogar mayor de 18 a\u00f1os.<\/p>\n<p>Adem\u00e1s el mi\u00e9rcoles estar\u00e1n tambi\u00e9n de 10 a 13 en el Club Pueblo Nuevo, Chacabuco 3110; el jueves en El Provincial, Tacuar\u00ed y Belgrano; y el viernes en el Centro de Jubilados &#8220;Los Amigos\u201d en Sierras Bayas, all\u00ed podr\u00e1n inscribirse para acceder a los subsidios las personas con DNI terminados en 3,4 y 5.<\/p>\n<p>Por \u00faltimo cabe destacar que la inscripci\u00f3n se puede hacer de manera virtual accediendo a https:\/\/www.argentina.gob.ar\/subsidios.<\/p>\n<p>Asimismo, de la jornada participar\u00e1n representantes de las oficinas locales de Centro de Acceso a la Justicia, INADI, Desarrollo Social de Naci\u00f3n, Ministerio de Trabajo de la provincia de Buenos Aires, Hospital Oncol\u00f3gico y Regi\u00f3n Sanitaria IX.<\/p>\n<p>Brindar\u00e1n vacunaci\u00f3n contra el COVID 1\u00b0, 2\u00b0, 3\u00b0 y 4\u00b0 dosis, asesoramiento legal, promoci\u00f3n de la Salud sexual y reproductiva, turnos para PAP, acompa\u00f1amiento pisocosocial y se atender\u00e1n consultas sobre cada dependencia.<\/p>\n","protected":false},"excerpt":{"rendered":"<p>ANSES inscribir\u00e1 para acceder a los subsidios de gas y luz en un nuevo operativo&#8230;<\/p>\n","protected":false},"author":1,"featured_media":94069,"comment_status":"closed","ping_status":"closed","sticky":false,"template":"","format":"standard","meta":{"content-type":""},"categories":[27,51],"tags":[],"nelio_content":{"isAutoShareEnabled":false,"autoShareEndMode":"default","automationSources":{"useContentSentences":true,"useSocialTemplates":true,"useCustomSentences":false,"customSentences":[]},"followers":[1],"suggestedReferences":[],"includedReferences":[],"efiUrl":"","efiAlt":"","highlights":[]},"yoast_head":"<!-- This site is optimized with the Yoast SEO plugin v20.7 - https:\/\/yoast.com\/wordpress\/plugins\/seo\/ -->\n<title>ANSES inscribir\u00e1 para acceder a los subsidios de gas y luz<\/title>\n<meta name=\"description\" content=\"ANSES inscribir\u00e1 para acceder a los subsidios de gas y luz en un nuevo operativo de \u201cEl Estado Cerca Tuyo\u201d, ma\u00f1ana comenzar\u00e1n\" \/>\n<meta name=\"robots\" content=\"index, follow, max-snippet:-1, max-image-preview:large, max-video-preview:-1\" \/>\n<link rel=\"canonical\" href=\"https:\/\/experienciadevida.com.ar\/portalurbano\/anses-inscribira-para-acceder-a-los-subsidios-de-gas-y-luz-en-un-nuevo-operativo-de-el-estado-cerca-tuyo\/\" \/>\n<meta property=\"og:locale\" content=\"es_ES\" \/>\n<meta property=\"og:type\" content=\"article\" \/>\n<meta property=\"og:title\" content=\"ANSES inscribir\u00e1 para acceder a los subsidios de gas y luz\" \/>\n<meta property=\"og:description\" content=\"ANSES inscribir\u00e1 para acceder a los subsidios de gas y luz en un nuevo operativo de \u201cEl Estado Cerca Tuyo\u201d, ma\u00f1ana comenzar\u00e1n\" \/>\n<meta property=\"og:url\" content=\"https:\/\/experienciadevida.com.ar\/portalurbano\/anses-inscribira-para-acceder-a-los-subsidios-de-gas-y-luz-en-un-nuevo-operativo-de-el-estado-cerca-tuyo\/\" \/>\n<meta property=\"article:publisher\" content=\"https:\/\/www.facebook.com\/Portal-Urbano-171542830093757\/\" \/>\n<meta property=\"article:published_time\" content=\"2022-07-18T23:11:38+00:00\" \/>\n<meta property=\"article:modified_time\" content=\"2022-07-18T23:20:04+00:00\" \/>\n<meta property=\"og:image\" content=\"https:\/\/experienciadevida.com.ar\/portalurbano\/wp-content\/uploads\/2019\/11\/ANSES-e1583620378791.jpg\" \/>\n\t<meta property=\"og:image:width\" content=\"800\" \/>\n\t<meta property=\"og:image:height\" content=\"481\" \/>\n\t<meta property=\"og:image:type\" content=\"image\/jpeg\" \/>\n<meta name=\"author\" content=\"admpu17wp\" \/>\n<meta name=\"twitter:card\" content=\"summary_large_image\" \/>\n<meta name=\"twitter:creator\" content=\"@portalurbanook\" \/>\n<meta name=\"twitter:site\" content=\"@portalurbanook\" \/>\n<meta name=\"twitter:label1\" content=\"Escrito por\" \/>\n\t<meta name=\"twitter:data1\" content=\"admpu17wp\" \/>\n\t<meta name=\"twitter:label2\" content=\"Tiempo de lectura\" \/>\n\t<meta name=\"twitter:data2\" content=\"2 minutos\" \/>\n<script type=\"application\/ld+json\" class=\"yoast-schema-graph\">{\"@context\":\"https:\/\/schema.org\",\"@graph\":[{\"@type\":\"Article\",\"@id\":\"https:\/\/experienciadevida.com.ar\/portalurbano\/anses-inscribira-para-acceder-a-los-subsidios-de-gas-y-luz-en-un-nuevo-operativo-de-el-estado-cerca-tuyo\/#article\",\"isPartOf\":{\"@id\":\"https:\/\/experienciadevida.com.ar\/portalurbano\/anses-inscribira-para-acceder-a-los-subsidios-de-gas-y-luz-en-un-nuevo-operativo-de-el-estado-cerca-tuyo\/\"},\"author\":{\"name\":\"admpu17wp\",\"@id\":\"https:\/\/experienciadevida.com.ar\/portalurbano\/#\/schema\/person\/02dd326b1c4b056e9cc972486934a3a7\"},\"headline\":\"ANSES inscribir\u00e1 para acceder a los subsidios de gas y luz en un nuevo operativo de \u201cEl Estado Cerca Tuyo\u201d\",\"datePublished\":\"2022-07-18T23:11:38+00:00\",\"dateModified\":\"2022-07-18T23:20:04+00:00\",\"mainEntityOfPage\":{\"@id\":\"https:\/\/experienciadevida.com.ar\/portalurbano\/anses-inscribira-para-acceder-a-los-subsidios-de-gas-y-luz-en-un-nuevo-operativo-de-el-estado-cerca-tuyo\/\"},\"wordCount\":304,\"publisher\":{\"@id\":\"https:\/\/experienciadevida.com.ar\/portalurbano\/#organization\"},\"articleSection\":[\"Ciudad\",\"Destacadas\"],\"inLanguage\":\"es\"},{\"@type\":\"WebPage\",\"@id\":\"https:\/\/experienciadevida.com.ar\/portalurbano\/anses-inscribira-para-acceder-a-los-subsidios-de-gas-y-luz-en-un-nuevo-operativo-de-el-estado-cerca-tuyo\/\",\"url\":\"https:\/\/experienciadevida.com.ar\/portalurbano\/anses-inscribira-para-acceder-a-los-subsidios-de-gas-y-luz-en-un-nuevo-operativo-de-el-estado-cerca-tuyo\/\",\"name\":\"ANSES inscribir\u00e1 para acceder a los subsidios de gas y luz\",\"isPartOf\":{\"@id\":\"https:\/\/experienciadevida.com.ar\/portalurbano\/#website\"},\"datePublished\":\"2022-07-18T23:11:38+00:00\",\"dateModified\":\"2022-07-18T23:20:04+00:00\",\"description\":\"ANSES inscribir\u00e1 para acceder a los subsidios de gas y luz en un nuevo operativo de \u201cEl Estado Cerca Tuyo\u201d, ma\u00f1ana comenzar\u00e1n\",\"breadcrumb\":{\"@id\":\"https:\/\/experienciadevida.com.ar\/portalurbano\/anses-inscribira-para-acceder-a-los-subsidios-de-gas-y-luz-en-un-nuevo-operativo-de-el-estado-cerca-tuyo\/#breadcrumb\"},\"inLanguage\":\"es\",\"potentialAction\":[{\"@type\":\"ReadAction\",\"target\":[\"https:\/\/experienciadevida.com.ar\/portalurbano\/anses-inscribira-para-acceder-a-los-subsidios-de-gas-y-luz-en-un-nuevo-operativo-de-el-estado-cerca-tuyo\/\"]}]},{\"@type\":\"BreadcrumbList\",\"@id\":\"https:\/\/experienciadevida.com.ar\/portalurbano\/anses-inscribira-para-acceder-a-los-subsidios-de-gas-y-luz-en-un-nuevo-operativo-de-el-estado-cerca-tuyo\/#breadcrumb\",\"itemListElement\":[{\"@type\":\"ListItem\",\"position\":1,\"name\":\"Portada\",\"item\":\"https:\/\/experienciadevida.com.ar\/portalurbano\/\"},{\"@type\":\"ListItem\",\"position\":2,\"name\":\"ANSES inscribir\u00e1 para acceder a los subsidios de gas y luz en un nuevo operativo de \u201cEl Estado Cerca Tuyo\u201d\"}]},{\"@type\":\"WebSite\",\"@id\":\"https:\/\/experienciadevida.com.ar\/portalurbano\/#website\",\"url\":\"https:\/\/experienciadevida.com.ar\/portalurbano\/\",\"name\":\"\",\"description\":\"\",\"publisher\":{\"@id\":\"https:\/\/experienciadevida.com.ar\/portalurbano\/#organization\"},\"potentialAction\":[{\"@type\":\"SearchAction\",\"target\":{\"@type\":\"EntryPoint\",\"urlTemplate\":\"https:\/\/experienciadevida.com.ar\/portalurbano\/?s={search_term_string}\"},\"query-input\":\"required name=search_term_string\"}],\"inLanguage\":\"es\"},{\"@type\":\"Organization\",\"@id\":\"https:\/\/experienciadevida.com.ar\/portalurbano\/#organization\",\"name\":\"Portal Urbano\",\"url\":\"https:\/\/experienciadevida.com.ar\/portalurbano\/\",\"logo\":{\"@type\":\"ImageObject\",\"inLanguage\":\"es\",\"@id\":\"https:\/\/experienciadevida.com.ar\/portalurbano\/#\/schema\/logo\/image\/\",\"url\":\"https:\/\/experienciadevida.com.ar\/portalurbano\/wp-content\/uploads\/2019\/09\/Logo-Original.png\",\"contentUrl\":\"https:\/\/experienciadevida.com.ar\/portalurbano\/wp-content\/uploads\/2019\/09\/Logo-Original.png\",\"width\":2236,\"height\":1216,\"caption\":\"Portal Urbano\"},\"image\":{\"@id\":\"https:\/\/experienciadevida.com.ar\/portalurbano\/#\/schema\/logo\/image\/\"},\"sameAs\":[\"https:\/\/www.facebook.com\/Portal-Urbano-171542830093757\/\",\"https:\/\/twitter.com\/portalurbanook\",\"https:\/\/www.instagram.com\/_portalurbano\/\",\"https:\/\/www.youtube.com\/channel\/UCXhagIfszH8KxFiOok79zbA?view_as=subscriber\"]},{\"@type\":\"Person\",\"@id\":\"https:\/\/experienciadevida.com.ar\/portalurbano\/#\/schema\/person\/02dd326b1c4b056e9cc972486934a3a7\",\"name\":\"admpu17wp\",\"image\":{\"@type\":\"ImageObject\",\"inLanguage\":\"es\",\"@id\":\"https:\/\/experienciadevida.com.ar\/portalurbano\/#\/schema\/person\/image\/\",\"url\":\"https:\/\/secure.gravatar.com\/avatar\/830d4c57adaae6630765e449a6908047?s=96&d=mm&r=g\",\"contentUrl\":\"https:\/\/secure.gravatar.com\/avatar\/830d4c57adaae6630765e449a6908047?s=96&d=mm&r=g\",\"caption\":\"admpu17wp\"}}]}<\/script>\n<!-- \/ Yoast SEO plugin. -->","yoast_head_json":{"title":"ANSES inscribir\u00e1 para acceder a los subsidios de gas y luz","description":"ANSES inscribir\u00e1 para acceder a los subsidios de gas y luz en un nuevo operativo de \u201cEl Estado Cerca Tuyo\u201d, ma\u00f1ana comenzar\u00e1n","robots":{"index":"index","follow":"follow","max-snippet":"max-snippet:-1","max-image-preview":"max-image-preview:large","max-video-preview":"max-video-preview:-1"},"canonical":"https:\/\/experienciadevida.com.ar\/portalurbano\/anses-inscribira-para-acceder-a-los-subsidios-de-gas-y-luz-en-un-nuevo-operativo-de-el-estado-cerca-tuyo\/","og_locale":"es_ES","og_type":"article","og_title":"ANSES inscribir\u00e1 para acceder a los subsidios de gas y luz","og_description":"ANSES inscribir\u00e1 para acceder a los subsidios de gas y luz en un nuevo operativo de \u201cEl Estado Cerca Tuyo\u201d, ma\u00f1ana comenzar\u00e1n","og_url":"https:\/\/experienciadevida.com.ar\/portalurbano\/anses-inscribira-para-acceder-a-los-subsidios-de-gas-y-luz-en-un-nuevo-operativo-de-el-estado-cerca-tuyo\/","article_publisher":"https:\/\/www.facebook.com\/Portal-Urbano-171542830093757\/","article_published_time":"2022-07-18T23:11:38+00:00","article_modified_time":"2022-07-18T23:20:04+00:00","og_image":[{"width":800,"height":481,"url":"https:\/\/experienciadevida.com.ar\/portalurbano\/wp-content\/uploads\/2019\/11\/ANSES-e1583620378791.jpg","type":"image\/jpeg"}],"author":"admpu17wp","twitter_card":"summary_large_image","twitter_creator":"@portalurbanook","twitter_site":"@portalurbanook","twitter_misc":{"Escrito por":"admpu17wp","Tiempo de lectura":"2 minutos"},"schema":{"@context":"https:\/\/schema.org","@graph":[{"@type":"Article","@id":"https:\/\/experienciadevida.com.ar\/portalurbano\/anses-inscribira-para-acceder-a-los-subsidios-de-gas-y-luz-en-un-nuevo-operativo-de-el-estado-cerca-tuyo\/#article","isPartOf":{"@id":"https:\/\/experienciadevida.com.ar\/portalurbano\/anses-inscribira-para-acceder-a-los-subsidios-de-gas-y-luz-en-un-nuevo-operativo-de-el-estado-cerca-tuyo\/"},"author":{"name":"admpu17wp","@id":"https:\/\/experienciadevida.com.ar\/portalurbano\/#\/schema\/person\/02dd326b1c4b056e9cc972486934a3a7"},"headline":"ANSES inscribir\u00e1 para acceder a los subsidios de gas y luz en un nuevo operativo de \u201cEl Estado Cerca Tuyo\u201d","datePublished":"2022-07-18T23:11:38+00:00","dateModified":"2022-07-18T23:20:04+00:00","mainEntityOfPage":{"@id":"https:\/\/experienciadevida.com.ar\/portalurbano\/anses-inscribira-para-acceder-a-los-subsidios-de-gas-y-luz-en-un-nuevo-operativo-de-el-estado-cerca-tuyo\/"},"wordCount":304,"publisher":{"@id":"https:\/\/experienciadevida.com.ar\/portalurbano\/#organization"},"articleSection":["Ciudad","Destacadas"],"inLanguage":"es"},{"@type":"WebPage","@id":"https:\/\/experienciadevida.com.ar\/portalurbano\/anses-inscribira-para-acceder-a-los-subsidios-de-gas-y-luz-en-un-nuevo-operativo-de-el-estado-cerca-tuyo\/","url":"https:\/\/experienciadevida.com.ar\/portalurbano\/anses-inscribira-para-acceder-a-los-subsidios-de-gas-y-luz-en-un-nuevo-operativo-de-el-estado-cerca-tuyo\/","name":"ANSES inscribir\u00e1 para acceder a los subsidios de gas y luz","isPartOf":{"@id":"https:\/\/experienciadevida.com.ar\/portalurbano\/#website"},"datePublished":"2022-07-18T23:11:38+00:00","dateModified":"2022-07-18T23:20:04+00:00","description":"ANSES inscribir\u00e1 para acceder a los subsidios de gas y luz en un nuevo operativo de \u201cEl Estado Cerca Tuyo\u201d, ma\u00f1ana comenzar\u00e1n","breadcrumb":{"@id":"https:\/\/experienciadevida.com.ar\/portalurbano\/anses-inscribira-para-acceder-a-los-subsidios-de-gas-y-luz-en-un-nuevo-operativo-de-el-estado-cerca-tuyo\/#breadcrumb"},"inLanguage":"es","potentialAction":[{"@type":"ReadAction","target":["https:\/\/experienciadevida.com.ar\/portalurbano\/anses-inscribira-para-acceder-a-los-subsidios-de-gas-y-luz-en-un-nuevo-operativo-de-el-estado-cerca-tuyo\/"]}]},{"@type":"BreadcrumbList","@id":"https:\/\/experienciadevida.com.ar\/portalurbano\/anses-inscribira-para-acceder-a-los-subsidios-de-gas-y-luz-en-un-nuevo-operativo-de-el-estado-cerca-tuyo\/#breadcrumb","itemListElement":[{"@type":"ListItem","position":1,"name":"Portada","item":"https:\/\/experienciadevida.com.ar\/portalurbano\/"},{"@type":"ListItem","position":2,"name":"ANSES inscribir\u00e1 para acceder a los subsidios de gas y luz en un nuevo operativo de \u201cEl Estado Cerca Tuyo\u201d"}]},{"@type":"WebSite","@id":"https:\/\/experienciadevida.com.ar\/portalurbano\/#website","url":"https:\/\/experienciadevida.com.ar\/portalurbano\/","name":"","description":"","publisher":{"@id":"https:\/\/experienciadevida.com.ar\/portalurbano\/#organization"},"potentialAction":[{"@type":"SearchAction","target":{"@type":"EntryPoint","urlTemplate":"https:\/\/experienciadevida.com.ar\/portalurbano\/?s={search_term_string}"},"query-input":"required name=search_term_string"}],"inLanguage":"es"},{"@type":"Organization","@id":"https:\/\/experienciadevida.com.ar\/portalurbano\/#organization","name":"Portal Urbano","url":"https:\/\/experienciadevida.com.ar\/portalurbano\/","logo":{"@type":"ImageObject","inLanguage":"es","@id":"https:\/\/experienciadevida.com.ar\/portalurbano\/#\/schema\/logo\/image\/","url":"https:\/\/experienciadevida.com.ar\/portalurbano\/wp-content\/uploads\/2019\/09\/Logo-Original.png","contentUrl":"https:\/\/experienciadevida.com.ar\/portalurbano\/wp-content\/uploads\/2019\/09\/Logo-Original.png","width":2236,"height":1216,"caption":"Portal Urbano"},"image":{"@id":"https:\/\/experienciadevida.com.ar\/portalurbano\/#\/schema\/logo\/image\/"},"sameAs":["https:\/\/www.facebook.com\/Portal-Urbano-171542830093757\/","https:\/\/twitter.com\/portalurbanook","https:\/\/www.instagram.com\/_portalurbano\/","https:\/\/www.youtube.com\/channel\/UCXhagIfszH8KxFiOok79zbA?view_as=subscriber"]},{"@type":"Person","@id":"https:\/\/experienciadevida.com.ar\/portalurbano\/#\/schema\/person\/02dd326b1c4b056e9cc972486934a3a7","name":"admpu17wp","image":{"@type":"ImageObject","inLanguage":"es","@id":"https:\/\/experienciadevida.com.ar\/portalurbano\/#\/schema\/person\/image\/","url":"https:\/\/secure.gravatar.com\/avatar\/830d4c57adaae6630765e449a6908047?s=96&d=mm&r=g","contentUrl":"https:\/\/secure.gravatar.com\/avatar\/830d4c57adaae6630765e449a6908047?s=96&d=mm&r=g","caption":"admpu17wp"}}]}},"featured_image_urls":{"full":["https:\/\/experienciadevida.com.ar\/portalurbano\/wp-content\/uploads\/2019\/11\/ANSES-e1583620378791.jpg",800,481,false],"thumbnail":["https:\/\/experienciadevida.com.ar\/portalurbano\/wp-content\/uploads\/2019\/11\/ANSES-150x150.jpg",150,150,true],"medium":["https:\/\/experienciadevida.com.ar\/portalurbano\/wp-content\/uploads\/2019\/11\/ANSES-300x180.jpg",300,180,true],"medium_large":["https:\/\/experienciadevida.com.ar\/portalurbano\/wp-content\/uploads\/2019\/11\/ANSES-768x461.jpg",640,384,true],"large":["https:\/\/experienciadevida.com.ar\/portalurbano\/wp-content\/uploads\/2019\/11\/ANSES-1024x615.jpg",640,384,true],"ug_big":["https:\/\/experienciadevida.com.ar\/portalurbano\/wp-content\/uploads\/2019\/11\/ANSES-768x461.jpg",768,461,true],"1536x1536":["https:\/\/experienciadevida.com.ar\/portalurbano\/wp-content\/uploads\/2019\/11\/ANSES-e1583620378791.jpg",800,481,false],"2048x2048":["https:\/\/experienciadevida.com.ar\/portalurbano\/wp-content\/uploads\/2019\/11\/ANSES-e1583620378791.jpg",800,481,false],"newsever-slider-full":["https:\/\/experienciadevida.com.ar\/portalurbano\/wp-content\/uploads\/2019\/11\/ANSES-e1583620378791.jpg",800,481,false],"newsever-featured":["https:\/\/experienciadevida.com.ar\/portalurbano\/wp-content\/uploads\/2019\/11\/ANSES-e1583620378791.jpg",800,481,false],"newsever-medium":["https:\/\/experienciadevida.com.ar\/portalurbano\/wp-content\/uploads\/2019\/11\/ANSES-e1583620378791.jpg",720,433,false],"web-stories-poster-portrait":["https:\/\/experienciadevida.com.ar\/portalurbano\/wp-content\/uploads\/2019\/11\/ANSES-e1583620378791.jpg",640,385,false],"web-stories-publisher-logo":["https:\/\/experienciadevida.com.ar\/portalurbano\/wp-content\/uploads\/2019\/11\/ANSES-e1583620378791.jpg",96,58,false],"web-stories-thumbnail":["https:\/\/experienciadevida.com.ar\/portalurbano\/wp-content\/uploads\/2019\/11\/ANSES-e1583620378791.jpg",150,90,false]},"author_info":{"display_name":"admpu17wp","author_link":"https:\/\/experienciadevida.com.ar\/portalurbano\/author\/admpu17wp\/"},"category_info":"<a href=\"https:\/\/experienciadevida.com.ar\/portalurbano\/category\/ciudad\/\" rel=\"category tag\">Ciudad<\/a> <a href=\"https:\/\/experienciadevida.com.ar\/portalurbano\/category\/destacadas\/\" rel=\"category tag\">Destacadas<\/a>","tag_info":"Destacadas","comment_count":"0","amp_enabled":true,"_links":{"self":[{"href":"https:\/\/experienciadevida.com.ar\/portalurbano\/wp-json\/wp\/v2\/posts\/171706"}],"collection":[{"href":"https:\/\/experienciadevida.com.ar\/portalurbano\/wp-json\/wp\/v2\/posts"}],"about":[{"href":"https:\/\/experienciadevida.com.ar\/portalurbano\/wp-json\/wp\/v2\/types\/post"}],"author":[{"embeddable":true,"href":"https:\/\/experienciadevida.com.ar\/portalurbano\/wp-json\/wp\/v2\/users\/1"}],"replies":[{"embeddable":true,"href":"https:\/\/experienciadevida.com.ar\/portalurbano\/wp-json\/wp\/v2\/comments?post=171706"}],"version-history":[{"count":2,"href":"https:\/\/experienciadevida.com.ar\/portalurbano\/wp-json\/wp\/v2\/posts\/171706\/revisions"}],"predecessor-version":[{"id":171708,"href":"https:\/\/experienciadevida.com.ar\/portalurbano\/wp-json\/wp\/v2\/posts\/171706\/revisions\/171708"}],"wp:featuredmedia":[{"embeddable":true,"href":"https:\/\/experienciadevida.com.ar\/portalurbano\/wp-json\/wp\/v2\/media\/94069"}],"wp:attachment":[{"href":"https:\/\/experienciadevida.com.ar\/portalurbano\/wp-json\/wp\/v2\/media?parent=171706"}],"wp:term":[{"taxonomy":"category","embeddable":true,"href":"https:\/\/experienciadevida.com.ar\/portalurbano\/wp-json\/wp\/v2\/categories?post=171706"},{"taxonomy":"post_tag","embeddable":true,"href":"https:\/\/experienciadevida.com.ar\/portalurbano\/wp-json\/wp\/v2\/tags?post=171706"}],"curies":[{"name":"wp","href":"https:\/\/api.w.org\/{rel}","templated":true}]}}