{"id":171703,"date":"2022-07-18T20:07:37","date_gmt":"2022-07-18T23:07:37","guid":{"rendered":"https:\/\/experienciadevida.com.ar\/portalurbano\/?p=171703"},"modified":"2022-07-18T20:08:03","modified_gmt":"2022-07-18T23:08:03","slug":"se-desarrollara-el-primer-torneo-regional-de-futbol-femenino-copa-igualdad-heroinas-de-malvinas-en-la-septima-region","status":"publish","type":"post","link":"https:\/\/experienciadevida.com.ar\/portalurbano\/se-desarrollara-el-primer-torneo-regional-de-futbol-femenino-copa-igualdad-heroinas-de-malvinas-en-la-septima-region\/","title":{"rendered":"Se desarrollar\u00e1 el primer torneo regional de  f\u00fatbol femenino \u201cCopa Igualdad Hero\u00ednas de Malvinas\u201d en la S\u00e9ptima Regi\u00f3n."},"content":{"rendered":"<p>Se desarrollar\u00e1 el primer torneo regional de f\u00fatbol femenino \u201cCopa Igualdad Hero\u00ednas de Malvinas\u201d en la S\u00e9ptima Regi\u00f3n.<\/p>\n<p>El deporte es una herramienta fundamental para el desarrollo humano, pero su ejercicio pleno se ha visto hist\u00f3ricamente limitado para las mujeres y disidencias sexuales.<\/p>\n<p>A\u00fan en la actualidad este derecho sigue siendo negado y por esto se ha constituido en motivo de lucha. Es a trav\u00e9s de la organizaci\u00f3n colectiva que podemos construir espacios y pr\u00e1cticas m\u00e1s igualitarias, tambi\u00e9n en los deportes.<\/p>\n<p>Es importante reconocer que las ni\u00f1eces, mujeres y el colectivo lgbtiq+ tienen mayores obst\u00e1culos para acceder y sostener pr\u00e1cticas l\u00fadicas y deportivas. Esto tiene que ver con aspectos culturales e hist\u00f3ricos, de nuestra sociedad; que muchas veces reproducimos a trav\u00e9s de estereotipos y prejuicios que alimentan la discriminaci\u00f3n. Por esto, desde la Direcci\u00f3n de la S\u00e9ptima Regi\u00f3n de la Subsecretar\u00eda de Pol\u00edticas Transversales de G\u00e9nero (Ministerio de las Mujeres, Pol\u00edticas de G\u00e9nero y Diversidad Sexual), se propuso la realizaci\u00f3n de un torneo regional de f\u00fatbol femenino. El objetivo principal es lograr que mujeres, disidencias y varones de los municipios que conforman la Regi\u00f3n, puedan preguntarse cu\u00e1les han sido y son sus vivencias dentro del deporte en general, y del f\u00fatbol en particular. Partiendo de la propia experiencia podemos pensar procesos personales y colectivos, volver a mirarnos, esta vez con perspectiva de g\u00e9nero, y dar lugar a cuestionamientos acerca de las posibilidades de acceso a derechos e igualdad.<\/p>\n<p>Adem\u00e1s, se entiende que los deportes generan procesos de identificaci\u00f3n e identidad, y desde ellos se construyen manifestaciones simb\u00f3licas y art\u00edsticas. Por esto se propone la recuperaci\u00f3n de biograf\u00edas de algunas de las pioneras del f\u00fatbol femenino de las localidades, con el objetivo de visibilizarlas y ponerlas en valor, a trav\u00e9s de murales enmarcados en el Programa \u201cEllas no estaban Pintadas\u201d. Porque las mujeres y disidencias tambi\u00e9n somos parte de la historia.<\/p>\n<p>Se desarrollar\u00e1 el primer torneo regional de f\u00fatbol femenino \u201cCopa Igualdad Hero\u00ednas de Malvinas\u201d, en ese mismo sentido es que se pens\u00f3 el nombre de esta Copa Igualdad \u201cHero\u00ednas de Malvinas\u201d, porque este a\u00f1o se cumplen 40 a\u00f1os de esa Guerra y es importante visibilizar la lucha de quienes fueron las primeras enfermeras de la fuerza a\u00e9rea, y que luego llevaron adelante una gran lucha para conseguir el debido reconocimiento como Hero\u00ednas y Veteranas de Malvinas.<\/p>\n<p>La propuesta original desde la Direcci\u00f3n Regional, para este torneo, fue que participaran dos equipos por cada uno de los distritos de la S\u00e9ptima y lograr la participaci\u00f3n de 16 equipos de f\u00fatbol 11 femenino. Sin embargo, por las agendas de los torneos locales participar\u00e1n 11 equipos: 2 de Olavarr\u00eda, 2 de Bol\u00edvar, 2 de Roque P\u00e9rez y 2 de Veinticinco de Mayo, mientras Tapalqu\u00e9, Azul y Saladillo participar\u00e1n con un equipo. La primera fecha de esta Copa se jugar\u00e1 el s\u00e1bado 16\/07 en la ciudad de Veinticinco de Mayo y el acto de Apertura contar\u00e1 con la presencia de Directora Regional Hosanna Cazola; la Subsecretar\u00eda de Pol\u00edticas Transversales de G\u00e9nero de la Provincia, Lidia Fern\u00e1ndez; el Intendente de 25 de Mayo, Hern\u00e1n Ralinqueo; el Subsecretario de Deportes de la Provincia, Javier Lovera y la Ministra de Mujeres, Pol\u00edticas de G\u00e9nero y Diversidad Sexual: Estela D\u00edaz.<\/p>\n<p>La segunda fecha ser\u00e1 el s\u00e1bado 23\/07 en la ciudad de Roque P\u00e9rez y se disputar\u00e1n 3 partidos. La \u00faltima fecha, en la que se jugar\u00e1n las dos semifinales y la final, ser\u00e1 Tapalqu\u00e9 el d\u00eda s\u00e1bado 30\/07.<\/p>\n<p>Esta Copa fue construida con el aporte de jugadoras, de clubes, de \u00e1reas de deporte y de g\u00e9nero de cada municipio, y metimos gol de media cancha, porque desde la S\u00e9ptima aportamos esta idea para la provincializaci\u00f3n de un f\u00fatbol feminista. Este torneo ser\u00e1 jugado en otras 3 regiones de la Provincia de Buenos Aires y las campeonas de cada regi\u00f3n har\u00e1n un cuadrangular cuya final se jugar\u00e1 en el Estadio Jos\u00e9 Mar\u00eda Minella, en el mes de octubre del corriente.<\/p>\n","protected":false},"excerpt":{"rendered":"<p>Se desarrollar\u00e1 el primer torneo regional de f\u00fatbol femenino \u201cCopa Igualdad Hero\u00ednas de Malvinas\u201d en&#8230;<\/p>\n","protected":false},"author":1,"featured_media":171704,"comment_status":"closed","ping_status":"closed","sticky":false,"template":"","format":"standard","meta":{"content-type":""},"categories":[27],"tags":[],"nelio_content":{"isAutoShareEnabled":false,"autoShareEndMode":"default","automationSources":{"useContentSentences":true,"useSocialTemplates":true,"useCustomSentences":false,"customSentences":[]},"followers":[1],"suggestedReferences":[],"includedReferences":[],"efiUrl":"","efiAlt":"","highlights":[]},"yoast_head":"<!-- This site is optimized with the Yoast SEO plugin v20.7 - https:\/\/yoast.com\/wordpress\/plugins\/seo\/ -->\n<title>Se desarrollar\u00e1 el primer torneo regional de f\u00fatbol femenino<\/title>\n<meta name=\"description\" content=\"Se desarrollar\u00e1 el primer torneo regional de f\u00fatbol femenino \u201cCopa Igualdad Hero\u00ednas de Malvinas\u201d en la S\u00e9ptima Regi\u00f3n.\" \/>\n<meta name=\"robots\" content=\"index, follow, max-snippet:-1, max-image-preview:large, max-video-preview:-1\" \/>\n<link rel=\"canonical\" href=\"https:\/\/experienciadevida.com.ar\/portalurbano\/se-desarrollara-el-primer-torneo-regional-de-futbol-femenino-copa-igualdad-heroinas-de-malvinas-en-la-septima-region\/\" \/>\n<meta property=\"og:locale\" content=\"es_ES\" \/>\n<meta property=\"og:type\" content=\"article\" \/>\n<meta property=\"og:title\" content=\"Se desarrollar\u00e1 el primer torneo regional de f\u00fatbol femenino\" \/>\n<meta property=\"og:description\" content=\"Se desarrollar\u00e1 el primer torneo regional de f\u00fatbol femenino \u201cCopa Igualdad Hero\u00ednas de Malvinas\u201d en la S\u00e9ptima Regi\u00f3n.\" \/>\n<meta property=\"og:url\" content=\"https:\/\/experienciadevida.com.ar\/portalurbano\/se-desarrollara-el-primer-torneo-regional-de-futbol-femenino-copa-igualdad-heroinas-de-malvinas-en-la-septima-region\/\" \/>\n<meta property=\"article:publisher\" content=\"https:\/\/www.facebook.com\/Portal-Urbano-171542830093757\/\" \/>\n<meta property=\"article:published_time\" content=\"2022-07-18T23:07:37+00:00\" \/>\n<meta property=\"article:modified_time\" content=\"2022-07-18T23:08:03+00:00\" \/>\n<meta property=\"og:image\" content=\"https:\/\/experienciadevida.com.ar\/portalurbano\/wp-content\/uploads\/2022\/07\/Se-desarrollara-el-primer.jpg\" \/>\n\t<meta property=\"og:image:width\" content=\"1080\" \/>\n\t<meta property=\"og:image:height\" content=\"1080\" \/>\n\t<meta property=\"og:image:type\" content=\"image\/jpeg\" \/>\n<meta name=\"author\" content=\"admpu17wp\" \/>\n<meta name=\"twitter:card\" content=\"summary_large_image\" \/>\n<meta name=\"twitter:creator\" content=\"@portalurbanook\" \/>\n<meta name=\"twitter:site\" content=\"@portalurbanook\" \/>\n<meta name=\"twitter:label1\" content=\"Escrito por\" \/>\n\t<meta name=\"twitter:data1\" content=\"admpu17wp\" \/>\n\t<meta name=\"twitter:label2\" content=\"Tiempo de lectura\" \/>\n\t<meta name=\"twitter:data2\" content=\"3 minutos\" \/>\n<script type=\"application\/ld+json\" class=\"yoast-schema-graph\">{\"@context\":\"https:\/\/schema.org\",\"@graph\":[{\"@type\":\"Article\",\"@id\":\"https:\/\/experienciadevida.com.ar\/portalurbano\/se-desarrollara-el-primer-torneo-regional-de-futbol-femenino-copa-igualdad-heroinas-de-malvinas-en-la-septima-region\/#article\",\"isPartOf\":{\"@id\":\"https:\/\/experienciadevida.com.ar\/portalurbano\/se-desarrollara-el-primer-torneo-regional-de-futbol-femenino-copa-igualdad-heroinas-de-malvinas-en-la-septima-region\/\"},\"author\":{\"name\":\"admpu17wp\",\"@id\":\"https:\/\/experienciadevida.com.ar\/portalurbano\/#\/schema\/person\/02dd326b1c4b056e9cc972486934a3a7\"},\"headline\":\"Se desarrollar\u00e1 el primer torneo regional de f\u00fatbol femenino \u201cCopa Igualdad Hero\u00ednas de Malvinas\u201d en la S\u00e9ptima Regi\u00f3n.\",\"datePublished\":\"2022-07-18T23:07:37+00:00\",\"dateModified\":\"2022-07-18T23:08:03+00:00\",\"mainEntityOfPage\":{\"@id\":\"https:\/\/experienciadevida.com.ar\/portalurbano\/se-desarrollara-el-primer-torneo-regional-de-futbol-femenino-copa-igualdad-heroinas-de-malvinas-en-la-septima-region\/\"},\"wordCount\":738,\"publisher\":{\"@id\":\"https:\/\/experienciadevida.com.ar\/portalurbano\/#organization\"},\"articleSection\":[\"Ciudad\"],\"inLanguage\":\"es\"},{\"@type\":\"WebPage\",\"@id\":\"https:\/\/experienciadevida.com.ar\/portalurbano\/se-desarrollara-el-primer-torneo-regional-de-futbol-femenino-copa-igualdad-heroinas-de-malvinas-en-la-septima-region\/\",\"url\":\"https:\/\/experienciadevida.com.ar\/portalurbano\/se-desarrollara-el-primer-torneo-regional-de-futbol-femenino-copa-igualdad-heroinas-de-malvinas-en-la-septima-region\/\",\"name\":\"Se desarrollar\u00e1 el primer torneo regional de f\u00fatbol femenino\",\"isPartOf\":{\"@id\":\"https:\/\/experienciadevida.com.ar\/portalurbano\/#website\"},\"datePublished\":\"2022-07-18T23:07:37+00:00\",\"dateModified\":\"2022-07-18T23:08:03+00:00\",\"description\":\"Se desarrollar\u00e1 el primer torneo regional de f\u00fatbol femenino \u201cCopa Igualdad Hero\u00ednas de Malvinas\u201d en la S\u00e9ptima Regi\u00f3n.\",\"breadcrumb\":{\"@id\":\"https:\/\/experienciadevida.com.ar\/portalurbano\/se-desarrollara-el-primer-torneo-regional-de-futbol-femenino-copa-igualdad-heroinas-de-malvinas-en-la-septima-region\/#breadcrumb\"},\"inLanguage\":\"es\",\"potentialAction\":[{\"@type\":\"ReadAction\",\"target\":[\"https:\/\/experienciadevida.com.ar\/portalurbano\/se-desarrollara-el-primer-torneo-regional-de-futbol-femenino-copa-igualdad-heroinas-de-malvinas-en-la-septima-region\/\"]}]},{\"@type\":\"BreadcrumbList\",\"@id\":\"https:\/\/experienciadevida.com.ar\/portalurbano\/se-desarrollara-el-primer-torneo-regional-de-futbol-femenino-copa-igualdad-heroinas-de-malvinas-en-la-septima-region\/#breadcrumb\",\"itemListElement\":[{\"@type\":\"ListItem\",\"position\":1,\"name\":\"Portada\",\"item\":\"https:\/\/experienciadevida.com.ar\/portalurbano\/\"},{\"@type\":\"ListItem\",\"position\":2,\"name\":\"Se desarrollar\u00e1 el primer torneo regional de f\u00fatbol femenino \u201cCopa Igualdad Hero\u00ednas de Malvinas\u201d en la S\u00e9ptima Regi\u00f3n.\"}]},{\"@type\":\"WebSite\",\"@id\":\"https:\/\/experienciadevida.com.ar\/portalurbano\/#website\",\"url\":\"https:\/\/experienciadevida.com.ar\/portalurbano\/\",\"name\":\"\",\"description\":\"\",\"publisher\":{\"@id\":\"https:\/\/experienciadevida.com.ar\/portalurbano\/#organization\"},\"potentialAction\":[{\"@type\":\"SearchAction\",\"target\":{\"@type\":\"EntryPoint\",\"urlTemplate\":\"https:\/\/experienciadevida.com.ar\/portalurbano\/?s={search_term_string}\"},\"query-input\":\"required name=search_term_string\"}],\"inLanguage\":\"es\"},{\"@type\":\"Organization\",\"@id\":\"https:\/\/experienciadevida.com.ar\/portalurbano\/#organization\",\"name\":\"Portal Urbano\",\"url\":\"https:\/\/experienciadevida.com.ar\/portalurbano\/\",\"logo\":{\"@type\":\"ImageObject\",\"inLanguage\":\"es\",\"@id\":\"https:\/\/experienciadevida.com.ar\/portalurbano\/#\/schema\/logo\/image\/\",\"url\":\"https:\/\/experienciadevida.com.ar\/portalurbano\/wp-content\/uploads\/2019\/09\/Logo-Original.png\",\"contentUrl\":\"https:\/\/experienciadevida.com.ar\/portalurbano\/wp-content\/uploads\/2019\/09\/Logo-Original.png\",\"width\":2236,\"height\":1216,\"caption\":\"Portal Urbano\"},\"image\":{\"@id\":\"https:\/\/experienciadevida.com.ar\/portalurbano\/#\/schema\/logo\/image\/\"},\"sameAs\":[\"https:\/\/www.facebook.com\/Portal-Urbano-171542830093757\/\",\"https:\/\/twitter.com\/portalurbanook\",\"https:\/\/www.instagram.com\/_portalurbano\/\",\"https:\/\/www.youtube.com\/channel\/UCXhagIfszH8KxFiOok79zbA?view_as=subscriber\"]},{\"@type\":\"Person\",\"@id\":\"https:\/\/experienciadevida.com.ar\/portalurbano\/#\/schema\/person\/02dd326b1c4b056e9cc972486934a3a7\",\"name\":\"admpu17wp\",\"image\":{\"@type\":\"ImageObject\",\"inLanguage\":\"es\",\"@id\":\"https:\/\/experienciadevida.com.ar\/portalurbano\/#\/schema\/person\/image\/\",\"url\":\"https:\/\/secure.gravatar.com\/avatar\/830d4c57adaae6630765e449a6908047?s=96&d=mm&r=g\",\"contentUrl\":\"https:\/\/secure.gravatar.com\/avatar\/830d4c57adaae6630765e449a6908047?s=96&d=mm&r=g\",\"caption\":\"admpu17wp\"}}]}<\/script>\n<!-- \/ Yoast SEO plugin. -->","yoast_head_json":{"title":"Se desarrollar\u00e1 el primer torneo regional de f\u00fatbol femenino","description":"Se desarrollar\u00e1 el primer torneo regional de f\u00fatbol femenino \u201cCopa Igualdad Hero\u00ednas de Malvinas\u201d en la S\u00e9ptima Regi\u00f3n.","robots":{"index":"index","follow":"follow","max-snippet":"max-snippet:-1","max-image-preview":"max-image-preview:large","max-video-preview":"max-video-preview:-1"},"canonical":"https:\/\/experienciadevida.com.ar\/portalurbano\/se-desarrollara-el-primer-torneo-regional-de-futbol-femenino-copa-igualdad-heroinas-de-malvinas-en-la-septima-region\/","og_locale":"es_ES","og_type":"article","og_title":"Se desarrollar\u00e1 el primer torneo regional de f\u00fatbol femenino","og_description":"Se desarrollar\u00e1 el primer torneo regional de f\u00fatbol femenino \u201cCopa Igualdad Hero\u00ednas de Malvinas\u201d en la S\u00e9ptima Regi\u00f3n.","og_url":"https:\/\/experienciadevida.com.ar\/portalurbano\/se-desarrollara-el-primer-torneo-regional-de-futbol-femenino-copa-igualdad-heroinas-de-malvinas-en-la-septima-region\/","article_publisher":"https:\/\/www.facebook.com\/Portal-Urbano-171542830093757\/","article_published_time":"2022-07-18T23:07:37+00:00","article_modified_time":"2022-07-18T23:08:03+00:00","og_image":[{"width":1080,"height":1080,"url":"https:\/\/experienciadevida.com.ar\/portalurbano\/wp-content\/uploads\/2022\/07\/Se-desarrollara-el-primer.jpg","type":"image\/jpeg"}],"author":"admpu17wp","twitter_card":"summary_large_image","twitter_creator":"@portalurbanook","twitter_site":"@portalurbanook","twitter_misc":{"Escrito por":"admpu17wp","Tiempo de lectura":"3 minutos"},"schema":{"@context":"https:\/\/schema.org","@graph":[{"@type":"Article","@id":"https:\/\/experienciadevida.com.ar\/portalurbano\/se-desarrollara-el-primer-torneo-regional-de-futbol-femenino-copa-igualdad-heroinas-de-malvinas-en-la-septima-region\/#article","isPartOf":{"@id":"https:\/\/experienciadevida.com.ar\/portalurbano\/se-desarrollara-el-primer-torneo-regional-de-futbol-femenino-copa-igualdad-heroinas-de-malvinas-en-la-septima-region\/"},"author":{"name":"admpu17wp","@id":"https:\/\/experienciadevida.com.ar\/portalurbano\/#\/schema\/person\/02dd326b1c4b056e9cc972486934a3a7"},"headline":"Se desarrollar\u00e1 el primer torneo regional de f\u00fatbol femenino \u201cCopa Igualdad Hero\u00ednas de Malvinas\u201d en la S\u00e9ptima Regi\u00f3n.","datePublished":"2022-07-18T23:07:37+00:00","dateModified":"2022-07-18T23:08:03+00:00","mainEntityOfPage":{"@id":"https:\/\/experienciadevida.com.ar\/portalurbano\/se-desarrollara-el-primer-torneo-regional-de-futbol-femenino-copa-igualdad-heroinas-de-malvinas-en-la-septima-region\/"},"wordCount":738,"publisher":{"@id":"https:\/\/experienciadevida.com.ar\/portalurbano\/#organization"},"articleSection":["Ciudad"],"inLanguage":"es"},{"@type":"WebPage","@id":"https:\/\/experienciadevida.com.ar\/portalurbano\/se-desarrollara-el-primer-torneo-regional-de-futbol-femenino-copa-igualdad-heroinas-de-malvinas-en-la-septima-region\/","url":"https:\/\/experienciadevida.com.ar\/portalurbano\/se-desarrollara-el-primer-torneo-regional-de-futbol-femenino-copa-igualdad-heroinas-de-malvinas-en-la-septima-region\/","name":"Se desarrollar\u00e1 el primer torneo regional de f\u00fatbol femenino","isPartOf":{"@id":"https:\/\/experienciadevida.com.ar\/portalurbano\/#website"},"datePublished":"2022-07-18T23:07:37+00:00","dateModified":"2022-07-18T23:08:03+00:00","description":"Se desarrollar\u00e1 el primer torneo regional de f\u00fatbol femenino \u201cCopa Igualdad Hero\u00ednas de Malvinas\u201d en la S\u00e9ptima Regi\u00f3n.","breadcrumb":{"@id":"https:\/\/experienciadevida.com.ar\/portalurbano\/se-desarrollara-el-primer-torneo-regional-de-futbol-femenino-copa-igualdad-heroinas-de-malvinas-en-la-septima-region\/#breadcrumb"},"inLanguage":"es","potentialAction":[{"@type":"ReadAction","target":["https:\/\/experienciadevida.com.ar\/portalurbano\/se-desarrollara-el-primer-torneo-regional-de-futbol-femenino-copa-igualdad-heroinas-de-malvinas-en-la-septima-region\/"]}]},{"@type":"BreadcrumbList","@id":"https:\/\/experienciadevida.com.ar\/portalurbano\/se-desarrollara-el-primer-torneo-regional-de-futbol-femenino-copa-igualdad-heroinas-de-malvinas-en-la-septima-region\/#breadcrumb","itemListElement":[{"@type":"ListItem","position":1,"name":"Portada","item":"https:\/\/experienciadevida.com.ar\/portalurbano\/"},{"@type":"ListItem","position":2,"name":"Se desarrollar\u00e1 el primer torneo regional de f\u00fatbol femenino \u201cCopa Igualdad Hero\u00ednas de Malvinas\u201d en la S\u00e9ptima Regi\u00f3n."}]},{"@type":"WebSite","@id":"https:\/\/experienciadevida.com.ar\/portalurbano\/#website","url":"https:\/\/experienciadevida.com.ar\/portalurbano\/","name":"","description":"","publisher":{"@id":"https:\/\/experienciadevida.com.ar\/portalurbano\/#organization"},"potentialAction":[{"@type":"SearchAction","target":{"@type":"EntryPoint","urlTemplate":"https:\/\/experienciadevida.com.ar\/portalurbano\/?s={search_term_string}"},"query-input":"required name=search_term_string"}],"inLanguage":"es"},{"@type":"Organization","@id":"https:\/\/experienciadevida.com.ar\/portalurbano\/#organization","name":"Portal Urbano","url":"https:\/\/experienciadevida.com.ar\/portalurbano\/","logo":{"@type":"ImageObject","inLanguage":"es","@id":"https:\/\/experienciadevida.com.ar\/portalurbano\/#\/schema\/logo\/image\/","url":"https:\/\/experienciadevida.com.ar\/portalurbano\/wp-content\/uploads\/2019\/09\/Logo-Original.png","contentUrl":"https:\/\/experienciadevida.com.ar\/portalurbano\/wp-content\/uploads\/2019\/09\/Logo-Original.png","width":2236,"height":1216,"caption":"Portal Urbano"},"image":{"@id":"https:\/\/experienciadevida.com.ar\/portalurbano\/#\/schema\/logo\/image\/"},"sameAs":["https:\/\/www.facebook.com\/Portal-Urbano-171542830093757\/","https:\/\/twitter.com\/portalurbanook","https:\/\/www.instagram.com\/_portalurbano\/","https:\/\/www.youtube.com\/channel\/UCXhagIfszH8KxFiOok79zbA?view_as=subscriber"]},{"@type":"Person","@id":"https:\/\/experienciadevida.com.ar\/portalurbano\/#\/schema\/person\/02dd326b1c4b056e9cc972486934a3a7","name":"admpu17wp","image":{"@type":"ImageObject","inLanguage":"es","@id":"https:\/\/experienciadevida.com.ar\/portalurbano\/#\/schema\/person\/image\/","url":"https:\/\/secure.gravatar.com\/avatar\/830d4c57adaae6630765e449a6908047?s=96&d=mm&r=g","contentUrl":"https:\/\/secure.gravatar.com\/avatar\/830d4c57adaae6630765e449a6908047?s=96&d=mm&r=g","caption":"admpu17wp"}}]}},"featured_image_urls":{"full":["https:\/\/experienciadevida.com.ar\/portalurbano\/wp-content\/uploads\/2022\/07\/Se-desarrollara-el-primer.jpg",1080,1080,false],"thumbnail":["https:\/\/experienciadevida.com.ar\/portalurbano\/wp-content\/uploads\/2022\/07\/Se-desarrollara-el-primer-150x150.jpg",150,150,true],"medium":["https:\/\/experienciadevida.com.ar\/portalurbano\/wp-content\/uploads\/2022\/07\/Se-desarrollara-el-primer-300x300.jpg",300,300,true],"medium_large":["https:\/\/experienciadevida.com.ar\/portalurbano\/wp-content\/uploads\/2022\/07\/Se-desarrollara-el-primer-768x768.jpg",640,640,true],"large":["https:\/\/experienciadevida.com.ar\/portalurbano\/wp-content\/uploads\/2022\/07\/Se-desarrollara-el-primer-1024x1024.jpg",640,640,true],"ug_big":["https:\/\/experienciadevida.com.ar\/portalurbano\/wp-content\/uploads\/2022\/07\/Se-desarrollara-el-primer-768x768.jpg",768,768,true],"1536x1536":["https:\/\/experienciadevida.com.ar\/portalurbano\/wp-content\/uploads\/2022\/07\/Se-desarrollara-el-primer.jpg",1080,1080,false],"2048x2048":["https:\/\/experienciadevida.com.ar\/portalurbano\/wp-content\/uploads\/2022\/07\/Se-desarrollara-el-primer.jpg",1080,1080,false],"newsever-slider-full":["https:\/\/experienciadevida.com.ar\/portalurbano\/wp-content\/uploads\/2022\/07\/Se-desarrollara-el-primer.jpg",845,845,false],"newsever-featured":["https:\/\/experienciadevida.com.ar\/portalurbano\/wp-content\/uploads\/2022\/07\/Se-desarrollara-el-primer.jpg",1024,1024,false],"newsever-medium":["https:\/\/experienciadevida.com.ar\/portalurbano\/wp-content\/uploads\/2022\/07\/Se-desarrollara-el-primer.jpg",475,475,false],"web-stories-poster-portrait":["https:\/\/experienciadevida.com.ar\/portalurbano\/wp-content\/uploads\/2022\/07\/Se-desarrollara-el-primer-640x853.jpg",640,853,true],"web-stories-publisher-logo":["https:\/\/experienciadevida.com.ar\/portalurbano\/wp-content\/uploads\/2022\/07\/Se-desarrollara-el-primer-96x96.jpg",96,96,true],"web-stories-thumbnail":["https:\/\/experienciadevida.com.ar\/portalurbano\/wp-content\/uploads\/2022\/07\/Se-desarrollara-el-primer-150x150.jpg",150,150,true]},"author_info":{"display_name":"admpu17wp","author_link":"https:\/\/experienciadevida.com.ar\/portalurbano\/author\/admpu17wp\/"},"category_info":"<a href=\"https:\/\/experienciadevida.com.ar\/portalurbano\/category\/ciudad\/\" rel=\"category tag\">Ciudad<\/a>","tag_info":"Ciudad","comment_count":"0","amp_enabled":true,"_links":{"self":[{"href":"https:\/\/experienciadevida.com.ar\/portalurbano\/wp-json\/wp\/v2\/posts\/171703"}],"collection":[{"href":"https:\/\/experienciadevida.com.ar\/portalurbano\/wp-json\/wp\/v2\/posts"}],"about":[{"href":"https:\/\/experienciadevida.com.ar\/portalurbano\/wp-json\/wp\/v2\/types\/post"}],"author":[{"embeddable":true,"href":"https:\/\/experienciadevida.com.ar\/portalurbano\/wp-json\/wp\/v2\/users\/1"}],"replies":[{"embeddable":true,"href":"https:\/\/experienciadevida.com.ar\/portalurbano\/wp-json\/wp\/v2\/comments?post=171703"}],"version-history":[{"count":1,"href":"https:\/\/experienciadevida.com.ar\/portalurbano\/wp-json\/wp\/v2\/posts\/171703\/revisions"}],"predecessor-version":[{"id":171705,"href":"https:\/\/experienciadevida.com.ar\/portalurbano\/wp-json\/wp\/v2\/posts\/171703\/revisions\/171705"}],"wp:featuredmedia":[{"embeddable":true,"href":"https:\/\/experienciadevida.com.ar\/portalurbano\/wp-json\/wp\/v2\/media\/171704"}],"wp:attachment":[{"href":"https:\/\/experienciadevida.com.ar\/portalurbano\/wp-json\/wp\/v2\/media?parent=171703"}],"wp:term":[{"taxonomy":"category","embeddable":true,"href":"https:\/\/experienciadevida.com.ar\/portalurbano\/wp-json\/wp\/v2\/categories?post=171703"},{"taxonomy":"post_tag","embeddable":true,"href":"https:\/\/experienciadevida.com.ar\/portalurbano\/wp-json\/wp\/v2\/tags?post=171703"}],"curies":[{"name":"wp","href":"https:\/\/api.w.org\/{rel}","templated":true}]}}