{"id":171692,"date":"2022-07-18T17:06:04","date_gmt":"2022-07-18T20:06:04","guid":{"rendered":"https:\/\/experienciadevida.com.ar\/portalurbano\/?p=171692"},"modified":"2022-07-18T17:10:11","modified_gmt":"2022-07-18T20:10:11","slug":"complejo-deportivo-municipal-avanza-la-obra-del-instituto-de-educacion-fisica","status":"publish","type":"post","link":"https:\/\/experienciadevida.com.ar\/portalurbano\/complejo-deportivo-municipal-avanza-la-obra-del-instituto-de-educacion-fisica\/","title":{"rendered":"Complejo Deportivo Municipal: avanza la obra del Instituto de Educaci\u00f3n F\u00edsica"},"content":{"rendered":"<p>Complejo Deportivo Municipal: avanza la obra del Instituto de Educaci\u00f3n F\u00edsica, en la ma\u00f1ana de este lunes el intendente Ezequiel <a href=\"https:\/\/www.instagram.com\/galliezequiel\/\">Galli<\/a> visit\u00f3 la obra de construcci\u00f3n del Instituto de Educaci\u00f3n F\u00edsica (ISFD N\u00ba47), que se est\u00e1 llevando a cabo en el mismo sitio donde se emplazar\u00e1 el Complejo Deportivo Municipal.<\/p>\n<p>De la recorrida tambi\u00e9n tomaron parte los secretarios de Mantenimiento y Obras P\u00fablicas Julio <a href=\"https:\/\/www.instagram.com\/julitoferraro\/\">Ferraro<\/a>, de Desarrollo Humano y Calidad de Vida Diego <a href=\"https:\/\/www.instagram.com\/diegorobbiani\/\">Robbiani<\/a>, y de Gobierno Hilario Galli. El edificio, que tendr\u00e1 m\u00e1s de 1000 metros cuadrados, presenta un grado de avance cercano al 30%.<\/p>\n<p>\u201cEstamos muy conformes con el grado de avance que tiene esta obra, que es representativa para nosotros porque incluye obra p\u00fablica, educaci\u00f3n y deporte, que est\u00e1 \u00edntimamente relacionado con la salud de los olavarrienses\u201d, enfatiz\u00f3 Ezequiel Galli tras la visita al lugar ubicado en el mismo predio donde se encuentra la pista municipal de atletismo.<\/p>\n<p>Adem\u00e1s, el jefe comunal indic\u00f3 que \u201cla semana pasada anunciamos la construcci\u00f3n del edificio para la Secundaria N\u00b0 22 en el barrio Los Robles, y vamos a seguir por este camino que es el de apostar por la educaci\u00f3n. Nuestro compromiso fue, es y ser\u00e1 mejorar la calidad educativa de los vecinos y no nos vamos a detener\u201d, concluy\u00f3.<\/p>\n<p>La obra de la nueva casa del ISFD N\u00b0 47 se trata de una inversi\u00f3n de m\u00e1s de 100 millones de pesos y contempla la construcci\u00f3n de ocho aulas, biblioteca, sal\u00f3n de usos m\u00faltiples, dep\u00f3sito, sala de m\u00e1quinas, oficinas administrativas (preceptor\u00eda, secretar\u00eda, director\/a, sala de reuniones, office y sanitarios). En otra \u00e1rea se ubicar\u00e1n los grupos de sanitarios para la comunidad estudiantil, ba\u00f1os damas, caballeros y para personas con discapacidad, que contar\u00e1 con sector de duchas, dep\u00f3sito y sala de m\u00e1quinas.<\/p>\n<p>Por \u00faltimo, vale recordar que el proyecto fue anunciado por el intendente Ezequiel Galli en el pasado mes de octubre en el Centro Cultural Municipal \u201cSan Jos\u00e9\u201d, en el marco del 50\u00ba Aniversario del Instituto de Educaci\u00f3n F\u00edsica. En tanto, la construcci\u00f3n fue incluida en el Presupuesto 2022, siendo licitada el d\u00eda 21 de febrero, con la presentaci\u00f3n de cuatro empresas, resultando adjudicataria la firma Vigas y Bloques S.R.L.<\/p>\n<p><a href=\"https:\/\/experienciadevida.com.ar\/portalurbano\/complejo-deportivo-municipal-avanza-la-obra-del-instituto-de-educacion-fisica\/complejo-deportivo\/\" rel=\"attachment wp-att-171695\"><img decoding=\"async\" class=\"alignnone size-large wp-image-171695\" src=\"https:\/\/experienciadevida.com.ar\/portalurbano\/wp-content\/uploads\/2022\/07\/Complejo-deportivo-1024x684.jpg\" alt=\"Complejo deportivo \" width=\"900\" height=\"601\" srcset=\"https:\/\/experienciadevida.com.ar\/portalurbano\/wp-content\/uploads\/2022\/07\/Complejo-deportivo-1024x684.jpg 1024w, https:\/\/experienciadevida.com.ar\/portalurbano\/wp-content\/uploads\/2022\/07\/Complejo-deportivo-300x201.jpg 300w, https:\/\/experienciadevida.com.ar\/portalurbano\/wp-content\/uploads\/2022\/07\/Complejo-deportivo-768x513.jpg 768w, https:\/\/experienciadevida.com.ar\/portalurbano\/wp-content\/uploads\/2022\/07\/Complejo-deportivo-1536x1027.jpg 1536w, https:\/\/experienciadevida.com.ar\/portalurbano\/wp-content\/uploads\/2022\/07\/Complejo-deportivo-2048x1369.jpg 2048w, https:\/\/experienciadevida.com.ar\/portalurbano\/wp-content\/uploads\/2022\/07\/Complejo-deportivo-150x100.jpg 150w\" sizes=\"(max-width: 900px) 100vw, 900px\" \/><\/a><\/p>\n","protected":false},"excerpt":{"rendered":"<p>Complejo Deportivo Municipal: avanza la obra del Instituto de Educaci\u00f3n F\u00edsica, en la ma\u00f1ana de&#8230;<\/p>\n","protected":false},"author":1,"featured_media":171693,"comment_status":"closed","ping_status":"closed","sticky":false,"template":"","format":"standard","meta":{"content-type":""},"categories":[27,51],"tags":[],"nelio_content":{"isAutoShareEnabled":false,"autoShareEndMode":"default","automationSources":{"useContentSentences":true,"useSocialTemplates":true,"useCustomSentences":false,"customSentences":[]},"followers":[1],"suggestedReferences":[],"includedReferences":["https:\/\/www.instagram.com\/galliezequiel\/","https:\/\/www.instagram.com\/julitoferraro\/","https:\/\/www.instagram.com\/diegorobbiani\/"],"efiUrl":"","efiAlt":"","highlights":[]},"yoast_head":"<!-- This site is optimized with the Yoast SEO plugin v20.7 - https:\/\/yoast.com\/wordpress\/plugins\/seo\/ -->\n<title>Complejo deportivo Municipal: avanza la obra del Instituto<\/title>\n<meta name=\"description\" content=\"Complejo Deportivo Municipal: avanza la obra del Instituto de Educaci\u00f3n F\u00edsica, en la ma\u00f1ana de este lunes el intendente visit\u00f3 la obra\" \/>\n<meta name=\"robots\" content=\"index, follow, max-snippet:-1, max-image-preview:large, max-video-preview:-1\" \/>\n<link rel=\"canonical\" href=\"https:\/\/experienciadevida.com.ar\/portalurbano\/complejo-deportivo-municipal-avanza-la-obra-del-instituto-de-educacion-fisica\/\" \/>\n<meta property=\"og:locale\" content=\"es_ES\" \/>\n<meta property=\"og:type\" content=\"article\" \/>\n<meta property=\"og:title\" content=\"Complejo deportivo Municipal: avanza la obra del Instituto\" \/>\n<meta property=\"og:description\" content=\"Complejo Deportivo Municipal: avanza la obra del Instituto de Educaci\u00f3n F\u00edsica, en la ma\u00f1ana de este lunes el intendente visit\u00f3 la obra\" \/>\n<meta property=\"og:url\" content=\"https:\/\/experienciadevida.com.ar\/portalurbano\/complejo-deportivo-municipal-avanza-la-obra-del-instituto-de-educacion-fisica\/\" \/>\n<meta property=\"article:publisher\" content=\"https:\/\/www.facebook.com\/Portal-Urbano-171542830093757\/\" \/>\n<meta property=\"article:published_time\" content=\"2022-07-18T20:06:04+00:00\" \/>\n<meta property=\"article:modified_time\" content=\"2022-07-18T20:10:11+00:00\" \/>\n<meta property=\"og:image\" content=\"https:\/\/experienciadevida.com.ar\/portalurbano\/wp-content\/uploads\/2022\/07\/Complejo-deportivo-Municipal.jpg\" \/>\n\t<meta property=\"og:image:width\" content=\"2560\" \/>\n\t<meta property=\"og:image:height\" content=\"1711\" \/>\n\t<meta property=\"og:image:type\" content=\"image\/jpeg\" \/>\n<meta name=\"author\" content=\"admpu17wp\" \/>\n<meta name=\"twitter:card\" content=\"summary_large_image\" \/>\n<meta name=\"twitter:creator\" content=\"@portalurbanook\" \/>\n<meta name=\"twitter:site\" content=\"@portalurbanook\" \/>\n<meta name=\"twitter:label1\" content=\"Escrito por\" \/>\n\t<meta name=\"twitter:data1\" content=\"admpu17wp\" \/>\n\t<meta name=\"twitter:label2\" content=\"Tiempo de lectura\" \/>\n\t<meta name=\"twitter:data2\" content=\"2 minutos\" \/>\n<script type=\"application\/ld+json\" class=\"yoast-schema-graph\">{\"@context\":\"https:\/\/schema.org\",\"@graph\":[{\"@type\":\"Article\",\"@id\":\"https:\/\/experienciadevida.com.ar\/portalurbano\/complejo-deportivo-municipal-avanza-la-obra-del-instituto-de-educacion-fisica\/#article\",\"isPartOf\":{\"@id\":\"https:\/\/experienciadevida.com.ar\/portalurbano\/complejo-deportivo-municipal-avanza-la-obra-del-instituto-de-educacion-fisica\/\"},\"author\":{\"name\":\"admpu17wp\",\"@id\":\"https:\/\/experienciadevida.com.ar\/portalurbano\/#\/schema\/person\/02dd326b1c4b056e9cc972486934a3a7\"},\"headline\":\"Complejo Deportivo Municipal: avanza la obra del Instituto de Educaci\u00f3n F\u00edsica\",\"datePublished\":\"2022-07-18T20:06:04+00:00\",\"dateModified\":\"2022-07-18T20:10:11+00:00\",\"mainEntityOfPage\":{\"@id\":\"https:\/\/experienciadevida.com.ar\/portalurbano\/complejo-deportivo-municipal-avanza-la-obra-del-instituto-de-educacion-fisica\/\"},\"wordCount\":400,\"publisher\":{\"@id\":\"https:\/\/experienciadevida.com.ar\/portalurbano\/#organization\"},\"articleSection\":[\"Ciudad\",\"Destacadas\"],\"inLanguage\":\"es\"},{\"@type\":\"WebPage\",\"@id\":\"https:\/\/experienciadevida.com.ar\/portalurbano\/complejo-deportivo-municipal-avanza-la-obra-del-instituto-de-educacion-fisica\/\",\"url\":\"https:\/\/experienciadevida.com.ar\/portalurbano\/complejo-deportivo-municipal-avanza-la-obra-del-instituto-de-educacion-fisica\/\",\"name\":\"Complejo deportivo Municipal: avanza la obra del Instituto\",\"isPartOf\":{\"@id\":\"https:\/\/experienciadevida.com.ar\/portalurbano\/#website\"},\"datePublished\":\"2022-07-18T20:06:04+00:00\",\"dateModified\":\"2022-07-18T20:10:11+00:00\",\"description\":\"Complejo Deportivo Municipal: avanza la obra del Instituto de Educaci\u00f3n F\u00edsica, en la ma\u00f1ana de este lunes el intendente visit\u00f3 la obra\",\"breadcrumb\":{\"@id\":\"https:\/\/experienciadevida.com.ar\/portalurbano\/complejo-deportivo-municipal-avanza-la-obra-del-instituto-de-educacion-fisica\/#breadcrumb\"},\"inLanguage\":\"es\",\"potentialAction\":[{\"@type\":\"ReadAction\",\"target\":[\"https:\/\/experienciadevida.com.ar\/portalurbano\/complejo-deportivo-municipal-avanza-la-obra-del-instituto-de-educacion-fisica\/\"]}]},{\"@type\":\"BreadcrumbList\",\"@id\":\"https:\/\/experienciadevida.com.ar\/portalurbano\/complejo-deportivo-municipal-avanza-la-obra-del-instituto-de-educacion-fisica\/#breadcrumb\",\"itemListElement\":[{\"@type\":\"ListItem\",\"position\":1,\"name\":\"Portada\",\"item\":\"https:\/\/experienciadevida.com.ar\/portalurbano\/\"},{\"@type\":\"ListItem\",\"position\":2,\"name\":\"Complejo Deportivo Municipal: avanza la obra del Instituto de Educaci\u00f3n F\u00edsica\"}]},{\"@type\":\"WebSite\",\"@id\":\"https:\/\/experienciadevida.com.ar\/portalurbano\/#website\",\"url\":\"https:\/\/experienciadevida.com.ar\/portalurbano\/\",\"name\":\"\",\"description\":\"\",\"publisher\":{\"@id\":\"https:\/\/experienciadevida.com.ar\/portalurbano\/#organization\"},\"potentialAction\":[{\"@type\":\"SearchAction\",\"target\":{\"@type\":\"EntryPoint\",\"urlTemplate\":\"https:\/\/experienciadevida.com.ar\/portalurbano\/?s={search_term_string}\"},\"query-input\":\"required name=search_term_string\"}],\"inLanguage\":\"es\"},{\"@type\":\"Organization\",\"@id\":\"https:\/\/experienciadevida.com.ar\/portalurbano\/#organization\",\"name\":\"Portal Urbano\",\"url\":\"https:\/\/experienciadevida.com.ar\/portalurbano\/\",\"logo\":{\"@type\":\"ImageObject\",\"inLanguage\":\"es\",\"@id\":\"https:\/\/experienciadevida.com.ar\/portalurbano\/#\/schema\/logo\/image\/\",\"url\":\"https:\/\/experienciadevida.com.ar\/portalurbano\/wp-content\/uploads\/2019\/09\/Logo-Original.png\",\"contentUrl\":\"https:\/\/experienciadevida.com.ar\/portalurbano\/wp-content\/uploads\/2019\/09\/Logo-Original.png\",\"width\":2236,\"height\":1216,\"caption\":\"Portal Urbano\"},\"image\":{\"@id\":\"https:\/\/experienciadevida.com.ar\/portalurbano\/#\/schema\/logo\/image\/\"},\"sameAs\":[\"https:\/\/www.facebook.com\/Portal-Urbano-171542830093757\/\",\"https:\/\/twitter.com\/portalurbanook\",\"https:\/\/www.instagram.com\/_portalurbano\/\",\"https:\/\/www.youtube.com\/channel\/UCXhagIfszH8KxFiOok79zbA?view_as=subscriber\"]},{\"@type\":\"Person\",\"@id\":\"https:\/\/experienciadevida.com.ar\/portalurbano\/#\/schema\/person\/02dd326b1c4b056e9cc972486934a3a7\",\"name\":\"admpu17wp\",\"image\":{\"@type\":\"ImageObject\",\"inLanguage\":\"es\",\"@id\":\"https:\/\/experienciadevida.com.ar\/portalurbano\/#\/schema\/person\/image\/\",\"url\":\"https:\/\/secure.gravatar.com\/avatar\/830d4c57adaae6630765e449a6908047?s=96&d=mm&r=g\",\"contentUrl\":\"https:\/\/secure.gravatar.com\/avatar\/830d4c57adaae6630765e449a6908047?s=96&d=mm&r=g\",\"caption\":\"admpu17wp\"}}]}<\/script>\n<!-- \/ Yoast SEO plugin. -->","yoast_head_json":{"title":"Complejo deportivo Municipal: avanza la obra del Instituto","description":"Complejo Deportivo Municipal: avanza la obra del Instituto de Educaci\u00f3n F\u00edsica, en la ma\u00f1ana de este lunes el intendente visit\u00f3 la obra","robots":{"index":"index","follow":"follow","max-snippet":"max-snippet:-1","max-image-preview":"max-image-preview:large","max-video-preview":"max-video-preview:-1"},"canonical":"https:\/\/experienciadevida.com.ar\/portalurbano\/complejo-deportivo-municipal-avanza-la-obra-del-instituto-de-educacion-fisica\/","og_locale":"es_ES","og_type":"article","og_title":"Complejo deportivo Municipal: avanza la obra del Instituto","og_description":"Complejo Deportivo Municipal: avanza la obra del Instituto de Educaci\u00f3n F\u00edsica, en la ma\u00f1ana de este lunes el intendente visit\u00f3 la obra","og_url":"https:\/\/experienciadevida.com.ar\/portalurbano\/complejo-deportivo-municipal-avanza-la-obra-del-instituto-de-educacion-fisica\/","article_publisher":"https:\/\/www.facebook.com\/Portal-Urbano-171542830093757\/","article_published_time":"2022-07-18T20:06:04+00:00","article_modified_time":"2022-07-18T20:10:11+00:00","og_image":[{"width":2560,"height":1711,"url":"https:\/\/experienciadevida.com.ar\/portalurbano\/wp-content\/uploads\/2022\/07\/Complejo-deportivo-Municipal.jpg","type":"image\/jpeg"}],"author":"admpu17wp","twitter_card":"summary_large_image","twitter_creator":"@portalurbanook","twitter_site":"@portalurbanook","twitter_misc":{"Escrito por":"admpu17wp","Tiempo de lectura":"2 minutos"},"schema":{"@context":"https:\/\/schema.org","@graph":[{"@type":"Article","@id":"https:\/\/experienciadevida.com.ar\/portalurbano\/complejo-deportivo-municipal-avanza-la-obra-del-instituto-de-educacion-fisica\/#article","isPartOf":{"@id":"https:\/\/experienciadevida.com.ar\/portalurbano\/complejo-deportivo-municipal-avanza-la-obra-del-instituto-de-educacion-fisica\/"},"author":{"name":"admpu17wp","@id":"https:\/\/experienciadevida.com.ar\/portalurbano\/#\/schema\/person\/02dd326b1c4b056e9cc972486934a3a7"},"headline":"Complejo Deportivo Municipal: avanza la obra del Instituto de Educaci\u00f3n F\u00edsica","datePublished":"2022-07-18T20:06:04+00:00","dateModified":"2022-07-18T20:10:11+00:00","mainEntityOfPage":{"@id":"https:\/\/experienciadevida.com.ar\/portalurbano\/complejo-deportivo-municipal-avanza-la-obra-del-instituto-de-educacion-fisica\/"},"wordCount":400,"publisher":{"@id":"https:\/\/experienciadevida.com.ar\/portalurbano\/#organization"},"articleSection":["Ciudad","Destacadas"],"inLanguage":"es"},{"@type":"WebPage","@id":"https:\/\/experienciadevida.com.ar\/portalurbano\/complejo-deportivo-municipal-avanza-la-obra-del-instituto-de-educacion-fisica\/","url":"https:\/\/experienciadevida.com.ar\/portalurbano\/complejo-deportivo-municipal-avanza-la-obra-del-instituto-de-educacion-fisica\/","name":"Complejo deportivo Municipal: avanza la obra del Instituto","isPartOf":{"@id":"https:\/\/experienciadevida.com.ar\/portalurbano\/#website"},"datePublished":"2022-07-18T20:06:04+00:00","dateModified":"2022-07-18T20:10:11+00:00","description":"Complejo Deportivo Municipal: avanza la obra del Instituto de Educaci\u00f3n F\u00edsica, en la ma\u00f1ana de este lunes el intendente visit\u00f3 la obra","breadcrumb":{"@id":"https:\/\/experienciadevida.com.ar\/portalurbano\/complejo-deportivo-municipal-avanza-la-obra-del-instituto-de-educacion-fisica\/#breadcrumb"},"inLanguage":"es","potentialAction":[{"@type":"ReadAction","target":["https:\/\/experienciadevida.com.ar\/portalurbano\/complejo-deportivo-municipal-avanza-la-obra-del-instituto-de-educacion-fisica\/"]}]},{"@type":"BreadcrumbList","@id":"https:\/\/experienciadevida.com.ar\/portalurbano\/complejo-deportivo-municipal-avanza-la-obra-del-instituto-de-educacion-fisica\/#breadcrumb","itemListElement":[{"@type":"ListItem","position":1,"name":"Portada","item":"https:\/\/experienciadevida.com.ar\/portalurbano\/"},{"@type":"ListItem","position":2,"name":"Complejo Deportivo Municipal: avanza la obra del Instituto de Educaci\u00f3n F\u00edsica"}]},{"@type":"WebSite","@id":"https:\/\/experienciadevida.com.ar\/portalurbano\/#website","url":"https:\/\/experienciadevida.com.ar\/portalurbano\/","name":"","description":"","publisher":{"@id":"https:\/\/experienciadevida.com.ar\/portalurbano\/#organization"},"potentialAction":[{"@type":"SearchAction","target":{"@type":"EntryPoint","urlTemplate":"https:\/\/experienciadevida.com.ar\/portalurbano\/?s={search_term_string}"},"query-input":"required name=search_term_string"}],"inLanguage":"es"},{"@type":"Organization","@id":"https:\/\/experienciadevida.com.ar\/portalurbano\/#organization","name":"Portal Urbano","url":"https:\/\/experienciadevida.com.ar\/portalurbano\/","logo":{"@type":"ImageObject","inLanguage":"es","@id":"https:\/\/experienciadevida.com.ar\/portalurbano\/#\/schema\/logo\/image\/","url":"https:\/\/experienciadevida.com.ar\/portalurbano\/wp-content\/uploads\/2019\/09\/Logo-Original.png","contentUrl":"https:\/\/experienciadevida.com.ar\/portalurbano\/wp-content\/uploads\/2019\/09\/Logo-Original.png","width":2236,"height":1216,"caption":"Portal Urbano"},"image":{"@id":"https:\/\/experienciadevida.com.ar\/portalurbano\/#\/schema\/logo\/image\/"},"sameAs":["https:\/\/www.facebook.com\/Portal-Urbano-171542830093757\/","https:\/\/twitter.com\/portalurbanook","https:\/\/www.instagram.com\/_portalurbano\/","https:\/\/www.youtube.com\/channel\/UCXhagIfszH8KxFiOok79zbA?view_as=subscriber"]},{"@type":"Person","@id":"https:\/\/experienciadevida.com.ar\/portalurbano\/#\/schema\/person\/02dd326b1c4b056e9cc972486934a3a7","name":"admpu17wp","image":{"@type":"ImageObject","inLanguage":"es","@id":"https:\/\/experienciadevida.com.ar\/portalurbano\/#\/schema\/person\/image\/","url":"https:\/\/secure.gravatar.com\/avatar\/830d4c57adaae6630765e449a6908047?s=96&d=mm&r=g","contentUrl":"https:\/\/secure.gravatar.com\/avatar\/830d4c57adaae6630765e449a6908047?s=96&d=mm&r=g","caption":"admpu17wp"}}]}},"featured_image_urls":{"full":["https:\/\/experienciadevida.com.ar\/portalurbano\/wp-content\/uploads\/2022\/07\/Complejo-deportivo-Municipal.jpg",2560,1711,false],"thumbnail":["https:\/\/experienciadevida.com.ar\/portalurbano\/wp-content\/uploads\/2022\/07\/Complejo-deportivo-Municipal-150x150.jpg",150,150,true],"medium":["https:\/\/experienciadevida.com.ar\/portalurbano\/wp-content\/uploads\/2022\/07\/Complejo-deportivo-Municipal-300x201.jpg",300,201,true],"medium_large":["https:\/\/experienciadevida.com.ar\/portalurbano\/wp-content\/uploads\/2022\/07\/Complejo-deportivo-Municipal-768x513.jpg",640,428,true],"large":["https:\/\/experienciadevida.com.ar\/portalurbano\/wp-content\/uploads\/2022\/07\/Complejo-deportivo-Municipal-1024x684.jpg",640,428,true],"ug_big":["https:\/\/experienciadevida.com.ar\/portalurbano\/wp-content\/uploads\/2022\/07\/Complejo-deportivo-Municipal-768x513.jpg",768,513,true],"1536x1536":["https:\/\/experienciadevida.com.ar\/portalurbano\/wp-content\/uploads\/2022\/07\/Complejo-deportivo-Municipal-1536x1027.jpg",1536,1027,true],"2048x2048":["https:\/\/experienciadevida.com.ar\/portalurbano\/wp-content\/uploads\/2022\/07\/Complejo-deportivo-Municipal-2048x1369.jpg",2048,1369,true],"newsever-slider-full":["https:\/\/experienciadevida.com.ar\/portalurbano\/wp-content\/uploads\/2022\/07\/Complejo-deportivo-Municipal.jpg",1264,845,false],"newsever-featured":["https:\/\/experienciadevida.com.ar\/portalurbano\/wp-content\/uploads\/2022\/07\/Complejo-deportivo-Municipal.jpg",1024,684,false],"newsever-medium":["https:\/\/experienciadevida.com.ar\/portalurbano\/wp-content\/uploads\/2022\/07\/Complejo-deportivo-Municipal.jpg",711,475,false],"web-stories-poster-portrait":["https:\/\/experienciadevida.com.ar\/portalurbano\/wp-content\/uploads\/2022\/07\/Complejo-deportivo-Municipal-640x853.jpg",640,853,true],"web-stories-publisher-logo":["https:\/\/experienciadevida.com.ar\/portalurbano\/wp-content\/uploads\/2022\/07\/Complejo-deportivo-Municipal-96x96.jpg",96,96,true],"web-stories-thumbnail":["https:\/\/experienciadevida.com.ar\/portalurbano\/wp-content\/uploads\/2022\/07\/Complejo-deportivo-Municipal-150x100.jpg",150,100,true]},"author_info":{"display_name":"admpu17wp","author_link":"https:\/\/experienciadevida.com.ar\/portalurbano\/author\/admpu17wp\/"},"category_info":"<a href=\"https:\/\/experienciadevida.com.ar\/portalurbano\/category\/ciudad\/\" rel=\"category tag\">Ciudad<\/a> <a href=\"https:\/\/experienciadevida.com.ar\/portalurbano\/category\/destacadas\/\" rel=\"category tag\">Destacadas<\/a>","tag_info":"Destacadas","comment_count":"0","amp_enabled":true,"_links":{"self":[{"href":"https:\/\/experienciadevida.com.ar\/portalurbano\/wp-json\/wp\/v2\/posts\/171692"}],"collection":[{"href":"https:\/\/experienciadevida.com.ar\/portalurbano\/wp-json\/wp\/v2\/posts"}],"about":[{"href":"https:\/\/experienciadevida.com.ar\/portalurbano\/wp-json\/wp\/v2\/types\/post"}],"author":[{"embeddable":true,"href":"https:\/\/experienciadevida.com.ar\/portalurbano\/wp-json\/wp\/v2\/users\/1"}],"replies":[{"embeddable":true,"href":"https:\/\/experienciadevida.com.ar\/portalurbano\/wp-json\/wp\/v2\/comments?post=171692"}],"version-history":[{"count":3,"href":"https:\/\/experienciadevida.com.ar\/portalurbano\/wp-json\/wp\/v2\/posts\/171692\/revisions"}],"predecessor-version":[{"id":171697,"href":"https:\/\/experienciadevida.com.ar\/portalurbano\/wp-json\/wp\/v2\/posts\/171692\/revisions\/171697"}],"wp:featuredmedia":[{"embeddable":true,"href":"https:\/\/experienciadevida.com.ar\/portalurbano\/wp-json\/wp\/v2\/media\/171693"}],"wp:attachment":[{"href":"https:\/\/experienciadevida.com.ar\/portalurbano\/wp-json\/wp\/v2\/media?parent=171692"}],"wp:term":[{"taxonomy":"category","embeddable":true,"href":"https:\/\/experienciadevida.com.ar\/portalurbano\/wp-json\/wp\/v2\/categories?post=171692"},{"taxonomy":"post_tag","embeddable":true,"href":"https:\/\/experienciadevida.com.ar\/portalurbano\/wp-json\/wp\/v2\/tags?post=171692"}],"curies":[{"name":"wp","href":"https:\/\/api.w.org\/{rel}","templated":true}]}}