{"id":171677,"date":"2022-07-18T12:14:19","date_gmt":"2022-07-18T15:14:19","guid":{"rendered":"https:\/\/experienciadevida.com.ar\/portalurbano\/?p=171677"},"modified":"2022-07-18T12:14:20","modified_gmt":"2022-07-18T15:14:20","slug":"el-jardin-no-916-visito-el-bioparque-municipal-la-maxima","status":"publish","type":"post","link":"https:\/\/experienciadevida.com.ar\/portalurbano\/el-jardin-no-916-visito-el-bioparque-municipal-la-maxima\/","title":{"rendered":"El Jard\u00edn N\u00ba 916 visit\u00f3 el Bioparque Municipal \u201cLa M\u00e1xima\u201d"},"content":{"rendered":"<p>El Jard\u00edn N\u00ba 916 visit\u00f3 el Bioparque Municipal \u201cLa <a href=\"https:\/\/www.facebook.com\/pages\/Parque-Zool%C3%B3gico-La-M%C3%A1xima\/749985102063089\">M\u00e1xima<\/a>\u201d, d\u00edas atr\u00e1s ni\u00f1os y ni\u00f1as de la sala de 3 a\u00f1os del Jard\u00edn N\u00ba 916 \u201cIslas Malvinas\u201d visitaron el espacio de la Granja Educativa ubicada en el Bioparque Municipal \u201cLa M\u00e1xima\u201d. De esa manera fueron los primeros en conocer un espacio renovado para brindar actividades vivenciales y educar desde la emoci\u00f3n.<\/p>\n<p><a href=\"https:\/\/experienciadevida.com.ar\/portalurbano\/el-jardin-no-916-visito-el-bioparque-municipal-la-maxima\/el-32\/\" rel=\"attachment wp-att-171679\"><img decoding=\"async\" class=\"alignnone size-large wp-image-171679\" src=\"https:\/\/experienciadevida.com.ar\/portalurbano\/wp-content\/uploads\/2022\/07\/El-3-1024x682.jpg\" alt=\"El \" width=\"900\" height=\"599\" srcset=\"https:\/\/experienciadevida.com.ar\/portalurbano\/wp-content\/uploads\/2022\/07\/El-3-1024x682.jpg 1024w, https:\/\/experienciadevida.com.ar\/portalurbano\/wp-content\/uploads\/2022\/07\/El-3-300x200.jpg 300w, https:\/\/experienciadevida.com.ar\/portalurbano\/wp-content\/uploads\/2022\/07\/El-3-768x512.jpg 768w, https:\/\/experienciadevida.com.ar\/portalurbano\/wp-content\/uploads\/2022\/07\/El-3-1536x1024.jpg 1536w, https:\/\/experienciadevida.com.ar\/portalurbano\/wp-content\/uploads\/2022\/07\/El-3-150x100.jpg 150w, https:\/\/experienciadevida.com.ar\/portalurbano\/wp-content\/uploads\/2022\/07\/El-3.jpg 1772w\" sizes=\"(max-width: 900px) 100vw, 900px\" \/><\/a><\/p>\n<p>Durante el recorrido por la granja pudieron conocer peque\u00f1os animales tales como pollitos, gallinas y conejos, entre otros. Tambi\u00e9n conocieron a las llamas y se les brind\u00f3 una explicaci\u00f3n b\u00e1sica sobre las diferencias entre guanaco, llamas y vicu\u00f1as, haciendo hincapi\u00e9 en el pelaje de estos animales.<\/p>\n<p>Luego lleg\u00f3 el momento de la participaci\u00f3n activa de los peque\u00f1os, en contacto directo con los animales, donde tuvieron la oportunidad de alimentar a un ejemplar de cabra con sus 2 cr\u00edas, que fueron recientemente aportadas al Bioparque Municipal producto del rescate de fauna; tambi\u00e9n lo pudieron hacer con los burros y a una Pony proveniente del programa de rescate que hace a\u00f1os se encuentra en el predio.<\/p>\n<p>La visita finaliz\u00f3 con la concreci\u00f3n del tan ansiado paseo a caballo para los ni\u00f1os y ni\u00f1as. Esto es posible, ya que desde el Bioparque se logr\u00f3 tener un ejemplar que re\u00fane las caracter\u00edsticas de mansedumbre adecuada para tal fin. Antes de retirarse del Bioparque, se realiz\u00f3 la foto final con los ni\u00f1os y ni\u00f1as arriba del Sulky, elemento que conserva historia del lugar y que es el puntapi\u00e9 inicial del \u201cMuseo Rural\u201d, necesario para conocer la evoluci\u00f3n de las maquinarias utilizadas en nuestros campos.<\/p>\n<p>La instituci\u00f3n depende de la Subsecretar\u00eda de Cultura y Educaci\u00f3n, que funciona bajo la \u00f3rbita de la Secretar\u00eda de Desarrollo Humano y Calidad de Vida de la Municipalidad de Olavarr\u00eda, y los encargados de la Granja Educativa son Iris Arce y el profesor, quienes reciben escuelas e instituciones y preparan actividades vivenciales, intentando generar lazos profundos con los animales y ambientes naturales.<\/p>\n<p>Establecimientos educativos interesados pueden solicitar turnos para estas actividades a trav\u00e9s del tel\u00e9fono (02284) 423211 o a los correos electr\u00f3nicos educaci\u00f3n.lamaxima@olavarria.gov.ar parquelamaxima@olavarria.gov.ar<\/p>\n<p><a href=\"https:\/\/experienciadevida.com.ar\/portalurbano\/el-jardin-no-916-visito-el-bioparque-municipal-la-maxima\/jardin-2\/\" rel=\"attachment wp-att-171680\"><img decoding=\"async\" class=\"alignnone size-large wp-image-171680\" src=\"https:\/\/experienciadevida.com.ar\/portalurbano\/wp-content\/uploads\/2022\/07\/Jardin-1024x682.jpg\" alt=\"Jard\u00edn \" width=\"900\" height=\"599\" srcset=\"https:\/\/experienciadevida.com.ar\/portalurbano\/wp-content\/uploads\/2022\/07\/Jardin-1024x682.jpg 1024w, https:\/\/experienciadevida.com.ar\/portalurbano\/wp-content\/uploads\/2022\/07\/Jardin-300x200.jpg 300w, https:\/\/experienciadevida.com.ar\/portalurbano\/wp-content\/uploads\/2022\/07\/Jardin-768x512.jpg 768w, https:\/\/experienciadevida.com.ar\/portalurbano\/wp-content\/uploads\/2022\/07\/Jardin-1536x1024.jpg 1536w, https:\/\/experienciadevida.com.ar\/portalurbano\/wp-content\/uploads\/2022\/07\/Jardin-150x100.jpg 150w, https:\/\/experienciadevida.com.ar\/portalurbano\/wp-content\/uploads\/2022\/07\/Jardin.jpg 1772w\" sizes=\"(max-width: 900px) 100vw, 900px\" \/><\/a><\/p>\n","protected":false},"excerpt":{"rendered":"<p>El Jard\u00edn N\u00ba 916 visit\u00f3 el Bioparque Municipal \u201cLa M\u00e1xima\u201d, d\u00edas atr\u00e1s ni\u00f1os y ni\u00f1as&#8230;<\/p>\n","protected":false},"author":1,"featured_media":171678,"comment_status":"closed","ping_status":"closed","sticky":false,"template":"","format":"standard","meta":{"content-type":""},"categories":[27],"tags":[],"nelio_content":{"isAutoShareEnabled":false,"autoShareEndMode":"default","automationSources":{"useContentSentences":true,"useSocialTemplates":true,"useCustomSentences":false,"customSentences":[]},"followers":[1],"suggestedReferences":[],"includedReferences":[],"efiUrl":"","efiAlt":"","highlights":[]},"yoast_head":"<!-- This site is optimized with the Yoast SEO plugin v20.7 - https:\/\/yoast.com\/wordpress\/plugins\/seo\/ -->\n<title>El Jard\u00edn n\u00b0916 visit\u00f3 el bioparque Municipal La m\u00e1xima<\/title>\n<meta name=\"description\" content=\"El Jard\u00edn N\u00ba 916 visit\u00f3 el Bioparque Municipal \u201cLa M\u00e1xima\u201d, d\u00edas atr\u00e1s ni\u00f1os y ni\u00f1as de la sala de 3 a\u00f1os del Jard\u00edn N\u00ba 916 \u201cIslas Malvinas\u201d\" \/>\n<meta name=\"robots\" content=\"index, follow, max-snippet:-1, max-image-preview:large, max-video-preview:-1\" \/>\n<link rel=\"canonical\" href=\"https:\/\/experienciadevida.com.ar\/portalurbano\/el-jardin-no-916-visito-el-bioparque-municipal-la-maxima\/\" \/>\n<meta property=\"og:locale\" content=\"es_ES\" \/>\n<meta property=\"og:type\" content=\"article\" \/>\n<meta property=\"og:title\" content=\"El Jard\u00edn n\u00b0916 visit\u00f3 el bioparque Municipal La m\u00e1xima\" \/>\n<meta property=\"og:description\" content=\"El Jard\u00edn N\u00ba 916 visit\u00f3 el Bioparque Municipal \u201cLa M\u00e1xima\u201d, d\u00edas atr\u00e1s ni\u00f1os y ni\u00f1as de la sala de 3 a\u00f1os del Jard\u00edn N\u00ba 916 \u201cIslas Malvinas\u201d\" \/>\n<meta property=\"og:url\" content=\"https:\/\/experienciadevida.com.ar\/portalurbano\/el-jardin-no-916-visito-el-bioparque-municipal-la-maxima\/\" \/>\n<meta property=\"article:publisher\" content=\"https:\/\/www.facebook.com\/Portal-Urbano-171542830093757\/\" \/>\n<meta property=\"article:published_time\" content=\"2022-07-18T15:14:19+00:00\" \/>\n<meta property=\"article:modified_time\" content=\"2022-07-18T15:14:20+00:00\" \/>\n<meta property=\"og:image\" content=\"https:\/\/experienciadevida.com.ar\/portalurbano\/wp-content\/uploads\/2022\/07\/El-Jardin.jpg\" \/>\n\t<meta property=\"og:image:width\" content=\"1772\" \/>\n\t<meta property=\"og:image:height\" content=\"1181\" \/>\n\t<meta property=\"og:image:type\" content=\"image\/jpeg\" \/>\n<meta name=\"author\" content=\"admpu17wp\" \/>\n<meta name=\"twitter:card\" content=\"summary_large_image\" \/>\n<meta name=\"twitter:creator\" content=\"@portalurbanook\" \/>\n<meta name=\"twitter:site\" content=\"@portalurbanook\" \/>\n<meta name=\"twitter:label1\" content=\"Escrito por\" \/>\n\t<meta name=\"twitter:data1\" content=\"admpu17wp\" \/>\n\t<meta name=\"twitter:label2\" content=\"Tiempo de lectura\" \/>\n\t<meta name=\"twitter:data2\" content=\"2 minutos\" \/>\n<script type=\"application\/ld+json\" class=\"yoast-schema-graph\">{\"@context\":\"https:\/\/schema.org\",\"@graph\":[{\"@type\":\"Article\",\"@id\":\"https:\/\/experienciadevida.com.ar\/portalurbano\/el-jardin-no-916-visito-el-bioparque-municipal-la-maxima\/#article\",\"isPartOf\":{\"@id\":\"https:\/\/experienciadevida.com.ar\/portalurbano\/el-jardin-no-916-visito-el-bioparque-municipal-la-maxima\/\"},\"author\":{\"name\":\"admpu17wp\",\"@id\":\"https:\/\/experienciadevida.com.ar\/portalurbano\/#\/schema\/person\/02dd326b1c4b056e9cc972486934a3a7\"},\"headline\":\"El Jard\u00edn N\u00ba 916 visit\u00f3 el Bioparque Municipal \u201cLa M\u00e1xima\u201d\",\"datePublished\":\"2022-07-18T15:14:19+00:00\",\"dateModified\":\"2022-07-18T15:14:20+00:00\",\"mainEntityOfPage\":{\"@id\":\"https:\/\/experienciadevida.com.ar\/portalurbano\/el-jardin-no-916-visito-el-bioparque-municipal-la-maxima\/\"},\"wordCount\":393,\"publisher\":{\"@id\":\"https:\/\/experienciadevida.com.ar\/portalurbano\/#organization\"},\"articleSection\":[\"Ciudad\"],\"inLanguage\":\"es\"},{\"@type\":\"WebPage\",\"@id\":\"https:\/\/experienciadevida.com.ar\/portalurbano\/el-jardin-no-916-visito-el-bioparque-municipal-la-maxima\/\",\"url\":\"https:\/\/experienciadevida.com.ar\/portalurbano\/el-jardin-no-916-visito-el-bioparque-municipal-la-maxima\/\",\"name\":\"El Jard\u00edn n\u00b0916 visit\u00f3 el bioparque Municipal La m\u00e1xima\",\"isPartOf\":{\"@id\":\"https:\/\/experienciadevida.com.ar\/portalurbano\/#website\"},\"datePublished\":\"2022-07-18T15:14:19+00:00\",\"dateModified\":\"2022-07-18T15:14:20+00:00\",\"description\":\"El Jard\u00edn N\u00ba 916 visit\u00f3 el Bioparque Municipal \u201cLa M\u00e1xima\u201d, d\u00edas atr\u00e1s ni\u00f1os y ni\u00f1as de la sala de 3 a\u00f1os del Jard\u00edn N\u00ba 916 \u201cIslas Malvinas\u201d\",\"breadcrumb\":{\"@id\":\"https:\/\/experienciadevida.com.ar\/portalurbano\/el-jardin-no-916-visito-el-bioparque-municipal-la-maxima\/#breadcrumb\"},\"inLanguage\":\"es\",\"potentialAction\":[{\"@type\":\"ReadAction\",\"target\":[\"https:\/\/experienciadevida.com.ar\/portalurbano\/el-jardin-no-916-visito-el-bioparque-municipal-la-maxima\/\"]}]},{\"@type\":\"BreadcrumbList\",\"@id\":\"https:\/\/experienciadevida.com.ar\/portalurbano\/el-jardin-no-916-visito-el-bioparque-municipal-la-maxima\/#breadcrumb\",\"itemListElement\":[{\"@type\":\"ListItem\",\"position\":1,\"name\":\"Portada\",\"item\":\"https:\/\/experienciadevida.com.ar\/portalurbano\/\"},{\"@type\":\"ListItem\",\"position\":2,\"name\":\"El Jard\u00edn N\u00ba 916 visit\u00f3 el Bioparque Municipal \u201cLa M\u00e1xima\u201d\"}]},{\"@type\":\"WebSite\",\"@id\":\"https:\/\/experienciadevida.com.ar\/portalurbano\/#website\",\"url\":\"https:\/\/experienciadevida.com.ar\/portalurbano\/\",\"name\":\"\",\"description\":\"\",\"publisher\":{\"@id\":\"https:\/\/experienciadevida.com.ar\/portalurbano\/#organization\"},\"potentialAction\":[{\"@type\":\"SearchAction\",\"target\":{\"@type\":\"EntryPoint\",\"urlTemplate\":\"https:\/\/experienciadevida.com.ar\/portalurbano\/?s={search_term_string}\"},\"query-input\":\"required name=search_term_string\"}],\"inLanguage\":\"es\"},{\"@type\":\"Organization\",\"@id\":\"https:\/\/experienciadevida.com.ar\/portalurbano\/#organization\",\"name\":\"Portal Urbano\",\"url\":\"https:\/\/experienciadevida.com.ar\/portalurbano\/\",\"logo\":{\"@type\":\"ImageObject\",\"inLanguage\":\"es\",\"@id\":\"https:\/\/experienciadevida.com.ar\/portalurbano\/#\/schema\/logo\/image\/\",\"url\":\"https:\/\/experienciadevida.com.ar\/portalurbano\/wp-content\/uploads\/2019\/09\/Logo-Original.png\",\"contentUrl\":\"https:\/\/experienciadevida.com.ar\/portalurbano\/wp-content\/uploads\/2019\/09\/Logo-Original.png\",\"width\":2236,\"height\":1216,\"caption\":\"Portal Urbano\"},\"image\":{\"@id\":\"https:\/\/experienciadevida.com.ar\/portalurbano\/#\/schema\/logo\/image\/\"},\"sameAs\":[\"https:\/\/www.facebook.com\/Portal-Urbano-171542830093757\/\",\"https:\/\/twitter.com\/portalurbanook\",\"https:\/\/www.instagram.com\/_portalurbano\/\",\"https:\/\/www.youtube.com\/channel\/UCXhagIfszH8KxFiOok79zbA?view_as=subscriber\"]},{\"@type\":\"Person\",\"@id\":\"https:\/\/experienciadevida.com.ar\/portalurbano\/#\/schema\/person\/02dd326b1c4b056e9cc972486934a3a7\",\"name\":\"admpu17wp\",\"image\":{\"@type\":\"ImageObject\",\"inLanguage\":\"es\",\"@id\":\"https:\/\/experienciadevida.com.ar\/portalurbano\/#\/schema\/person\/image\/\",\"url\":\"https:\/\/secure.gravatar.com\/avatar\/830d4c57adaae6630765e449a6908047?s=96&d=mm&r=g\",\"contentUrl\":\"https:\/\/secure.gravatar.com\/avatar\/830d4c57adaae6630765e449a6908047?s=96&d=mm&r=g\",\"caption\":\"admpu17wp\"}}]}<\/script>\n<!-- \/ Yoast SEO plugin. -->","yoast_head_json":{"title":"El Jard\u00edn n\u00b0916 visit\u00f3 el bioparque Municipal La m\u00e1xima","description":"El Jard\u00edn N\u00ba 916 visit\u00f3 el Bioparque Municipal \u201cLa M\u00e1xima\u201d, d\u00edas atr\u00e1s ni\u00f1os y ni\u00f1as de la sala de 3 a\u00f1os del Jard\u00edn N\u00ba 916 \u201cIslas Malvinas\u201d","robots":{"index":"index","follow":"follow","max-snippet":"max-snippet:-1","max-image-preview":"max-image-preview:large","max-video-preview":"max-video-preview:-1"},"canonical":"https:\/\/experienciadevida.com.ar\/portalurbano\/el-jardin-no-916-visito-el-bioparque-municipal-la-maxima\/","og_locale":"es_ES","og_type":"article","og_title":"El Jard\u00edn n\u00b0916 visit\u00f3 el bioparque Municipal La m\u00e1xima","og_description":"El Jard\u00edn N\u00ba 916 visit\u00f3 el Bioparque Municipal \u201cLa M\u00e1xima\u201d, d\u00edas atr\u00e1s ni\u00f1os y ni\u00f1as de la sala de 3 a\u00f1os del Jard\u00edn N\u00ba 916 \u201cIslas Malvinas\u201d","og_url":"https:\/\/experienciadevida.com.ar\/portalurbano\/el-jardin-no-916-visito-el-bioparque-municipal-la-maxima\/","article_publisher":"https:\/\/www.facebook.com\/Portal-Urbano-171542830093757\/","article_published_time":"2022-07-18T15:14:19+00:00","article_modified_time":"2022-07-18T15:14:20+00:00","og_image":[{"width":1772,"height":1181,"url":"https:\/\/experienciadevida.com.ar\/portalurbano\/wp-content\/uploads\/2022\/07\/El-Jardin.jpg","type":"image\/jpeg"}],"author":"admpu17wp","twitter_card":"summary_large_image","twitter_creator":"@portalurbanook","twitter_site":"@portalurbanook","twitter_misc":{"Escrito por":"admpu17wp","Tiempo de lectura":"2 minutos"},"schema":{"@context":"https:\/\/schema.org","@graph":[{"@type":"Article","@id":"https:\/\/experienciadevida.com.ar\/portalurbano\/el-jardin-no-916-visito-el-bioparque-municipal-la-maxima\/#article","isPartOf":{"@id":"https:\/\/experienciadevida.com.ar\/portalurbano\/el-jardin-no-916-visito-el-bioparque-municipal-la-maxima\/"},"author":{"name":"admpu17wp","@id":"https:\/\/experienciadevida.com.ar\/portalurbano\/#\/schema\/person\/02dd326b1c4b056e9cc972486934a3a7"},"headline":"El Jard\u00edn N\u00ba 916 visit\u00f3 el Bioparque Municipal \u201cLa M\u00e1xima\u201d","datePublished":"2022-07-18T15:14:19+00:00","dateModified":"2022-07-18T15:14:20+00:00","mainEntityOfPage":{"@id":"https:\/\/experienciadevida.com.ar\/portalurbano\/el-jardin-no-916-visito-el-bioparque-municipal-la-maxima\/"},"wordCount":393,"publisher":{"@id":"https:\/\/experienciadevida.com.ar\/portalurbano\/#organization"},"articleSection":["Ciudad"],"inLanguage":"es"},{"@type":"WebPage","@id":"https:\/\/experienciadevida.com.ar\/portalurbano\/el-jardin-no-916-visito-el-bioparque-municipal-la-maxima\/","url":"https:\/\/experienciadevida.com.ar\/portalurbano\/el-jardin-no-916-visito-el-bioparque-municipal-la-maxima\/","name":"El Jard\u00edn n\u00b0916 visit\u00f3 el bioparque Municipal La m\u00e1xima","isPartOf":{"@id":"https:\/\/experienciadevida.com.ar\/portalurbano\/#website"},"datePublished":"2022-07-18T15:14:19+00:00","dateModified":"2022-07-18T15:14:20+00:00","description":"El Jard\u00edn N\u00ba 916 visit\u00f3 el Bioparque Municipal \u201cLa M\u00e1xima\u201d, d\u00edas atr\u00e1s ni\u00f1os y ni\u00f1as de la sala de 3 a\u00f1os del Jard\u00edn N\u00ba 916 \u201cIslas Malvinas\u201d","breadcrumb":{"@id":"https:\/\/experienciadevida.com.ar\/portalurbano\/el-jardin-no-916-visito-el-bioparque-municipal-la-maxima\/#breadcrumb"},"inLanguage":"es","potentialAction":[{"@type":"ReadAction","target":["https:\/\/experienciadevida.com.ar\/portalurbano\/el-jardin-no-916-visito-el-bioparque-municipal-la-maxima\/"]}]},{"@type":"BreadcrumbList","@id":"https:\/\/experienciadevida.com.ar\/portalurbano\/el-jardin-no-916-visito-el-bioparque-municipal-la-maxima\/#breadcrumb","itemListElement":[{"@type":"ListItem","position":1,"name":"Portada","item":"https:\/\/experienciadevida.com.ar\/portalurbano\/"},{"@type":"ListItem","position":2,"name":"El Jard\u00edn N\u00ba 916 visit\u00f3 el Bioparque Municipal \u201cLa M\u00e1xima\u201d"}]},{"@type":"WebSite","@id":"https:\/\/experienciadevida.com.ar\/portalurbano\/#website","url":"https:\/\/experienciadevida.com.ar\/portalurbano\/","name":"","description":"","publisher":{"@id":"https:\/\/experienciadevida.com.ar\/portalurbano\/#organization"},"potentialAction":[{"@type":"SearchAction","target":{"@type":"EntryPoint","urlTemplate":"https:\/\/experienciadevida.com.ar\/portalurbano\/?s={search_term_string}"},"query-input":"required name=search_term_string"}],"inLanguage":"es"},{"@type":"Organization","@id":"https:\/\/experienciadevida.com.ar\/portalurbano\/#organization","name":"Portal Urbano","url":"https:\/\/experienciadevida.com.ar\/portalurbano\/","logo":{"@type":"ImageObject","inLanguage":"es","@id":"https:\/\/experienciadevida.com.ar\/portalurbano\/#\/schema\/logo\/image\/","url":"https:\/\/experienciadevida.com.ar\/portalurbano\/wp-content\/uploads\/2019\/09\/Logo-Original.png","contentUrl":"https:\/\/experienciadevida.com.ar\/portalurbano\/wp-content\/uploads\/2019\/09\/Logo-Original.png","width":2236,"height":1216,"caption":"Portal Urbano"},"image":{"@id":"https:\/\/experienciadevida.com.ar\/portalurbano\/#\/schema\/logo\/image\/"},"sameAs":["https:\/\/www.facebook.com\/Portal-Urbano-171542830093757\/","https:\/\/twitter.com\/portalurbanook","https:\/\/www.instagram.com\/_portalurbano\/","https:\/\/www.youtube.com\/channel\/UCXhagIfszH8KxFiOok79zbA?view_as=subscriber"]},{"@type":"Person","@id":"https:\/\/experienciadevida.com.ar\/portalurbano\/#\/schema\/person\/02dd326b1c4b056e9cc972486934a3a7","name":"admpu17wp","image":{"@type":"ImageObject","inLanguage":"es","@id":"https:\/\/experienciadevida.com.ar\/portalurbano\/#\/schema\/person\/image\/","url":"https:\/\/secure.gravatar.com\/avatar\/830d4c57adaae6630765e449a6908047?s=96&d=mm&r=g","contentUrl":"https:\/\/secure.gravatar.com\/avatar\/830d4c57adaae6630765e449a6908047?s=96&d=mm&r=g","caption":"admpu17wp"}}]}},"featured_image_urls":{"full":["https:\/\/experienciadevida.com.ar\/portalurbano\/wp-content\/uploads\/2022\/07\/El-Jardin.jpg",1772,1181,false],"thumbnail":["https:\/\/experienciadevida.com.ar\/portalurbano\/wp-content\/uploads\/2022\/07\/El-Jardin-150x150.jpg",150,150,true],"medium":["https:\/\/experienciadevida.com.ar\/portalurbano\/wp-content\/uploads\/2022\/07\/El-Jardin-300x200.jpg",300,200,true],"medium_large":["https:\/\/experienciadevida.com.ar\/portalurbano\/wp-content\/uploads\/2022\/07\/El-Jardin-768x512.jpg",640,427,true],"large":["https:\/\/experienciadevida.com.ar\/portalurbano\/wp-content\/uploads\/2022\/07\/El-Jardin-1024x682.jpg",640,426,true],"ug_big":["https:\/\/experienciadevida.com.ar\/portalurbano\/wp-content\/uploads\/2022\/07\/El-Jardin-768x512.jpg",768,512,true],"1536x1536":["https:\/\/experienciadevida.com.ar\/portalurbano\/wp-content\/uploads\/2022\/07\/El-Jardin-1536x1024.jpg",1536,1024,true],"2048x2048":["https:\/\/experienciadevida.com.ar\/portalurbano\/wp-content\/uploads\/2022\/07\/El-Jardin.jpg",1772,1181,false],"newsever-slider-full":["https:\/\/experienciadevida.com.ar\/portalurbano\/wp-content\/uploads\/2022\/07\/El-Jardin.jpg",1268,845,false],"newsever-featured":["https:\/\/experienciadevida.com.ar\/portalurbano\/wp-content\/uploads\/2022\/07\/El-Jardin.jpg",1024,682,false],"newsever-medium":["https:\/\/experienciadevida.com.ar\/portalurbano\/wp-content\/uploads\/2022\/07\/El-Jardin.jpg",713,475,false],"web-stories-poster-portrait":["https:\/\/experienciadevida.com.ar\/portalurbano\/wp-content\/uploads\/2022\/07\/El-Jardin-640x853.jpg",640,853,true],"web-stories-publisher-logo":["https:\/\/experienciadevida.com.ar\/portalurbano\/wp-content\/uploads\/2022\/07\/El-Jardin-96x96.jpg",96,96,true],"web-stories-thumbnail":["https:\/\/experienciadevida.com.ar\/portalurbano\/wp-content\/uploads\/2022\/07\/El-Jardin-150x100.jpg",150,100,true]},"author_info":{"display_name":"admpu17wp","author_link":"https:\/\/experienciadevida.com.ar\/portalurbano\/author\/admpu17wp\/"},"category_info":"<a href=\"https:\/\/experienciadevida.com.ar\/portalurbano\/category\/ciudad\/\" rel=\"category tag\">Ciudad<\/a>","tag_info":"Ciudad","comment_count":"0","amp_enabled":true,"_links":{"self":[{"href":"https:\/\/experienciadevida.com.ar\/portalurbano\/wp-json\/wp\/v2\/posts\/171677"}],"collection":[{"href":"https:\/\/experienciadevida.com.ar\/portalurbano\/wp-json\/wp\/v2\/posts"}],"about":[{"href":"https:\/\/experienciadevida.com.ar\/portalurbano\/wp-json\/wp\/v2\/types\/post"}],"author":[{"embeddable":true,"href":"https:\/\/experienciadevida.com.ar\/portalurbano\/wp-json\/wp\/v2\/users\/1"}],"replies":[{"embeddable":true,"href":"https:\/\/experienciadevida.com.ar\/portalurbano\/wp-json\/wp\/v2\/comments?post=171677"}],"version-history":[{"count":2,"href":"https:\/\/experienciadevida.com.ar\/portalurbano\/wp-json\/wp\/v2\/posts\/171677\/revisions"}],"predecessor-version":[{"id":171682,"href":"https:\/\/experienciadevida.com.ar\/portalurbano\/wp-json\/wp\/v2\/posts\/171677\/revisions\/171682"}],"wp:featuredmedia":[{"embeddable":true,"href":"https:\/\/experienciadevida.com.ar\/portalurbano\/wp-json\/wp\/v2\/media\/171678"}],"wp:attachment":[{"href":"https:\/\/experienciadevida.com.ar\/portalurbano\/wp-json\/wp\/v2\/media?parent=171677"}],"wp:term":[{"taxonomy":"category","embeddable":true,"href":"https:\/\/experienciadevida.com.ar\/portalurbano\/wp-json\/wp\/v2\/categories?post=171677"},{"taxonomy":"post_tag","embeddable":true,"href":"https:\/\/experienciadevida.com.ar\/portalurbano\/wp-json\/wp\/v2\/tags?post=171677"}],"curies":[{"name":"wp","href":"https:\/\/api.w.org\/{rel}","templated":true}]}}