{"id":171660,"date":"2022-07-18T11:35:34","date_gmt":"2022-07-18T14:35:34","guid":{"rendered":"https:\/\/experienciadevida.com.ar\/portalurbano\/?p=171660"},"modified":"2022-07-18T11:37:48","modified_gmt":"2022-07-18T14:37:48","slug":"en-septiembre-se-realizara-la-expo-formacion-empleo","status":"publish","type":"post","link":"https:\/\/experienciadevida.com.ar\/portalurbano\/en-septiembre-se-realizara-la-expo-formacion-empleo\/","title":{"rendered":"En septiembre se realizar\u00e1 la \u201cExpo Formaci\u00f3n + Empleo\u201d"},"content":{"rendered":"<p>En septiembre se realizar\u00e1 la \u201cExpo Formaci\u00f3n + Empleo\u201d, as\u00ed lo informaron desde la Secretar\u00eda de Desarrollo Econ\u00f3mico de la <a href=\"https:\/\/www.facebook.com\/municipiodeolavarria\">Municipalidad<\/a> de Olavarr\u00eda se inform\u00f3 que junto con integrantes y referentes de la Asociaci\u00f3n del Parque Industrial y la Uni\u00f3n Industrial se est\u00e1 trabajando con el objetivo de concretar una interesante propuesta que se desarrollar\u00e1 en el marco del D\u00eda de la Industria, a celebrarse el pr\u00f3ximo 2 de septiembre.<\/p>\n<p>La actividad consistir\u00e1 en una Exposici\u00f3n de Formaci\u00f3n + Empleo, que tendr\u00e1 como objetivo ofrecer un espacio de reclutamiento real para las b\u00fasquedas laborales activas de diferentes empresas de la ciudad. De esa manera se buscar\u00e1 favorecer el encuentro entre aspirantes a empleo y demanda laboral, y contribuir a la difusi\u00f3n de la oferta de formaci\u00f3n que brindan las diferentes instituciones educativas de la ciudad.<\/p>\n<p>El evento se realizar\u00e1 en el Centro de Convenciones Olavarr\u00eda el viernes 2 de septiembre, desde las 9 a las 19 horas. Estar\u00e1 dirigido al p\u00fablico en general, con el \u00e9nfasis en estudiantes que est\u00e9n cursando el \u00faltimo a\u00f1o de la secundaria, estudiantes de carreras terciarias y Universitarias. Se contar\u00e1 con m\u00e1s de 20 stands de empresas representantes de los sectores productivos de la ciudad, stands de las instituciones educativas y sala de conferencia para las charlas.<\/p>\n<p>Fue en este contexto que d\u00edas atr\u00e1s se realiz\u00f3 un encuentro del que participaron referentes de la Asociaci\u00f3n del Parque Industrial, la Uni\u00f3n Industrial y representantes de la Municipalidad para compartir la propuesta.<\/p>\n<p>Se a\u00f1adi\u00f3 que, con el objetivo de continuar elaborando la din\u00e1mica del evento, en las pr\u00f3ximas semanas se continuar\u00e1 con las mesas de participaci\u00f3n sectorial. La propuesta pretende avanzar en un relevamiento de formaci\u00f3n y capacitaci\u00f3n de los perfiles que demanda el mercado laboral de cada sector, en las cuales participar\u00e1n empresarios de la ciudad convocados por la Asociaci\u00f3n del Parque Industrial, Uni\u00f3n Industrial, Sociedad Rural, C\u00e1mara de la Piedra, C\u00e1mara Empresaria y Cl\u00faster de Software.<\/p>\n<p>A la par, se detall\u00f3 que en una segunda etapa de trabajo se convocar\u00e1 a las instituciones educativas, quienes tienen un rol clave en la formaci\u00f3n de los perfiles que demanda el sector empresarial.<\/p>\n<p><a href=\"https:\/\/experienciadevida.com.ar\/portalurbano\/en-septiembre-se-realizara-la-expo-formacion-empleo\/en-septiembre\/\" rel=\"attachment wp-att-171664\"><img decoding=\"async\" class=\"alignnone size-large wp-image-171664\" src=\"https:\/\/experienciadevida.com.ar\/portalurbano\/wp-content\/uploads\/2022\/07\/En-septiembre-1024x1024.jpg\" alt=\"En septiembre \" width=\"900\" height=\"900\" srcset=\"https:\/\/experienciadevida.com.ar\/portalurbano\/wp-content\/uploads\/2022\/07\/En-septiembre-1024x1024.jpg 1024w, https:\/\/experienciadevida.com.ar\/portalurbano\/wp-content\/uploads\/2022\/07\/En-septiembre-300x300.jpg 300w, https:\/\/experienciadevida.com.ar\/portalurbano\/wp-content\/uploads\/2022\/07\/En-septiembre-150x150.jpg 150w, https:\/\/experienciadevida.com.ar\/portalurbano\/wp-content\/uploads\/2022\/07\/En-septiembre-768x768.jpg 768w, https:\/\/experienciadevida.com.ar\/portalurbano\/wp-content\/uploads\/2022\/07\/En-septiembre-96x96.jpg 96w, https:\/\/experienciadevida.com.ar\/portalurbano\/wp-content\/uploads\/2022\/07\/En-septiembre.jpg 1080w\" sizes=\"(max-width: 900px) 100vw, 900px\" \/><\/a><\/p>\n","protected":false},"excerpt":{"rendered":"<p>En septiembre se realizar\u00e1 la \u201cExpo Formaci\u00f3n + Empleo\u201d, as\u00ed lo informaron desde la Secretar\u00eda&#8230;<\/p>\n","protected":false},"author":1,"featured_media":171661,"comment_status":"closed","ping_status":"closed","sticky":false,"template":"","format":"standard","meta":{"content-type":""},"categories":[27,64],"tags":[],"nelio_content":{"isAutoShareEnabled":false,"autoShareEndMode":"default","automationSources":{"useContentSentences":true,"useSocialTemplates":true,"useCustomSentences":false,"customSentences":[]},"followers":[1],"suggestedReferences":[],"includedReferences":[],"efiUrl":"","efiAlt":"","highlights":[]},"yoast_head":"<!-- This site is optimized with the Yoast SEO plugin v20.7 - https:\/\/yoast.com\/wordpress\/plugins\/seo\/ -->\n<title>En septiembre se realizar\u00e1 la &quot;Expo formaci\u00f3n + Empleo&quot;<\/title>\n<meta name=\"description\" content=\"En septiembre se realizar\u00e1 la \u201cExpo Formaci\u00f3n + Empleo\u201d, as\u00ed lo informaron desde la Secretar\u00eda de Desarrollo Econ\u00f3mico del Municipio\" \/>\n<meta name=\"robots\" content=\"index, follow, max-snippet:-1, max-image-preview:large, max-video-preview:-1\" \/>\n<link rel=\"canonical\" href=\"https:\/\/experienciadevida.com.ar\/portalurbano\/en-septiembre-se-realizara-la-expo-formacion-empleo\/\" \/>\n<meta property=\"og:locale\" content=\"es_ES\" \/>\n<meta property=\"og:type\" content=\"article\" \/>\n<meta property=\"og:title\" content=\"En septiembre se realizar\u00e1 la &quot;Expo formaci\u00f3n + Empleo&quot;\" \/>\n<meta property=\"og:description\" content=\"En septiembre se realizar\u00e1 la \u201cExpo Formaci\u00f3n + Empleo\u201d, as\u00ed lo informaron desde la Secretar\u00eda de Desarrollo Econ\u00f3mico del Municipio\" \/>\n<meta property=\"og:url\" content=\"https:\/\/experienciadevida.com.ar\/portalurbano\/en-septiembre-se-realizara-la-expo-formacion-empleo\/\" \/>\n<meta property=\"article:publisher\" content=\"https:\/\/www.facebook.com\/Portal-Urbano-171542830093757\/\" \/>\n<meta property=\"article:published_time\" content=\"2022-07-18T14:35:34+00:00\" \/>\n<meta property=\"article:modified_time\" content=\"2022-07-18T14:37:48+00:00\" \/>\n<meta property=\"og:image\" content=\"https:\/\/experienciadevida.com.ar\/portalurbano\/wp-content\/uploads\/2022\/07\/En-septiembre-se-realizara.jpg\" \/>\n\t<meta property=\"og:image:width\" content=\"1541\" \/>\n\t<meta property=\"og:image:height\" content=\"1023\" \/>\n\t<meta property=\"og:image:type\" content=\"image\/jpeg\" \/>\n<meta name=\"author\" content=\"admpu17wp\" \/>\n<meta name=\"twitter:card\" content=\"summary_large_image\" \/>\n<meta name=\"twitter:creator\" content=\"@portalurbanook\" \/>\n<meta name=\"twitter:site\" content=\"@portalurbanook\" \/>\n<meta name=\"twitter:label1\" content=\"Escrito por\" \/>\n\t<meta name=\"twitter:data1\" content=\"admpu17wp\" \/>\n\t<meta name=\"twitter:label2\" content=\"Tiempo de lectura\" \/>\n\t<meta name=\"twitter:data2\" content=\"2 minutos\" \/>\n<script type=\"application\/ld+json\" class=\"yoast-schema-graph\">{\"@context\":\"https:\/\/schema.org\",\"@graph\":[{\"@type\":\"Article\",\"@id\":\"https:\/\/experienciadevida.com.ar\/portalurbano\/en-septiembre-se-realizara-la-expo-formacion-empleo\/#article\",\"isPartOf\":{\"@id\":\"https:\/\/experienciadevida.com.ar\/portalurbano\/en-septiembre-se-realizara-la-expo-formacion-empleo\/\"},\"author\":{\"name\":\"admpu17wp\",\"@id\":\"https:\/\/experienciadevida.com.ar\/portalurbano\/#\/schema\/person\/02dd326b1c4b056e9cc972486934a3a7\"},\"headline\":\"En septiembre se realizar\u00e1 la \u201cExpo Formaci\u00f3n + Empleo\u201d\",\"datePublished\":\"2022-07-18T14:35:34+00:00\",\"dateModified\":\"2022-07-18T14:37:48+00:00\",\"mainEntityOfPage\":{\"@id\":\"https:\/\/experienciadevida.com.ar\/portalurbano\/en-septiembre-se-realizara-la-expo-formacion-empleo\/\"},\"wordCount\":392,\"publisher\":{\"@id\":\"https:\/\/experienciadevida.com.ar\/portalurbano\/#organization\"},\"articleSection\":[\"Ciudad\",\"Destacadas 2\"],\"inLanguage\":\"es\"},{\"@type\":\"WebPage\",\"@id\":\"https:\/\/experienciadevida.com.ar\/portalurbano\/en-septiembre-se-realizara-la-expo-formacion-empleo\/\",\"url\":\"https:\/\/experienciadevida.com.ar\/portalurbano\/en-septiembre-se-realizara-la-expo-formacion-empleo\/\",\"name\":\"En septiembre se realizar\u00e1 la \\\"Expo formaci\u00f3n + Empleo\\\"\",\"isPartOf\":{\"@id\":\"https:\/\/experienciadevida.com.ar\/portalurbano\/#website\"},\"datePublished\":\"2022-07-18T14:35:34+00:00\",\"dateModified\":\"2022-07-18T14:37:48+00:00\",\"description\":\"En septiembre se realizar\u00e1 la \u201cExpo Formaci\u00f3n + Empleo\u201d, as\u00ed lo informaron desde la Secretar\u00eda de Desarrollo Econ\u00f3mico del Municipio\",\"breadcrumb\":{\"@id\":\"https:\/\/experienciadevida.com.ar\/portalurbano\/en-septiembre-se-realizara-la-expo-formacion-empleo\/#breadcrumb\"},\"inLanguage\":\"es\",\"potentialAction\":[{\"@type\":\"ReadAction\",\"target\":[\"https:\/\/experienciadevida.com.ar\/portalurbano\/en-septiembre-se-realizara-la-expo-formacion-empleo\/\"]}]},{\"@type\":\"BreadcrumbList\",\"@id\":\"https:\/\/experienciadevida.com.ar\/portalurbano\/en-septiembre-se-realizara-la-expo-formacion-empleo\/#breadcrumb\",\"itemListElement\":[{\"@type\":\"ListItem\",\"position\":1,\"name\":\"Portada\",\"item\":\"https:\/\/experienciadevida.com.ar\/portalurbano\/\"},{\"@type\":\"ListItem\",\"position\":2,\"name\":\"En septiembre se realizar\u00e1 la \u201cExpo Formaci\u00f3n + Empleo\u201d\"}]},{\"@type\":\"WebSite\",\"@id\":\"https:\/\/experienciadevida.com.ar\/portalurbano\/#website\",\"url\":\"https:\/\/experienciadevida.com.ar\/portalurbano\/\",\"name\":\"\",\"description\":\"\",\"publisher\":{\"@id\":\"https:\/\/experienciadevida.com.ar\/portalurbano\/#organization\"},\"potentialAction\":[{\"@type\":\"SearchAction\",\"target\":{\"@type\":\"EntryPoint\",\"urlTemplate\":\"https:\/\/experienciadevida.com.ar\/portalurbano\/?s={search_term_string}\"},\"query-input\":\"required name=search_term_string\"}],\"inLanguage\":\"es\"},{\"@type\":\"Organization\",\"@id\":\"https:\/\/experienciadevida.com.ar\/portalurbano\/#organization\",\"name\":\"Portal Urbano\",\"url\":\"https:\/\/experienciadevida.com.ar\/portalurbano\/\",\"logo\":{\"@type\":\"ImageObject\",\"inLanguage\":\"es\",\"@id\":\"https:\/\/experienciadevida.com.ar\/portalurbano\/#\/schema\/logo\/image\/\",\"url\":\"https:\/\/experienciadevida.com.ar\/portalurbano\/wp-content\/uploads\/2019\/09\/Logo-Original.png\",\"contentUrl\":\"https:\/\/experienciadevida.com.ar\/portalurbano\/wp-content\/uploads\/2019\/09\/Logo-Original.png\",\"width\":2236,\"height\":1216,\"caption\":\"Portal Urbano\"},\"image\":{\"@id\":\"https:\/\/experienciadevida.com.ar\/portalurbano\/#\/schema\/logo\/image\/\"},\"sameAs\":[\"https:\/\/www.facebook.com\/Portal-Urbano-171542830093757\/\",\"https:\/\/twitter.com\/portalurbanook\",\"https:\/\/www.instagram.com\/_portalurbano\/\",\"https:\/\/www.youtube.com\/channel\/UCXhagIfszH8KxFiOok79zbA?view_as=subscriber\"]},{\"@type\":\"Person\",\"@id\":\"https:\/\/experienciadevida.com.ar\/portalurbano\/#\/schema\/person\/02dd326b1c4b056e9cc972486934a3a7\",\"name\":\"admpu17wp\",\"image\":{\"@type\":\"ImageObject\",\"inLanguage\":\"es\",\"@id\":\"https:\/\/experienciadevida.com.ar\/portalurbano\/#\/schema\/person\/image\/\",\"url\":\"https:\/\/secure.gravatar.com\/avatar\/830d4c57adaae6630765e449a6908047?s=96&d=mm&r=g\",\"contentUrl\":\"https:\/\/secure.gravatar.com\/avatar\/830d4c57adaae6630765e449a6908047?s=96&d=mm&r=g\",\"caption\":\"admpu17wp\"}}]}<\/script>\n<!-- \/ Yoast SEO plugin. -->","yoast_head_json":{"title":"En septiembre se realizar\u00e1 la \"Expo formaci\u00f3n + Empleo\"","description":"En septiembre se realizar\u00e1 la \u201cExpo Formaci\u00f3n + Empleo\u201d, as\u00ed lo informaron desde la Secretar\u00eda de Desarrollo Econ\u00f3mico del Municipio","robots":{"index":"index","follow":"follow","max-snippet":"max-snippet:-1","max-image-preview":"max-image-preview:large","max-video-preview":"max-video-preview:-1"},"canonical":"https:\/\/experienciadevida.com.ar\/portalurbano\/en-septiembre-se-realizara-la-expo-formacion-empleo\/","og_locale":"es_ES","og_type":"article","og_title":"En septiembre se realizar\u00e1 la \"Expo formaci\u00f3n + Empleo\"","og_description":"En septiembre se realizar\u00e1 la \u201cExpo Formaci\u00f3n + Empleo\u201d, as\u00ed lo informaron desde la Secretar\u00eda de Desarrollo Econ\u00f3mico del Municipio","og_url":"https:\/\/experienciadevida.com.ar\/portalurbano\/en-septiembre-se-realizara-la-expo-formacion-empleo\/","article_publisher":"https:\/\/www.facebook.com\/Portal-Urbano-171542830093757\/","article_published_time":"2022-07-18T14:35:34+00:00","article_modified_time":"2022-07-18T14:37:48+00:00","og_image":[{"width":1541,"height":1023,"url":"https:\/\/experienciadevida.com.ar\/portalurbano\/wp-content\/uploads\/2022\/07\/En-septiembre-se-realizara.jpg","type":"image\/jpeg"}],"author":"admpu17wp","twitter_card":"summary_large_image","twitter_creator":"@portalurbanook","twitter_site":"@portalurbanook","twitter_misc":{"Escrito por":"admpu17wp","Tiempo de lectura":"2 minutos"},"schema":{"@context":"https:\/\/schema.org","@graph":[{"@type":"Article","@id":"https:\/\/experienciadevida.com.ar\/portalurbano\/en-septiembre-se-realizara-la-expo-formacion-empleo\/#article","isPartOf":{"@id":"https:\/\/experienciadevida.com.ar\/portalurbano\/en-septiembre-se-realizara-la-expo-formacion-empleo\/"},"author":{"name":"admpu17wp","@id":"https:\/\/experienciadevida.com.ar\/portalurbano\/#\/schema\/person\/02dd326b1c4b056e9cc972486934a3a7"},"headline":"En septiembre se realizar\u00e1 la \u201cExpo Formaci\u00f3n + Empleo\u201d","datePublished":"2022-07-18T14:35:34+00:00","dateModified":"2022-07-18T14:37:48+00:00","mainEntityOfPage":{"@id":"https:\/\/experienciadevida.com.ar\/portalurbano\/en-septiembre-se-realizara-la-expo-formacion-empleo\/"},"wordCount":392,"publisher":{"@id":"https:\/\/experienciadevida.com.ar\/portalurbano\/#organization"},"articleSection":["Ciudad","Destacadas 2"],"inLanguage":"es"},{"@type":"WebPage","@id":"https:\/\/experienciadevida.com.ar\/portalurbano\/en-septiembre-se-realizara-la-expo-formacion-empleo\/","url":"https:\/\/experienciadevida.com.ar\/portalurbano\/en-septiembre-se-realizara-la-expo-formacion-empleo\/","name":"En septiembre se realizar\u00e1 la \"Expo formaci\u00f3n + Empleo\"","isPartOf":{"@id":"https:\/\/experienciadevida.com.ar\/portalurbano\/#website"},"datePublished":"2022-07-18T14:35:34+00:00","dateModified":"2022-07-18T14:37:48+00:00","description":"En septiembre se realizar\u00e1 la \u201cExpo Formaci\u00f3n + Empleo\u201d, as\u00ed lo informaron desde la Secretar\u00eda de Desarrollo Econ\u00f3mico del Municipio","breadcrumb":{"@id":"https:\/\/experienciadevida.com.ar\/portalurbano\/en-septiembre-se-realizara-la-expo-formacion-empleo\/#breadcrumb"},"inLanguage":"es","potentialAction":[{"@type":"ReadAction","target":["https:\/\/experienciadevida.com.ar\/portalurbano\/en-septiembre-se-realizara-la-expo-formacion-empleo\/"]}]},{"@type":"BreadcrumbList","@id":"https:\/\/experienciadevida.com.ar\/portalurbano\/en-septiembre-se-realizara-la-expo-formacion-empleo\/#breadcrumb","itemListElement":[{"@type":"ListItem","position":1,"name":"Portada","item":"https:\/\/experienciadevida.com.ar\/portalurbano\/"},{"@type":"ListItem","position":2,"name":"En septiembre se realizar\u00e1 la \u201cExpo Formaci\u00f3n + Empleo\u201d"}]},{"@type":"WebSite","@id":"https:\/\/experienciadevida.com.ar\/portalurbano\/#website","url":"https:\/\/experienciadevida.com.ar\/portalurbano\/","name":"","description":"","publisher":{"@id":"https:\/\/experienciadevida.com.ar\/portalurbano\/#organization"},"potentialAction":[{"@type":"SearchAction","target":{"@type":"EntryPoint","urlTemplate":"https:\/\/experienciadevida.com.ar\/portalurbano\/?s={search_term_string}"},"query-input":"required name=search_term_string"}],"inLanguage":"es"},{"@type":"Organization","@id":"https:\/\/experienciadevida.com.ar\/portalurbano\/#organization","name":"Portal Urbano","url":"https:\/\/experienciadevida.com.ar\/portalurbano\/","logo":{"@type":"ImageObject","inLanguage":"es","@id":"https:\/\/experienciadevida.com.ar\/portalurbano\/#\/schema\/logo\/image\/","url":"https:\/\/experienciadevida.com.ar\/portalurbano\/wp-content\/uploads\/2019\/09\/Logo-Original.png","contentUrl":"https:\/\/experienciadevida.com.ar\/portalurbano\/wp-content\/uploads\/2019\/09\/Logo-Original.png","width":2236,"height":1216,"caption":"Portal Urbano"},"image":{"@id":"https:\/\/experienciadevida.com.ar\/portalurbano\/#\/schema\/logo\/image\/"},"sameAs":["https:\/\/www.facebook.com\/Portal-Urbano-171542830093757\/","https:\/\/twitter.com\/portalurbanook","https:\/\/www.instagram.com\/_portalurbano\/","https:\/\/www.youtube.com\/channel\/UCXhagIfszH8KxFiOok79zbA?view_as=subscriber"]},{"@type":"Person","@id":"https:\/\/experienciadevida.com.ar\/portalurbano\/#\/schema\/person\/02dd326b1c4b056e9cc972486934a3a7","name":"admpu17wp","image":{"@type":"ImageObject","inLanguage":"es","@id":"https:\/\/experienciadevida.com.ar\/portalurbano\/#\/schema\/person\/image\/","url":"https:\/\/secure.gravatar.com\/avatar\/830d4c57adaae6630765e449a6908047?s=96&d=mm&r=g","contentUrl":"https:\/\/secure.gravatar.com\/avatar\/830d4c57adaae6630765e449a6908047?s=96&d=mm&r=g","caption":"admpu17wp"}}]}},"featured_image_urls":{"full":["https:\/\/experienciadevida.com.ar\/portalurbano\/wp-content\/uploads\/2022\/07\/En-septiembre-se-realizara.jpg",1541,1023,false],"thumbnail":["https:\/\/experienciadevida.com.ar\/portalurbano\/wp-content\/uploads\/2022\/07\/En-septiembre-se-realizara-150x150.jpg",150,150,true],"medium":["https:\/\/experienciadevida.com.ar\/portalurbano\/wp-content\/uploads\/2022\/07\/En-septiembre-se-realizara-300x199.jpg",300,199,true],"medium_large":["https:\/\/experienciadevida.com.ar\/portalurbano\/wp-content\/uploads\/2022\/07\/En-septiembre-se-realizara-768x510.jpg",640,425,true],"large":["https:\/\/experienciadevida.com.ar\/portalurbano\/wp-content\/uploads\/2022\/07\/En-septiembre-se-realizara-1024x680.jpg",640,425,true],"ug_big":["https:\/\/experienciadevida.com.ar\/portalurbano\/wp-content\/uploads\/2022\/07\/En-septiembre-se-realizara-768x510.jpg",768,510,true],"1536x1536":["https:\/\/experienciadevida.com.ar\/portalurbano\/wp-content\/uploads\/2022\/07\/En-septiembre-se-realizara-1536x1020.jpg",1536,1020,true],"2048x2048":["https:\/\/experienciadevida.com.ar\/portalurbano\/wp-content\/uploads\/2022\/07\/En-septiembre-se-realizara.jpg",1541,1023,false],"newsever-slider-full":["https:\/\/experienciadevida.com.ar\/portalurbano\/wp-content\/uploads\/2022\/07\/En-septiembre-se-realizara.jpg",1273,845,false],"newsever-featured":["https:\/\/experienciadevida.com.ar\/portalurbano\/wp-content\/uploads\/2022\/07\/En-septiembre-se-realizara.jpg",1024,680,false],"newsever-medium":["https:\/\/experienciadevida.com.ar\/portalurbano\/wp-content\/uploads\/2022\/07\/En-septiembre-se-realizara.jpg",716,475,false],"web-stories-poster-portrait":["https:\/\/experienciadevida.com.ar\/portalurbano\/wp-content\/uploads\/2022\/07\/En-septiembre-se-realizara-640x853.jpg",640,853,true],"web-stories-publisher-logo":["https:\/\/experienciadevida.com.ar\/portalurbano\/wp-content\/uploads\/2022\/07\/En-septiembre-se-realizara-96x96.jpg",96,96,true],"web-stories-thumbnail":["https:\/\/experienciadevida.com.ar\/portalurbano\/wp-content\/uploads\/2022\/07\/En-septiembre-se-realizara-150x100.jpg",150,100,true]},"author_info":{"display_name":"admpu17wp","author_link":"https:\/\/experienciadevida.com.ar\/portalurbano\/author\/admpu17wp\/"},"category_info":"<a href=\"https:\/\/experienciadevida.com.ar\/portalurbano\/category\/ciudad\/\" rel=\"category tag\">Ciudad<\/a> <a href=\"https:\/\/experienciadevida.com.ar\/portalurbano\/category\/destacadas-2\/\" rel=\"category tag\">Destacadas 2<\/a>","tag_info":"Destacadas 2","comment_count":"0","amp_enabled":true,"_links":{"self":[{"href":"https:\/\/experienciadevida.com.ar\/portalurbano\/wp-json\/wp\/v2\/posts\/171660"}],"collection":[{"href":"https:\/\/experienciadevida.com.ar\/portalurbano\/wp-json\/wp\/v2\/posts"}],"about":[{"href":"https:\/\/experienciadevida.com.ar\/portalurbano\/wp-json\/wp\/v2\/types\/post"}],"author":[{"embeddable":true,"href":"https:\/\/experienciadevida.com.ar\/portalurbano\/wp-json\/wp\/v2\/users\/1"}],"replies":[{"embeddable":true,"href":"https:\/\/experienciadevida.com.ar\/portalurbano\/wp-json\/wp\/v2\/comments?post=171660"}],"version-history":[{"count":3,"href":"https:\/\/experienciadevida.com.ar\/portalurbano\/wp-json\/wp\/v2\/posts\/171660\/revisions"}],"predecessor-version":[{"id":171665,"href":"https:\/\/experienciadevida.com.ar\/portalurbano\/wp-json\/wp\/v2\/posts\/171660\/revisions\/171665"}],"wp:featuredmedia":[{"embeddable":true,"href":"https:\/\/experienciadevida.com.ar\/portalurbano\/wp-json\/wp\/v2\/media\/171661"}],"wp:attachment":[{"href":"https:\/\/experienciadevida.com.ar\/portalurbano\/wp-json\/wp\/v2\/media?parent=171660"}],"wp:term":[{"taxonomy":"category","embeddable":true,"href":"https:\/\/experienciadevida.com.ar\/portalurbano\/wp-json\/wp\/v2\/categories?post=171660"},{"taxonomy":"post_tag","embeddable":true,"href":"https:\/\/experienciadevida.com.ar\/portalurbano\/wp-json\/wp\/v2\/tags?post=171660"}],"curies":[{"name":"wp","href":"https:\/\/api.w.org\/{rel}","templated":true}]}}