{"id":171657,"date":"2022-07-18T10:15:51","date_gmt":"2022-07-18T13:15:51","guid":{"rendered":"https:\/\/experienciadevida.com.ar\/portalurbano\/?p=171657"},"modified":"2022-07-18T11:33:46","modified_gmt":"2022-07-18T14:33:46","slug":"finalizo-un-nuevo-curso-de-gestion-empresarial","status":"publish","type":"post","link":"https:\/\/experienciadevida.com.ar\/portalurbano\/finalizo-un-nuevo-curso-de-gestion-empresarial\/","title":{"rendered":"Finaliz\u00f3 un nuevo Curso de Gesti\u00f3n Empresarial"},"content":{"rendered":"<p>Finaliz\u00f3 un nuevo Curso de Gesti\u00f3n Empresarial, el pasado mi\u00e9rcoles finaliz\u00f3 el Curso de Gesti\u00f3n Empresarial, que fue dictado en forma virtual desde la Secretar\u00eda de Desarrollo Econ\u00f3mico de la Municipalidad de Olavarr\u00eda, a trav\u00e9s de la Direcci\u00f3n de Empleo y la Direcci\u00f3n de Econom\u00eda Social.<\/p>\n<p>La capacitaci\u00f3n estuvo orientada tanto a personas desocupadas con perfil emprendedor, como aquellas que llevan adelante un proyecto y necesitan reforzar la idea del negocio que tienen en marcha.<\/p>\n<p>El objetivo general del curso es el de \u201cimpulsar y cultivar el esp\u00edritu emprendedor en los olavarrienses\u201d, y que a la par puedan visualizar el empleo independiente como una alternativa importante del mercado de trabajo local, regional, y nacional. Adem\u00e1s, se establece como objetivo especifico el de \u201cbrindar herramientas necesarias para planificar, implementar, y sostener un proyecto de negocios\u201d.<\/p>\n<p>El curso, que estuvo a cargo del Director de Econom\u00eda Social licenciado Leonardo Maiola, tuvo una duraci\u00f3n de 4 clases virtuales de 2 horas, de las cuales participaron 25 personas. Adem\u00e1s, se expres\u00f3 que durante los pr\u00f3ximos d\u00edas se brindar\u00e1 un servicio de consultar\u00eda especifico para quienes participaron de la propuesta.<\/p>\n<p>Para mayor informaci\u00f3n podr\u00e1n contactarse con la Secretar\u00eda de Desarrollo Econ\u00f3mico a los tel\u00e9fonos 422135\/422195 o a la direcci\u00f3n de correo electr\u00f3nico: economia.social@olavarria.gov.ar .<\/p>\n","protected":false},"excerpt":{"rendered":"<p>Finaliz\u00f3 un nuevo Curso de Gesti\u00f3n Empresarial, el pasado mi\u00e9rcoles finaliz\u00f3 el Curso de Gesti\u00f3n&#8230;<\/p>\n","protected":false},"author":1,"featured_media":171658,"comment_status":"closed","ping_status":"closed","sticky":false,"template":"","format":"standard","meta":{"content-type":""},"categories":[27,64],"tags":[],"nelio_content":{"isAutoShareEnabled":false,"autoShareEndMode":"default","automationSources":{"useContentSentences":true,"useSocialTemplates":true,"useCustomSentences":false,"customSentences":[]},"followers":[1],"suggestedReferences":[],"includedReferences":[],"efiUrl":"","efiAlt":"","highlights":[]},"yoast_head":"<!-- This site is optimized with the Yoast SEO plugin v20.7 - https:\/\/yoast.com\/wordpress\/plugins\/seo\/ -->\n<title>Finaliz\u00f3 un nuevo curso de gesti\u00f3n empresarial<\/title>\n<meta name=\"description\" content=\"Finaliz\u00f3 un nuevo Curso de Gesti\u00f3n Empresarial, el pasado mi\u00e9rcoles finaliz\u00f3 el Curso de Gesti\u00f3n Empresarial, que fue dictado\" \/>\n<meta name=\"robots\" content=\"index, follow, max-snippet:-1, max-image-preview:large, max-video-preview:-1\" \/>\n<link rel=\"canonical\" href=\"https:\/\/experienciadevida.com.ar\/portalurbano\/finalizo-un-nuevo-curso-de-gestion-empresarial\/\" \/>\n<meta property=\"og:locale\" content=\"es_ES\" \/>\n<meta property=\"og:type\" content=\"article\" \/>\n<meta property=\"og:title\" content=\"Finaliz\u00f3 un nuevo curso de gesti\u00f3n empresarial\" \/>\n<meta property=\"og:description\" content=\"Finaliz\u00f3 un nuevo Curso de Gesti\u00f3n Empresarial, el pasado mi\u00e9rcoles finaliz\u00f3 el Curso de Gesti\u00f3n Empresarial, que fue dictado\" \/>\n<meta property=\"og:url\" content=\"https:\/\/experienciadevida.com.ar\/portalurbano\/finalizo-un-nuevo-curso-de-gestion-empresarial\/\" \/>\n<meta property=\"article:publisher\" content=\"https:\/\/www.facebook.com\/Portal-Urbano-171542830093757\/\" \/>\n<meta property=\"article:published_time\" content=\"2022-07-18T13:15:51+00:00\" \/>\n<meta property=\"article:modified_time\" content=\"2022-07-18T14:33:46+00:00\" \/>\n<meta property=\"og:image\" content=\"https:\/\/experienciadevida.com.ar\/portalurbano\/wp-content\/uploads\/2022\/07\/Finalizo-un-nuevo-Curso.jpg\" \/>\n\t<meta property=\"og:image:width\" content=\"627\" \/>\n\t<meta property=\"og:image:height\" content=\"362\" \/>\n\t<meta property=\"og:image:type\" content=\"image\/jpeg\" \/>\n<meta name=\"author\" content=\"admpu17wp\" \/>\n<meta name=\"twitter:card\" content=\"summary_large_image\" \/>\n<meta name=\"twitter:creator\" content=\"@portalurbanook\" \/>\n<meta name=\"twitter:site\" content=\"@portalurbanook\" \/>\n<meta name=\"twitter:label1\" content=\"Escrito por\" \/>\n\t<meta name=\"twitter:data1\" content=\"admpu17wp\" \/>\n\t<meta name=\"twitter:label2\" content=\"Tiempo de lectura\" \/>\n\t<meta name=\"twitter:data2\" content=\"1 minuto\" \/>\n<script type=\"application\/ld+json\" class=\"yoast-schema-graph\">{\"@context\":\"https:\/\/schema.org\",\"@graph\":[{\"@type\":\"Article\",\"@id\":\"https:\/\/experienciadevida.com.ar\/portalurbano\/finalizo-un-nuevo-curso-de-gestion-empresarial\/#article\",\"isPartOf\":{\"@id\":\"https:\/\/experienciadevida.com.ar\/portalurbano\/finalizo-un-nuevo-curso-de-gestion-empresarial\/\"},\"author\":{\"name\":\"admpu17wp\",\"@id\":\"https:\/\/experienciadevida.com.ar\/portalurbano\/#\/schema\/person\/02dd326b1c4b056e9cc972486934a3a7\"},\"headline\":\"Finaliz\u00f3 un nuevo Curso de Gesti\u00f3n Empresarial\",\"datePublished\":\"2022-07-18T13:15:51+00:00\",\"dateModified\":\"2022-07-18T14:33:46+00:00\",\"mainEntityOfPage\":{\"@id\":\"https:\/\/experienciadevida.com.ar\/portalurbano\/finalizo-un-nuevo-curso-de-gestion-empresarial\/\"},\"wordCount\":242,\"publisher\":{\"@id\":\"https:\/\/experienciadevida.com.ar\/portalurbano\/#organization\"},\"articleSection\":[\"Ciudad\",\"Destacadas 2\"],\"inLanguage\":\"es\"},{\"@type\":\"WebPage\",\"@id\":\"https:\/\/experienciadevida.com.ar\/portalurbano\/finalizo-un-nuevo-curso-de-gestion-empresarial\/\",\"url\":\"https:\/\/experienciadevida.com.ar\/portalurbano\/finalizo-un-nuevo-curso-de-gestion-empresarial\/\",\"name\":\"Finaliz\u00f3 un nuevo curso de gesti\u00f3n empresarial\",\"isPartOf\":{\"@id\":\"https:\/\/experienciadevida.com.ar\/portalurbano\/#website\"},\"datePublished\":\"2022-07-18T13:15:51+00:00\",\"dateModified\":\"2022-07-18T14:33:46+00:00\",\"description\":\"Finaliz\u00f3 un nuevo Curso de Gesti\u00f3n Empresarial, el pasado mi\u00e9rcoles finaliz\u00f3 el Curso de Gesti\u00f3n Empresarial, que fue dictado\",\"breadcrumb\":{\"@id\":\"https:\/\/experienciadevida.com.ar\/portalurbano\/finalizo-un-nuevo-curso-de-gestion-empresarial\/#breadcrumb\"},\"inLanguage\":\"es\",\"potentialAction\":[{\"@type\":\"ReadAction\",\"target\":[\"https:\/\/experienciadevida.com.ar\/portalurbano\/finalizo-un-nuevo-curso-de-gestion-empresarial\/\"]}]},{\"@type\":\"BreadcrumbList\",\"@id\":\"https:\/\/experienciadevida.com.ar\/portalurbano\/finalizo-un-nuevo-curso-de-gestion-empresarial\/#breadcrumb\",\"itemListElement\":[{\"@type\":\"ListItem\",\"position\":1,\"name\":\"Portada\",\"item\":\"https:\/\/experienciadevida.com.ar\/portalurbano\/\"},{\"@type\":\"ListItem\",\"position\":2,\"name\":\"Finaliz\u00f3 un nuevo Curso de Gesti\u00f3n Empresarial\"}]},{\"@type\":\"WebSite\",\"@id\":\"https:\/\/experienciadevida.com.ar\/portalurbano\/#website\",\"url\":\"https:\/\/experienciadevida.com.ar\/portalurbano\/\",\"name\":\"\",\"description\":\"\",\"publisher\":{\"@id\":\"https:\/\/experienciadevida.com.ar\/portalurbano\/#organization\"},\"potentialAction\":[{\"@type\":\"SearchAction\",\"target\":{\"@type\":\"EntryPoint\",\"urlTemplate\":\"https:\/\/experienciadevida.com.ar\/portalurbano\/?s={search_term_string}\"},\"query-input\":\"required name=search_term_string\"}],\"inLanguage\":\"es\"},{\"@type\":\"Organization\",\"@id\":\"https:\/\/experienciadevida.com.ar\/portalurbano\/#organization\",\"name\":\"Portal Urbano\",\"url\":\"https:\/\/experienciadevida.com.ar\/portalurbano\/\",\"logo\":{\"@type\":\"ImageObject\",\"inLanguage\":\"es\",\"@id\":\"https:\/\/experienciadevida.com.ar\/portalurbano\/#\/schema\/logo\/image\/\",\"url\":\"https:\/\/experienciadevida.com.ar\/portalurbano\/wp-content\/uploads\/2019\/09\/Logo-Original.png\",\"contentUrl\":\"https:\/\/experienciadevida.com.ar\/portalurbano\/wp-content\/uploads\/2019\/09\/Logo-Original.png\",\"width\":2236,\"height\":1216,\"caption\":\"Portal Urbano\"},\"image\":{\"@id\":\"https:\/\/experienciadevida.com.ar\/portalurbano\/#\/schema\/logo\/image\/\"},\"sameAs\":[\"https:\/\/www.facebook.com\/Portal-Urbano-171542830093757\/\",\"https:\/\/twitter.com\/portalurbanook\",\"https:\/\/www.instagram.com\/_portalurbano\/\",\"https:\/\/www.youtube.com\/channel\/UCXhagIfszH8KxFiOok79zbA?view_as=subscriber\"]},{\"@type\":\"Person\",\"@id\":\"https:\/\/experienciadevida.com.ar\/portalurbano\/#\/schema\/person\/02dd326b1c4b056e9cc972486934a3a7\",\"name\":\"admpu17wp\",\"image\":{\"@type\":\"ImageObject\",\"inLanguage\":\"es\",\"@id\":\"https:\/\/experienciadevida.com.ar\/portalurbano\/#\/schema\/person\/image\/\",\"url\":\"https:\/\/secure.gravatar.com\/avatar\/830d4c57adaae6630765e449a6908047?s=96&d=mm&r=g\",\"contentUrl\":\"https:\/\/secure.gravatar.com\/avatar\/830d4c57adaae6630765e449a6908047?s=96&d=mm&r=g\",\"caption\":\"admpu17wp\"}}]}<\/script>\n<!-- \/ Yoast SEO plugin. -->","yoast_head_json":{"title":"Finaliz\u00f3 un nuevo curso de gesti\u00f3n empresarial","description":"Finaliz\u00f3 un nuevo Curso de Gesti\u00f3n Empresarial, el pasado mi\u00e9rcoles finaliz\u00f3 el Curso de Gesti\u00f3n Empresarial, que fue dictado","robots":{"index":"index","follow":"follow","max-snippet":"max-snippet:-1","max-image-preview":"max-image-preview:large","max-video-preview":"max-video-preview:-1"},"canonical":"https:\/\/experienciadevida.com.ar\/portalurbano\/finalizo-un-nuevo-curso-de-gestion-empresarial\/","og_locale":"es_ES","og_type":"article","og_title":"Finaliz\u00f3 un nuevo curso de gesti\u00f3n empresarial","og_description":"Finaliz\u00f3 un nuevo Curso de Gesti\u00f3n Empresarial, el pasado mi\u00e9rcoles finaliz\u00f3 el Curso de Gesti\u00f3n Empresarial, que fue dictado","og_url":"https:\/\/experienciadevida.com.ar\/portalurbano\/finalizo-un-nuevo-curso-de-gestion-empresarial\/","article_publisher":"https:\/\/www.facebook.com\/Portal-Urbano-171542830093757\/","article_published_time":"2022-07-18T13:15:51+00:00","article_modified_time":"2022-07-18T14:33:46+00:00","og_image":[{"width":627,"height":362,"url":"https:\/\/experienciadevida.com.ar\/portalurbano\/wp-content\/uploads\/2022\/07\/Finalizo-un-nuevo-Curso.jpg","type":"image\/jpeg"}],"author":"admpu17wp","twitter_card":"summary_large_image","twitter_creator":"@portalurbanook","twitter_site":"@portalurbanook","twitter_misc":{"Escrito por":"admpu17wp","Tiempo de lectura":"1 minuto"},"schema":{"@context":"https:\/\/schema.org","@graph":[{"@type":"Article","@id":"https:\/\/experienciadevida.com.ar\/portalurbano\/finalizo-un-nuevo-curso-de-gestion-empresarial\/#article","isPartOf":{"@id":"https:\/\/experienciadevida.com.ar\/portalurbano\/finalizo-un-nuevo-curso-de-gestion-empresarial\/"},"author":{"name":"admpu17wp","@id":"https:\/\/experienciadevida.com.ar\/portalurbano\/#\/schema\/person\/02dd326b1c4b056e9cc972486934a3a7"},"headline":"Finaliz\u00f3 un nuevo Curso de Gesti\u00f3n Empresarial","datePublished":"2022-07-18T13:15:51+00:00","dateModified":"2022-07-18T14:33:46+00:00","mainEntityOfPage":{"@id":"https:\/\/experienciadevida.com.ar\/portalurbano\/finalizo-un-nuevo-curso-de-gestion-empresarial\/"},"wordCount":242,"publisher":{"@id":"https:\/\/experienciadevida.com.ar\/portalurbano\/#organization"},"articleSection":["Ciudad","Destacadas 2"],"inLanguage":"es"},{"@type":"WebPage","@id":"https:\/\/experienciadevida.com.ar\/portalurbano\/finalizo-un-nuevo-curso-de-gestion-empresarial\/","url":"https:\/\/experienciadevida.com.ar\/portalurbano\/finalizo-un-nuevo-curso-de-gestion-empresarial\/","name":"Finaliz\u00f3 un nuevo curso de gesti\u00f3n empresarial","isPartOf":{"@id":"https:\/\/experienciadevida.com.ar\/portalurbano\/#website"},"datePublished":"2022-07-18T13:15:51+00:00","dateModified":"2022-07-18T14:33:46+00:00","description":"Finaliz\u00f3 un nuevo Curso de Gesti\u00f3n Empresarial, el pasado mi\u00e9rcoles finaliz\u00f3 el Curso de Gesti\u00f3n Empresarial, que fue dictado","breadcrumb":{"@id":"https:\/\/experienciadevida.com.ar\/portalurbano\/finalizo-un-nuevo-curso-de-gestion-empresarial\/#breadcrumb"},"inLanguage":"es","potentialAction":[{"@type":"ReadAction","target":["https:\/\/experienciadevida.com.ar\/portalurbano\/finalizo-un-nuevo-curso-de-gestion-empresarial\/"]}]},{"@type":"BreadcrumbList","@id":"https:\/\/experienciadevida.com.ar\/portalurbano\/finalizo-un-nuevo-curso-de-gestion-empresarial\/#breadcrumb","itemListElement":[{"@type":"ListItem","position":1,"name":"Portada","item":"https:\/\/experienciadevida.com.ar\/portalurbano\/"},{"@type":"ListItem","position":2,"name":"Finaliz\u00f3 un nuevo Curso de Gesti\u00f3n Empresarial"}]},{"@type":"WebSite","@id":"https:\/\/experienciadevida.com.ar\/portalurbano\/#website","url":"https:\/\/experienciadevida.com.ar\/portalurbano\/","name":"","description":"","publisher":{"@id":"https:\/\/experienciadevida.com.ar\/portalurbano\/#organization"},"potentialAction":[{"@type":"SearchAction","target":{"@type":"EntryPoint","urlTemplate":"https:\/\/experienciadevida.com.ar\/portalurbano\/?s={search_term_string}"},"query-input":"required name=search_term_string"}],"inLanguage":"es"},{"@type":"Organization","@id":"https:\/\/experienciadevida.com.ar\/portalurbano\/#organization","name":"Portal Urbano","url":"https:\/\/experienciadevida.com.ar\/portalurbano\/","logo":{"@type":"ImageObject","inLanguage":"es","@id":"https:\/\/experienciadevida.com.ar\/portalurbano\/#\/schema\/logo\/image\/","url":"https:\/\/experienciadevida.com.ar\/portalurbano\/wp-content\/uploads\/2019\/09\/Logo-Original.png","contentUrl":"https:\/\/experienciadevida.com.ar\/portalurbano\/wp-content\/uploads\/2019\/09\/Logo-Original.png","width":2236,"height":1216,"caption":"Portal Urbano"},"image":{"@id":"https:\/\/experienciadevida.com.ar\/portalurbano\/#\/schema\/logo\/image\/"},"sameAs":["https:\/\/www.facebook.com\/Portal-Urbano-171542830093757\/","https:\/\/twitter.com\/portalurbanook","https:\/\/www.instagram.com\/_portalurbano\/","https:\/\/www.youtube.com\/channel\/UCXhagIfszH8KxFiOok79zbA?view_as=subscriber"]},{"@type":"Person","@id":"https:\/\/experienciadevida.com.ar\/portalurbano\/#\/schema\/person\/02dd326b1c4b056e9cc972486934a3a7","name":"admpu17wp","image":{"@type":"ImageObject","inLanguage":"es","@id":"https:\/\/experienciadevida.com.ar\/portalurbano\/#\/schema\/person\/image\/","url":"https:\/\/secure.gravatar.com\/avatar\/830d4c57adaae6630765e449a6908047?s=96&d=mm&r=g","contentUrl":"https:\/\/secure.gravatar.com\/avatar\/830d4c57adaae6630765e449a6908047?s=96&d=mm&r=g","caption":"admpu17wp"}}]}},"featured_image_urls":{"full":["https:\/\/experienciadevida.com.ar\/portalurbano\/wp-content\/uploads\/2022\/07\/Finalizo-un-nuevo-Curso.jpg",627,362,false],"thumbnail":["https:\/\/experienciadevida.com.ar\/portalurbano\/wp-content\/uploads\/2022\/07\/Finalizo-un-nuevo-Curso-150x150.jpg",150,150,true],"medium":["https:\/\/experienciadevida.com.ar\/portalurbano\/wp-content\/uploads\/2022\/07\/Finalizo-un-nuevo-Curso-300x173.jpg",300,173,true],"medium_large":["https:\/\/experienciadevida.com.ar\/portalurbano\/wp-content\/uploads\/2022\/07\/Finalizo-un-nuevo-Curso.jpg",627,362,false],"large":["https:\/\/experienciadevida.com.ar\/portalurbano\/wp-content\/uploads\/2022\/07\/Finalizo-un-nuevo-Curso.jpg",627,362,false],"ug_big":["https:\/\/experienciadevida.com.ar\/portalurbano\/wp-content\/uploads\/2022\/07\/Finalizo-un-nuevo-Curso.jpg",627,362,false],"1536x1536":["https:\/\/experienciadevida.com.ar\/portalurbano\/wp-content\/uploads\/2022\/07\/Finalizo-un-nuevo-Curso.jpg",627,362,false],"2048x2048":["https:\/\/experienciadevida.com.ar\/portalurbano\/wp-content\/uploads\/2022\/07\/Finalizo-un-nuevo-Curso.jpg",627,362,false],"newsever-slider-full":["https:\/\/experienciadevida.com.ar\/portalurbano\/wp-content\/uploads\/2022\/07\/Finalizo-un-nuevo-Curso.jpg",627,362,false],"newsever-featured":["https:\/\/experienciadevida.com.ar\/portalurbano\/wp-content\/uploads\/2022\/07\/Finalizo-un-nuevo-Curso.jpg",627,362,false],"newsever-medium":["https:\/\/experienciadevida.com.ar\/portalurbano\/wp-content\/uploads\/2022\/07\/Finalizo-un-nuevo-Curso.jpg",627,362,false],"web-stories-poster-portrait":["https:\/\/experienciadevida.com.ar\/portalurbano\/wp-content\/uploads\/2022\/07\/Finalizo-un-nuevo-Curso.jpg",627,362,false],"web-stories-publisher-logo":["https:\/\/experienciadevida.com.ar\/portalurbano\/wp-content\/uploads\/2022\/07\/Finalizo-un-nuevo-Curso-96x96.jpg",96,96,true],"web-stories-thumbnail":["https:\/\/experienciadevida.com.ar\/portalurbano\/wp-content\/uploads\/2022\/07\/Finalizo-un-nuevo-Curso-150x87.jpg",150,87,true]},"author_info":{"display_name":"admpu17wp","author_link":"https:\/\/experienciadevida.com.ar\/portalurbano\/author\/admpu17wp\/"},"category_info":"<a href=\"https:\/\/experienciadevida.com.ar\/portalurbano\/category\/ciudad\/\" rel=\"category tag\">Ciudad<\/a> <a href=\"https:\/\/experienciadevida.com.ar\/portalurbano\/category\/destacadas-2\/\" rel=\"category tag\">Destacadas 2<\/a>","tag_info":"Destacadas 2","comment_count":"0","amp_enabled":true,"_links":{"self":[{"href":"https:\/\/experienciadevida.com.ar\/portalurbano\/wp-json\/wp\/v2\/posts\/171657"}],"collection":[{"href":"https:\/\/experienciadevida.com.ar\/portalurbano\/wp-json\/wp\/v2\/posts"}],"about":[{"href":"https:\/\/experienciadevida.com.ar\/portalurbano\/wp-json\/wp\/v2\/types\/post"}],"author":[{"embeddable":true,"href":"https:\/\/experienciadevida.com.ar\/portalurbano\/wp-json\/wp\/v2\/users\/1"}],"replies":[{"embeddable":true,"href":"https:\/\/experienciadevida.com.ar\/portalurbano\/wp-json\/wp\/v2\/comments?post=171657"}],"version-history":[{"count":1,"href":"https:\/\/experienciadevida.com.ar\/portalurbano\/wp-json\/wp\/v2\/posts\/171657\/revisions"}],"predecessor-version":[{"id":171659,"href":"https:\/\/experienciadevida.com.ar\/portalurbano\/wp-json\/wp\/v2\/posts\/171657\/revisions\/171659"}],"wp:featuredmedia":[{"embeddable":true,"href":"https:\/\/experienciadevida.com.ar\/portalurbano\/wp-json\/wp\/v2\/media\/171658"}],"wp:attachment":[{"href":"https:\/\/experienciadevida.com.ar\/portalurbano\/wp-json\/wp\/v2\/media?parent=171657"}],"wp:term":[{"taxonomy":"category","embeddable":true,"href":"https:\/\/experienciadevida.com.ar\/portalurbano\/wp-json\/wp\/v2\/categories?post=171657"},{"taxonomy":"post_tag","embeddable":true,"href":"https:\/\/experienciadevida.com.ar\/portalurbano\/wp-json\/wp\/v2\/tags?post=171657"}],"curies":[{"name":"wp","href":"https:\/\/api.w.org\/{rel}","templated":true}]}}