{"id":171644,"date":"2022-07-17T12:17:17","date_gmt":"2022-07-17T15:17:17","guid":{"rendered":"https:\/\/experienciadevida.com.ar\/portalurbano\/?p=171644"},"modified":"2022-07-17T12:22:42","modified_gmt":"2022-07-17T15:22:42","slug":"programa-de-concientizacion-vial-en-escuelas-del-partido-de-olavarria","status":"publish","type":"post","link":"https:\/\/experienciadevida.com.ar\/portalurbano\/programa-de-concientizacion-vial-en-escuelas-del-partido-de-olavarria\/","title":{"rendered":"Programa de Concientizaci\u00f3n Vial en escuelas del Partido de Olavarr\u00eda"},"content":{"rendered":"<p>Programa de Concientizaci\u00f3n Vial en escuelas del Partido de Olavarr\u00eda, as\u00ed lo informaron desde la Subsecretar\u00eda de Seguridad de la Municipalidad de Olavarr\u00eda se inform\u00f3 que durante el transcurso de los \u00faltimos d\u00edas se realizaron varias jornadas enmarcadas en el programa de Concientizaci\u00f3n en Seguridad Vial impulsado desde la mencionada \u00e1rea de gobierno.<\/p>\n<p>De acuerdo con lo que se detall\u00f3, se trat\u00f3 de charlas y capacitaciones que tuvieron como destinatarios alumnas y alumnos de la Escuela Secundaria N\u00b0 2 de Sierras Bayas y de la Escuela Secundaria N\u00b0 8 (Ex Comercio) de Olavarr\u00eda.<\/p>\n<p>En cada una de esas jornadas se brind\u00f3 informaci\u00f3n de manera interactiva, compartiendo diapositivas y largometrajes, adem\u00e1s de la entrega de folleter\u00eda. En la ocasi\u00f3n tambi\u00e9n se respondi\u00f3 a las inquietudes planteadas por estudiantes e integrantes de las respectivas comunidades educativas. La actividad fue encabezada por el asesor letrado de la Estaci\u00f3n de Polic\u00eda Departamental Olavarr\u00eda, el doctor Rub\u00e9n Aquila.<\/p>\n<p>Se trata del Proyecto de Concientizaci\u00f3n en Seguridad Vial que fuera impulsado durante el pasado mes de junio, considerado desde la Municipalidad de Olavarr\u00eda como el mes de la Seguridad Vial, ocasi\u00f3n en la que se impulsaron diversas iniciativas con el \u00e9nfasis, precisamente, en la educaci\u00f3n sobre esta tem\u00e1tica.<\/p>\n<p>Vale recordar que actividades similares se impulsaron y se realizan actualmente tanto desde la Direcci\u00f3n de Control Urbano, a trav\u00e9s de la actividad encabezada por el ingeniero Agust\u00edn Falivene, como desde el \u00e1rea de Licencias de Conducir.<\/p>\n","protected":false},"excerpt":{"rendered":"<p>Programa de Concientizaci\u00f3n Vial en escuelas del Partido de Olavarr\u00eda, as\u00ed lo informaron desde la&#8230;<\/p>\n","protected":false},"author":1,"featured_media":171645,"comment_status":"closed","ping_status":"closed","sticky":false,"template":"","format":"standard","meta":{"content-type":""},"categories":[27,64],"tags":[],"nelio_content":{"isAutoShareEnabled":false,"autoShareEndMode":"default","automationSources":{"useContentSentences":true,"useSocialTemplates":true,"useCustomSentences":false,"customSentences":[]},"followers":[1],"suggestedReferences":[],"includedReferences":[],"efiUrl":"","efiAlt":"","highlights":[]},"yoast_head":"<!-- This site is optimized with the Yoast SEO plugin v20.7 - https:\/\/yoast.com\/wordpress\/plugins\/seo\/ -->\n<title>Programa de concientizaci\u00f3n vial en escuelas del partido<\/title>\n<meta name=\"description\" content=\"Programa de Concientizaci\u00f3n Vial en escuelas del Partido de Olavarr\u00eda, as\u00ed lo informaron desde la Subsecretar\u00eda de Seguridad\" \/>\n<meta name=\"robots\" content=\"index, follow, max-snippet:-1, max-image-preview:large, max-video-preview:-1\" \/>\n<link rel=\"canonical\" href=\"https:\/\/experienciadevida.com.ar\/portalurbano\/programa-de-concientizacion-vial-en-escuelas-del-partido-de-olavarria\/\" \/>\n<meta property=\"og:locale\" content=\"es_ES\" \/>\n<meta property=\"og:type\" content=\"article\" \/>\n<meta property=\"og:title\" content=\"Programa de concientizaci\u00f3n vial en escuelas del partido\" \/>\n<meta property=\"og:description\" content=\"Programa de Concientizaci\u00f3n Vial en escuelas del Partido de Olavarr\u00eda, as\u00ed lo informaron desde la Subsecretar\u00eda de Seguridad\" \/>\n<meta property=\"og:url\" content=\"https:\/\/experienciadevida.com.ar\/portalurbano\/programa-de-concientizacion-vial-en-escuelas-del-partido-de-olavarria\/\" \/>\n<meta property=\"article:publisher\" content=\"https:\/\/www.facebook.com\/Portal-Urbano-171542830093757\/\" \/>\n<meta property=\"article:published_time\" content=\"2022-07-17T15:17:17+00:00\" \/>\n<meta property=\"article:modified_time\" content=\"2022-07-17T15:22:42+00:00\" \/>\n<meta property=\"og:image\" content=\"https:\/\/experienciadevida.com.ar\/portalurbano\/wp-content\/uploads\/2022\/07\/Programa-de-Concientizacion-Vial.jpg\" \/>\n\t<meta property=\"og:image:width\" content=\"1772\" \/>\n\t<meta property=\"og:image:height\" content=\"1181\" \/>\n\t<meta property=\"og:image:type\" content=\"image\/jpeg\" \/>\n<meta name=\"author\" content=\"admpu17wp\" \/>\n<meta name=\"twitter:card\" content=\"summary_large_image\" \/>\n<meta name=\"twitter:creator\" content=\"@portalurbanook\" \/>\n<meta name=\"twitter:site\" content=\"@portalurbanook\" \/>\n<meta name=\"twitter:label1\" content=\"Escrito por\" \/>\n\t<meta name=\"twitter:data1\" content=\"admpu17wp\" \/>\n\t<meta name=\"twitter:label2\" content=\"Tiempo de lectura\" \/>\n\t<meta name=\"twitter:data2\" content=\"2 minutos\" \/>\n<script type=\"application\/ld+json\" class=\"yoast-schema-graph\">{\"@context\":\"https:\/\/schema.org\",\"@graph\":[{\"@type\":\"Article\",\"@id\":\"https:\/\/experienciadevida.com.ar\/portalurbano\/programa-de-concientizacion-vial-en-escuelas-del-partido-de-olavarria\/#article\",\"isPartOf\":{\"@id\":\"https:\/\/experienciadevida.com.ar\/portalurbano\/programa-de-concientizacion-vial-en-escuelas-del-partido-de-olavarria\/\"},\"author\":{\"name\":\"admpu17wp\",\"@id\":\"https:\/\/experienciadevida.com.ar\/portalurbano\/#\/schema\/person\/02dd326b1c4b056e9cc972486934a3a7\"},\"headline\":\"Programa de Concientizaci\u00f3n Vial en escuelas del Partido de Olavarr\u00eda\",\"datePublished\":\"2022-07-17T15:17:17+00:00\",\"dateModified\":\"2022-07-17T15:22:42+00:00\",\"mainEntityOfPage\":{\"@id\":\"https:\/\/experienciadevida.com.ar\/portalurbano\/programa-de-concientizacion-vial-en-escuelas-del-partido-de-olavarria\/\"},\"wordCount\":273,\"publisher\":{\"@id\":\"https:\/\/experienciadevida.com.ar\/portalurbano\/#organization\"},\"articleSection\":[\"Ciudad\",\"Destacadas 2\"],\"inLanguage\":\"es\"},{\"@type\":\"WebPage\",\"@id\":\"https:\/\/experienciadevida.com.ar\/portalurbano\/programa-de-concientizacion-vial-en-escuelas-del-partido-de-olavarria\/\",\"url\":\"https:\/\/experienciadevida.com.ar\/portalurbano\/programa-de-concientizacion-vial-en-escuelas-del-partido-de-olavarria\/\",\"name\":\"Programa de concientizaci\u00f3n vial en escuelas del partido\",\"isPartOf\":{\"@id\":\"https:\/\/experienciadevida.com.ar\/portalurbano\/#website\"},\"datePublished\":\"2022-07-17T15:17:17+00:00\",\"dateModified\":\"2022-07-17T15:22:42+00:00\",\"description\":\"Programa de Concientizaci\u00f3n Vial en escuelas del Partido de Olavarr\u00eda, as\u00ed lo informaron desde la Subsecretar\u00eda de Seguridad\",\"breadcrumb\":{\"@id\":\"https:\/\/experienciadevida.com.ar\/portalurbano\/programa-de-concientizacion-vial-en-escuelas-del-partido-de-olavarria\/#breadcrumb\"},\"inLanguage\":\"es\",\"potentialAction\":[{\"@type\":\"ReadAction\",\"target\":[\"https:\/\/experienciadevida.com.ar\/portalurbano\/programa-de-concientizacion-vial-en-escuelas-del-partido-de-olavarria\/\"]}]},{\"@type\":\"BreadcrumbList\",\"@id\":\"https:\/\/experienciadevida.com.ar\/portalurbano\/programa-de-concientizacion-vial-en-escuelas-del-partido-de-olavarria\/#breadcrumb\",\"itemListElement\":[{\"@type\":\"ListItem\",\"position\":1,\"name\":\"Portada\",\"item\":\"https:\/\/experienciadevida.com.ar\/portalurbano\/\"},{\"@type\":\"ListItem\",\"position\":2,\"name\":\"Programa de Concientizaci\u00f3n Vial en escuelas del Partido de Olavarr\u00eda\"}]},{\"@type\":\"WebSite\",\"@id\":\"https:\/\/experienciadevida.com.ar\/portalurbano\/#website\",\"url\":\"https:\/\/experienciadevida.com.ar\/portalurbano\/\",\"name\":\"\",\"description\":\"\",\"publisher\":{\"@id\":\"https:\/\/experienciadevida.com.ar\/portalurbano\/#organization\"},\"potentialAction\":[{\"@type\":\"SearchAction\",\"target\":{\"@type\":\"EntryPoint\",\"urlTemplate\":\"https:\/\/experienciadevida.com.ar\/portalurbano\/?s={search_term_string}\"},\"query-input\":\"required name=search_term_string\"}],\"inLanguage\":\"es\"},{\"@type\":\"Organization\",\"@id\":\"https:\/\/experienciadevida.com.ar\/portalurbano\/#organization\",\"name\":\"Portal Urbano\",\"url\":\"https:\/\/experienciadevida.com.ar\/portalurbano\/\",\"logo\":{\"@type\":\"ImageObject\",\"inLanguage\":\"es\",\"@id\":\"https:\/\/experienciadevida.com.ar\/portalurbano\/#\/schema\/logo\/image\/\",\"url\":\"https:\/\/experienciadevida.com.ar\/portalurbano\/wp-content\/uploads\/2019\/09\/Logo-Original.png\",\"contentUrl\":\"https:\/\/experienciadevida.com.ar\/portalurbano\/wp-content\/uploads\/2019\/09\/Logo-Original.png\",\"width\":2236,\"height\":1216,\"caption\":\"Portal Urbano\"},\"image\":{\"@id\":\"https:\/\/experienciadevida.com.ar\/portalurbano\/#\/schema\/logo\/image\/\"},\"sameAs\":[\"https:\/\/www.facebook.com\/Portal-Urbano-171542830093757\/\",\"https:\/\/twitter.com\/portalurbanook\",\"https:\/\/www.instagram.com\/_portalurbano\/\",\"https:\/\/www.youtube.com\/channel\/UCXhagIfszH8KxFiOok79zbA?view_as=subscriber\"]},{\"@type\":\"Person\",\"@id\":\"https:\/\/experienciadevida.com.ar\/portalurbano\/#\/schema\/person\/02dd326b1c4b056e9cc972486934a3a7\",\"name\":\"admpu17wp\",\"image\":{\"@type\":\"ImageObject\",\"inLanguage\":\"es\",\"@id\":\"https:\/\/experienciadevida.com.ar\/portalurbano\/#\/schema\/person\/image\/\",\"url\":\"https:\/\/secure.gravatar.com\/avatar\/830d4c57adaae6630765e449a6908047?s=96&d=mm&r=g\",\"contentUrl\":\"https:\/\/secure.gravatar.com\/avatar\/830d4c57adaae6630765e449a6908047?s=96&d=mm&r=g\",\"caption\":\"admpu17wp\"}}]}<\/script>\n<!-- \/ Yoast SEO plugin. -->","yoast_head_json":{"title":"Programa de concientizaci\u00f3n vial en escuelas del partido","description":"Programa de Concientizaci\u00f3n Vial en escuelas del Partido de Olavarr\u00eda, as\u00ed lo informaron desde la Subsecretar\u00eda de Seguridad","robots":{"index":"index","follow":"follow","max-snippet":"max-snippet:-1","max-image-preview":"max-image-preview:large","max-video-preview":"max-video-preview:-1"},"canonical":"https:\/\/experienciadevida.com.ar\/portalurbano\/programa-de-concientizacion-vial-en-escuelas-del-partido-de-olavarria\/","og_locale":"es_ES","og_type":"article","og_title":"Programa de concientizaci\u00f3n vial en escuelas del partido","og_description":"Programa de Concientizaci\u00f3n Vial en escuelas del Partido de Olavarr\u00eda, as\u00ed lo informaron desde la Subsecretar\u00eda de Seguridad","og_url":"https:\/\/experienciadevida.com.ar\/portalurbano\/programa-de-concientizacion-vial-en-escuelas-del-partido-de-olavarria\/","article_publisher":"https:\/\/www.facebook.com\/Portal-Urbano-171542830093757\/","article_published_time":"2022-07-17T15:17:17+00:00","article_modified_time":"2022-07-17T15:22:42+00:00","og_image":[{"width":1772,"height":1181,"url":"https:\/\/experienciadevida.com.ar\/portalurbano\/wp-content\/uploads\/2022\/07\/Programa-de-Concientizacion-Vial.jpg","type":"image\/jpeg"}],"author":"admpu17wp","twitter_card":"summary_large_image","twitter_creator":"@portalurbanook","twitter_site":"@portalurbanook","twitter_misc":{"Escrito por":"admpu17wp","Tiempo de lectura":"2 minutos"},"schema":{"@context":"https:\/\/schema.org","@graph":[{"@type":"Article","@id":"https:\/\/experienciadevida.com.ar\/portalurbano\/programa-de-concientizacion-vial-en-escuelas-del-partido-de-olavarria\/#article","isPartOf":{"@id":"https:\/\/experienciadevida.com.ar\/portalurbano\/programa-de-concientizacion-vial-en-escuelas-del-partido-de-olavarria\/"},"author":{"name":"admpu17wp","@id":"https:\/\/experienciadevida.com.ar\/portalurbano\/#\/schema\/person\/02dd326b1c4b056e9cc972486934a3a7"},"headline":"Programa de Concientizaci\u00f3n Vial en escuelas del Partido de Olavarr\u00eda","datePublished":"2022-07-17T15:17:17+00:00","dateModified":"2022-07-17T15:22:42+00:00","mainEntityOfPage":{"@id":"https:\/\/experienciadevida.com.ar\/portalurbano\/programa-de-concientizacion-vial-en-escuelas-del-partido-de-olavarria\/"},"wordCount":273,"publisher":{"@id":"https:\/\/experienciadevida.com.ar\/portalurbano\/#organization"},"articleSection":["Ciudad","Destacadas 2"],"inLanguage":"es"},{"@type":"WebPage","@id":"https:\/\/experienciadevida.com.ar\/portalurbano\/programa-de-concientizacion-vial-en-escuelas-del-partido-de-olavarria\/","url":"https:\/\/experienciadevida.com.ar\/portalurbano\/programa-de-concientizacion-vial-en-escuelas-del-partido-de-olavarria\/","name":"Programa de concientizaci\u00f3n vial en escuelas del partido","isPartOf":{"@id":"https:\/\/experienciadevida.com.ar\/portalurbano\/#website"},"datePublished":"2022-07-17T15:17:17+00:00","dateModified":"2022-07-17T15:22:42+00:00","description":"Programa de Concientizaci\u00f3n Vial en escuelas del Partido de Olavarr\u00eda, as\u00ed lo informaron desde la Subsecretar\u00eda de Seguridad","breadcrumb":{"@id":"https:\/\/experienciadevida.com.ar\/portalurbano\/programa-de-concientizacion-vial-en-escuelas-del-partido-de-olavarria\/#breadcrumb"},"inLanguage":"es","potentialAction":[{"@type":"ReadAction","target":["https:\/\/experienciadevida.com.ar\/portalurbano\/programa-de-concientizacion-vial-en-escuelas-del-partido-de-olavarria\/"]}]},{"@type":"BreadcrumbList","@id":"https:\/\/experienciadevida.com.ar\/portalurbano\/programa-de-concientizacion-vial-en-escuelas-del-partido-de-olavarria\/#breadcrumb","itemListElement":[{"@type":"ListItem","position":1,"name":"Portada","item":"https:\/\/experienciadevida.com.ar\/portalurbano\/"},{"@type":"ListItem","position":2,"name":"Programa de Concientizaci\u00f3n Vial en escuelas del Partido de Olavarr\u00eda"}]},{"@type":"WebSite","@id":"https:\/\/experienciadevida.com.ar\/portalurbano\/#website","url":"https:\/\/experienciadevida.com.ar\/portalurbano\/","name":"","description":"","publisher":{"@id":"https:\/\/experienciadevida.com.ar\/portalurbano\/#organization"},"potentialAction":[{"@type":"SearchAction","target":{"@type":"EntryPoint","urlTemplate":"https:\/\/experienciadevida.com.ar\/portalurbano\/?s={search_term_string}"},"query-input":"required name=search_term_string"}],"inLanguage":"es"},{"@type":"Organization","@id":"https:\/\/experienciadevida.com.ar\/portalurbano\/#organization","name":"Portal Urbano","url":"https:\/\/experienciadevida.com.ar\/portalurbano\/","logo":{"@type":"ImageObject","inLanguage":"es","@id":"https:\/\/experienciadevida.com.ar\/portalurbano\/#\/schema\/logo\/image\/","url":"https:\/\/experienciadevida.com.ar\/portalurbano\/wp-content\/uploads\/2019\/09\/Logo-Original.png","contentUrl":"https:\/\/experienciadevida.com.ar\/portalurbano\/wp-content\/uploads\/2019\/09\/Logo-Original.png","width":2236,"height":1216,"caption":"Portal Urbano"},"image":{"@id":"https:\/\/experienciadevida.com.ar\/portalurbano\/#\/schema\/logo\/image\/"},"sameAs":["https:\/\/www.facebook.com\/Portal-Urbano-171542830093757\/","https:\/\/twitter.com\/portalurbanook","https:\/\/www.instagram.com\/_portalurbano\/","https:\/\/www.youtube.com\/channel\/UCXhagIfszH8KxFiOok79zbA?view_as=subscriber"]},{"@type":"Person","@id":"https:\/\/experienciadevida.com.ar\/portalurbano\/#\/schema\/person\/02dd326b1c4b056e9cc972486934a3a7","name":"admpu17wp","image":{"@type":"ImageObject","inLanguage":"es","@id":"https:\/\/experienciadevida.com.ar\/portalurbano\/#\/schema\/person\/image\/","url":"https:\/\/secure.gravatar.com\/avatar\/830d4c57adaae6630765e449a6908047?s=96&d=mm&r=g","contentUrl":"https:\/\/secure.gravatar.com\/avatar\/830d4c57adaae6630765e449a6908047?s=96&d=mm&r=g","caption":"admpu17wp"}}]}},"featured_image_urls":{"full":["https:\/\/experienciadevida.com.ar\/portalurbano\/wp-content\/uploads\/2022\/07\/Programa-de-Concientizacion-Vial.jpg",1772,1181,false],"thumbnail":["https:\/\/experienciadevida.com.ar\/portalurbano\/wp-content\/uploads\/2022\/07\/Programa-de-Concientizacion-Vial-150x150.jpg",150,150,true],"medium":["https:\/\/experienciadevida.com.ar\/portalurbano\/wp-content\/uploads\/2022\/07\/Programa-de-Concientizacion-Vial-300x200.jpg",300,200,true],"medium_large":["https:\/\/experienciadevida.com.ar\/portalurbano\/wp-content\/uploads\/2022\/07\/Programa-de-Concientizacion-Vial-768x512.jpg",640,427,true],"large":["https:\/\/experienciadevida.com.ar\/portalurbano\/wp-content\/uploads\/2022\/07\/Programa-de-Concientizacion-Vial-1024x682.jpg",640,426,true],"ug_big":["https:\/\/experienciadevida.com.ar\/portalurbano\/wp-content\/uploads\/2022\/07\/Programa-de-Concientizacion-Vial-768x512.jpg",768,512,true],"1536x1536":["https:\/\/experienciadevida.com.ar\/portalurbano\/wp-content\/uploads\/2022\/07\/Programa-de-Concientizacion-Vial-1536x1024.jpg",1536,1024,true],"2048x2048":["https:\/\/experienciadevida.com.ar\/portalurbano\/wp-content\/uploads\/2022\/07\/Programa-de-Concientizacion-Vial.jpg",1772,1181,false],"newsever-slider-full":["https:\/\/experienciadevida.com.ar\/portalurbano\/wp-content\/uploads\/2022\/07\/Programa-de-Concientizacion-Vial.jpg",1268,845,false],"newsever-featured":["https:\/\/experienciadevida.com.ar\/portalurbano\/wp-content\/uploads\/2022\/07\/Programa-de-Concientizacion-Vial.jpg",1024,682,false],"newsever-medium":["https:\/\/experienciadevida.com.ar\/portalurbano\/wp-content\/uploads\/2022\/07\/Programa-de-Concientizacion-Vial.jpg",713,475,false],"web-stories-poster-portrait":["https:\/\/experienciadevida.com.ar\/portalurbano\/wp-content\/uploads\/2022\/07\/Programa-de-Concientizacion-Vial-640x853.jpg",640,853,true],"web-stories-publisher-logo":["https:\/\/experienciadevida.com.ar\/portalurbano\/wp-content\/uploads\/2022\/07\/Programa-de-Concientizacion-Vial-96x96.jpg",96,96,true],"web-stories-thumbnail":["https:\/\/experienciadevida.com.ar\/portalurbano\/wp-content\/uploads\/2022\/07\/Programa-de-Concientizacion-Vial-150x100.jpg",150,100,true]},"author_info":{"display_name":"admpu17wp","author_link":"https:\/\/experienciadevida.com.ar\/portalurbano\/author\/admpu17wp\/"},"category_info":"<a href=\"https:\/\/experienciadevida.com.ar\/portalurbano\/category\/ciudad\/\" rel=\"category tag\">Ciudad<\/a> <a href=\"https:\/\/experienciadevida.com.ar\/portalurbano\/category\/destacadas-2\/\" rel=\"category tag\">Destacadas 2<\/a>","tag_info":"Destacadas 2","comment_count":"0","amp_enabled":true,"_links":{"self":[{"href":"https:\/\/experienciadevida.com.ar\/portalurbano\/wp-json\/wp\/v2\/posts\/171644"}],"collection":[{"href":"https:\/\/experienciadevida.com.ar\/portalurbano\/wp-json\/wp\/v2\/posts"}],"about":[{"href":"https:\/\/experienciadevida.com.ar\/portalurbano\/wp-json\/wp\/v2\/types\/post"}],"author":[{"embeddable":true,"href":"https:\/\/experienciadevida.com.ar\/portalurbano\/wp-json\/wp\/v2\/users\/1"}],"replies":[{"embeddable":true,"href":"https:\/\/experienciadevida.com.ar\/portalurbano\/wp-json\/wp\/v2\/comments?post=171644"}],"version-history":[{"count":2,"href":"https:\/\/experienciadevida.com.ar\/portalurbano\/wp-json\/wp\/v2\/posts\/171644\/revisions"}],"predecessor-version":[{"id":171647,"href":"https:\/\/experienciadevida.com.ar\/portalurbano\/wp-json\/wp\/v2\/posts\/171644\/revisions\/171647"}],"wp:featuredmedia":[{"embeddable":true,"href":"https:\/\/experienciadevida.com.ar\/portalurbano\/wp-json\/wp\/v2\/media\/171645"}],"wp:attachment":[{"href":"https:\/\/experienciadevida.com.ar\/portalurbano\/wp-json\/wp\/v2\/media?parent=171644"}],"wp:term":[{"taxonomy":"category","embeddable":true,"href":"https:\/\/experienciadevida.com.ar\/portalurbano\/wp-json\/wp\/v2\/categories?post=171644"},{"taxonomy":"post_tag","embeddable":true,"href":"https:\/\/experienciadevida.com.ar\/portalurbano\/wp-json\/wp\/v2\/tags?post=171644"}],"curies":[{"name":"wp","href":"https:\/\/api.w.org\/{rel}","templated":true}]}}