{"id":171593,"date":"2022-07-16T19:37:26","date_gmt":"2022-07-16T22:37:26","guid":{"rendered":"https:\/\/experienciadevida.com.ar\/portalurbano\/?p=171593"},"modified":"2022-07-16T19:38:27","modified_gmt":"2022-07-16T22:38:27","slug":"concurrido-cierre-de-los-talleres-del-programa-pupema","status":"publish","type":"post","link":"https:\/\/experienciadevida.com.ar\/portalurbano\/concurrido-cierre-de-los-talleres-del-programa-pupema\/","title":{"rendered":"Concurrido cierre de los talleres del programa PUPEMA"},"content":{"rendered":"<p>Concurrido cierre de los talleres del programa PUPEMA, en el Centro Cultural Universitario se llev\u00f3 a cabo la entrega de certificados de los talleres dictados en el primer cuatrimestre en el marco del Programa Universitario de Personas Mayores (PUPEMA) de la Facultad de Ciencias Sociales. Desde agosto se abrir\u00e1n nuevas propuestas.<\/p>\n<p><a href=\"https:\/\/experienciadevida.com.ar\/portalurbano\/concurrido-cierre-de-los-talleres-del-programa-pupema\/concurrido\/\" rel=\"attachment wp-att-171595\"><img decoding=\"async\" class=\"alignnone size-large wp-image-171595\" src=\"https:\/\/experienciadevida.com.ar\/portalurbano\/wp-content\/uploads\/2022\/07\/Concurrido-1024x668.jpg\" alt=\"Concurrido \" width=\"900\" height=\"587\" srcset=\"https:\/\/experienciadevida.com.ar\/portalurbano\/wp-content\/uploads\/2022\/07\/Concurrido-1024x668.jpg 1024w, https:\/\/experienciadevida.com.ar\/portalurbano\/wp-content\/uploads\/2022\/07\/Concurrido-300x196.jpg 300w, https:\/\/experienciadevida.com.ar\/portalurbano\/wp-content\/uploads\/2022\/07\/Concurrido-768x501.jpg 768w, https:\/\/experienciadevida.com.ar\/portalurbano\/wp-content\/uploads\/2022\/07\/Concurrido-150x98.jpg 150w, https:\/\/experienciadevida.com.ar\/portalurbano\/wp-content\/uploads\/2022\/07\/Concurrido.jpg 1200w\" sizes=\"(max-width: 900px) 100vw, 900px\" \/><\/a><\/p>\n<p>Los talleres se dictaron entre abril y julio y contaron con la participaci\u00f3n de m\u00e1s de 40 personas en total. En el acto de cierre participaron la decana de la FACSO, Lic. Gabriela <a href=\"https:\/\/www.instagram.com\/gabygamberini\/\">Gamberini<\/a>, el Secretario de Extensi\u00f3n, Bienestar y Transferencia de la FACSO, Lic. Nicol\u00e1s Casado y por el programa PUPEMA, Lic. Silvina Mentasti. Adem\u00e1s se hicieron presentes los\/as docentes Daiana Sasia, Joaqu\u00edn M\u00e9ndez, Lucia Contini y Maria Teresa Sanseau.<\/p>\n<p>En la oportunidad, de manera inicial se destac\u00f3 el trabajo realizado a lo largo de los primeros meses del a\u00f1o y la variedad de propuestas para quienes se inscribieron, y adem\u00e1s se agradeci\u00f3 a los\/as docentes. Posteriormente se entregaron los diplomas a quienes concurrieron al acto.<\/p>\n<p>Las propuestas de este cuatrimestre estuvieron relacionadas con el uso de los smartphones y las aplicaciones, literatura, escritura creativa y diferentes t\u00e9cnicas art\u00edsticas donde se incluyeron cianotipia, magia y pintura. Cabe mencionar que el taller de actualizaci\u00f3n para el uso de smartphones surge de la articulaci\u00f3n con el espacio Punto Digital Olavarr\u00eda y el ciclo de talleres de arte se realiz\u00f3 en vinculaci\u00f3n con el Centro Cultural Universitario de Olavarr\u00eda. Si bien las propuestas finalizaron su cursada en este primer cuatrimestre del a\u00f1o, no es el caso del taller de pintura que continuar\u00e1 en el mes de agosto.<\/p>\n<p>El Programa Universitario de Personas Mayores tiene como objetivo generar espacios socio educativos a partir de la realizaci\u00f3n de talleres y actividades culturales destinadas a personas mayores. La propuesta busca garantizar la educaci\u00f3n permanente a lo largo de la vida y propiciar la vinculaci\u00f3n con otras organizaciones de la comunidad. No es necesario contar con formaci\u00f3n previa para poder inscribirse a los talleres.<\/p>\n<p>Durante el segundo cuatrimestre se dar\u00e1 a conocer la propuesta de talleres del Programa Universitario de Personas Mayores de la FACSO que iniciar\u00e1 su cursada en agosto. Para realizar consultas pueden enviar un mensaje privado a la p\u00e1gina de Facebook del Programa.<\/p>\n","protected":false},"excerpt":{"rendered":"<p>Concurrido cierre de los talleres del programa PUPEMA, en el Centro Cultural Universitario se llev\u00f3&#8230;<\/p>\n","protected":false},"author":1,"featured_media":171594,"comment_status":"closed","ping_status":"closed","sticky":false,"template":"","format":"standard","meta":{"content-type":""},"categories":[31],"tags":[],"nelio_content":{"isAutoShareEnabled":false,"autoShareEndMode":"default","automationSources":{"useContentSentences":true,"useSocialTemplates":true,"useCustomSentences":false,"customSentences":[]},"followers":[1],"suggestedReferences":[],"includedReferences":["https:\/\/www.instagram.com\/gabygamberini\/"],"efiUrl":"","efiAlt":"","highlights":[]},"yoast_head":"<!-- This site is optimized with the Yoast SEO plugin v20.7 - https:\/\/yoast.com\/wordpress\/plugins\/seo\/ -->\n<title>Concurrido cierre de los talleres del programa PUPEMA, en el centro<\/title>\n<meta name=\"description\" content=\"Concurrido cierre de los talleres del programa PUPEMA, en el Centro Cultural Universitario se llev\u00f3 a cabo la entrega de certificados\" \/>\n<meta name=\"robots\" content=\"index, follow, max-snippet:-1, max-image-preview:large, max-video-preview:-1\" \/>\n<link rel=\"canonical\" href=\"https:\/\/experienciadevida.com.ar\/portalurbano\/concurrido-cierre-de-los-talleres-del-programa-pupema\/\" \/>\n<meta property=\"og:locale\" content=\"es_ES\" \/>\n<meta property=\"og:type\" content=\"article\" \/>\n<meta property=\"og:title\" content=\"Concurrido cierre de los talleres del programa PUPEMA, en el centro\" \/>\n<meta property=\"og:description\" content=\"Concurrido cierre de los talleres del programa PUPEMA, en el Centro Cultural Universitario se llev\u00f3 a cabo la entrega de certificados\" \/>\n<meta property=\"og:url\" content=\"https:\/\/experienciadevida.com.ar\/portalurbano\/concurrido-cierre-de-los-talleres-del-programa-pupema\/\" \/>\n<meta property=\"article:publisher\" content=\"https:\/\/www.facebook.com\/Portal-Urbano-171542830093757\/\" \/>\n<meta property=\"article:published_time\" content=\"2022-07-16T22:37:26+00:00\" \/>\n<meta property=\"article:modified_time\" content=\"2022-07-16T22:38:27+00:00\" \/>\n<meta property=\"og:image\" content=\"https:\/\/experienciadevida.com.ar\/portalurbano\/wp-content\/uploads\/2022\/07\/Concurrido-cierre-de-los.jpg\" \/>\n\t<meta property=\"og:image:width\" content=\"1000\" \/>\n\t<meta property=\"og:image:height\" content=\"598\" \/>\n\t<meta property=\"og:image:type\" content=\"image\/jpeg\" \/>\n<meta name=\"author\" content=\"admpu17wp\" \/>\n<meta name=\"twitter:card\" content=\"summary_large_image\" \/>\n<meta name=\"twitter:creator\" content=\"@portalurbanook\" \/>\n<meta name=\"twitter:site\" content=\"@portalurbanook\" \/>\n<meta name=\"twitter:label1\" content=\"Escrito por\" \/>\n\t<meta name=\"twitter:data1\" content=\"admpu17wp\" \/>\n\t<meta name=\"twitter:label2\" content=\"Tiempo de lectura\" \/>\n\t<meta name=\"twitter:data2\" content=\"2 minutos\" \/>\n<script type=\"application\/ld+json\" class=\"yoast-schema-graph\">{\"@context\":\"https:\/\/schema.org\",\"@graph\":[{\"@type\":\"Article\",\"@id\":\"https:\/\/experienciadevida.com.ar\/portalurbano\/concurrido-cierre-de-los-talleres-del-programa-pupema\/#article\",\"isPartOf\":{\"@id\":\"https:\/\/experienciadevida.com.ar\/portalurbano\/concurrido-cierre-de-los-talleres-del-programa-pupema\/\"},\"author\":{\"name\":\"admpu17wp\",\"@id\":\"https:\/\/experienciadevida.com.ar\/portalurbano\/#\/schema\/person\/02dd326b1c4b056e9cc972486934a3a7\"},\"headline\":\"Concurrido cierre de los talleres del programa PUPEMA\",\"datePublished\":\"2022-07-16T22:37:26+00:00\",\"dateModified\":\"2022-07-16T22:38:27+00:00\",\"mainEntityOfPage\":{\"@id\":\"https:\/\/experienciadevida.com.ar\/portalurbano\/concurrido-cierre-de-los-talleres-del-programa-pupema\/\"},\"wordCount\":403,\"publisher\":{\"@id\":\"https:\/\/experienciadevida.com.ar\/portalurbano\/#organization\"},\"articleSection\":[\"Educaci\u00f3n\"],\"inLanguage\":\"es\"},{\"@type\":\"WebPage\",\"@id\":\"https:\/\/experienciadevida.com.ar\/portalurbano\/concurrido-cierre-de-los-talleres-del-programa-pupema\/\",\"url\":\"https:\/\/experienciadevida.com.ar\/portalurbano\/concurrido-cierre-de-los-talleres-del-programa-pupema\/\",\"name\":\"Concurrido cierre de los talleres del programa PUPEMA, en el centro\",\"isPartOf\":{\"@id\":\"https:\/\/experienciadevida.com.ar\/portalurbano\/#website\"},\"datePublished\":\"2022-07-16T22:37:26+00:00\",\"dateModified\":\"2022-07-16T22:38:27+00:00\",\"description\":\"Concurrido cierre de los talleres del programa PUPEMA, en el Centro Cultural Universitario se llev\u00f3 a cabo la entrega de certificados\",\"breadcrumb\":{\"@id\":\"https:\/\/experienciadevida.com.ar\/portalurbano\/concurrido-cierre-de-los-talleres-del-programa-pupema\/#breadcrumb\"},\"inLanguage\":\"es\",\"potentialAction\":[{\"@type\":\"ReadAction\",\"target\":[\"https:\/\/experienciadevida.com.ar\/portalurbano\/concurrido-cierre-de-los-talleres-del-programa-pupema\/\"]}]},{\"@type\":\"BreadcrumbList\",\"@id\":\"https:\/\/experienciadevida.com.ar\/portalurbano\/concurrido-cierre-de-los-talleres-del-programa-pupema\/#breadcrumb\",\"itemListElement\":[{\"@type\":\"ListItem\",\"position\":1,\"name\":\"Portada\",\"item\":\"https:\/\/experienciadevida.com.ar\/portalurbano\/\"},{\"@type\":\"ListItem\",\"position\":2,\"name\":\"Concurrido cierre de los talleres del programa PUPEMA\"}]},{\"@type\":\"WebSite\",\"@id\":\"https:\/\/experienciadevida.com.ar\/portalurbano\/#website\",\"url\":\"https:\/\/experienciadevida.com.ar\/portalurbano\/\",\"name\":\"\",\"description\":\"\",\"publisher\":{\"@id\":\"https:\/\/experienciadevida.com.ar\/portalurbano\/#organization\"},\"potentialAction\":[{\"@type\":\"SearchAction\",\"target\":{\"@type\":\"EntryPoint\",\"urlTemplate\":\"https:\/\/experienciadevida.com.ar\/portalurbano\/?s={search_term_string}\"},\"query-input\":\"required name=search_term_string\"}],\"inLanguage\":\"es\"},{\"@type\":\"Organization\",\"@id\":\"https:\/\/experienciadevida.com.ar\/portalurbano\/#organization\",\"name\":\"Portal Urbano\",\"url\":\"https:\/\/experienciadevida.com.ar\/portalurbano\/\",\"logo\":{\"@type\":\"ImageObject\",\"inLanguage\":\"es\",\"@id\":\"https:\/\/experienciadevida.com.ar\/portalurbano\/#\/schema\/logo\/image\/\",\"url\":\"https:\/\/experienciadevida.com.ar\/portalurbano\/wp-content\/uploads\/2019\/09\/Logo-Original.png\",\"contentUrl\":\"https:\/\/experienciadevida.com.ar\/portalurbano\/wp-content\/uploads\/2019\/09\/Logo-Original.png\",\"width\":2236,\"height\":1216,\"caption\":\"Portal Urbano\"},\"image\":{\"@id\":\"https:\/\/experienciadevida.com.ar\/portalurbano\/#\/schema\/logo\/image\/\"},\"sameAs\":[\"https:\/\/www.facebook.com\/Portal-Urbano-171542830093757\/\",\"https:\/\/twitter.com\/portalurbanook\",\"https:\/\/www.instagram.com\/_portalurbano\/\",\"https:\/\/www.youtube.com\/channel\/UCXhagIfszH8KxFiOok79zbA?view_as=subscriber\"]},{\"@type\":\"Person\",\"@id\":\"https:\/\/experienciadevida.com.ar\/portalurbano\/#\/schema\/person\/02dd326b1c4b056e9cc972486934a3a7\",\"name\":\"admpu17wp\",\"image\":{\"@type\":\"ImageObject\",\"inLanguage\":\"es\",\"@id\":\"https:\/\/experienciadevida.com.ar\/portalurbano\/#\/schema\/person\/image\/\",\"url\":\"https:\/\/secure.gravatar.com\/avatar\/830d4c57adaae6630765e449a6908047?s=96&d=mm&r=g\",\"contentUrl\":\"https:\/\/secure.gravatar.com\/avatar\/830d4c57adaae6630765e449a6908047?s=96&d=mm&r=g\",\"caption\":\"admpu17wp\"}}]}<\/script>\n<!-- \/ Yoast SEO plugin. -->","yoast_head_json":{"title":"Concurrido cierre de los talleres del programa PUPEMA, en el centro","description":"Concurrido cierre de los talleres del programa PUPEMA, en el Centro Cultural Universitario se llev\u00f3 a cabo la entrega de certificados","robots":{"index":"index","follow":"follow","max-snippet":"max-snippet:-1","max-image-preview":"max-image-preview:large","max-video-preview":"max-video-preview:-1"},"canonical":"https:\/\/experienciadevida.com.ar\/portalurbano\/concurrido-cierre-de-los-talleres-del-programa-pupema\/","og_locale":"es_ES","og_type":"article","og_title":"Concurrido cierre de los talleres del programa PUPEMA, en el centro","og_description":"Concurrido cierre de los talleres del programa PUPEMA, en el Centro Cultural Universitario se llev\u00f3 a cabo la entrega de certificados","og_url":"https:\/\/experienciadevida.com.ar\/portalurbano\/concurrido-cierre-de-los-talleres-del-programa-pupema\/","article_publisher":"https:\/\/www.facebook.com\/Portal-Urbano-171542830093757\/","article_published_time":"2022-07-16T22:37:26+00:00","article_modified_time":"2022-07-16T22:38:27+00:00","og_image":[{"width":1000,"height":598,"url":"https:\/\/experienciadevida.com.ar\/portalurbano\/wp-content\/uploads\/2022\/07\/Concurrido-cierre-de-los.jpg","type":"image\/jpeg"}],"author":"admpu17wp","twitter_card":"summary_large_image","twitter_creator":"@portalurbanook","twitter_site":"@portalurbanook","twitter_misc":{"Escrito por":"admpu17wp","Tiempo de lectura":"2 minutos"},"schema":{"@context":"https:\/\/schema.org","@graph":[{"@type":"Article","@id":"https:\/\/experienciadevida.com.ar\/portalurbano\/concurrido-cierre-de-los-talleres-del-programa-pupema\/#article","isPartOf":{"@id":"https:\/\/experienciadevida.com.ar\/portalurbano\/concurrido-cierre-de-los-talleres-del-programa-pupema\/"},"author":{"name":"admpu17wp","@id":"https:\/\/experienciadevida.com.ar\/portalurbano\/#\/schema\/person\/02dd326b1c4b056e9cc972486934a3a7"},"headline":"Concurrido cierre de los talleres del programa PUPEMA","datePublished":"2022-07-16T22:37:26+00:00","dateModified":"2022-07-16T22:38:27+00:00","mainEntityOfPage":{"@id":"https:\/\/experienciadevida.com.ar\/portalurbano\/concurrido-cierre-de-los-talleres-del-programa-pupema\/"},"wordCount":403,"publisher":{"@id":"https:\/\/experienciadevida.com.ar\/portalurbano\/#organization"},"articleSection":["Educaci\u00f3n"],"inLanguage":"es"},{"@type":"WebPage","@id":"https:\/\/experienciadevida.com.ar\/portalurbano\/concurrido-cierre-de-los-talleres-del-programa-pupema\/","url":"https:\/\/experienciadevida.com.ar\/portalurbano\/concurrido-cierre-de-los-talleres-del-programa-pupema\/","name":"Concurrido cierre de los talleres del programa PUPEMA, en el centro","isPartOf":{"@id":"https:\/\/experienciadevida.com.ar\/portalurbano\/#website"},"datePublished":"2022-07-16T22:37:26+00:00","dateModified":"2022-07-16T22:38:27+00:00","description":"Concurrido cierre de los talleres del programa PUPEMA, en el Centro Cultural Universitario se llev\u00f3 a cabo la entrega de certificados","breadcrumb":{"@id":"https:\/\/experienciadevida.com.ar\/portalurbano\/concurrido-cierre-de-los-talleres-del-programa-pupema\/#breadcrumb"},"inLanguage":"es","potentialAction":[{"@type":"ReadAction","target":["https:\/\/experienciadevida.com.ar\/portalurbano\/concurrido-cierre-de-los-talleres-del-programa-pupema\/"]}]},{"@type":"BreadcrumbList","@id":"https:\/\/experienciadevida.com.ar\/portalurbano\/concurrido-cierre-de-los-talleres-del-programa-pupema\/#breadcrumb","itemListElement":[{"@type":"ListItem","position":1,"name":"Portada","item":"https:\/\/experienciadevida.com.ar\/portalurbano\/"},{"@type":"ListItem","position":2,"name":"Concurrido cierre de los talleres del programa PUPEMA"}]},{"@type":"WebSite","@id":"https:\/\/experienciadevida.com.ar\/portalurbano\/#website","url":"https:\/\/experienciadevida.com.ar\/portalurbano\/","name":"","description":"","publisher":{"@id":"https:\/\/experienciadevida.com.ar\/portalurbano\/#organization"},"potentialAction":[{"@type":"SearchAction","target":{"@type":"EntryPoint","urlTemplate":"https:\/\/experienciadevida.com.ar\/portalurbano\/?s={search_term_string}"},"query-input":"required name=search_term_string"}],"inLanguage":"es"},{"@type":"Organization","@id":"https:\/\/experienciadevida.com.ar\/portalurbano\/#organization","name":"Portal Urbano","url":"https:\/\/experienciadevida.com.ar\/portalurbano\/","logo":{"@type":"ImageObject","inLanguage":"es","@id":"https:\/\/experienciadevida.com.ar\/portalurbano\/#\/schema\/logo\/image\/","url":"https:\/\/experienciadevida.com.ar\/portalurbano\/wp-content\/uploads\/2019\/09\/Logo-Original.png","contentUrl":"https:\/\/experienciadevida.com.ar\/portalurbano\/wp-content\/uploads\/2019\/09\/Logo-Original.png","width":2236,"height":1216,"caption":"Portal Urbano"},"image":{"@id":"https:\/\/experienciadevida.com.ar\/portalurbano\/#\/schema\/logo\/image\/"},"sameAs":["https:\/\/www.facebook.com\/Portal-Urbano-171542830093757\/","https:\/\/twitter.com\/portalurbanook","https:\/\/www.instagram.com\/_portalurbano\/","https:\/\/www.youtube.com\/channel\/UCXhagIfszH8KxFiOok79zbA?view_as=subscriber"]},{"@type":"Person","@id":"https:\/\/experienciadevida.com.ar\/portalurbano\/#\/schema\/person\/02dd326b1c4b056e9cc972486934a3a7","name":"admpu17wp","image":{"@type":"ImageObject","inLanguage":"es","@id":"https:\/\/experienciadevida.com.ar\/portalurbano\/#\/schema\/person\/image\/","url":"https:\/\/secure.gravatar.com\/avatar\/830d4c57adaae6630765e449a6908047?s=96&d=mm&r=g","contentUrl":"https:\/\/secure.gravatar.com\/avatar\/830d4c57adaae6630765e449a6908047?s=96&d=mm&r=g","caption":"admpu17wp"}}]}},"featured_image_urls":{"full":["https:\/\/experienciadevida.com.ar\/portalurbano\/wp-content\/uploads\/2022\/07\/Concurrido-cierre-de-los.jpg",1000,598,false],"thumbnail":["https:\/\/experienciadevida.com.ar\/portalurbano\/wp-content\/uploads\/2022\/07\/Concurrido-cierre-de-los-150x150.jpg",150,150,true],"medium":["https:\/\/experienciadevida.com.ar\/portalurbano\/wp-content\/uploads\/2022\/07\/Concurrido-cierre-de-los-300x179.jpg",300,179,true],"medium_large":["https:\/\/experienciadevida.com.ar\/portalurbano\/wp-content\/uploads\/2022\/07\/Concurrido-cierre-de-los-768x459.jpg",640,383,true],"large":["https:\/\/experienciadevida.com.ar\/portalurbano\/wp-content\/uploads\/2022\/07\/Concurrido-cierre-de-los.jpg",640,383,false],"ug_big":["https:\/\/experienciadevida.com.ar\/portalurbano\/wp-content\/uploads\/2022\/07\/Concurrido-cierre-de-los-768x459.jpg",768,459,true],"1536x1536":["https:\/\/experienciadevida.com.ar\/portalurbano\/wp-content\/uploads\/2022\/07\/Concurrido-cierre-de-los.jpg",1000,598,false],"2048x2048":["https:\/\/experienciadevida.com.ar\/portalurbano\/wp-content\/uploads\/2022\/07\/Concurrido-cierre-de-los.jpg",1000,598,false],"newsever-slider-full":["https:\/\/experienciadevida.com.ar\/portalurbano\/wp-content\/uploads\/2022\/07\/Concurrido-cierre-de-los.jpg",1000,598,false],"newsever-featured":["https:\/\/experienciadevida.com.ar\/portalurbano\/wp-content\/uploads\/2022\/07\/Concurrido-cierre-de-los.jpg",1000,598,false],"newsever-medium":["https:\/\/experienciadevida.com.ar\/portalurbano\/wp-content\/uploads\/2022\/07\/Concurrido-cierre-de-los.jpg",720,431,false],"web-stories-poster-portrait":["https:\/\/experienciadevida.com.ar\/portalurbano\/wp-content\/uploads\/2022\/07\/Concurrido-cierre-de-los-640x598.jpg",640,598,true],"web-stories-publisher-logo":["https:\/\/experienciadevida.com.ar\/portalurbano\/wp-content\/uploads\/2022\/07\/Concurrido-cierre-de-los-96x96.jpg",96,96,true],"web-stories-thumbnail":["https:\/\/experienciadevida.com.ar\/portalurbano\/wp-content\/uploads\/2022\/07\/Concurrido-cierre-de-los-150x90.jpg",150,90,true]},"author_info":{"display_name":"admpu17wp","author_link":"https:\/\/experienciadevida.com.ar\/portalurbano\/author\/admpu17wp\/"},"category_info":"<a href=\"https:\/\/experienciadevida.com.ar\/portalurbano\/category\/ciudad\/educacion\/\" rel=\"category tag\">Educaci\u00f3n<\/a>","tag_info":"Educaci\u00f3n","comment_count":"0","amp_enabled":true,"_links":{"self":[{"href":"https:\/\/experienciadevida.com.ar\/portalurbano\/wp-json\/wp\/v2\/posts\/171593"}],"collection":[{"href":"https:\/\/experienciadevida.com.ar\/portalurbano\/wp-json\/wp\/v2\/posts"}],"about":[{"href":"https:\/\/experienciadevida.com.ar\/portalurbano\/wp-json\/wp\/v2\/types\/post"}],"author":[{"embeddable":true,"href":"https:\/\/experienciadevida.com.ar\/portalurbano\/wp-json\/wp\/v2\/users\/1"}],"replies":[{"embeddable":true,"href":"https:\/\/experienciadevida.com.ar\/portalurbano\/wp-json\/wp\/v2\/comments?post=171593"}],"version-history":[{"count":2,"href":"https:\/\/experienciadevida.com.ar\/portalurbano\/wp-json\/wp\/v2\/posts\/171593\/revisions"}],"predecessor-version":[{"id":171598,"href":"https:\/\/experienciadevida.com.ar\/portalurbano\/wp-json\/wp\/v2\/posts\/171593\/revisions\/171598"}],"wp:featuredmedia":[{"embeddable":true,"href":"https:\/\/experienciadevida.com.ar\/portalurbano\/wp-json\/wp\/v2\/media\/171594"}],"wp:attachment":[{"href":"https:\/\/experienciadevida.com.ar\/portalurbano\/wp-json\/wp\/v2\/media?parent=171593"}],"wp:term":[{"taxonomy":"category","embeddable":true,"href":"https:\/\/experienciadevida.com.ar\/portalurbano\/wp-json\/wp\/v2\/categories?post=171593"},{"taxonomy":"post_tag","embeddable":true,"href":"https:\/\/experienciadevida.com.ar\/portalurbano\/wp-json\/wp\/v2\/tags?post=171593"}],"curies":[{"name":"wp","href":"https:\/\/api.w.org\/{rel}","templated":true}]}}