{"id":171546,"date":"2022-07-16T15:48:19","date_gmt":"2022-07-16T18:48:19","guid":{"rendered":"https:\/\/experienciadevida.com.ar\/portalurbano\/?p=171546"},"modified":"2022-07-16T15:50:26","modified_gmt":"2022-07-16T18:50:26","slug":"venta-de-terrenos-el-frente-de-todos-destaco-el-trabajo-realizado-durante-5-meses-en-la-comision-especial","status":"publish","type":"post","link":"https:\/\/experienciadevida.com.ar\/portalurbano\/venta-de-terrenos-el-frente-de-todos-destaco-el-trabajo-realizado-durante-5-meses-en-la-comision-especial\/","title":{"rendered":"Venta de terrenos: el Frente de Todos destac\u00f3 el trabajo realizado durante 5 meses en la Comisi\u00f3n Especial"},"content":{"rendered":"<p>Venta de terrenos: el Frente de Todos destac\u00f3 el trabajo realizado durante 5 meses en la Comisi\u00f3n Especial, despu\u00e9s del receso se sentar\u00e1n a evaluar el dictamen.<\/p>\n<p>La Comisi\u00f3n Especial se cre\u00f3 luego de las denuncias p\u00fablicas sobre la venta ilegal de terrenos en el Partido de Olavarr\u00eda que se extendi\u00f3 durante m\u00e1s de dos a\u00f1os, sin que el poder ejecutivo, judicial y la fuerza policial lo advirtieran.<\/p>\n<p>Concejales que integraron la comisi\u00f3n destacaron que se trabaj\u00f3 durante m\u00e1s de 5 meses, se conformaron 5 cuerpos en el expediente y un dictamen que tiene m\u00e1s de 500 hojas, donde se detallan los testimonios y la operatoria de compra y venta de terrenos.<\/p>\n<p>A lo largo de los d\u00edas, 20 damnificados, 14 funcionarios municipales, de la provincia y de las fuerzas policiales, fueron entrevistados para aportar al esclarecimiento de los hechos. La gran cantidad de informaci\u00f3n recabada indicar\u00eda que se trata de una operatoria de gran magnitud \u2013 y as\u00ed lo refleja el trabajo realizado-, \u201cdif\u00edcilmente alguien podr\u00eda haber procedido en soledad para llevar adelante toda la din\u00e1mica de identificaci\u00f3n de lugares para ofrecer, contacto con interesados, venta, registraci\u00f3n de firmas, cobro en efectivo y\/o entrega de autos\u201d, indicaron los concejales.<\/p>\n<p>En la actualidad todav\u00eda se desconoce el destino de los fondos obtenidos a partir de las diferentes transacciones, como as\u00ed tampoco donde fueron colocados los autos que se usaron como parte de pago. Al respecto los ediles sostuvieron: \u201cEstamos ante una conducta repetida en el tiempo, con an\u00e1loga din\u00e1mica y con un mismo objetivo, nos encontramos ante posibles hechos delictivos que requieren de la premura necesaria para que se descubran sus responsables. Es por ello que todos los poderes del Estado deben ayudar, cada uno desde el rol que les compete en el esclarecimiento de los diferentes casos\u201d. Cabe destacar que hasta el momento solo hay suspendido un funcionario del ejecutivo.<\/p>\n<p>La Comisi\u00f3n Especial surge como una herramienta puesta a disposici\u00f3n de la comunidad, una forma de institucionalizar el trabajo y reunir informaci\u00f3n para colaborar en el esclarecimiento de lo ocurrido; no debe perderse de vista que de los relatos de los damnificados se desprende la necesidad de poder tener una vivienda propia y en muchos casos el desembolso del \u00fanico ahorro que ten\u00edan, mostrando una situaci\u00f3n de vulnerabilidad y de desilusi\u00f3n.<\/p>\n<p>Por \u00faltimo integrantes de la Comisi\u00f3n Especial destacaron que el trabajo se realiz\u00f3 con suma responsabilidad, recabando mucha informaci\u00f3n y documentaci\u00f3n y es por ello que despu\u00e9s del receso se sentar\u00e1n a evaluar el dictamen.<\/p>\n","protected":false},"excerpt":{"rendered":"<p>Venta de terrenos: el Frente de Todos destac\u00f3 el trabajo realizado durante 5 meses en&#8230;<\/p>\n","protected":false},"author":1,"featured_media":171547,"comment_status":"closed","ping_status":"closed","sticky":false,"template":"","format":"standard","meta":{"content-type":""},"categories":[27,64],"tags":[],"nelio_content":{"isAutoShareEnabled":false,"autoShareEndMode":"default","automationSources":{"useContentSentences":true,"useSocialTemplates":true,"useCustomSentences":false,"customSentences":[]},"followers":[1],"suggestedReferences":[],"includedReferences":[],"efiUrl":"","efiAlt":"","highlights":[]},"yoast_head":"<!-- This site is optimized with the Yoast SEO plugin v20.7 - https:\/\/yoast.com\/wordpress\/plugins\/seo\/ -->\n<title>Venta de terrenos. el frente de todos destac\u00f3 el trabajo realizado<\/title>\n<meta name=\"description\" content=\"Venta de terrenos: el Frente de Todos destac\u00f3 el trabajo realizado durante 5 meses en la Comisi\u00f3n Especial, despu\u00e9s del receso es el dictamen\" \/>\n<meta name=\"robots\" content=\"index, follow, max-snippet:-1, max-image-preview:large, max-video-preview:-1\" \/>\n<link rel=\"canonical\" href=\"https:\/\/experienciadevida.com.ar\/portalurbano\/venta-de-terrenos-el-frente-de-todos-destaco-el-trabajo-realizado-durante-5-meses-en-la-comision-especial\/\" \/>\n<meta property=\"og:locale\" content=\"es_ES\" \/>\n<meta property=\"og:type\" content=\"article\" \/>\n<meta property=\"og:title\" content=\"Venta de terrenos. el frente de todos destac\u00f3 el trabajo realizado\" \/>\n<meta property=\"og:description\" content=\"Venta de terrenos: el Frente de Todos destac\u00f3 el trabajo realizado durante 5 meses en la Comisi\u00f3n Especial, despu\u00e9s del receso es el dictamen\" \/>\n<meta property=\"og:url\" content=\"https:\/\/experienciadevida.com.ar\/portalurbano\/venta-de-terrenos-el-frente-de-todos-destaco-el-trabajo-realizado-durante-5-meses-en-la-comision-especial\/\" \/>\n<meta property=\"article:publisher\" content=\"https:\/\/www.facebook.com\/Portal-Urbano-171542830093757\/\" \/>\n<meta property=\"article:published_time\" content=\"2022-07-16T18:48:19+00:00\" \/>\n<meta property=\"article:modified_time\" content=\"2022-07-16T18:50:26+00:00\" \/>\n<meta property=\"og:image\" content=\"https:\/\/experienciadevida.com.ar\/portalurbano\/wp-content\/uploads\/2022\/07\/Venta-de-terreos.jpg\" \/>\n\t<meta property=\"og:image:width\" content=\"960\" \/>\n\t<meta property=\"og:image:height\" content=\"576\" \/>\n\t<meta property=\"og:image:type\" content=\"image\/jpeg\" \/>\n<meta name=\"author\" content=\"admpu17wp\" \/>\n<meta name=\"twitter:card\" content=\"summary_large_image\" \/>\n<meta name=\"twitter:creator\" content=\"@portalurbanook\" \/>\n<meta name=\"twitter:site\" content=\"@portalurbanook\" \/>\n<meta name=\"twitter:label1\" content=\"Escrito por\" \/>\n\t<meta name=\"twitter:data1\" content=\"admpu17wp\" \/>\n\t<meta name=\"twitter:label2\" content=\"Tiempo de lectura\" \/>\n\t<meta name=\"twitter:data2\" content=\"2 minutos\" \/>\n<script type=\"application\/ld+json\" class=\"yoast-schema-graph\">{\"@context\":\"https:\/\/schema.org\",\"@graph\":[{\"@type\":\"Article\",\"@id\":\"https:\/\/experienciadevida.com.ar\/portalurbano\/venta-de-terrenos-el-frente-de-todos-destaco-el-trabajo-realizado-durante-5-meses-en-la-comision-especial\/#article\",\"isPartOf\":{\"@id\":\"https:\/\/experienciadevida.com.ar\/portalurbano\/venta-de-terrenos-el-frente-de-todos-destaco-el-trabajo-realizado-durante-5-meses-en-la-comision-especial\/\"},\"author\":{\"name\":\"admpu17wp\",\"@id\":\"https:\/\/experienciadevida.com.ar\/portalurbano\/#\/schema\/person\/02dd326b1c4b056e9cc972486934a3a7\"},\"headline\":\"Venta de terrenos: el Frente de Todos destac\u00f3 el trabajo realizado durante 5 meses en la Comisi\u00f3n Especial\",\"datePublished\":\"2022-07-16T18:48:19+00:00\",\"dateModified\":\"2022-07-16T18:50:26+00:00\",\"mainEntityOfPage\":{\"@id\":\"https:\/\/experienciadevida.com.ar\/portalurbano\/venta-de-terrenos-el-frente-de-todos-destaco-el-trabajo-realizado-durante-5-meses-en-la-comision-especial\/\"},\"wordCount\":462,\"publisher\":{\"@id\":\"https:\/\/experienciadevida.com.ar\/portalurbano\/#organization\"},\"articleSection\":[\"Ciudad\",\"Destacadas 2\"],\"inLanguage\":\"es\"},{\"@type\":\"WebPage\",\"@id\":\"https:\/\/experienciadevida.com.ar\/portalurbano\/venta-de-terrenos-el-frente-de-todos-destaco-el-trabajo-realizado-durante-5-meses-en-la-comision-especial\/\",\"url\":\"https:\/\/experienciadevida.com.ar\/portalurbano\/venta-de-terrenos-el-frente-de-todos-destaco-el-trabajo-realizado-durante-5-meses-en-la-comision-especial\/\",\"name\":\"Venta de terrenos. el frente de todos destac\u00f3 el trabajo realizado\",\"isPartOf\":{\"@id\":\"https:\/\/experienciadevida.com.ar\/portalurbano\/#website\"},\"datePublished\":\"2022-07-16T18:48:19+00:00\",\"dateModified\":\"2022-07-16T18:50:26+00:00\",\"description\":\"Venta de terrenos: el Frente de Todos destac\u00f3 el trabajo realizado durante 5 meses en la Comisi\u00f3n Especial, despu\u00e9s del receso es el dictamen\",\"breadcrumb\":{\"@id\":\"https:\/\/experienciadevida.com.ar\/portalurbano\/venta-de-terrenos-el-frente-de-todos-destaco-el-trabajo-realizado-durante-5-meses-en-la-comision-especial\/#breadcrumb\"},\"inLanguage\":\"es\",\"potentialAction\":[{\"@type\":\"ReadAction\",\"target\":[\"https:\/\/experienciadevida.com.ar\/portalurbano\/venta-de-terrenos-el-frente-de-todos-destaco-el-trabajo-realizado-durante-5-meses-en-la-comision-especial\/\"]}]},{\"@type\":\"BreadcrumbList\",\"@id\":\"https:\/\/experienciadevida.com.ar\/portalurbano\/venta-de-terrenos-el-frente-de-todos-destaco-el-trabajo-realizado-durante-5-meses-en-la-comision-especial\/#breadcrumb\",\"itemListElement\":[{\"@type\":\"ListItem\",\"position\":1,\"name\":\"Portada\",\"item\":\"https:\/\/experienciadevida.com.ar\/portalurbano\/\"},{\"@type\":\"ListItem\",\"position\":2,\"name\":\"Venta de terrenos: el Frente de Todos destac\u00f3 el trabajo realizado durante 5 meses en la Comisi\u00f3n Especial\"}]},{\"@type\":\"WebSite\",\"@id\":\"https:\/\/experienciadevida.com.ar\/portalurbano\/#website\",\"url\":\"https:\/\/experienciadevida.com.ar\/portalurbano\/\",\"name\":\"\",\"description\":\"\",\"publisher\":{\"@id\":\"https:\/\/experienciadevida.com.ar\/portalurbano\/#organization\"},\"potentialAction\":[{\"@type\":\"SearchAction\",\"target\":{\"@type\":\"EntryPoint\",\"urlTemplate\":\"https:\/\/experienciadevida.com.ar\/portalurbano\/?s={search_term_string}\"},\"query-input\":\"required name=search_term_string\"}],\"inLanguage\":\"es\"},{\"@type\":\"Organization\",\"@id\":\"https:\/\/experienciadevida.com.ar\/portalurbano\/#organization\",\"name\":\"Portal Urbano\",\"url\":\"https:\/\/experienciadevida.com.ar\/portalurbano\/\",\"logo\":{\"@type\":\"ImageObject\",\"inLanguage\":\"es\",\"@id\":\"https:\/\/experienciadevida.com.ar\/portalurbano\/#\/schema\/logo\/image\/\",\"url\":\"https:\/\/experienciadevida.com.ar\/portalurbano\/wp-content\/uploads\/2019\/09\/Logo-Original.png\",\"contentUrl\":\"https:\/\/experienciadevida.com.ar\/portalurbano\/wp-content\/uploads\/2019\/09\/Logo-Original.png\",\"width\":2236,\"height\":1216,\"caption\":\"Portal Urbano\"},\"image\":{\"@id\":\"https:\/\/experienciadevida.com.ar\/portalurbano\/#\/schema\/logo\/image\/\"},\"sameAs\":[\"https:\/\/www.facebook.com\/Portal-Urbano-171542830093757\/\",\"https:\/\/twitter.com\/portalurbanook\",\"https:\/\/www.instagram.com\/_portalurbano\/\",\"https:\/\/www.youtube.com\/channel\/UCXhagIfszH8KxFiOok79zbA?view_as=subscriber\"]},{\"@type\":\"Person\",\"@id\":\"https:\/\/experienciadevida.com.ar\/portalurbano\/#\/schema\/person\/02dd326b1c4b056e9cc972486934a3a7\",\"name\":\"admpu17wp\",\"image\":{\"@type\":\"ImageObject\",\"inLanguage\":\"es\",\"@id\":\"https:\/\/experienciadevida.com.ar\/portalurbano\/#\/schema\/person\/image\/\",\"url\":\"https:\/\/secure.gravatar.com\/avatar\/830d4c57adaae6630765e449a6908047?s=96&d=mm&r=g\",\"contentUrl\":\"https:\/\/secure.gravatar.com\/avatar\/830d4c57adaae6630765e449a6908047?s=96&d=mm&r=g\",\"caption\":\"admpu17wp\"}}]}<\/script>\n<!-- \/ Yoast SEO plugin. -->","yoast_head_json":{"title":"Venta de terrenos. el frente de todos destac\u00f3 el trabajo realizado","description":"Venta de terrenos: el Frente de Todos destac\u00f3 el trabajo realizado durante 5 meses en la Comisi\u00f3n Especial, despu\u00e9s del receso es el dictamen","robots":{"index":"index","follow":"follow","max-snippet":"max-snippet:-1","max-image-preview":"max-image-preview:large","max-video-preview":"max-video-preview:-1"},"canonical":"https:\/\/experienciadevida.com.ar\/portalurbano\/venta-de-terrenos-el-frente-de-todos-destaco-el-trabajo-realizado-durante-5-meses-en-la-comision-especial\/","og_locale":"es_ES","og_type":"article","og_title":"Venta de terrenos. el frente de todos destac\u00f3 el trabajo realizado","og_description":"Venta de terrenos: el Frente de Todos destac\u00f3 el trabajo realizado durante 5 meses en la Comisi\u00f3n Especial, despu\u00e9s del receso es el dictamen","og_url":"https:\/\/experienciadevida.com.ar\/portalurbano\/venta-de-terrenos-el-frente-de-todos-destaco-el-trabajo-realizado-durante-5-meses-en-la-comision-especial\/","article_publisher":"https:\/\/www.facebook.com\/Portal-Urbano-171542830093757\/","article_published_time":"2022-07-16T18:48:19+00:00","article_modified_time":"2022-07-16T18:50:26+00:00","og_image":[{"width":960,"height":576,"url":"https:\/\/experienciadevida.com.ar\/portalurbano\/wp-content\/uploads\/2022\/07\/Venta-de-terreos.jpg","type":"image\/jpeg"}],"author":"admpu17wp","twitter_card":"summary_large_image","twitter_creator":"@portalurbanook","twitter_site":"@portalurbanook","twitter_misc":{"Escrito por":"admpu17wp","Tiempo de lectura":"2 minutos"},"schema":{"@context":"https:\/\/schema.org","@graph":[{"@type":"Article","@id":"https:\/\/experienciadevida.com.ar\/portalurbano\/venta-de-terrenos-el-frente-de-todos-destaco-el-trabajo-realizado-durante-5-meses-en-la-comision-especial\/#article","isPartOf":{"@id":"https:\/\/experienciadevida.com.ar\/portalurbano\/venta-de-terrenos-el-frente-de-todos-destaco-el-trabajo-realizado-durante-5-meses-en-la-comision-especial\/"},"author":{"name":"admpu17wp","@id":"https:\/\/experienciadevida.com.ar\/portalurbano\/#\/schema\/person\/02dd326b1c4b056e9cc972486934a3a7"},"headline":"Venta de terrenos: el Frente de Todos destac\u00f3 el trabajo realizado durante 5 meses en la Comisi\u00f3n Especial","datePublished":"2022-07-16T18:48:19+00:00","dateModified":"2022-07-16T18:50:26+00:00","mainEntityOfPage":{"@id":"https:\/\/experienciadevida.com.ar\/portalurbano\/venta-de-terrenos-el-frente-de-todos-destaco-el-trabajo-realizado-durante-5-meses-en-la-comision-especial\/"},"wordCount":462,"publisher":{"@id":"https:\/\/experienciadevida.com.ar\/portalurbano\/#organization"},"articleSection":["Ciudad","Destacadas 2"],"inLanguage":"es"},{"@type":"WebPage","@id":"https:\/\/experienciadevida.com.ar\/portalurbano\/venta-de-terrenos-el-frente-de-todos-destaco-el-trabajo-realizado-durante-5-meses-en-la-comision-especial\/","url":"https:\/\/experienciadevida.com.ar\/portalurbano\/venta-de-terrenos-el-frente-de-todos-destaco-el-trabajo-realizado-durante-5-meses-en-la-comision-especial\/","name":"Venta de terrenos. el frente de todos destac\u00f3 el trabajo realizado","isPartOf":{"@id":"https:\/\/experienciadevida.com.ar\/portalurbano\/#website"},"datePublished":"2022-07-16T18:48:19+00:00","dateModified":"2022-07-16T18:50:26+00:00","description":"Venta de terrenos: el Frente de Todos destac\u00f3 el trabajo realizado durante 5 meses en la Comisi\u00f3n Especial, despu\u00e9s del receso es el dictamen","breadcrumb":{"@id":"https:\/\/experienciadevida.com.ar\/portalurbano\/venta-de-terrenos-el-frente-de-todos-destaco-el-trabajo-realizado-durante-5-meses-en-la-comision-especial\/#breadcrumb"},"inLanguage":"es","potentialAction":[{"@type":"ReadAction","target":["https:\/\/experienciadevida.com.ar\/portalurbano\/venta-de-terrenos-el-frente-de-todos-destaco-el-trabajo-realizado-durante-5-meses-en-la-comision-especial\/"]}]},{"@type":"BreadcrumbList","@id":"https:\/\/experienciadevida.com.ar\/portalurbano\/venta-de-terrenos-el-frente-de-todos-destaco-el-trabajo-realizado-durante-5-meses-en-la-comision-especial\/#breadcrumb","itemListElement":[{"@type":"ListItem","position":1,"name":"Portada","item":"https:\/\/experienciadevida.com.ar\/portalurbano\/"},{"@type":"ListItem","position":2,"name":"Venta de terrenos: el Frente de Todos destac\u00f3 el trabajo realizado durante 5 meses en la Comisi\u00f3n Especial"}]},{"@type":"WebSite","@id":"https:\/\/experienciadevida.com.ar\/portalurbano\/#website","url":"https:\/\/experienciadevida.com.ar\/portalurbano\/","name":"","description":"","publisher":{"@id":"https:\/\/experienciadevida.com.ar\/portalurbano\/#organization"},"potentialAction":[{"@type":"SearchAction","target":{"@type":"EntryPoint","urlTemplate":"https:\/\/experienciadevida.com.ar\/portalurbano\/?s={search_term_string}"},"query-input":"required name=search_term_string"}],"inLanguage":"es"},{"@type":"Organization","@id":"https:\/\/experienciadevida.com.ar\/portalurbano\/#organization","name":"Portal Urbano","url":"https:\/\/experienciadevida.com.ar\/portalurbano\/","logo":{"@type":"ImageObject","inLanguage":"es","@id":"https:\/\/experienciadevida.com.ar\/portalurbano\/#\/schema\/logo\/image\/","url":"https:\/\/experienciadevida.com.ar\/portalurbano\/wp-content\/uploads\/2019\/09\/Logo-Original.png","contentUrl":"https:\/\/experienciadevida.com.ar\/portalurbano\/wp-content\/uploads\/2019\/09\/Logo-Original.png","width":2236,"height":1216,"caption":"Portal Urbano"},"image":{"@id":"https:\/\/experienciadevida.com.ar\/portalurbano\/#\/schema\/logo\/image\/"},"sameAs":["https:\/\/www.facebook.com\/Portal-Urbano-171542830093757\/","https:\/\/twitter.com\/portalurbanook","https:\/\/www.instagram.com\/_portalurbano\/","https:\/\/www.youtube.com\/channel\/UCXhagIfszH8KxFiOok79zbA?view_as=subscriber"]},{"@type":"Person","@id":"https:\/\/experienciadevida.com.ar\/portalurbano\/#\/schema\/person\/02dd326b1c4b056e9cc972486934a3a7","name":"admpu17wp","image":{"@type":"ImageObject","inLanguage":"es","@id":"https:\/\/experienciadevida.com.ar\/portalurbano\/#\/schema\/person\/image\/","url":"https:\/\/secure.gravatar.com\/avatar\/830d4c57adaae6630765e449a6908047?s=96&d=mm&r=g","contentUrl":"https:\/\/secure.gravatar.com\/avatar\/830d4c57adaae6630765e449a6908047?s=96&d=mm&r=g","caption":"admpu17wp"}}]}},"featured_image_urls":{"full":["https:\/\/experienciadevida.com.ar\/portalurbano\/wp-content\/uploads\/2022\/07\/Venta-de-terreos.jpg",960,576,false],"thumbnail":["https:\/\/experienciadevida.com.ar\/portalurbano\/wp-content\/uploads\/2022\/07\/Venta-de-terreos-150x150.jpg",150,150,true],"medium":["https:\/\/experienciadevida.com.ar\/portalurbano\/wp-content\/uploads\/2022\/07\/Venta-de-terreos-300x180.jpg",300,180,true],"medium_large":["https:\/\/experienciadevida.com.ar\/portalurbano\/wp-content\/uploads\/2022\/07\/Venta-de-terreos-768x461.jpg",640,384,true],"large":["https:\/\/experienciadevida.com.ar\/portalurbano\/wp-content\/uploads\/2022\/07\/Venta-de-terreos.jpg",640,384,false],"ug_big":["https:\/\/experienciadevida.com.ar\/portalurbano\/wp-content\/uploads\/2022\/07\/Venta-de-terreos-768x461.jpg",768,461,true],"1536x1536":["https:\/\/experienciadevida.com.ar\/portalurbano\/wp-content\/uploads\/2022\/07\/Venta-de-terreos.jpg",960,576,false],"2048x2048":["https:\/\/experienciadevida.com.ar\/portalurbano\/wp-content\/uploads\/2022\/07\/Venta-de-terreos.jpg",960,576,false],"newsever-slider-full":["https:\/\/experienciadevida.com.ar\/portalurbano\/wp-content\/uploads\/2022\/07\/Venta-de-terreos.jpg",960,576,false],"newsever-featured":["https:\/\/experienciadevida.com.ar\/portalurbano\/wp-content\/uploads\/2022\/07\/Venta-de-terreos.jpg",960,576,false],"newsever-medium":["https:\/\/experienciadevida.com.ar\/portalurbano\/wp-content\/uploads\/2022\/07\/Venta-de-terreos.jpg",720,432,false],"web-stories-poster-portrait":["https:\/\/experienciadevida.com.ar\/portalurbano\/wp-content\/uploads\/2022\/07\/Venta-de-terreos.jpg",640,384,false],"web-stories-publisher-logo":["https:\/\/experienciadevida.com.ar\/portalurbano\/wp-content\/uploads\/2022\/07\/Venta-de-terreos.jpg",96,58,false],"web-stories-thumbnail":["https:\/\/experienciadevida.com.ar\/portalurbano\/wp-content\/uploads\/2022\/07\/Venta-de-terreos.jpg",150,90,false]},"author_info":{"display_name":"admpu17wp","author_link":"https:\/\/experienciadevida.com.ar\/portalurbano\/author\/admpu17wp\/"},"category_info":"<a href=\"https:\/\/experienciadevida.com.ar\/portalurbano\/category\/ciudad\/\" rel=\"category tag\">Ciudad<\/a> <a href=\"https:\/\/experienciadevida.com.ar\/portalurbano\/category\/destacadas-2\/\" rel=\"category tag\">Destacadas 2<\/a>","tag_info":"Destacadas 2","comment_count":"0","amp_enabled":true,"_links":{"self":[{"href":"https:\/\/experienciadevida.com.ar\/portalurbano\/wp-json\/wp\/v2\/posts\/171546"}],"collection":[{"href":"https:\/\/experienciadevida.com.ar\/portalurbano\/wp-json\/wp\/v2\/posts"}],"about":[{"href":"https:\/\/experienciadevida.com.ar\/portalurbano\/wp-json\/wp\/v2\/types\/post"}],"author":[{"embeddable":true,"href":"https:\/\/experienciadevida.com.ar\/portalurbano\/wp-json\/wp\/v2\/users\/1"}],"replies":[{"embeddable":true,"href":"https:\/\/experienciadevida.com.ar\/portalurbano\/wp-json\/wp\/v2\/comments?post=171546"}],"version-history":[{"count":1,"href":"https:\/\/experienciadevida.com.ar\/portalurbano\/wp-json\/wp\/v2\/posts\/171546\/revisions"}],"predecessor-version":[{"id":171548,"href":"https:\/\/experienciadevida.com.ar\/portalurbano\/wp-json\/wp\/v2\/posts\/171546\/revisions\/171548"}],"wp:featuredmedia":[{"embeddable":true,"href":"https:\/\/experienciadevida.com.ar\/portalurbano\/wp-json\/wp\/v2\/media\/171547"}],"wp:attachment":[{"href":"https:\/\/experienciadevida.com.ar\/portalurbano\/wp-json\/wp\/v2\/media?parent=171546"}],"wp:term":[{"taxonomy":"category","embeddable":true,"href":"https:\/\/experienciadevida.com.ar\/portalurbano\/wp-json\/wp\/v2\/categories?post=171546"},{"taxonomy":"post_tag","embeddable":true,"href":"https:\/\/experienciadevida.com.ar\/portalurbano\/wp-json\/wp\/v2\/tags?post=171546"}],"curies":[{"name":"wp","href":"https:\/\/api.w.org\/{rel}","templated":true}]}}