{"id":171500,"date":"2022-07-15T16:10:02","date_gmt":"2022-07-15T19:10:02","guid":{"rendered":"https:\/\/experienciadevida.com.ar\/portalurbano\/?p=171500"},"modified":"2022-07-15T16:18:54","modified_gmt":"2022-07-15T19:18:54","slug":"realizaron-una-sentada-por-el-despido-de-una-docente-de-la-escuela-rosario","status":"publish","type":"post","link":"https:\/\/experienciadevida.com.ar\/portalurbano\/realizaron-una-sentada-por-el-despido-de-una-docente-de-la-escuela-rosario\/","title":{"rendered":"Realizaron una sentada por el despido de una docente de la escuela Rosario"},"content":{"rendered":"<p>Realizaron una sentada por el despido de una docente de la escuela Rosario, estudiantes, docentes y miembros de SADOP se concentraron en las puertas del Ministerio de Trabajo al mediod\u00eda de este viernes para denunciar que una docente fue despedida injustamente y sin nuevo aviso.<\/p>\n<p><a href=\"https:\/\/experienciadevida.com.ar\/portalurbano\/realizaron-una-sentada-por-el-despido-de-una-docente-de-la-escuela-rosario\/realizaron-5\/\" rel=\"attachment wp-att-171503\"><img decoding=\"async\" class=\"alignnone size-large wp-image-171503\" src=\"https:\/\/experienciadevida.com.ar\/portalurbano\/wp-content\/uploads\/2022\/07\/Realizaron-1024x768.jpg\" alt=\"Realizaron \" width=\"900\" height=\"675\" srcset=\"https:\/\/experienciadevida.com.ar\/portalurbano\/wp-content\/uploads\/2022\/07\/Realizaron-1024x768.jpg 1024w, https:\/\/experienciadevida.com.ar\/portalurbano\/wp-content\/uploads\/2022\/07\/Realizaron-300x225.jpg 300w, https:\/\/experienciadevida.com.ar\/portalurbano\/wp-content\/uploads\/2022\/07\/Realizaron-768x576.jpg 768w, https:\/\/experienciadevida.com.ar\/portalurbano\/wp-content\/uploads\/2022\/07\/Realizaron-1536x1152.jpg 1536w, https:\/\/experienciadevida.com.ar\/portalurbano\/wp-content\/uploads\/2022\/07\/Realizaron.jpg 1600w\" sizes=\"(max-width: 900px) 100vw, 900px\" \/><\/a><\/p>\n<p>La misma se desarroll\u00f3 este viernes al mediod\u00eda y de la misma participaron docentes, familias y miembros del sindicato privado SADOP, all\u00ed denunciaron el despido injustificado de una docente del profesorado de educaci\u00f3n superior de la escuela Rosario. Horas previas desde el sindicato hab\u00edan emitido un comunicado.<\/p>\n<p>Comunicado:<\/p>\n<p>Afirmando que cuando los v\u00ednculos se rompen y se instala el conflicto es importante encontrar las v\u00edas de resoluci\u00f3n que salvaguarden a las partes. Esta idea parece no ser contemplada por los representantes\u00a0 legales del instituto Nuestra Se\u00f1ora del Rosario, quienes ante los reclamos reiterados de una docente y la presencia de un conflicto no tuvo m\u00e1s respuesta que el despido poni\u00e9ndole fin a una situaci\u00f3n que al parecer les incomoda.<\/p>\n<p>El consejo directivo de SADOP Olavarr\u00eda testifica que ning\u00fan monto indemnizatorio resarce el da\u00f1o emocional, afectivo y psicol\u00f3gico de lo que implica un despido y la consecuente p\u00e9rdida del recurso para la subsistencia de un trabajador. Solicitamos la reflexi\u00f3n de las autoridades para corregir los actos sucedidos y pensar escuelas democr\u00e1ticas donde podamos dialogar las disidencias y reflexionar para darle a los distintos conflictos resoluciones consensuadas.<\/p>\n<p>En la tarde espec\u00edficamente a las 17hs habr\u00e1 una movilizaci\u00f3n afuera del colegio.<\/p>\n","protected":false},"excerpt":{"rendered":"<p>Realizaron una sentada por el despido de una docente de la escuela Rosario, estudiantes, docentes&#8230;<\/p>\n","protected":false},"author":1,"featured_media":171501,"comment_status":"closed","ping_status":"closed","sticky":false,"template":"","format":"standard","meta":{"content-type":""},"categories":[27,64],"tags":[],"nelio_content":{"isAutoShareEnabled":false,"autoShareEndMode":"default","automationSources":{"useContentSentences":true,"useSocialTemplates":true,"useCustomSentences":false,"customSentences":[]},"followers":[1],"suggestedReferences":[],"includedReferences":[],"efiUrl":"","efiAlt":"","highlights":[]},"yoast_head":"<!-- This site is optimized with the Yoast SEO plugin v20.7 - https:\/\/yoast.com\/wordpress\/plugins\/seo\/ -->\n<title>Realizaron una sentada por el despido de una docente de la escuela<\/title>\n<meta name=\"description\" content=\"Realizaron una sentada por el despido de una docente de la escuela Rosario, estudiantes, docentes y miembros de SADOP\" \/>\n<meta name=\"robots\" content=\"index, follow, max-snippet:-1, max-image-preview:large, max-video-preview:-1\" \/>\n<link rel=\"canonical\" href=\"https:\/\/experienciadevida.com.ar\/portalurbano\/realizaron-una-sentada-por-el-despido-de-una-docente-de-la-escuela-rosario\/\" \/>\n<meta property=\"og:locale\" content=\"es_ES\" \/>\n<meta property=\"og:type\" content=\"article\" \/>\n<meta property=\"og:title\" content=\"Realizaron una sentada por el despido de una docente de la escuela\" \/>\n<meta property=\"og:description\" content=\"Realizaron una sentada por el despido de una docente de la escuela Rosario, estudiantes, docentes y miembros de SADOP\" \/>\n<meta property=\"og:url\" content=\"https:\/\/experienciadevida.com.ar\/portalurbano\/realizaron-una-sentada-por-el-despido-de-una-docente-de-la-escuela-rosario\/\" \/>\n<meta property=\"article:publisher\" content=\"https:\/\/www.facebook.com\/Portal-Urbano-171542830093757\/\" \/>\n<meta property=\"article:published_time\" content=\"2022-07-15T19:10:02+00:00\" \/>\n<meta property=\"article:modified_time\" content=\"2022-07-15T19:18:54+00:00\" \/>\n<meta property=\"og:image\" content=\"https:\/\/experienciadevida.com.ar\/portalurbano\/wp-content\/uploads\/2022\/07\/Realizaron-una-sentada.jpg\" \/>\n\t<meta property=\"og:image:width\" content=\"1600\" \/>\n\t<meta property=\"og:image:height\" content=\"1200\" \/>\n\t<meta property=\"og:image:type\" content=\"image\/jpeg\" \/>\n<meta name=\"author\" content=\"admpu17wp\" \/>\n<meta name=\"twitter:card\" content=\"summary_large_image\" \/>\n<meta name=\"twitter:creator\" content=\"@portalurbanook\" \/>\n<meta name=\"twitter:site\" content=\"@portalurbanook\" \/>\n<meta name=\"twitter:label1\" content=\"Escrito por\" \/>\n\t<meta name=\"twitter:data1\" content=\"admpu17wp\" \/>\n\t<meta name=\"twitter:label2\" content=\"Tiempo de lectura\" \/>\n\t<meta name=\"twitter:data2\" content=\"2 minutos\" \/>\n<script type=\"application\/ld+json\" class=\"yoast-schema-graph\">{\"@context\":\"https:\/\/schema.org\",\"@graph\":[{\"@type\":\"Article\",\"@id\":\"https:\/\/experienciadevida.com.ar\/portalurbano\/realizaron-una-sentada-por-el-despido-de-una-docente-de-la-escuela-rosario\/#article\",\"isPartOf\":{\"@id\":\"https:\/\/experienciadevida.com.ar\/portalurbano\/realizaron-una-sentada-por-el-despido-de-una-docente-de-la-escuela-rosario\/\"},\"author\":{\"name\":\"admpu17wp\",\"@id\":\"https:\/\/experienciadevida.com.ar\/portalurbano\/#\/schema\/person\/02dd326b1c4b056e9cc972486934a3a7\"},\"headline\":\"Realizaron una sentada por el despido de una docente de la escuela Rosario\",\"datePublished\":\"2022-07-15T19:10:02+00:00\",\"dateModified\":\"2022-07-15T19:18:54+00:00\",\"mainEntityOfPage\":{\"@id\":\"https:\/\/experienciadevida.com.ar\/portalurbano\/realizaron-una-sentada-por-el-despido-de-una-docente-de-la-escuela-rosario\/\"},\"wordCount\":276,\"publisher\":{\"@id\":\"https:\/\/experienciadevida.com.ar\/portalurbano\/#organization\"},\"articleSection\":[\"Ciudad\",\"Destacadas 2\"],\"inLanguage\":\"es\"},{\"@type\":\"WebPage\",\"@id\":\"https:\/\/experienciadevida.com.ar\/portalurbano\/realizaron-una-sentada-por-el-despido-de-una-docente-de-la-escuela-rosario\/\",\"url\":\"https:\/\/experienciadevida.com.ar\/portalurbano\/realizaron-una-sentada-por-el-despido-de-una-docente-de-la-escuela-rosario\/\",\"name\":\"Realizaron una sentada por el despido de una docente de la escuela\",\"isPartOf\":{\"@id\":\"https:\/\/experienciadevida.com.ar\/portalurbano\/#website\"},\"datePublished\":\"2022-07-15T19:10:02+00:00\",\"dateModified\":\"2022-07-15T19:18:54+00:00\",\"description\":\"Realizaron una sentada por el despido de una docente de la escuela Rosario, estudiantes, docentes y miembros de SADOP\",\"breadcrumb\":{\"@id\":\"https:\/\/experienciadevida.com.ar\/portalurbano\/realizaron-una-sentada-por-el-despido-de-una-docente-de-la-escuela-rosario\/#breadcrumb\"},\"inLanguage\":\"es\",\"potentialAction\":[{\"@type\":\"ReadAction\",\"target\":[\"https:\/\/experienciadevida.com.ar\/portalurbano\/realizaron-una-sentada-por-el-despido-de-una-docente-de-la-escuela-rosario\/\"]}]},{\"@type\":\"BreadcrumbList\",\"@id\":\"https:\/\/experienciadevida.com.ar\/portalurbano\/realizaron-una-sentada-por-el-despido-de-una-docente-de-la-escuela-rosario\/#breadcrumb\",\"itemListElement\":[{\"@type\":\"ListItem\",\"position\":1,\"name\":\"Portada\",\"item\":\"https:\/\/experienciadevida.com.ar\/portalurbano\/\"},{\"@type\":\"ListItem\",\"position\":2,\"name\":\"Realizaron una sentada por el despido de una docente de la escuela Rosario\"}]},{\"@type\":\"WebSite\",\"@id\":\"https:\/\/experienciadevida.com.ar\/portalurbano\/#website\",\"url\":\"https:\/\/experienciadevida.com.ar\/portalurbano\/\",\"name\":\"\",\"description\":\"\",\"publisher\":{\"@id\":\"https:\/\/experienciadevida.com.ar\/portalurbano\/#organization\"},\"potentialAction\":[{\"@type\":\"SearchAction\",\"target\":{\"@type\":\"EntryPoint\",\"urlTemplate\":\"https:\/\/experienciadevida.com.ar\/portalurbano\/?s={search_term_string}\"},\"query-input\":\"required name=search_term_string\"}],\"inLanguage\":\"es\"},{\"@type\":\"Organization\",\"@id\":\"https:\/\/experienciadevida.com.ar\/portalurbano\/#organization\",\"name\":\"Portal Urbano\",\"url\":\"https:\/\/experienciadevida.com.ar\/portalurbano\/\",\"logo\":{\"@type\":\"ImageObject\",\"inLanguage\":\"es\",\"@id\":\"https:\/\/experienciadevida.com.ar\/portalurbano\/#\/schema\/logo\/image\/\",\"url\":\"https:\/\/experienciadevida.com.ar\/portalurbano\/wp-content\/uploads\/2019\/09\/Logo-Original.png\",\"contentUrl\":\"https:\/\/experienciadevida.com.ar\/portalurbano\/wp-content\/uploads\/2019\/09\/Logo-Original.png\",\"width\":2236,\"height\":1216,\"caption\":\"Portal Urbano\"},\"image\":{\"@id\":\"https:\/\/experienciadevida.com.ar\/portalurbano\/#\/schema\/logo\/image\/\"},\"sameAs\":[\"https:\/\/www.facebook.com\/Portal-Urbano-171542830093757\/\",\"https:\/\/twitter.com\/portalurbanook\",\"https:\/\/www.instagram.com\/_portalurbano\/\",\"https:\/\/www.youtube.com\/channel\/UCXhagIfszH8KxFiOok79zbA?view_as=subscriber\"]},{\"@type\":\"Person\",\"@id\":\"https:\/\/experienciadevida.com.ar\/portalurbano\/#\/schema\/person\/02dd326b1c4b056e9cc972486934a3a7\",\"name\":\"admpu17wp\",\"image\":{\"@type\":\"ImageObject\",\"inLanguage\":\"es\",\"@id\":\"https:\/\/experienciadevida.com.ar\/portalurbano\/#\/schema\/person\/image\/\",\"url\":\"https:\/\/secure.gravatar.com\/avatar\/830d4c57adaae6630765e449a6908047?s=96&d=mm&r=g\",\"contentUrl\":\"https:\/\/secure.gravatar.com\/avatar\/830d4c57adaae6630765e449a6908047?s=96&d=mm&r=g\",\"caption\":\"admpu17wp\"}}]}<\/script>\n<!-- \/ Yoast SEO plugin. -->","yoast_head_json":{"title":"Realizaron una sentada por el despido de una docente de la escuela","description":"Realizaron una sentada por el despido de una docente de la escuela Rosario, estudiantes, docentes y miembros de SADOP","robots":{"index":"index","follow":"follow","max-snippet":"max-snippet:-1","max-image-preview":"max-image-preview:large","max-video-preview":"max-video-preview:-1"},"canonical":"https:\/\/experienciadevida.com.ar\/portalurbano\/realizaron-una-sentada-por-el-despido-de-una-docente-de-la-escuela-rosario\/","og_locale":"es_ES","og_type":"article","og_title":"Realizaron una sentada por el despido de una docente de la escuela","og_description":"Realizaron una sentada por el despido de una docente de la escuela Rosario, estudiantes, docentes y miembros de SADOP","og_url":"https:\/\/experienciadevida.com.ar\/portalurbano\/realizaron-una-sentada-por-el-despido-de-una-docente-de-la-escuela-rosario\/","article_publisher":"https:\/\/www.facebook.com\/Portal-Urbano-171542830093757\/","article_published_time":"2022-07-15T19:10:02+00:00","article_modified_time":"2022-07-15T19:18:54+00:00","og_image":[{"width":1600,"height":1200,"url":"https:\/\/experienciadevida.com.ar\/portalurbano\/wp-content\/uploads\/2022\/07\/Realizaron-una-sentada.jpg","type":"image\/jpeg"}],"author":"admpu17wp","twitter_card":"summary_large_image","twitter_creator":"@portalurbanook","twitter_site":"@portalurbanook","twitter_misc":{"Escrito por":"admpu17wp","Tiempo de lectura":"2 minutos"},"schema":{"@context":"https:\/\/schema.org","@graph":[{"@type":"Article","@id":"https:\/\/experienciadevida.com.ar\/portalurbano\/realizaron-una-sentada-por-el-despido-de-una-docente-de-la-escuela-rosario\/#article","isPartOf":{"@id":"https:\/\/experienciadevida.com.ar\/portalurbano\/realizaron-una-sentada-por-el-despido-de-una-docente-de-la-escuela-rosario\/"},"author":{"name":"admpu17wp","@id":"https:\/\/experienciadevida.com.ar\/portalurbano\/#\/schema\/person\/02dd326b1c4b056e9cc972486934a3a7"},"headline":"Realizaron una sentada por el despido de una docente de la escuela Rosario","datePublished":"2022-07-15T19:10:02+00:00","dateModified":"2022-07-15T19:18:54+00:00","mainEntityOfPage":{"@id":"https:\/\/experienciadevida.com.ar\/portalurbano\/realizaron-una-sentada-por-el-despido-de-una-docente-de-la-escuela-rosario\/"},"wordCount":276,"publisher":{"@id":"https:\/\/experienciadevida.com.ar\/portalurbano\/#organization"},"articleSection":["Ciudad","Destacadas 2"],"inLanguage":"es"},{"@type":"WebPage","@id":"https:\/\/experienciadevida.com.ar\/portalurbano\/realizaron-una-sentada-por-el-despido-de-una-docente-de-la-escuela-rosario\/","url":"https:\/\/experienciadevida.com.ar\/portalurbano\/realizaron-una-sentada-por-el-despido-de-una-docente-de-la-escuela-rosario\/","name":"Realizaron una sentada por el despido de una docente de la escuela","isPartOf":{"@id":"https:\/\/experienciadevida.com.ar\/portalurbano\/#website"},"datePublished":"2022-07-15T19:10:02+00:00","dateModified":"2022-07-15T19:18:54+00:00","description":"Realizaron una sentada por el despido de una docente de la escuela Rosario, estudiantes, docentes y miembros de SADOP","breadcrumb":{"@id":"https:\/\/experienciadevida.com.ar\/portalurbano\/realizaron-una-sentada-por-el-despido-de-una-docente-de-la-escuela-rosario\/#breadcrumb"},"inLanguage":"es","potentialAction":[{"@type":"ReadAction","target":["https:\/\/experienciadevida.com.ar\/portalurbano\/realizaron-una-sentada-por-el-despido-de-una-docente-de-la-escuela-rosario\/"]}]},{"@type":"BreadcrumbList","@id":"https:\/\/experienciadevida.com.ar\/portalurbano\/realizaron-una-sentada-por-el-despido-de-una-docente-de-la-escuela-rosario\/#breadcrumb","itemListElement":[{"@type":"ListItem","position":1,"name":"Portada","item":"https:\/\/experienciadevida.com.ar\/portalurbano\/"},{"@type":"ListItem","position":2,"name":"Realizaron una sentada por el despido de una docente de la escuela Rosario"}]},{"@type":"WebSite","@id":"https:\/\/experienciadevida.com.ar\/portalurbano\/#website","url":"https:\/\/experienciadevida.com.ar\/portalurbano\/","name":"","description":"","publisher":{"@id":"https:\/\/experienciadevida.com.ar\/portalurbano\/#organization"},"potentialAction":[{"@type":"SearchAction","target":{"@type":"EntryPoint","urlTemplate":"https:\/\/experienciadevida.com.ar\/portalurbano\/?s={search_term_string}"},"query-input":"required name=search_term_string"}],"inLanguage":"es"},{"@type":"Organization","@id":"https:\/\/experienciadevida.com.ar\/portalurbano\/#organization","name":"Portal Urbano","url":"https:\/\/experienciadevida.com.ar\/portalurbano\/","logo":{"@type":"ImageObject","inLanguage":"es","@id":"https:\/\/experienciadevida.com.ar\/portalurbano\/#\/schema\/logo\/image\/","url":"https:\/\/experienciadevida.com.ar\/portalurbano\/wp-content\/uploads\/2019\/09\/Logo-Original.png","contentUrl":"https:\/\/experienciadevida.com.ar\/portalurbano\/wp-content\/uploads\/2019\/09\/Logo-Original.png","width":2236,"height":1216,"caption":"Portal Urbano"},"image":{"@id":"https:\/\/experienciadevida.com.ar\/portalurbano\/#\/schema\/logo\/image\/"},"sameAs":["https:\/\/www.facebook.com\/Portal-Urbano-171542830093757\/","https:\/\/twitter.com\/portalurbanook","https:\/\/www.instagram.com\/_portalurbano\/","https:\/\/www.youtube.com\/channel\/UCXhagIfszH8KxFiOok79zbA?view_as=subscriber"]},{"@type":"Person","@id":"https:\/\/experienciadevida.com.ar\/portalurbano\/#\/schema\/person\/02dd326b1c4b056e9cc972486934a3a7","name":"admpu17wp","image":{"@type":"ImageObject","inLanguage":"es","@id":"https:\/\/experienciadevida.com.ar\/portalurbano\/#\/schema\/person\/image\/","url":"https:\/\/secure.gravatar.com\/avatar\/830d4c57adaae6630765e449a6908047?s=96&d=mm&r=g","contentUrl":"https:\/\/secure.gravatar.com\/avatar\/830d4c57adaae6630765e449a6908047?s=96&d=mm&r=g","caption":"admpu17wp"}}]}},"featured_image_urls":{"full":["https:\/\/experienciadevida.com.ar\/portalurbano\/wp-content\/uploads\/2022\/07\/Realizaron-una-sentada.jpg",1600,1200,false],"thumbnail":["https:\/\/experienciadevida.com.ar\/portalurbano\/wp-content\/uploads\/2022\/07\/Realizaron-una-sentada-150x150.jpg",150,150,true],"medium":["https:\/\/experienciadevida.com.ar\/portalurbano\/wp-content\/uploads\/2022\/07\/Realizaron-una-sentada-300x225.jpg",300,225,true],"medium_large":["https:\/\/experienciadevida.com.ar\/portalurbano\/wp-content\/uploads\/2022\/07\/Realizaron-una-sentada-768x576.jpg",640,480,true],"large":["https:\/\/experienciadevida.com.ar\/portalurbano\/wp-content\/uploads\/2022\/07\/Realizaron-una-sentada-1024x768.jpg",640,480,true],"ug_big":["https:\/\/experienciadevida.com.ar\/portalurbano\/wp-content\/uploads\/2022\/07\/Realizaron-una-sentada-768x576.jpg",768,576,true],"1536x1536":["https:\/\/experienciadevida.com.ar\/portalurbano\/wp-content\/uploads\/2022\/07\/Realizaron-una-sentada-1536x1152.jpg",1536,1152,true],"2048x2048":["https:\/\/experienciadevida.com.ar\/portalurbano\/wp-content\/uploads\/2022\/07\/Realizaron-una-sentada.jpg",1600,1200,false],"newsever-slider-full":["https:\/\/experienciadevida.com.ar\/portalurbano\/wp-content\/uploads\/2022\/07\/Realizaron-una-sentada.jpg",1127,845,false],"newsever-featured":["https:\/\/experienciadevida.com.ar\/portalurbano\/wp-content\/uploads\/2022\/07\/Realizaron-una-sentada.jpg",1024,768,false],"newsever-medium":["https:\/\/experienciadevida.com.ar\/portalurbano\/wp-content\/uploads\/2022\/07\/Realizaron-una-sentada.jpg",633,475,false],"web-stories-poster-portrait":["https:\/\/experienciadevida.com.ar\/portalurbano\/wp-content\/uploads\/2022\/07\/Realizaron-una-sentada.jpg",640,480,false],"web-stories-publisher-logo":["https:\/\/experienciadevida.com.ar\/portalurbano\/wp-content\/uploads\/2022\/07\/Realizaron-una-sentada.jpg",96,72,false],"web-stories-thumbnail":["https:\/\/experienciadevida.com.ar\/portalurbano\/wp-content\/uploads\/2022\/07\/Realizaron-una-sentada.jpg",150,113,false]},"author_info":{"display_name":"admpu17wp","author_link":"https:\/\/experienciadevida.com.ar\/portalurbano\/author\/admpu17wp\/"},"category_info":"<a href=\"https:\/\/experienciadevida.com.ar\/portalurbano\/category\/ciudad\/\" rel=\"category tag\">Ciudad<\/a> <a href=\"https:\/\/experienciadevida.com.ar\/portalurbano\/category\/destacadas-2\/\" rel=\"category tag\">Destacadas 2<\/a>","tag_info":"Destacadas 2","comment_count":"0","amp_enabled":true,"_links":{"self":[{"href":"https:\/\/experienciadevida.com.ar\/portalurbano\/wp-json\/wp\/v2\/posts\/171500"}],"collection":[{"href":"https:\/\/experienciadevida.com.ar\/portalurbano\/wp-json\/wp\/v2\/posts"}],"about":[{"href":"https:\/\/experienciadevida.com.ar\/portalurbano\/wp-json\/wp\/v2\/types\/post"}],"author":[{"embeddable":true,"href":"https:\/\/experienciadevida.com.ar\/portalurbano\/wp-json\/wp\/v2\/users\/1"}],"replies":[{"embeddable":true,"href":"https:\/\/experienciadevida.com.ar\/portalurbano\/wp-json\/wp\/v2\/comments?post=171500"}],"version-history":[{"count":3,"href":"https:\/\/experienciadevida.com.ar\/portalurbano\/wp-json\/wp\/v2\/posts\/171500\/revisions"}],"predecessor-version":[{"id":171505,"href":"https:\/\/experienciadevida.com.ar\/portalurbano\/wp-json\/wp\/v2\/posts\/171500\/revisions\/171505"}],"wp:featuredmedia":[{"embeddable":true,"href":"https:\/\/experienciadevida.com.ar\/portalurbano\/wp-json\/wp\/v2\/media\/171501"}],"wp:attachment":[{"href":"https:\/\/experienciadevida.com.ar\/portalurbano\/wp-json\/wp\/v2\/media?parent=171500"}],"wp:term":[{"taxonomy":"category","embeddable":true,"href":"https:\/\/experienciadevida.com.ar\/portalurbano\/wp-json\/wp\/v2\/categories?post=171500"},{"taxonomy":"post_tag","embeddable":true,"href":"https:\/\/experienciadevida.com.ar\/portalurbano\/wp-json\/wp\/v2\/tags?post=171500"}],"curies":[{"name":"wp","href":"https:\/\/api.w.org\/{rel}","templated":true}]}}