{"id":171489,"date":"2022-07-15T15:53:53","date_gmt":"2022-07-15T18:53:53","guid":{"rendered":"https:\/\/experienciadevida.com.ar\/portalurbano\/?p=171489"},"modified":"2022-07-15T16:06:20","modified_gmt":"2022-07-15T19:06:20","slug":"114-familias-van-a-poder-acceder-a-un-lote-para-sonar-con-un-techo-propio","status":"publish","type":"post","link":"https:\/\/experienciadevida.com.ar\/portalurbano\/114-familias-van-a-poder-acceder-a-un-lote-para-sonar-con-un-techo-propio\/","title":{"rendered":"\u201c114 familias van a poder acceder a un lote para so\u00f1ar con un techo propio\u201d"},"content":{"rendered":"<p>\u201c114 familias van a poder acceder a un lote para so\u00f1ar con un techo propio\u201d, \u201cEs un d\u00eda de mucha emoci\u00f3n, porque 114 familias de Olavarr\u00eda van a poder acceder a un lote para so\u00f1ar con un techo propio, su vivienda\u201d, dijo el intendente Ezequiel Galli en el momento previo a firmar un convenio del Fondo para la Integraci\u00f3n Socio Urbana (FISU) -del Ministerio de Desarrollo Social de la Naci\u00f3n- que le permitir\u00e1 a Olavarr\u00eda contar con 114 nuevos lotes con servicios, para que m\u00e1s familias de nuestro Partido puedan cumplir el sue\u00f1o de la casa propia.<\/p>\n<p><a href=\"https:\/\/experienciadevida.com.ar\/portalurbano\/114-familias-van-a-poder-acceder-a-un-lote-para-sonar-con-un-techo-propio\/attachment\/114\/\" rel=\"attachment wp-att-171492\"><img decoding=\"async\" class=\"alignnone size-full wp-image-171492\" src=\"https:\/\/experienciadevida.com.ar\/portalurbano\/wp-content\/uploads\/2022\/07\/114.jpg\" alt=\"114\" width=\"765\" height=\"510\" srcset=\"https:\/\/experienciadevida.com.ar\/portalurbano\/wp-content\/uploads\/2022\/07\/114.jpg 765w, https:\/\/experienciadevida.com.ar\/portalurbano\/wp-content\/uploads\/2022\/07\/114-300x200.jpg 300w\" sizes=\"(max-width: 765px) 100vw, 765px\" \/><\/a><\/p>\n<p>El convenio fue firmado con la secretaria de Integraci\u00f3n Socio Urbana del Ministerio de Desarrollo Social de la Naci\u00f3n Fernanda Mi\u00f1o.<\/p>\n<p>Tambi\u00e9n estuvieron presentes funcionarios provinciales, municipales, la presidente del HCD Cecilia <a href=\"https:\/\/www.instagram.com\/ceciliakrivochen\/\">Krivochen<\/a>, concejales, medios de comunicaci\u00f3n y p\u00fablico en general.<\/p>\n<p>El Fondo de Integraci\u00f3n Socio Urbana (FISU), creado por el Decreto N\u00b0 819\/2019 conforme lo definido en la Ley N\u00ba 27.453, tiene como objetivo principal el financiamiento de proyectos de integraci\u00f3n socio urbana para los barrios populares que se encuentren inscriptos en el Registro Nacional de Barrios Populares (RENABAP) y la creaci\u00f3n de lotes con servicios.<\/p>\n<p><a href=\"https:\/\/experienciadevida.com.ar\/portalurbano\/114-familias-van-a-poder-acceder-a-un-lote-para-sonar-con-un-techo-propio\/familias\/\" rel=\"attachment wp-att-171494\"><img decoding=\"async\" class=\"alignnone size-full wp-image-171494\" src=\"https:\/\/experienciadevida.com.ar\/portalurbano\/wp-content\/uploads\/2022\/07\/familias.jpg\" alt=\"familias \" width=\"765\" height=\"510\" srcset=\"https:\/\/experienciadevida.com.ar\/portalurbano\/wp-content\/uploads\/2022\/07\/familias.jpg 765w, https:\/\/experienciadevida.com.ar\/portalurbano\/wp-content\/uploads\/2022\/07\/familias-300x200.jpg 300w\" sizes=\"(max-width: 765px) 100vw, 765px\" \/><\/a><\/p>\n<p>\u201cEs una realidad gracias al trabajo articulado entre el Gobierno Nacional y Municipal. Venimos trabajando desde hace casi 2 a\u00f1os en este proyecto \u2013por lo que felicito al equipo de Obras P\u00fablicas- y el ida y vuelta entre Municipio y Ministerio nunca se fren\u00f3\u201d, manifest\u00f3 el intendente <a href=\"https:\/\/www.facebook.com\/galliezequiel\">Galli<\/a>.<\/p>\n<p>Asimismo remarc\u00f3 que \u201cMunicipio pone la tierra y el Gobierno Nacional pone los fondos para los servicios. Estos casi 200 millones de pesos de inversi\u00f3n van a permitir que este loteo tenga todos los servicios\u201d.<\/p>\n<p><a href=\"https:\/\/experienciadevida.com.ar\/portalurbano\/114-familias-van-a-poder-acceder-a-un-lote-para-sonar-con-un-techo-propio\/van\/\" rel=\"attachment wp-att-171495\"><img decoding=\"async\" class=\"alignnone size-full wp-image-171495\" src=\"https:\/\/experienciadevida.com.ar\/portalurbano\/wp-content\/uploads\/2022\/07\/van.jpg\" alt=\"van \" width=\"765\" height=\"510\" srcset=\"https:\/\/experienciadevida.com.ar\/portalurbano\/wp-content\/uploads\/2022\/07\/van.jpg 765w, https:\/\/experienciadevida.com.ar\/portalurbano\/wp-content\/uploads\/2022\/07\/van-300x200.jpg 300w\" sizes=\"(max-width: 765px) 100vw, 765px\" \/><\/a><\/p>\n<p>\u201cEs un sue\u00f1o cumplido para todos. Esta articulaci\u00f3n debe continuar, trabajarse de esta manera, seria y responsable, y llegar al punto de la firma del convenio para empezar a trabajar sobre las obras\u201d, sostuvo.<\/p>\n<p>Finalmente dijo que \u201ceste terreno dentro de muy poco va a empezar a tener forma de barrio y dentro de un tiempo sus primeros cimientos, ladrillos, casas, hogares. Celebro este trabajo, porque trabajando en conjunto vamos a cumplir m\u00e1s de 114 sue\u00f1os\u201d.<\/p>\n<p>Estos nuevos 114 lotes de dominio municipal est\u00e1n situados la Chacra 398, ubicada entre Avenida M\u00e1rquez, Sargento Cabral, Vicente Bah\u00eda y la calle Dorrego.<\/p>\n<p>\u201cUna gran alegr\u00eda venir a Olavarr\u00eda a firmar este convenio tan esperado. Hicimos este acuerdo junto con el Municipio para que empecemos a so\u00f1ar\u201d, manifest\u00f3 la secretaria de Integraci\u00f3n Socio Urbana del Ministerio de Desarrollo Social de la Naci\u00f3n Fernanda Mi\u00f1o.<\/p>\n<p>El financiamiento de estas obras propicia el acceso a los servicios b\u00e1sicos, la mejora y ampliaci\u00f3n del equipamiento social y de la infraestructura, el tratamiento de los espacios p\u00fablicos, la eliminaci\u00f3n de barreras urbanas y la mejora en la accesibilidad, la conectividad y la mitigaci\u00f3n de riesgos ambientales.<\/p>\n<p>La realizaci\u00f3n del proyecto, que prev\u00e9 una inversi\u00f3n cercana a los 200 millones de pesos, contempla la apertura de calles, red vehicular y pluvial, red de agua, red de electricidad, alumbrado p\u00fablico, red de gas, arbolado y red peatonal, entre otros.<\/p>\n<p><a href=\"https:\/\/experienciadevida.com.ar\/portalurbano\/114-familias-van-a-poder-acceder-a-un-lote-para-sonar-con-un-techo-propio\/a-3\/\" rel=\"attachment wp-att-171497\"><img decoding=\"async\" class=\"alignnone size-full wp-image-171497\" src=\"https:\/\/experienciadevida.com.ar\/portalurbano\/wp-content\/uploads\/2022\/07\/a.jpg\" alt=\"a\" width=\"765\" height=\"510\" srcset=\"https:\/\/experienciadevida.com.ar\/portalurbano\/wp-content\/uploads\/2022\/07\/a.jpg 765w, https:\/\/experienciadevida.com.ar\/portalurbano\/wp-content\/uploads\/2022\/07\/a-300x200.jpg 300w\" sizes=\"(max-width: 765px) 100vw, 765px\" \/><\/a><\/p>\n","protected":false},"excerpt":{"rendered":"<p>\u201c114 familias van a poder acceder a un lote para so\u00f1ar con un techo propio\u201d,&#8230;<\/p>\n","protected":false},"author":1,"featured_media":171490,"comment_status":"closed","ping_status":"closed","sticky":false,"template":"","format":"standard","meta":{"content-type":""},"categories":[27,51],"tags":[],"nelio_content":{"isAutoShareEnabled":false,"autoShareEndMode":"default","automationSources":{"useContentSentences":true,"useSocialTemplates":true,"useCustomSentences":false,"customSentences":[]},"followers":[1],"suggestedReferences":[],"includedReferences":["https:\/\/www.instagram.com\/ceciliakrivochen\/"],"efiUrl":"","efiAlt":"","highlights":[]},"yoast_head":"<!-- This site is optimized with the Yoast SEO plugin v20.7 - https:\/\/yoast.com\/wordpress\/plugins\/seo\/ -->\n<title>&quot;114 familias van a poder acceder a un lote para so\u00f1ar con un techo&quot;<\/title>\n<meta name=\"description\" content=\"\u201c114 familias van a poder acceder a un lote para so\u00f1ar con un techo propio\u201d, \u201cEs un d\u00eda de mucha emoci\u00f3n&quot; dijo el Intendente\" \/>\n<meta name=\"robots\" content=\"index, follow, max-snippet:-1, max-image-preview:large, max-video-preview:-1\" \/>\n<link rel=\"canonical\" href=\"https:\/\/experienciadevida.com.ar\/portalurbano\/114-familias-van-a-poder-acceder-a-un-lote-para-sonar-con-un-techo-propio\/\" \/>\n<meta property=\"og:locale\" content=\"es_ES\" \/>\n<meta property=\"og:type\" content=\"article\" \/>\n<meta property=\"og:title\" content=\"&quot;114 familias van a poder acceder a un lote para so\u00f1ar con un techo&quot;\" \/>\n<meta property=\"og:description\" content=\"\u201c114 familias van a poder acceder a un lote para so\u00f1ar con un techo propio\u201d, \u201cEs un d\u00eda de mucha emoci\u00f3n&quot; dijo el Intendente\" \/>\n<meta property=\"og:url\" content=\"https:\/\/experienciadevida.com.ar\/portalurbano\/114-familias-van-a-poder-acceder-a-un-lote-para-sonar-con-un-techo-propio\/\" \/>\n<meta property=\"article:publisher\" content=\"https:\/\/www.facebook.com\/Portal-Urbano-171542830093757\/\" \/>\n<meta property=\"article:published_time\" content=\"2022-07-15T18:53:53+00:00\" \/>\n<meta property=\"article:modified_time\" content=\"2022-07-15T19:06:20+00:00\" \/>\n<meta property=\"og:image\" content=\"https:\/\/experienciadevida.com.ar\/portalurbano\/wp-content\/uploads\/2022\/07\/114-familias-van-a.jpg\" \/>\n\t<meta property=\"og:image:width\" content=\"2560\" \/>\n\t<meta property=\"og:image:height\" content=\"1711\" \/>\n\t<meta property=\"og:image:type\" content=\"image\/jpeg\" \/>\n<meta name=\"author\" content=\"admpu17wp\" \/>\n<meta name=\"twitter:card\" content=\"summary_large_image\" \/>\n<meta name=\"twitter:creator\" content=\"@portalurbanook\" \/>\n<meta name=\"twitter:site\" content=\"@portalurbanook\" \/>\n<meta name=\"twitter:label1\" content=\"Escrito por\" \/>\n\t<meta name=\"twitter:data1\" content=\"admpu17wp\" \/>\n\t<meta name=\"twitter:label2\" content=\"Tiempo de lectura\" \/>\n\t<meta name=\"twitter:data2\" content=\"3 minutos\" \/>\n<script type=\"application\/ld+json\" class=\"yoast-schema-graph\">{\"@context\":\"https:\/\/schema.org\",\"@graph\":[{\"@type\":\"Article\",\"@id\":\"https:\/\/experienciadevida.com.ar\/portalurbano\/114-familias-van-a-poder-acceder-a-un-lote-para-sonar-con-un-techo-propio\/#article\",\"isPartOf\":{\"@id\":\"https:\/\/experienciadevida.com.ar\/portalurbano\/114-familias-van-a-poder-acceder-a-un-lote-para-sonar-con-un-techo-propio\/\"},\"author\":{\"name\":\"admpu17wp\",\"@id\":\"https:\/\/experienciadevida.com.ar\/portalurbano\/#\/schema\/person\/02dd326b1c4b056e9cc972486934a3a7\"},\"headline\":\"\u201c114 familias van a poder acceder a un lote para so\u00f1ar con un techo propio\u201d\",\"datePublished\":\"2022-07-15T18:53:53+00:00\",\"dateModified\":\"2022-07-15T19:06:20+00:00\",\"mainEntityOfPage\":{\"@id\":\"https:\/\/experienciadevida.com.ar\/portalurbano\/114-familias-van-a-poder-acceder-a-un-lote-para-sonar-con-un-techo-propio\/\"},\"wordCount\":554,\"publisher\":{\"@id\":\"https:\/\/experienciadevida.com.ar\/portalurbano\/#organization\"},\"articleSection\":[\"Ciudad\",\"Destacadas\"],\"inLanguage\":\"es\"},{\"@type\":\"WebPage\",\"@id\":\"https:\/\/experienciadevida.com.ar\/portalurbano\/114-familias-van-a-poder-acceder-a-un-lote-para-sonar-con-un-techo-propio\/\",\"url\":\"https:\/\/experienciadevida.com.ar\/portalurbano\/114-familias-van-a-poder-acceder-a-un-lote-para-sonar-con-un-techo-propio\/\",\"name\":\"\\\"114 familias van a poder acceder a un lote para so\u00f1ar con un techo\\\"\",\"isPartOf\":{\"@id\":\"https:\/\/experienciadevida.com.ar\/portalurbano\/#website\"},\"datePublished\":\"2022-07-15T18:53:53+00:00\",\"dateModified\":\"2022-07-15T19:06:20+00:00\",\"description\":\"\u201c114 familias van a poder acceder a un lote para so\u00f1ar con un techo propio\u201d, \u201cEs un d\u00eda de mucha emoci\u00f3n\\\" dijo el Intendente\",\"breadcrumb\":{\"@id\":\"https:\/\/experienciadevida.com.ar\/portalurbano\/114-familias-van-a-poder-acceder-a-un-lote-para-sonar-con-un-techo-propio\/#breadcrumb\"},\"inLanguage\":\"es\",\"potentialAction\":[{\"@type\":\"ReadAction\",\"target\":[\"https:\/\/experienciadevida.com.ar\/portalurbano\/114-familias-van-a-poder-acceder-a-un-lote-para-sonar-con-un-techo-propio\/\"]}]},{\"@type\":\"BreadcrumbList\",\"@id\":\"https:\/\/experienciadevida.com.ar\/portalurbano\/114-familias-van-a-poder-acceder-a-un-lote-para-sonar-con-un-techo-propio\/#breadcrumb\",\"itemListElement\":[{\"@type\":\"ListItem\",\"position\":1,\"name\":\"Portada\",\"item\":\"https:\/\/experienciadevida.com.ar\/portalurbano\/\"},{\"@type\":\"ListItem\",\"position\":2,\"name\":\"\u201c114 familias van a poder acceder a un lote para so\u00f1ar con un techo propio\u201d\"}]},{\"@type\":\"WebSite\",\"@id\":\"https:\/\/experienciadevida.com.ar\/portalurbano\/#website\",\"url\":\"https:\/\/experienciadevida.com.ar\/portalurbano\/\",\"name\":\"\",\"description\":\"\",\"publisher\":{\"@id\":\"https:\/\/experienciadevida.com.ar\/portalurbano\/#organization\"},\"potentialAction\":[{\"@type\":\"SearchAction\",\"target\":{\"@type\":\"EntryPoint\",\"urlTemplate\":\"https:\/\/experienciadevida.com.ar\/portalurbano\/?s={search_term_string}\"},\"query-input\":\"required name=search_term_string\"}],\"inLanguage\":\"es\"},{\"@type\":\"Organization\",\"@id\":\"https:\/\/experienciadevida.com.ar\/portalurbano\/#organization\",\"name\":\"Portal Urbano\",\"url\":\"https:\/\/experienciadevida.com.ar\/portalurbano\/\",\"logo\":{\"@type\":\"ImageObject\",\"inLanguage\":\"es\",\"@id\":\"https:\/\/experienciadevida.com.ar\/portalurbano\/#\/schema\/logo\/image\/\",\"url\":\"https:\/\/experienciadevida.com.ar\/portalurbano\/wp-content\/uploads\/2019\/09\/Logo-Original.png\",\"contentUrl\":\"https:\/\/experienciadevida.com.ar\/portalurbano\/wp-content\/uploads\/2019\/09\/Logo-Original.png\",\"width\":2236,\"height\":1216,\"caption\":\"Portal Urbano\"},\"image\":{\"@id\":\"https:\/\/experienciadevida.com.ar\/portalurbano\/#\/schema\/logo\/image\/\"},\"sameAs\":[\"https:\/\/www.facebook.com\/Portal-Urbano-171542830093757\/\",\"https:\/\/twitter.com\/portalurbanook\",\"https:\/\/www.instagram.com\/_portalurbano\/\",\"https:\/\/www.youtube.com\/channel\/UCXhagIfszH8KxFiOok79zbA?view_as=subscriber\"]},{\"@type\":\"Person\",\"@id\":\"https:\/\/experienciadevida.com.ar\/portalurbano\/#\/schema\/person\/02dd326b1c4b056e9cc972486934a3a7\",\"name\":\"admpu17wp\",\"image\":{\"@type\":\"ImageObject\",\"inLanguage\":\"es\",\"@id\":\"https:\/\/experienciadevida.com.ar\/portalurbano\/#\/schema\/person\/image\/\",\"url\":\"https:\/\/secure.gravatar.com\/avatar\/830d4c57adaae6630765e449a6908047?s=96&d=mm&r=g\",\"contentUrl\":\"https:\/\/secure.gravatar.com\/avatar\/830d4c57adaae6630765e449a6908047?s=96&d=mm&r=g\",\"caption\":\"admpu17wp\"}}]}<\/script>\n<!-- \/ Yoast SEO plugin. -->","yoast_head_json":{"title":"\"114 familias van a poder acceder a un lote para so\u00f1ar con un techo\"","description":"\u201c114 familias van a poder acceder a un lote para so\u00f1ar con un techo propio\u201d, \u201cEs un d\u00eda de mucha emoci\u00f3n\" dijo el Intendente","robots":{"index":"index","follow":"follow","max-snippet":"max-snippet:-1","max-image-preview":"max-image-preview:large","max-video-preview":"max-video-preview:-1"},"canonical":"https:\/\/experienciadevida.com.ar\/portalurbano\/114-familias-van-a-poder-acceder-a-un-lote-para-sonar-con-un-techo-propio\/","og_locale":"es_ES","og_type":"article","og_title":"\"114 familias van a poder acceder a un lote para so\u00f1ar con un techo\"","og_description":"\u201c114 familias van a poder acceder a un lote para so\u00f1ar con un techo propio\u201d, \u201cEs un d\u00eda de mucha emoci\u00f3n\" dijo el Intendente","og_url":"https:\/\/experienciadevida.com.ar\/portalurbano\/114-familias-van-a-poder-acceder-a-un-lote-para-sonar-con-un-techo-propio\/","article_publisher":"https:\/\/www.facebook.com\/Portal-Urbano-171542830093757\/","article_published_time":"2022-07-15T18:53:53+00:00","article_modified_time":"2022-07-15T19:06:20+00:00","og_image":[{"width":2560,"height":1711,"url":"https:\/\/experienciadevida.com.ar\/portalurbano\/wp-content\/uploads\/2022\/07\/114-familias-van-a.jpg","type":"image\/jpeg"}],"author":"admpu17wp","twitter_card":"summary_large_image","twitter_creator":"@portalurbanook","twitter_site":"@portalurbanook","twitter_misc":{"Escrito por":"admpu17wp","Tiempo de lectura":"3 minutos"},"schema":{"@context":"https:\/\/schema.org","@graph":[{"@type":"Article","@id":"https:\/\/experienciadevida.com.ar\/portalurbano\/114-familias-van-a-poder-acceder-a-un-lote-para-sonar-con-un-techo-propio\/#article","isPartOf":{"@id":"https:\/\/experienciadevida.com.ar\/portalurbano\/114-familias-van-a-poder-acceder-a-un-lote-para-sonar-con-un-techo-propio\/"},"author":{"name":"admpu17wp","@id":"https:\/\/experienciadevida.com.ar\/portalurbano\/#\/schema\/person\/02dd326b1c4b056e9cc972486934a3a7"},"headline":"\u201c114 familias van a poder acceder a un lote para so\u00f1ar con un techo propio\u201d","datePublished":"2022-07-15T18:53:53+00:00","dateModified":"2022-07-15T19:06:20+00:00","mainEntityOfPage":{"@id":"https:\/\/experienciadevida.com.ar\/portalurbano\/114-familias-van-a-poder-acceder-a-un-lote-para-sonar-con-un-techo-propio\/"},"wordCount":554,"publisher":{"@id":"https:\/\/experienciadevida.com.ar\/portalurbano\/#organization"},"articleSection":["Ciudad","Destacadas"],"inLanguage":"es"},{"@type":"WebPage","@id":"https:\/\/experienciadevida.com.ar\/portalurbano\/114-familias-van-a-poder-acceder-a-un-lote-para-sonar-con-un-techo-propio\/","url":"https:\/\/experienciadevida.com.ar\/portalurbano\/114-familias-van-a-poder-acceder-a-un-lote-para-sonar-con-un-techo-propio\/","name":"\"114 familias van a poder acceder a un lote para so\u00f1ar con un techo\"","isPartOf":{"@id":"https:\/\/experienciadevida.com.ar\/portalurbano\/#website"},"datePublished":"2022-07-15T18:53:53+00:00","dateModified":"2022-07-15T19:06:20+00:00","description":"\u201c114 familias van a poder acceder a un lote para so\u00f1ar con un techo propio\u201d, \u201cEs un d\u00eda de mucha emoci\u00f3n\" dijo el Intendente","breadcrumb":{"@id":"https:\/\/experienciadevida.com.ar\/portalurbano\/114-familias-van-a-poder-acceder-a-un-lote-para-sonar-con-un-techo-propio\/#breadcrumb"},"inLanguage":"es","potentialAction":[{"@type":"ReadAction","target":["https:\/\/experienciadevida.com.ar\/portalurbano\/114-familias-van-a-poder-acceder-a-un-lote-para-sonar-con-un-techo-propio\/"]}]},{"@type":"BreadcrumbList","@id":"https:\/\/experienciadevida.com.ar\/portalurbano\/114-familias-van-a-poder-acceder-a-un-lote-para-sonar-con-un-techo-propio\/#breadcrumb","itemListElement":[{"@type":"ListItem","position":1,"name":"Portada","item":"https:\/\/experienciadevida.com.ar\/portalurbano\/"},{"@type":"ListItem","position":2,"name":"\u201c114 familias van a poder acceder a un lote para so\u00f1ar con un techo propio\u201d"}]},{"@type":"WebSite","@id":"https:\/\/experienciadevida.com.ar\/portalurbano\/#website","url":"https:\/\/experienciadevida.com.ar\/portalurbano\/","name":"","description":"","publisher":{"@id":"https:\/\/experienciadevida.com.ar\/portalurbano\/#organization"},"potentialAction":[{"@type":"SearchAction","target":{"@type":"EntryPoint","urlTemplate":"https:\/\/experienciadevida.com.ar\/portalurbano\/?s={search_term_string}"},"query-input":"required name=search_term_string"}],"inLanguage":"es"},{"@type":"Organization","@id":"https:\/\/experienciadevida.com.ar\/portalurbano\/#organization","name":"Portal Urbano","url":"https:\/\/experienciadevida.com.ar\/portalurbano\/","logo":{"@type":"ImageObject","inLanguage":"es","@id":"https:\/\/experienciadevida.com.ar\/portalurbano\/#\/schema\/logo\/image\/","url":"https:\/\/experienciadevida.com.ar\/portalurbano\/wp-content\/uploads\/2019\/09\/Logo-Original.png","contentUrl":"https:\/\/experienciadevida.com.ar\/portalurbano\/wp-content\/uploads\/2019\/09\/Logo-Original.png","width":2236,"height":1216,"caption":"Portal Urbano"},"image":{"@id":"https:\/\/experienciadevida.com.ar\/portalurbano\/#\/schema\/logo\/image\/"},"sameAs":["https:\/\/www.facebook.com\/Portal-Urbano-171542830093757\/","https:\/\/twitter.com\/portalurbanook","https:\/\/www.instagram.com\/_portalurbano\/","https:\/\/www.youtube.com\/channel\/UCXhagIfszH8KxFiOok79zbA?view_as=subscriber"]},{"@type":"Person","@id":"https:\/\/experienciadevida.com.ar\/portalurbano\/#\/schema\/person\/02dd326b1c4b056e9cc972486934a3a7","name":"admpu17wp","image":{"@type":"ImageObject","inLanguage":"es","@id":"https:\/\/experienciadevida.com.ar\/portalurbano\/#\/schema\/person\/image\/","url":"https:\/\/secure.gravatar.com\/avatar\/830d4c57adaae6630765e449a6908047?s=96&d=mm&r=g","contentUrl":"https:\/\/secure.gravatar.com\/avatar\/830d4c57adaae6630765e449a6908047?s=96&d=mm&r=g","caption":"admpu17wp"}}]}},"featured_image_urls":{"full":["https:\/\/experienciadevida.com.ar\/portalurbano\/wp-content\/uploads\/2022\/07\/114-familias-van-a.jpg",2560,1711,false],"thumbnail":["https:\/\/experienciadevida.com.ar\/portalurbano\/wp-content\/uploads\/2022\/07\/114-familias-van-a-150x150.jpg",150,150,true],"medium":["https:\/\/experienciadevida.com.ar\/portalurbano\/wp-content\/uploads\/2022\/07\/114-familias-van-a-300x201.jpg",300,201,true],"medium_large":["https:\/\/experienciadevida.com.ar\/portalurbano\/wp-content\/uploads\/2022\/07\/114-familias-van-a-768x513.jpg",640,428,true],"large":["https:\/\/experienciadevida.com.ar\/portalurbano\/wp-content\/uploads\/2022\/07\/114-familias-van-a-1024x684.jpg",640,428,true],"ug_big":["https:\/\/experienciadevida.com.ar\/portalurbano\/wp-content\/uploads\/2022\/07\/114-familias-van-a-768x513.jpg",768,513,true],"1536x1536":["https:\/\/experienciadevida.com.ar\/portalurbano\/wp-content\/uploads\/2022\/07\/114-familias-van-a-1536x1027.jpg",1536,1027,true],"2048x2048":["https:\/\/experienciadevida.com.ar\/portalurbano\/wp-content\/uploads\/2022\/07\/114-familias-van-a-2048x1369.jpg",2048,1369,true],"newsever-slider-full":["https:\/\/experienciadevida.com.ar\/portalurbano\/wp-content\/uploads\/2022\/07\/114-familias-van-a.jpg",1264,845,false],"newsever-featured":["https:\/\/experienciadevida.com.ar\/portalurbano\/wp-content\/uploads\/2022\/07\/114-familias-van-a.jpg",1024,684,false],"newsever-medium":["https:\/\/experienciadevida.com.ar\/portalurbano\/wp-content\/uploads\/2022\/07\/114-familias-van-a.jpg",711,475,false],"web-stories-poster-portrait":["https:\/\/experienciadevida.com.ar\/portalurbano\/wp-content\/uploads\/2022\/07\/114-familias-van-a.jpg",640,428,false],"web-stories-publisher-logo":["https:\/\/experienciadevida.com.ar\/portalurbano\/wp-content\/uploads\/2022\/07\/114-familias-van-a.jpg",96,64,false],"web-stories-thumbnail":["https:\/\/experienciadevida.com.ar\/portalurbano\/wp-content\/uploads\/2022\/07\/114-familias-van-a.jpg",150,100,false]},"author_info":{"display_name":"admpu17wp","author_link":"https:\/\/experienciadevida.com.ar\/portalurbano\/author\/admpu17wp\/"},"category_info":"<a href=\"https:\/\/experienciadevida.com.ar\/portalurbano\/category\/ciudad\/\" rel=\"category tag\">Ciudad<\/a> <a href=\"https:\/\/experienciadevida.com.ar\/portalurbano\/category\/destacadas\/\" rel=\"category tag\">Destacadas<\/a>","tag_info":"Destacadas","comment_count":"0","amp_enabled":true,"_links":{"self":[{"href":"https:\/\/experienciadevida.com.ar\/portalurbano\/wp-json\/wp\/v2\/posts\/171489"}],"collection":[{"href":"https:\/\/experienciadevida.com.ar\/portalurbano\/wp-json\/wp\/v2\/posts"}],"about":[{"href":"https:\/\/experienciadevida.com.ar\/portalurbano\/wp-json\/wp\/v2\/types\/post"}],"author":[{"embeddable":true,"href":"https:\/\/experienciadevida.com.ar\/portalurbano\/wp-json\/wp\/v2\/users\/1"}],"replies":[{"embeddable":true,"href":"https:\/\/experienciadevida.com.ar\/portalurbano\/wp-json\/wp\/v2\/comments?post=171489"}],"version-history":[{"count":4,"href":"https:\/\/experienciadevida.com.ar\/portalurbano\/wp-json\/wp\/v2\/posts\/171489\/revisions"}],"predecessor-version":[{"id":171498,"href":"https:\/\/experienciadevida.com.ar\/portalurbano\/wp-json\/wp\/v2\/posts\/171489\/revisions\/171498"}],"wp:featuredmedia":[{"embeddable":true,"href":"https:\/\/experienciadevida.com.ar\/portalurbano\/wp-json\/wp\/v2\/media\/171490"}],"wp:attachment":[{"href":"https:\/\/experienciadevida.com.ar\/portalurbano\/wp-json\/wp\/v2\/media?parent=171489"}],"wp:term":[{"taxonomy":"category","embeddable":true,"href":"https:\/\/experienciadevida.com.ar\/portalurbano\/wp-json\/wp\/v2\/categories?post=171489"},{"taxonomy":"post_tag","embeddable":true,"href":"https:\/\/experienciadevida.com.ar\/portalurbano\/wp-json\/wp\/v2\/tags?post=171489"}],"curies":[{"name":"wp","href":"https:\/\/api.w.org\/{rel}","templated":true}]}}