{"id":171482,"date":"2022-07-15T10:38:29","date_gmt":"2022-07-15T13:38:29","guid":{"rendered":"https:\/\/experienciadevida.com.ar\/portalurbano\/?p=171482"},"modified":"2022-07-15T10:38:58","modified_gmt":"2022-07-15T13:38:58","slug":"actos-escolares-por-el-dia-de-la-independencia-en-contextos-de-encierro","status":"publish","type":"post","link":"https:\/\/experienciadevida.com.ar\/portalurbano\/actos-escolares-por-el-dia-de-la-independencia-en-contextos-de-encierro\/","title":{"rendered":"Actos escolares por el D\u00eda de la Independencia en contextos de encierro"},"content":{"rendered":"<p>Actos escolares por el D\u00eda de la Independencia en contextos de encierro en las unidades Penales N\u00ba 2, 27 y 38 de Sierra Chica.<\/p>\n<p>El pasado viernes, en las instalaciones con que cuenta la Escuela Primaria de Adultos N\u00b0 701 y el Cens 455 en las Unidades Penales N\u00ba 2, 27 y 38, se realizaron los actos conmemorativos por los festejos de los 206 a\u00f1os de la<br \/>\ndeclaraci\u00f3n de la Independencia Argentina.<\/p>\n<p>Cada una de las ceremonias reflej\u00f3 uno de los momentos m\u00e1s importantes para nuestra naci\u00f3n y nuestra historia. Cada establecimiento educativo dialog\u00f3 con sus alumnos y los invit\u00f3 a reflexionar por medio de diferentes<br \/>\nactividades, acerca de la importancia que tiene esta fecha junto con el 25 de mayo.<\/p>\n<p>Luis, estudiante de nivel primario, en sus palabras alusivas destac\u00f3 que \u201ca\u00fan estamos a tiempo de revisar nuestras actitudes cotidianas y de ser verdaderamente libres. Si hici\u00e9semos propia la valent\u00eda de aquellos que<br \/>\ndecidieron un estado independiente, podr\u00edamos asumir nuestro destino y construir un pa\u00eds solidario y m\u00e1s honesto, responsable y justo. Porque la patria es algo m\u00e1s que un concepto abstracto, es algo que creamos d\u00eda a d\u00eda<br \/>\nentre todos. Jorge Luis Borges dijo que la patria es un acto perpetuo, nadie es la Patria pero todos debemos ser dignos del antiguo juramento que prestaron aquellos caballeros y de esos valores\u201d.<\/p>\n<p>Se realizaron tambi\u00e9n representaciones teatrales, hubo m\u00fasica y baile con invitados e invitadas. En la Escuela Primaria estuvieron los bailarines Elsa y Rub\u00e9n Filipuzzi junto con Luis Alberto Aguirre que interpretaron una<br \/>\nchacarera y una zamba. Mientras que en el Cens 455 la pareja compuesta por Tatiana Veneciano y Tom\u00e1s Banegas bailaron tango.<\/p>\n<p>Actos escolares por el D\u00eda de la Independencia en contextos de encierro, en la unidad 2 representaron una Radio Abierta con p\u00fablico estudiantil donde Rub\u00e9n y Jonathan produjeron un espacio radial con entrevistas, historia, humor y juegos. Tambi\u00e9n hubo bailes tradicionales que llevaron adelante los docentes \u201cChango\u201d D\u00edaz y Silvina Parissi.<\/p>\n<p>Por otra parte, en la Unidad N\u00ba27 luego de compartir una rese\u00f1a hist\u00f3rica y haber trabajado sobre lo que es la argentinidad, las costumbres y la cultura de nuestro pa\u00eds, la narradora Zulema Mart\u00ednez trabaj\u00f3 con los<br \/>\nalumnos sobre canciones relacionadas con la patria.<\/p>\n<p>Dado que el \u00e1rea educativa es considerada uno de los pilares tratamentales para que el privado de la libertad obtenga herramientas de cambio al recuperar su libertad, los directivos de las dependencias carcelarias acompa\u00f1aron a docentes y alumnos en los actos en cada uno de los establecimientos.<\/p>\n<p>Al finalizar las ceremonias los presentes compartieron desayunos y meriendas.<\/p>\n<p>Fuente y Fotos: Servicio Penitenciario Bonaerense<\/p>\n","protected":false},"excerpt":{"rendered":"<p>Actos escolares por el D\u00eda de la Independencia en contextos de encierro en las unidades&#8230;<\/p>\n","protected":false},"author":1,"featured_media":171483,"comment_status":"closed","ping_status":"closed","sticky":false,"template":"","format":"standard","meta":{"content-type":""},"categories":[27],"tags":[],"nelio_content":{"isAutoShareEnabled":false,"autoShareEndMode":"default","automationSources":{"useContentSentences":true,"useSocialTemplates":true,"useCustomSentences":false,"customSentences":[]},"followers":[1],"suggestedReferences":[],"includedReferences":[],"efiUrl":"","efiAlt":"","highlights":[]},"yoast_head":"<!-- This site is optimized with the Yoast SEO plugin v20.7 - https:\/\/yoast.com\/wordpress\/plugins\/seo\/ -->\n<title>Actos escolares por el d\u00eda de la Independencia en contextos de encierro<\/title>\n<meta name=\"description\" content=\"Actos escolares por el D\u00eda de la Independencia en contextos de encierro en las unidades Penales N\u00ba 2, 27 y 38 de Sierra Chica.\" \/>\n<meta name=\"robots\" content=\"index, follow, max-snippet:-1, max-image-preview:large, max-video-preview:-1\" \/>\n<link rel=\"canonical\" href=\"https:\/\/experienciadevida.com.ar\/portalurbano\/actos-escolares-por-el-dia-de-la-independencia-en-contextos-de-encierro\/\" \/>\n<meta property=\"og:locale\" content=\"es_ES\" \/>\n<meta property=\"og:type\" content=\"article\" \/>\n<meta property=\"og:title\" content=\"Actos escolares por el d\u00eda de la Independencia en contextos de encierro\" \/>\n<meta property=\"og:description\" content=\"Actos escolares por el D\u00eda de la Independencia en contextos de encierro en las unidades Penales N\u00ba 2, 27 y 38 de Sierra Chica.\" \/>\n<meta property=\"og:url\" content=\"https:\/\/experienciadevida.com.ar\/portalurbano\/actos-escolares-por-el-dia-de-la-independencia-en-contextos-de-encierro\/\" \/>\n<meta property=\"article:publisher\" content=\"https:\/\/www.facebook.com\/Portal-Urbano-171542830093757\/\" \/>\n<meta property=\"article:published_time\" content=\"2022-07-15T13:38:29+00:00\" \/>\n<meta property=\"article:modified_time\" content=\"2022-07-15T13:38:58+00:00\" \/>\n<meta property=\"og:image\" content=\"https:\/\/experienciadevida.com.ar\/portalurbano\/wp-content\/uploads\/2022\/07\/Actos-escolares-por-el.jpg\" \/>\n\t<meta property=\"og:image:width\" content=\"640\" \/>\n\t<meta property=\"og:image:height\" content=\"480\" \/>\n\t<meta property=\"og:image:type\" content=\"image\/jpeg\" \/>\n<meta name=\"author\" content=\"admpu17wp\" \/>\n<meta name=\"twitter:card\" content=\"summary_large_image\" \/>\n<meta name=\"twitter:creator\" content=\"@portalurbanook\" \/>\n<meta name=\"twitter:site\" content=\"@portalurbanook\" \/>\n<meta name=\"twitter:label1\" content=\"Escrito por\" \/>\n\t<meta name=\"twitter:data1\" content=\"admpu17wp\" \/>\n\t<meta name=\"twitter:label2\" content=\"Tiempo de lectura\" \/>\n\t<meta name=\"twitter:data2\" content=\"2 minutos\" \/>\n<script type=\"application\/ld+json\" class=\"yoast-schema-graph\">{\"@context\":\"https:\/\/schema.org\",\"@graph\":[{\"@type\":\"Article\",\"@id\":\"https:\/\/experienciadevida.com.ar\/portalurbano\/actos-escolares-por-el-dia-de-la-independencia-en-contextos-de-encierro\/#article\",\"isPartOf\":{\"@id\":\"https:\/\/experienciadevida.com.ar\/portalurbano\/actos-escolares-por-el-dia-de-la-independencia-en-contextos-de-encierro\/\"},\"author\":{\"name\":\"admpu17wp\",\"@id\":\"https:\/\/experienciadevida.com.ar\/portalurbano\/#\/schema\/person\/02dd326b1c4b056e9cc972486934a3a7\"},\"headline\":\"Actos escolares por el D\u00eda de la Independencia en contextos de encierro\",\"datePublished\":\"2022-07-15T13:38:29+00:00\",\"dateModified\":\"2022-07-15T13:38:58+00:00\",\"mainEntityOfPage\":{\"@id\":\"https:\/\/experienciadevida.com.ar\/portalurbano\/actos-escolares-por-el-dia-de-la-independencia-en-contextos-de-encierro\/\"},\"wordCount\":463,\"publisher\":{\"@id\":\"https:\/\/experienciadevida.com.ar\/portalurbano\/#organization\"},\"articleSection\":[\"Ciudad\"],\"inLanguage\":\"es\"},{\"@type\":\"WebPage\",\"@id\":\"https:\/\/experienciadevida.com.ar\/portalurbano\/actos-escolares-por-el-dia-de-la-independencia-en-contextos-de-encierro\/\",\"url\":\"https:\/\/experienciadevida.com.ar\/portalurbano\/actos-escolares-por-el-dia-de-la-independencia-en-contextos-de-encierro\/\",\"name\":\"Actos escolares por el d\u00eda de la Independencia en contextos de encierro\",\"isPartOf\":{\"@id\":\"https:\/\/experienciadevida.com.ar\/portalurbano\/#website\"},\"datePublished\":\"2022-07-15T13:38:29+00:00\",\"dateModified\":\"2022-07-15T13:38:58+00:00\",\"description\":\"Actos escolares por el D\u00eda de la Independencia en contextos de encierro en las unidades Penales N\u00ba 2, 27 y 38 de Sierra Chica.\",\"breadcrumb\":{\"@id\":\"https:\/\/experienciadevida.com.ar\/portalurbano\/actos-escolares-por-el-dia-de-la-independencia-en-contextos-de-encierro\/#breadcrumb\"},\"inLanguage\":\"es\",\"potentialAction\":[{\"@type\":\"ReadAction\",\"target\":[\"https:\/\/experienciadevida.com.ar\/portalurbano\/actos-escolares-por-el-dia-de-la-independencia-en-contextos-de-encierro\/\"]}]},{\"@type\":\"BreadcrumbList\",\"@id\":\"https:\/\/experienciadevida.com.ar\/portalurbano\/actos-escolares-por-el-dia-de-la-independencia-en-contextos-de-encierro\/#breadcrumb\",\"itemListElement\":[{\"@type\":\"ListItem\",\"position\":1,\"name\":\"Portada\",\"item\":\"https:\/\/experienciadevida.com.ar\/portalurbano\/\"},{\"@type\":\"ListItem\",\"position\":2,\"name\":\"Actos escolares por el D\u00eda de la Independencia en contextos de encierro\"}]},{\"@type\":\"WebSite\",\"@id\":\"https:\/\/experienciadevida.com.ar\/portalurbano\/#website\",\"url\":\"https:\/\/experienciadevida.com.ar\/portalurbano\/\",\"name\":\"\",\"description\":\"\",\"publisher\":{\"@id\":\"https:\/\/experienciadevida.com.ar\/portalurbano\/#organization\"},\"potentialAction\":[{\"@type\":\"SearchAction\",\"target\":{\"@type\":\"EntryPoint\",\"urlTemplate\":\"https:\/\/experienciadevida.com.ar\/portalurbano\/?s={search_term_string}\"},\"query-input\":\"required name=search_term_string\"}],\"inLanguage\":\"es\"},{\"@type\":\"Organization\",\"@id\":\"https:\/\/experienciadevida.com.ar\/portalurbano\/#organization\",\"name\":\"Portal Urbano\",\"url\":\"https:\/\/experienciadevida.com.ar\/portalurbano\/\",\"logo\":{\"@type\":\"ImageObject\",\"inLanguage\":\"es\",\"@id\":\"https:\/\/experienciadevida.com.ar\/portalurbano\/#\/schema\/logo\/image\/\",\"url\":\"https:\/\/experienciadevida.com.ar\/portalurbano\/wp-content\/uploads\/2019\/09\/Logo-Original.png\",\"contentUrl\":\"https:\/\/experienciadevida.com.ar\/portalurbano\/wp-content\/uploads\/2019\/09\/Logo-Original.png\",\"width\":2236,\"height\":1216,\"caption\":\"Portal Urbano\"},\"image\":{\"@id\":\"https:\/\/experienciadevida.com.ar\/portalurbano\/#\/schema\/logo\/image\/\"},\"sameAs\":[\"https:\/\/www.facebook.com\/Portal-Urbano-171542830093757\/\",\"https:\/\/twitter.com\/portalurbanook\",\"https:\/\/www.instagram.com\/_portalurbano\/\",\"https:\/\/www.youtube.com\/channel\/UCXhagIfszH8KxFiOok79zbA?view_as=subscriber\"]},{\"@type\":\"Person\",\"@id\":\"https:\/\/experienciadevida.com.ar\/portalurbano\/#\/schema\/person\/02dd326b1c4b056e9cc972486934a3a7\",\"name\":\"admpu17wp\",\"image\":{\"@type\":\"ImageObject\",\"inLanguage\":\"es\",\"@id\":\"https:\/\/experienciadevida.com.ar\/portalurbano\/#\/schema\/person\/image\/\",\"url\":\"https:\/\/secure.gravatar.com\/avatar\/830d4c57adaae6630765e449a6908047?s=96&d=mm&r=g\",\"contentUrl\":\"https:\/\/secure.gravatar.com\/avatar\/830d4c57adaae6630765e449a6908047?s=96&d=mm&r=g\",\"caption\":\"admpu17wp\"}}]}<\/script>\n<!-- \/ Yoast SEO plugin. -->","yoast_head_json":{"title":"Actos escolares por el d\u00eda de la Independencia en contextos de encierro","description":"Actos escolares por el D\u00eda de la Independencia en contextos de encierro en las unidades Penales N\u00ba 2, 27 y 38 de Sierra Chica.","robots":{"index":"index","follow":"follow","max-snippet":"max-snippet:-1","max-image-preview":"max-image-preview:large","max-video-preview":"max-video-preview:-1"},"canonical":"https:\/\/experienciadevida.com.ar\/portalurbano\/actos-escolares-por-el-dia-de-la-independencia-en-contextos-de-encierro\/","og_locale":"es_ES","og_type":"article","og_title":"Actos escolares por el d\u00eda de la Independencia en contextos de encierro","og_description":"Actos escolares por el D\u00eda de la Independencia en contextos de encierro en las unidades Penales N\u00ba 2, 27 y 38 de Sierra Chica.","og_url":"https:\/\/experienciadevida.com.ar\/portalurbano\/actos-escolares-por-el-dia-de-la-independencia-en-contextos-de-encierro\/","article_publisher":"https:\/\/www.facebook.com\/Portal-Urbano-171542830093757\/","article_published_time":"2022-07-15T13:38:29+00:00","article_modified_time":"2022-07-15T13:38:58+00:00","og_image":[{"width":640,"height":480,"url":"https:\/\/experienciadevida.com.ar\/portalurbano\/wp-content\/uploads\/2022\/07\/Actos-escolares-por-el.jpg","type":"image\/jpeg"}],"author":"admpu17wp","twitter_card":"summary_large_image","twitter_creator":"@portalurbanook","twitter_site":"@portalurbanook","twitter_misc":{"Escrito por":"admpu17wp","Tiempo de lectura":"2 minutos"},"schema":{"@context":"https:\/\/schema.org","@graph":[{"@type":"Article","@id":"https:\/\/experienciadevida.com.ar\/portalurbano\/actos-escolares-por-el-dia-de-la-independencia-en-contextos-de-encierro\/#article","isPartOf":{"@id":"https:\/\/experienciadevida.com.ar\/portalurbano\/actos-escolares-por-el-dia-de-la-independencia-en-contextos-de-encierro\/"},"author":{"name":"admpu17wp","@id":"https:\/\/experienciadevida.com.ar\/portalurbano\/#\/schema\/person\/02dd326b1c4b056e9cc972486934a3a7"},"headline":"Actos escolares por el D\u00eda de la Independencia en contextos de encierro","datePublished":"2022-07-15T13:38:29+00:00","dateModified":"2022-07-15T13:38:58+00:00","mainEntityOfPage":{"@id":"https:\/\/experienciadevida.com.ar\/portalurbano\/actos-escolares-por-el-dia-de-la-independencia-en-contextos-de-encierro\/"},"wordCount":463,"publisher":{"@id":"https:\/\/experienciadevida.com.ar\/portalurbano\/#organization"},"articleSection":["Ciudad"],"inLanguage":"es"},{"@type":"WebPage","@id":"https:\/\/experienciadevida.com.ar\/portalurbano\/actos-escolares-por-el-dia-de-la-independencia-en-contextos-de-encierro\/","url":"https:\/\/experienciadevida.com.ar\/portalurbano\/actos-escolares-por-el-dia-de-la-independencia-en-contextos-de-encierro\/","name":"Actos escolares por el d\u00eda de la Independencia en contextos de encierro","isPartOf":{"@id":"https:\/\/experienciadevida.com.ar\/portalurbano\/#website"},"datePublished":"2022-07-15T13:38:29+00:00","dateModified":"2022-07-15T13:38:58+00:00","description":"Actos escolares por el D\u00eda de la Independencia en contextos de encierro en las unidades Penales N\u00ba 2, 27 y 38 de Sierra Chica.","breadcrumb":{"@id":"https:\/\/experienciadevida.com.ar\/portalurbano\/actos-escolares-por-el-dia-de-la-independencia-en-contextos-de-encierro\/#breadcrumb"},"inLanguage":"es","potentialAction":[{"@type":"ReadAction","target":["https:\/\/experienciadevida.com.ar\/portalurbano\/actos-escolares-por-el-dia-de-la-independencia-en-contextos-de-encierro\/"]}]},{"@type":"BreadcrumbList","@id":"https:\/\/experienciadevida.com.ar\/portalurbano\/actos-escolares-por-el-dia-de-la-independencia-en-contextos-de-encierro\/#breadcrumb","itemListElement":[{"@type":"ListItem","position":1,"name":"Portada","item":"https:\/\/experienciadevida.com.ar\/portalurbano\/"},{"@type":"ListItem","position":2,"name":"Actos escolares por el D\u00eda de la Independencia en contextos de encierro"}]},{"@type":"WebSite","@id":"https:\/\/experienciadevida.com.ar\/portalurbano\/#website","url":"https:\/\/experienciadevida.com.ar\/portalurbano\/","name":"","description":"","publisher":{"@id":"https:\/\/experienciadevida.com.ar\/portalurbano\/#organization"},"potentialAction":[{"@type":"SearchAction","target":{"@type":"EntryPoint","urlTemplate":"https:\/\/experienciadevida.com.ar\/portalurbano\/?s={search_term_string}"},"query-input":"required name=search_term_string"}],"inLanguage":"es"},{"@type":"Organization","@id":"https:\/\/experienciadevida.com.ar\/portalurbano\/#organization","name":"Portal Urbano","url":"https:\/\/experienciadevida.com.ar\/portalurbano\/","logo":{"@type":"ImageObject","inLanguage":"es","@id":"https:\/\/experienciadevida.com.ar\/portalurbano\/#\/schema\/logo\/image\/","url":"https:\/\/experienciadevida.com.ar\/portalurbano\/wp-content\/uploads\/2019\/09\/Logo-Original.png","contentUrl":"https:\/\/experienciadevida.com.ar\/portalurbano\/wp-content\/uploads\/2019\/09\/Logo-Original.png","width":2236,"height":1216,"caption":"Portal Urbano"},"image":{"@id":"https:\/\/experienciadevida.com.ar\/portalurbano\/#\/schema\/logo\/image\/"},"sameAs":["https:\/\/www.facebook.com\/Portal-Urbano-171542830093757\/","https:\/\/twitter.com\/portalurbanook","https:\/\/www.instagram.com\/_portalurbano\/","https:\/\/www.youtube.com\/channel\/UCXhagIfszH8KxFiOok79zbA?view_as=subscriber"]},{"@type":"Person","@id":"https:\/\/experienciadevida.com.ar\/portalurbano\/#\/schema\/person\/02dd326b1c4b056e9cc972486934a3a7","name":"admpu17wp","image":{"@type":"ImageObject","inLanguage":"es","@id":"https:\/\/experienciadevida.com.ar\/portalurbano\/#\/schema\/person\/image\/","url":"https:\/\/secure.gravatar.com\/avatar\/830d4c57adaae6630765e449a6908047?s=96&d=mm&r=g","contentUrl":"https:\/\/secure.gravatar.com\/avatar\/830d4c57adaae6630765e449a6908047?s=96&d=mm&r=g","caption":"admpu17wp"}}]}},"featured_image_urls":{"full":["https:\/\/experienciadevida.com.ar\/portalurbano\/wp-content\/uploads\/2022\/07\/Actos-escolares-por-el.jpg",640,480,false],"thumbnail":["https:\/\/experienciadevida.com.ar\/portalurbano\/wp-content\/uploads\/2022\/07\/Actos-escolares-por-el-150x150.jpg",150,150,true],"medium":["https:\/\/experienciadevida.com.ar\/portalurbano\/wp-content\/uploads\/2022\/07\/Actos-escolares-por-el-300x225.jpg",300,225,true],"medium_large":["https:\/\/experienciadevida.com.ar\/portalurbano\/wp-content\/uploads\/2022\/07\/Actos-escolares-por-el.jpg",640,480,false],"large":["https:\/\/experienciadevida.com.ar\/portalurbano\/wp-content\/uploads\/2022\/07\/Actos-escolares-por-el.jpg",640,480,false],"ug_big":["https:\/\/experienciadevida.com.ar\/portalurbano\/wp-content\/uploads\/2022\/07\/Actos-escolares-por-el.jpg",640,480,false],"1536x1536":["https:\/\/experienciadevida.com.ar\/portalurbano\/wp-content\/uploads\/2022\/07\/Actos-escolares-por-el.jpg",640,480,false],"2048x2048":["https:\/\/experienciadevida.com.ar\/portalurbano\/wp-content\/uploads\/2022\/07\/Actos-escolares-por-el.jpg",640,480,false],"newsever-slider-full":["https:\/\/experienciadevida.com.ar\/portalurbano\/wp-content\/uploads\/2022\/07\/Actos-escolares-por-el.jpg",640,480,false],"newsever-featured":["https:\/\/experienciadevida.com.ar\/portalurbano\/wp-content\/uploads\/2022\/07\/Actos-escolares-por-el.jpg",640,480,false],"newsever-medium":["https:\/\/experienciadevida.com.ar\/portalurbano\/wp-content\/uploads\/2022\/07\/Actos-escolares-por-el.jpg",633,475,false],"web-stories-poster-portrait":["https:\/\/experienciadevida.com.ar\/portalurbano\/wp-content\/uploads\/2022\/07\/Actos-escolares-por-el.jpg",640,480,false],"web-stories-publisher-logo":["https:\/\/experienciadevida.com.ar\/portalurbano\/wp-content\/uploads\/2022\/07\/Actos-escolares-por-el.jpg",96,72,false],"web-stories-thumbnail":["https:\/\/experienciadevida.com.ar\/portalurbano\/wp-content\/uploads\/2022\/07\/Actos-escolares-por-el.jpg",150,113,false]},"author_info":{"display_name":"admpu17wp","author_link":"https:\/\/experienciadevida.com.ar\/portalurbano\/author\/admpu17wp\/"},"category_info":"<a href=\"https:\/\/experienciadevida.com.ar\/portalurbano\/category\/ciudad\/\" rel=\"category tag\">Ciudad<\/a>","tag_info":"Ciudad","comment_count":"0","amp_enabled":true,"_links":{"self":[{"href":"https:\/\/experienciadevida.com.ar\/portalurbano\/wp-json\/wp\/v2\/posts\/171482"}],"collection":[{"href":"https:\/\/experienciadevida.com.ar\/portalurbano\/wp-json\/wp\/v2\/posts"}],"about":[{"href":"https:\/\/experienciadevida.com.ar\/portalurbano\/wp-json\/wp\/v2\/types\/post"}],"author":[{"embeddable":true,"href":"https:\/\/experienciadevida.com.ar\/portalurbano\/wp-json\/wp\/v2\/users\/1"}],"replies":[{"embeddable":true,"href":"https:\/\/experienciadevida.com.ar\/portalurbano\/wp-json\/wp\/v2\/comments?post=171482"}],"version-history":[{"count":1,"href":"https:\/\/experienciadevida.com.ar\/portalurbano\/wp-json\/wp\/v2\/posts\/171482\/revisions"}],"predecessor-version":[{"id":171484,"href":"https:\/\/experienciadevida.com.ar\/portalurbano\/wp-json\/wp\/v2\/posts\/171482\/revisions\/171484"}],"wp:featuredmedia":[{"embeddable":true,"href":"https:\/\/experienciadevida.com.ar\/portalurbano\/wp-json\/wp\/v2\/media\/171483"}],"wp:attachment":[{"href":"https:\/\/experienciadevida.com.ar\/portalurbano\/wp-json\/wp\/v2\/media?parent=171482"}],"wp:term":[{"taxonomy":"category","embeddable":true,"href":"https:\/\/experienciadevida.com.ar\/portalurbano\/wp-json\/wp\/v2\/categories?post=171482"},{"taxonomy":"post_tag","embeddable":true,"href":"https:\/\/experienciadevida.com.ar\/portalurbano\/wp-json\/wp\/v2\/tags?post=171482"}],"curies":[{"name":"wp","href":"https:\/\/api.w.org\/{rel}","templated":true}]}}