{"id":171468,"date":"2022-07-14T21:45:17","date_gmt":"2022-07-15T00:45:17","guid":{"rendered":"https:\/\/experienciadevida.com.ar\/portalurbano\/?p=171468"},"modified":"2022-07-14T21:47:14","modified_gmt":"2022-07-15T00:47:14","slug":"se-realiza-la-limpieza-del-canal-de-ruta-no-226","status":"publish","type":"post","link":"https:\/\/experienciadevida.com.ar\/portalurbano\/se-realiza-la-limpieza-del-canal-de-ruta-no-226\/","title":{"rendered":"Se realiza la limpieza del canal de Ruta N\u00ba 226"},"content":{"rendered":"<p>Se realiza la limpieza del canal de Ruta N\u00ba 226, as\u00ed lo informaron desde la Secretar\u00eda de Mantenimiento y Obras P\u00fablicas de la <a href=\"https:\/\/www.facebook.com\/municipiodeolavarria\">Municipalidad<\/a> se inform\u00f3 que este mi\u00e9rcoles se iniciaron los trabajos de limpieza del canal de Ruta Nacional N\u00ba 226.<\/p>\n<p>Desde la Direcci\u00f3n de Hidr\u00e1ulica se indic\u00f3 que las tareas \u2013que finalizar\u00e1n este viernes- comprenden una extensi\u00f3n total de 700 metros, desde Av. Ituzaing\u00f3 hasta el Arroyo Tapalqu\u00e9.<\/p>\n<p>Dicho canal cumple una funci\u00f3n importante porque permite evacuar el agua de lluvia proveniente de todos los barrios que se encuentran ubicados al noroeste de la planta urbana de la ciudad.<\/p>\n<p>La obra se lleva a cabo con maquinaria vial de la Municipalidad y el transporte de los residuos extra\u00eddos del canal es realizado con camiones por una empresa privada contratada.<\/p>\n<p>Dicho canal \u2013al igual que los restantes- se ve naturalmente afectado por el crecimiento de vegetaci\u00f3n y arbustos, acumulaci\u00f3n de sedimentos, materiales sueltos y residuos, que dificultan el normal escurrimiento y generan acumulaci\u00f3n de agua en calles.<\/p>\n<p>La limpieza comprende la eliminaci\u00f3n de crecimiento de vegetaci\u00f3n tales como \u00e1rboles y arbustos, el retiro de materiales sueltos, basura, sedimentos, que se encuentran en el cauce del canal, para permitir un adecuado escurrimiento del agua.<\/p>\n","protected":false},"excerpt":{"rendered":"<p>Se realiza la limpieza del canal de Ruta N\u00ba 226, as\u00ed lo informaron desde la&#8230;<\/p>\n","protected":false},"author":1,"featured_media":171469,"comment_status":"closed","ping_status":"closed","sticky":false,"template":"","format":"standard","meta":{"content-type":""},"categories":[27,51],"tags":[],"nelio_content":{"isAutoShareEnabled":false,"autoShareEndMode":"default","automationSources":{"useContentSentences":true,"useSocialTemplates":true,"useCustomSentences":false,"customSentences":[]},"followers":[1],"suggestedReferences":[],"includedReferences":[],"efiUrl":"","efiAlt":"","highlights":[]},"yoast_head":"<!-- This site is optimized with the Yoast SEO plugin v20.7 - https:\/\/yoast.com\/wordpress\/plugins\/seo\/ -->\n<title>Se realiza la limpieza del canal de Ruta n\u00b0226<\/title>\n<meta name=\"description\" content=\"Se realiza la limpieza del canal de Ruta N\u00ba 226, as\u00ed lo informaron desde la Secretar\u00eda de Mantenimiento y Obras P\u00fablicas\" \/>\n<meta name=\"robots\" content=\"index, follow, max-snippet:-1, max-image-preview:large, max-video-preview:-1\" \/>\n<link rel=\"canonical\" href=\"https:\/\/experienciadevida.com.ar\/portalurbano\/se-realiza-la-limpieza-del-canal-de-ruta-no-226\/\" \/>\n<meta property=\"og:locale\" content=\"es_ES\" \/>\n<meta property=\"og:type\" content=\"article\" \/>\n<meta property=\"og:title\" content=\"Se realiza la limpieza del canal de Ruta n\u00b0226\" \/>\n<meta property=\"og:description\" content=\"Se realiza la limpieza del canal de Ruta N\u00ba 226, as\u00ed lo informaron desde la Secretar\u00eda de Mantenimiento y Obras P\u00fablicas\" \/>\n<meta property=\"og:url\" content=\"https:\/\/experienciadevida.com.ar\/portalurbano\/se-realiza-la-limpieza-del-canal-de-ruta-no-226\/\" \/>\n<meta property=\"article:publisher\" content=\"https:\/\/www.facebook.com\/Portal-Urbano-171542830093757\/\" \/>\n<meta property=\"article:published_time\" content=\"2022-07-15T00:45:17+00:00\" \/>\n<meta property=\"article:modified_time\" content=\"2022-07-15T00:47:14+00:00\" \/>\n<meta property=\"og:image\" content=\"https:\/\/experienciadevida.com.ar\/portalurbano\/wp-content\/uploads\/2022\/07\/Se-realiza-la-limpieza.jpg\" \/>\n\t<meta property=\"og:image:width\" content=\"1772\" \/>\n\t<meta property=\"og:image:height\" content=\"1181\" \/>\n\t<meta property=\"og:image:type\" content=\"image\/jpeg\" \/>\n<meta name=\"author\" content=\"admpu17wp\" \/>\n<meta name=\"twitter:card\" content=\"summary_large_image\" \/>\n<meta name=\"twitter:creator\" content=\"@portalurbanook\" \/>\n<meta name=\"twitter:site\" content=\"@portalurbanook\" \/>\n<meta name=\"twitter:label1\" content=\"Escrito por\" \/>\n\t<meta name=\"twitter:data1\" content=\"admpu17wp\" \/>\n\t<meta name=\"twitter:label2\" content=\"Tiempo de lectura\" \/>\n\t<meta name=\"twitter:data2\" content=\"1 minuto\" \/>\n<script type=\"application\/ld+json\" class=\"yoast-schema-graph\">{\"@context\":\"https:\/\/schema.org\",\"@graph\":[{\"@type\":\"Article\",\"@id\":\"https:\/\/experienciadevida.com.ar\/portalurbano\/se-realiza-la-limpieza-del-canal-de-ruta-no-226\/#article\",\"isPartOf\":{\"@id\":\"https:\/\/experienciadevida.com.ar\/portalurbano\/se-realiza-la-limpieza-del-canal-de-ruta-no-226\/\"},\"author\":{\"name\":\"admpu17wp\",\"@id\":\"https:\/\/experienciadevida.com.ar\/portalurbano\/#\/schema\/person\/02dd326b1c4b056e9cc972486934a3a7\"},\"headline\":\"Se realiza la limpieza del canal de Ruta N\u00ba 226\",\"datePublished\":\"2022-07-15T00:45:17+00:00\",\"dateModified\":\"2022-07-15T00:47:14+00:00\",\"mainEntityOfPage\":{\"@id\":\"https:\/\/experienciadevida.com.ar\/portalurbano\/se-realiza-la-limpieza-del-canal-de-ruta-no-226\/\"},\"wordCount\":224,\"publisher\":{\"@id\":\"https:\/\/experienciadevida.com.ar\/portalurbano\/#organization\"},\"articleSection\":[\"Ciudad\",\"Destacadas\"],\"inLanguage\":\"es\"},{\"@type\":\"WebPage\",\"@id\":\"https:\/\/experienciadevida.com.ar\/portalurbano\/se-realiza-la-limpieza-del-canal-de-ruta-no-226\/\",\"url\":\"https:\/\/experienciadevida.com.ar\/portalurbano\/se-realiza-la-limpieza-del-canal-de-ruta-no-226\/\",\"name\":\"Se realiza la limpieza del canal de Ruta n\u00b0226\",\"isPartOf\":{\"@id\":\"https:\/\/experienciadevida.com.ar\/portalurbano\/#website\"},\"datePublished\":\"2022-07-15T00:45:17+00:00\",\"dateModified\":\"2022-07-15T00:47:14+00:00\",\"description\":\"Se realiza la limpieza del canal de Ruta N\u00ba 226, as\u00ed lo informaron desde la Secretar\u00eda de Mantenimiento y Obras P\u00fablicas\",\"breadcrumb\":{\"@id\":\"https:\/\/experienciadevida.com.ar\/portalurbano\/se-realiza-la-limpieza-del-canal-de-ruta-no-226\/#breadcrumb\"},\"inLanguage\":\"es\",\"potentialAction\":[{\"@type\":\"ReadAction\",\"target\":[\"https:\/\/experienciadevida.com.ar\/portalurbano\/se-realiza-la-limpieza-del-canal-de-ruta-no-226\/\"]}]},{\"@type\":\"BreadcrumbList\",\"@id\":\"https:\/\/experienciadevida.com.ar\/portalurbano\/se-realiza-la-limpieza-del-canal-de-ruta-no-226\/#breadcrumb\",\"itemListElement\":[{\"@type\":\"ListItem\",\"position\":1,\"name\":\"Portada\",\"item\":\"https:\/\/experienciadevida.com.ar\/portalurbano\/\"},{\"@type\":\"ListItem\",\"position\":2,\"name\":\"Se realiza la limpieza del canal de Ruta N\u00ba 226\"}]},{\"@type\":\"WebSite\",\"@id\":\"https:\/\/experienciadevida.com.ar\/portalurbano\/#website\",\"url\":\"https:\/\/experienciadevida.com.ar\/portalurbano\/\",\"name\":\"\",\"description\":\"\",\"publisher\":{\"@id\":\"https:\/\/experienciadevida.com.ar\/portalurbano\/#organization\"},\"potentialAction\":[{\"@type\":\"SearchAction\",\"target\":{\"@type\":\"EntryPoint\",\"urlTemplate\":\"https:\/\/experienciadevida.com.ar\/portalurbano\/?s={search_term_string}\"},\"query-input\":\"required name=search_term_string\"}],\"inLanguage\":\"es\"},{\"@type\":\"Organization\",\"@id\":\"https:\/\/experienciadevida.com.ar\/portalurbano\/#organization\",\"name\":\"Portal Urbano\",\"url\":\"https:\/\/experienciadevida.com.ar\/portalurbano\/\",\"logo\":{\"@type\":\"ImageObject\",\"inLanguage\":\"es\",\"@id\":\"https:\/\/experienciadevida.com.ar\/portalurbano\/#\/schema\/logo\/image\/\",\"url\":\"https:\/\/experienciadevida.com.ar\/portalurbano\/wp-content\/uploads\/2019\/09\/Logo-Original.png\",\"contentUrl\":\"https:\/\/experienciadevida.com.ar\/portalurbano\/wp-content\/uploads\/2019\/09\/Logo-Original.png\",\"width\":2236,\"height\":1216,\"caption\":\"Portal Urbano\"},\"image\":{\"@id\":\"https:\/\/experienciadevida.com.ar\/portalurbano\/#\/schema\/logo\/image\/\"},\"sameAs\":[\"https:\/\/www.facebook.com\/Portal-Urbano-171542830093757\/\",\"https:\/\/twitter.com\/portalurbanook\",\"https:\/\/www.instagram.com\/_portalurbano\/\",\"https:\/\/www.youtube.com\/channel\/UCXhagIfszH8KxFiOok79zbA?view_as=subscriber\"]},{\"@type\":\"Person\",\"@id\":\"https:\/\/experienciadevida.com.ar\/portalurbano\/#\/schema\/person\/02dd326b1c4b056e9cc972486934a3a7\",\"name\":\"admpu17wp\",\"image\":{\"@type\":\"ImageObject\",\"inLanguage\":\"es\",\"@id\":\"https:\/\/experienciadevida.com.ar\/portalurbano\/#\/schema\/person\/image\/\",\"url\":\"https:\/\/secure.gravatar.com\/avatar\/830d4c57adaae6630765e449a6908047?s=96&d=mm&r=g\",\"contentUrl\":\"https:\/\/secure.gravatar.com\/avatar\/830d4c57adaae6630765e449a6908047?s=96&d=mm&r=g\",\"caption\":\"admpu17wp\"}}]}<\/script>\n<!-- \/ Yoast SEO plugin. -->","yoast_head_json":{"title":"Se realiza la limpieza del canal de Ruta n\u00b0226","description":"Se realiza la limpieza del canal de Ruta N\u00ba 226, as\u00ed lo informaron desde la Secretar\u00eda de Mantenimiento y Obras P\u00fablicas","robots":{"index":"index","follow":"follow","max-snippet":"max-snippet:-1","max-image-preview":"max-image-preview:large","max-video-preview":"max-video-preview:-1"},"canonical":"https:\/\/experienciadevida.com.ar\/portalurbano\/se-realiza-la-limpieza-del-canal-de-ruta-no-226\/","og_locale":"es_ES","og_type":"article","og_title":"Se realiza la limpieza del canal de Ruta n\u00b0226","og_description":"Se realiza la limpieza del canal de Ruta N\u00ba 226, as\u00ed lo informaron desde la Secretar\u00eda de Mantenimiento y Obras P\u00fablicas","og_url":"https:\/\/experienciadevida.com.ar\/portalurbano\/se-realiza-la-limpieza-del-canal-de-ruta-no-226\/","article_publisher":"https:\/\/www.facebook.com\/Portal-Urbano-171542830093757\/","article_published_time":"2022-07-15T00:45:17+00:00","article_modified_time":"2022-07-15T00:47:14+00:00","og_image":[{"width":1772,"height":1181,"url":"https:\/\/experienciadevida.com.ar\/portalurbano\/wp-content\/uploads\/2022\/07\/Se-realiza-la-limpieza.jpg","type":"image\/jpeg"}],"author":"admpu17wp","twitter_card":"summary_large_image","twitter_creator":"@portalurbanook","twitter_site":"@portalurbanook","twitter_misc":{"Escrito por":"admpu17wp","Tiempo de lectura":"1 minuto"},"schema":{"@context":"https:\/\/schema.org","@graph":[{"@type":"Article","@id":"https:\/\/experienciadevida.com.ar\/portalurbano\/se-realiza-la-limpieza-del-canal-de-ruta-no-226\/#article","isPartOf":{"@id":"https:\/\/experienciadevida.com.ar\/portalurbano\/se-realiza-la-limpieza-del-canal-de-ruta-no-226\/"},"author":{"name":"admpu17wp","@id":"https:\/\/experienciadevida.com.ar\/portalurbano\/#\/schema\/person\/02dd326b1c4b056e9cc972486934a3a7"},"headline":"Se realiza la limpieza del canal de Ruta N\u00ba 226","datePublished":"2022-07-15T00:45:17+00:00","dateModified":"2022-07-15T00:47:14+00:00","mainEntityOfPage":{"@id":"https:\/\/experienciadevida.com.ar\/portalurbano\/se-realiza-la-limpieza-del-canal-de-ruta-no-226\/"},"wordCount":224,"publisher":{"@id":"https:\/\/experienciadevida.com.ar\/portalurbano\/#organization"},"articleSection":["Ciudad","Destacadas"],"inLanguage":"es"},{"@type":"WebPage","@id":"https:\/\/experienciadevida.com.ar\/portalurbano\/se-realiza-la-limpieza-del-canal-de-ruta-no-226\/","url":"https:\/\/experienciadevida.com.ar\/portalurbano\/se-realiza-la-limpieza-del-canal-de-ruta-no-226\/","name":"Se realiza la limpieza del canal de Ruta n\u00b0226","isPartOf":{"@id":"https:\/\/experienciadevida.com.ar\/portalurbano\/#website"},"datePublished":"2022-07-15T00:45:17+00:00","dateModified":"2022-07-15T00:47:14+00:00","description":"Se realiza la limpieza del canal de Ruta N\u00ba 226, as\u00ed lo informaron desde la Secretar\u00eda de Mantenimiento y Obras P\u00fablicas","breadcrumb":{"@id":"https:\/\/experienciadevida.com.ar\/portalurbano\/se-realiza-la-limpieza-del-canal-de-ruta-no-226\/#breadcrumb"},"inLanguage":"es","potentialAction":[{"@type":"ReadAction","target":["https:\/\/experienciadevida.com.ar\/portalurbano\/se-realiza-la-limpieza-del-canal-de-ruta-no-226\/"]}]},{"@type":"BreadcrumbList","@id":"https:\/\/experienciadevida.com.ar\/portalurbano\/se-realiza-la-limpieza-del-canal-de-ruta-no-226\/#breadcrumb","itemListElement":[{"@type":"ListItem","position":1,"name":"Portada","item":"https:\/\/experienciadevida.com.ar\/portalurbano\/"},{"@type":"ListItem","position":2,"name":"Se realiza la limpieza del canal de Ruta N\u00ba 226"}]},{"@type":"WebSite","@id":"https:\/\/experienciadevida.com.ar\/portalurbano\/#website","url":"https:\/\/experienciadevida.com.ar\/portalurbano\/","name":"","description":"","publisher":{"@id":"https:\/\/experienciadevida.com.ar\/portalurbano\/#organization"},"potentialAction":[{"@type":"SearchAction","target":{"@type":"EntryPoint","urlTemplate":"https:\/\/experienciadevida.com.ar\/portalurbano\/?s={search_term_string}"},"query-input":"required name=search_term_string"}],"inLanguage":"es"},{"@type":"Organization","@id":"https:\/\/experienciadevida.com.ar\/portalurbano\/#organization","name":"Portal Urbano","url":"https:\/\/experienciadevida.com.ar\/portalurbano\/","logo":{"@type":"ImageObject","inLanguage":"es","@id":"https:\/\/experienciadevida.com.ar\/portalurbano\/#\/schema\/logo\/image\/","url":"https:\/\/experienciadevida.com.ar\/portalurbano\/wp-content\/uploads\/2019\/09\/Logo-Original.png","contentUrl":"https:\/\/experienciadevida.com.ar\/portalurbano\/wp-content\/uploads\/2019\/09\/Logo-Original.png","width":2236,"height":1216,"caption":"Portal Urbano"},"image":{"@id":"https:\/\/experienciadevida.com.ar\/portalurbano\/#\/schema\/logo\/image\/"},"sameAs":["https:\/\/www.facebook.com\/Portal-Urbano-171542830093757\/","https:\/\/twitter.com\/portalurbanook","https:\/\/www.instagram.com\/_portalurbano\/","https:\/\/www.youtube.com\/channel\/UCXhagIfszH8KxFiOok79zbA?view_as=subscriber"]},{"@type":"Person","@id":"https:\/\/experienciadevida.com.ar\/portalurbano\/#\/schema\/person\/02dd326b1c4b056e9cc972486934a3a7","name":"admpu17wp","image":{"@type":"ImageObject","inLanguage":"es","@id":"https:\/\/experienciadevida.com.ar\/portalurbano\/#\/schema\/person\/image\/","url":"https:\/\/secure.gravatar.com\/avatar\/830d4c57adaae6630765e449a6908047?s=96&d=mm&r=g","contentUrl":"https:\/\/secure.gravatar.com\/avatar\/830d4c57adaae6630765e449a6908047?s=96&d=mm&r=g","caption":"admpu17wp"}}]}},"featured_image_urls":{"full":["https:\/\/experienciadevida.com.ar\/portalurbano\/wp-content\/uploads\/2022\/07\/Se-realiza-la-limpieza.jpg",1772,1181,false],"thumbnail":["https:\/\/experienciadevida.com.ar\/portalurbano\/wp-content\/uploads\/2022\/07\/Se-realiza-la-limpieza-150x150.jpg",150,150,true],"medium":["https:\/\/experienciadevida.com.ar\/portalurbano\/wp-content\/uploads\/2022\/07\/Se-realiza-la-limpieza-300x200.jpg",300,200,true],"medium_large":["https:\/\/experienciadevida.com.ar\/portalurbano\/wp-content\/uploads\/2022\/07\/Se-realiza-la-limpieza-768x512.jpg",640,427,true],"large":["https:\/\/experienciadevida.com.ar\/portalurbano\/wp-content\/uploads\/2022\/07\/Se-realiza-la-limpieza-1024x682.jpg",640,426,true],"ug_big":["https:\/\/experienciadevida.com.ar\/portalurbano\/wp-content\/uploads\/2022\/07\/Se-realiza-la-limpieza-768x512.jpg",768,512,true],"1536x1536":["https:\/\/experienciadevida.com.ar\/portalurbano\/wp-content\/uploads\/2022\/07\/Se-realiza-la-limpieza-1536x1024.jpg",1536,1024,true],"2048x2048":["https:\/\/experienciadevida.com.ar\/portalurbano\/wp-content\/uploads\/2022\/07\/Se-realiza-la-limpieza.jpg",1772,1181,false],"newsever-slider-full":["https:\/\/experienciadevida.com.ar\/portalurbano\/wp-content\/uploads\/2022\/07\/Se-realiza-la-limpieza.jpg",1268,845,false],"newsever-featured":["https:\/\/experienciadevida.com.ar\/portalurbano\/wp-content\/uploads\/2022\/07\/Se-realiza-la-limpieza.jpg",1024,682,false],"newsever-medium":["https:\/\/experienciadevida.com.ar\/portalurbano\/wp-content\/uploads\/2022\/07\/Se-realiza-la-limpieza.jpg",713,475,false],"web-stories-poster-portrait":["https:\/\/experienciadevida.com.ar\/portalurbano\/wp-content\/uploads\/2022\/07\/Se-realiza-la-limpieza.jpg",640,427,false],"web-stories-publisher-logo":["https:\/\/experienciadevida.com.ar\/portalurbano\/wp-content\/uploads\/2022\/07\/Se-realiza-la-limpieza.jpg",96,64,false],"web-stories-thumbnail":["https:\/\/experienciadevida.com.ar\/portalurbano\/wp-content\/uploads\/2022\/07\/Se-realiza-la-limpieza.jpg",150,100,false]},"author_info":{"display_name":"admpu17wp","author_link":"https:\/\/experienciadevida.com.ar\/portalurbano\/author\/admpu17wp\/"},"category_info":"<a href=\"https:\/\/experienciadevida.com.ar\/portalurbano\/category\/ciudad\/\" rel=\"category tag\">Ciudad<\/a> <a href=\"https:\/\/experienciadevida.com.ar\/portalurbano\/category\/destacadas\/\" rel=\"category tag\">Destacadas<\/a>","tag_info":"Destacadas","comment_count":"0","amp_enabled":true,"_links":{"self":[{"href":"https:\/\/experienciadevida.com.ar\/portalurbano\/wp-json\/wp\/v2\/posts\/171468"}],"collection":[{"href":"https:\/\/experienciadevida.com.ar\/portalurbano\/wp-json\/wp\/v2\/posts"}],"about":[{"href":"https:\/\/experienciadevida.com.ar\/portalurbano\/wp-json\/wp\/v2\/types\/post"}],"author":[{"embeddable":true,"href":"https:\/\/experienciadevida.com.ar\/portalurbano\/wp-json\/wp\/v2\/users\/1"}],"replies":[{"embeddable":true,"href":"https:\/\/experienciadevida.com.ar\/portalurbano\/wp-json\/wp\/v2\/comments?post=171468"}],"version-history":[{"count":3,"href":"https:\/\/experienciadevida.com.ar\/portalurbano\/wp-json\/wp\/v2\/posts\/171468\/revisions"}],"predecessor-version":[{"id":171472,"href":"https:\/\/experienciadevida.com.ar\/portalurbano\/wp-json\/wp\/v2\/posts\/171468\/revisions\/171472"}],"wp:featuredmedia":[{"embeddable":true,"href":"https:\/\/experienciadevida.com.ar\/portalurbano\/wp-json\/wp\/v2\/media\/171469"}],"wp:attachment":[{"href":"https:\/\/experienciadevida.com.ar\/portalurbano\/wp-json\/wp\/v2\/media?parent=171468"}],"wp:term":[{"taxonomy":"category","embeddable":true,"href":"https:\/\/experienciadevida.com.ar\/portalurbano\/wp-json\/wp\/v2\/categories?post=171468"},{"taxonomy":"post_tag","embeddable":true,"href":"https:\/\/experienciadevida.com.ar\/portalurbano\/wp-json\/wp\/v2\/tags?post=171468"}],"curies":[{"name":"wp","href":"https:\/\/api.w.org\/{rel}","templated":true}]}}