{"id":171458,"date":"2022-07-14T21:34:08","date_gmt":"2022-07-15T00:34:08","guid":{"rendered":"https:\/\/experienciadevida.com.ar\/portalurbano\/?p=171458"},"modified":"2022-07-14T21:41:04","modified_gmt":"2022-07-15T00:41:04","slug":"olavarria-sera-sede-de-la-expo-unicen","status":"publish","type":"post","link":"https:\/\/experienciadevida.com.ar\/portalurbano\/olavarria-sera-sede-de-la-expo-unicen\/","title":{"rendered":"Olavarr\u00eda ser\u00e1 sede de la Expo Unicen"},"content":{"rendered":"<p>Olavarr\u00eda ser\u00e1 sede de la Expo Unicen, la misma ser\u00e1 el 12 de agosto en el Centro Cultural San Jose, esta tarde fue el lanzamiento oficial en conferencia de prensa que se realiz\u00f3 en el <a href=\"https:\/\/www.facebook.com\/CCUOlavarria\">CCU<\/a>.<\/p>\n<p>Referentes de cada una de las facultades que integran la sede de Olavarr\u00eda lanzaron este jueves la Expo UNICEN en conferencia de prensa, de la misma participaron Mar\u00eda Eugenia Conforti (secretaria de relaciones institucionales), Nicol\u00e1s Casado (secretario de extensi\u00f3n), Adri\u00e1n Fern\u00e1ndez representante de la facultad de salud as\u00ed como tambi\u00e9n Gabriela Huls secretaria de la FIO.<\/p>\n<p>La primera en tomar la palabra fue Mar\u00eda Eugenia Conforti quien mencion\u00f3 &#8220;es la primera vez que la unicen presenta una propuesta integral en las cuatro sedes que corresponden a la universidad, ser\u00e1 una expo itinerante el el 12 de agosto entre las 9 y las 17hs en el CCSJ, luego en el mes de septiembre se va a realizar en Quequ\u00e9n, en Azul y en Tandil con caracter\u00edsticas particulares porque va a ser varios encuentros y va a estar ubicada en una escuela secundaria de la localidad la universidad se acerca a los barrios en este caso la movediza&#8221;.<\/p>\n<p><a href=\"https:\/\/experienciadevida.com.ar\/portalurbano\/olavarria-sera-sede-de-la-expo-unicen\/dsc_0151-3\/\" rel=\"attachment wp-att-171460\"><img decoding=\"async\" class=\"alignnone size-large wp-image-171460\" src=\"https:\/\/experienciadevida.com.ar\/portalurbano\/wp-content\/uploads\/2022\/07\/DSC_0151-1-1024x683.jpg\" alt=\"Olavarr\u00eda \" width=\"900\" height=\"600\" srcset=\"https:\/\/experienciadevida.com.ar\/portalurbano\/wp-content\/uploads\/2022\/07\/DSC_0151-1-1024x683.jpg 1024w, https:\/\/experienciadevida.com.ar\/portalurbano\/wp-content\/uploads\/2022\/07\/DSC_0151-1-300x200.jpg 300w, https:\/\/experienciadevida.com.ar\/portalurbano\/wp-content\/uploads\/2022\/07\/DSC_0151-1-768x512.jpg 768w, https:\/\/experienciadevida.com.ar\/portalurbano\/wp-content\/uploads\/2022\/07\/DSC_0151-1-1536x1025.jpg 1536w, https:\/\/experienciadevida.com.ar\/portalurbano\/wp-content\/uploads\/2022\/07\/DSC_0151-1-2048x1367.jpg 2048w\" sizes=\"(max-width: 900px) 100vw, 900px\" \/><\/a><\/p>\n<p>&#8220;Es la primera vez que se realiza con caracter\u00edsticas regionales, se trabajo en la invitaci\u00f3n de varios espacios y otros que son muy importantes para el futuro de los ingresantes y hacen a la din\u00e1mica de ser un estudiante, no es s\u00f3lo que conozcan la oferta de carreras que tiene la universidad, pero tambi\u00e9n se va\u00a0 a hablar de servicios que ofrecen como por ejemplo becas, residencias, atenci\u00f3n a los estudiantes, contenci\u00f3n, deporte, actividades culturales, todas actividades que hacen el ingreso al a universidad y el cambio que es de estos estudiantes que se egresan del secundario y necesitan conocer una oferta integral de carreras&#8221;.<\/p>\n<p>Luego fue el turno de Gabriela Huls &#8220;esta expo se hace en conjunto con todas las unidades acad\u00e9micas, hemos podido agruparnos y la idea es poder mostrar todas las ofertas acad\u00e9micas que tiene UNICEN desde las sedes, y mostrando diferentes acciones concretas que realizan cada una de las facultades para poder mostrar a los estudiantes. Vamos a contar con dos lugares fijos donde van a estar las unidades acad\u00e9micas y otros dos donde se van a estar realizando conferencias y charlas de cada una de las unidades acad\u00e9micas&#8221;.<\/p>\n<p><a href=\"https:\/\/experienciadevida.com.ar\/portalurbano\/olavarria-sera-sede-de-la-expo-unicen\/dsc_0152-5\/\" rel=\"attachment wp-att-171461\"><img decoding=\"async\" class=\"alignnone size-full wp-image-171461\" src=\"https:\/\/experienciadevida.com.ar\/portalurbano\/wp-content\/uploads\/2022\/07\/DSC_0152-1.jpg\" alt=\"ser\u00e1 \" width=\"765\" height=\"510\" srcset=\"https:\/\/experienciadevida.com.ar\/portalurbano\/wp-content\/uploads\/2022\/07\/DSC_0152-1.jpg 765w, https:\/\/experienciadevida.com.ar\/portalurbano\/wp-content\/uploads\/2022\/07\/DSC_0152-1-300x200.jpg 300w\" sizes=\"(max-width: 765px) 100vw, 765px\" \/><\/a><\/p>\n<p>Por otro lado, Adri\u00e1n Fern\u00e1ndez coment\u00f3 &#8220;la Unicen es una universidad que est\u00e1 instalada hace a\u00f1os en todas las \u00e1reas, no s\u00f3lo de lo acad\u00e9mico sino tambi\u00e9n de la investigaci\u00f3n y extensi\u00f3n y est\u00e1 bueno mostrarle a la comunidad todo lo que se hace en la universidad p\u00fablica gratuita y eso es algo que se defiende son banderas que uno tiene que levantar porque los logros educativos que tuvimos en el pa\u00eds han sido de la universidad p\u00fablicas&#8221;.<\/p>\n<p><a href=\"https:\/\/experienciadevida.com.ar\/portalurbano\/olavarria-sera-sede-de-la-expo-unicen\/dsc_0154-4\/\" rel=\"attachment wp-att-171462\"><img decoding=\"async\" class=\"alignnone size-full wp-image-171462\" src=\"https:\/\/experienciadevida.com.ar\/portalurbano\/wp-content\/uploads\/2022\/07\/DSC_0154-1.jpg\" alt=\"sede \" width=\"765\" height=\"510\" srcset=\"https:\/\/experienciadevida.com.ar\/portalurbano\/wp-content\/uploads\/2022\/07\/DSC_0154-1.jpg 765w, https:\/\/experienciadevida.com.ar\/portalurbano\/wp-content\/uploads\/2022\/07\/DSC_0154-1-300x200.jpg 300w\" sizes=\"(max-width: 765px) 100vw, 765px\" \/><\/a><\/p>\n<p>Nicol\u00e1s Casado dijo &#8220;tenemos un cronograma muy integral, nos parec\u00eda poner en agenda la expo, va a ver una charla que tiene que ver con unicen como universidad p\u00fablica destacando principalmente el \u00e1rea institucional, la importancia de la universidad p\u00fablica, becas y servicios que es algo que los estudiantes demandan el poder saber desde ese \u00e1rea sabemos que la gratuidad implica un costo de la familia para que los estudiantes puedan asistir a la universidad es por eso que hay un gran programa de becas y servicios que acompa\u00f1an a aquellos alumnos con dificultades. Tambi\u00e9n habr\u00e1 una charla sobre ingreso y vida universitaria a cargo de la facultad de ciencias humanas, presentaci\u00f3n de oferta acad\u00e9mica de las facultades, presentaci\u00f3n de las carreras, tem\u00e1ticas propias como diferentes experiencias&#8221;.<\/p>\n<p><a href=\"https:\/\/experienciadevida.com.ar\/portalurbano\/olavarria-sera-sede-de-la-expo-unicen\/dsc_0155-3\/\" rel=\"attachment wp-att-171463\"><img decoding=\"async\" class=\"alignnone size-full wp-image-171463\" src=\"https:\/\/experienciadevida.com.ar\/portalurbano\/wp-content\/uploads\/2022\/07\/DSC_0155-1.jpg\" alt=\"\" width=\"765\" height=\"510\" srcset=\"https:\/\/experienciadevida.com.ar\/portalurbano\/wp-content\/uploads\/2022\/07\/DSC_0155-1.jpg 765w, https:\/\/experienciadevida.com.ar\/portalurbano\/wp-content\/uploads\/2022\/07\/DSC_0155-1-300x200.jpg 300w\" sizes=\"(max-width: 765px) 100vw, 765px\" \/><\/a><\/p>\n<p>&#8220;Queremos que sea un proceso de interacci\u00f3n, ser\u00e1 en el CCSJ donde habr\u00e1 una muestra que se va a estar desarrollando en ese momento que es importante para ver todas las actividades. Un dato importante es que hay un correo electr\u00f3nico para poder realizar consultas y las escuelas confirmar asistencias para una mayor organizaci\u00f3n, es expounicen.olavarr\u00eda@gmail.com&#8221;.<\/p>\n<p>Aclararon que &#8220;la\u00a0 idea es invitar a las escuelas de otros municipios a\u00fan donde no haya sedes por eso la regionalizaci\u00f3n, lo importante es poder extender la invitaci\u00f3n como Lamadrid- Laprida, la idea es aprovechar las redes que ya est\u00e1n instaladas. A\u00f1o tras a\u00f1o visitamos esas ciudades no s\u00f3lo las sedes sino otras, participamos de otras ferias de promoci\u00f3n, se trabaja activamente para la difusi\u00f3n, tenemos acciones concretas y un cronograma establecido donde se organizan diversas actividades como por ejemplo sociales en acci\u00f3n, es pensar en una actividad que sea de manera integral contar todas las posibilidades que se les puede ofrecer a los estudiantes&#8221;.<\/p>\n","protected":false},"excerpt":{"rendered":"<p>Olavarr\u00eda ser\u00e1 sede de la Expo Unicen, la misma ser\u00e1 el 12 de agosto en&#8230;<\/p>\n","protected":false},"author":1,"featured_media":171459,"comment_status":"closed","ping_status":"closed","sticky":false,"template":"","format":"standard","meta":{"content-type":""},"categories":[64,31],"tags":[],"nelio_content":{"isAutoShareEnabled":false,"autoShareEndMode":"default","automationSources":{"useContentSentences":true,"useSocialTemplates":true,"useCustomSentences":false,"customSentences":[]},"followers":[1],"suggestedReferences":[],"includedReferences":[],"efiUrl":"","efiAlt":"","highlights":[]},"yoast_head":"<!-- This site is optimized with the Yoast SEO plugin v20.7 - https:\/\/yoast.com\/wordpress\/plugins\/seo\/ -->\n<title>Olavarr\u00eda ser\u00e1 sede de la Expo Unicen<\/title>\n<meta name=\"description\" content=\"Olavarr\u00eda ser\u00e1 sede de la Expo Unicen, la misma ser\u00e1 el 12 de agosto en el Centro Cultural San Jose, esta tarde fue el lanzamiento oficial\" \/>\n<meta name=\"robots\" content=\"index, follow, max-snippet:-1, max-image-preview:large, max-video-preview:-1\" \/>\n<link rel=\"canonical\" href=\"https:\/\/experienciadevida.com.ar\/portalurbano\/olavarria-sera-sede-de-la-expo-unicen\/\" \/>\n<meta property=\"og:locale\" content=\"es_ES\" \/>\n<meta property=\"og:type\" content=\"article\" \/>\n<meta property=\"og:title\" content=\"Olavarr\u00eda ser\u00e1 sede de la Expo Unicen\" \/>\n<meta property=\"og:description\" content=\"Olavarr\u00eda ser\u00e1 sede de la Expo Unicen, la misma ser\u00e1 el 12 de agosto en el Centro Cultural San Jose, esta tarde fue el lanzamiento oficial\" \/>\n<meta property=\"og:url\" content=\"https:\/\/experienciadevida.com.ar\/portalurbano\/olavarria-sera-sede-de-la-expo-unicen\/\" \/>\n<meta property=\"article:publisher\" content=\"https:\/\/www.facebook.com\/Portal-Urbano-171542830093757\/\" \/>\n<meta property=\"article:published_time\" content=\"2022-07-15T00:34:08+00:00\" \/>\n<meta property=\"article:modified_time\" content=\"2022-07-15T00:41:04+00:00\" \/>\n<meta property=\"og:image\" content=\"https:\/\/experienciadevida.com.ar\/portalurbano\/wp-content\/uploads\/2022\/07\/DSC_0149-1.jpg\" \/>\n\t<meta property=\"og:image:width\" content=\"765\" \/>\n\t<meta property=\"og:image:height\" content=\"510\" \/>\n\t<meta property=\"og:image:type\" content=\"image\/jpeg\" \/>\n<meta name=\"author\" content=\"admpu17wp\" \/>\n<meta name=\"twitter:card\" content=\"summary_large_image\" \/>\n<meta name=\"twitter:creator\" content=\"@portalurbanook\" \/>\n<meta name=\"twitter:site\" content=\"@portalurbanook\" \/>\n<meta name=\"twitter:label1\" content=\"Escrito por\" \/>\n\t<meta name=\"twitter:data1\" content=\"admpu17wp\" \/>\n\t<meta name=\"twitter:label2\" content=\"Tiempo de lectura\" \/>\n\t<meta name=\"twitter:data2\" content=\"5 minutos\" \/>\n<script type=\"application\/ld+json\" class=\"yoast-schema-graph\">{\"@context\":\"https:\/\/schema.org\",\"@graph\":[{\"@type\":\"Article\",\"@id\":\"https:\/\/experienciadevida.com.ar\/portalurbano\/olavarria-sera-sede-de-la-expo-unicen\/#article\",\"isPartOf\":{\"@id\":\"https:\/\/experienciadevida.com.ar\/portalurbano\/olavarria-sera-sede-de-la-expo-unicen\/\"},\"author\":{\"name\":\"admpu17wp\",\"@id\":\"https:\/\/experienciadevida.com.ar\/portalurbano\/#\/schema\/person\/02dd326b1c4b056e9cc972486934a3a7\"},\"headline\":\"Olavarr\u00eda ser\u00e1 sede de la Expo Unicen\",\"datePublished\":\"2022-07-15T00:34:08+00:00\",\"dateModified\":\"2022-07-15T00:41:04+00:00\",\"mainEntityOfPage\":{\"@id\":\"https:\/\/experienciadevida.com.ar\/portalurbano\/olavarria-sera-sede-de-la-expo-unicen\/\"},\"wordCount\":816,\"publisher\":{\"@id\":\"https:\/\/experienciadevida.com.ar\/portalurbano\/#organization\"},\"articleSection\":[\"Destacadas 2\",\"Educaci\u00f3n\"],\"inLanguage\":\"es\"},{\"@type\":\"WebPage\",\"@id\":\"https:\/\/experienciadevida.com.ar\/portalurbano\/olavarria-sera-sede-de-la-expo-unicen\/\",\"url\":\"https:\/\/experienciadevida.com.ar\/portalurbano\/olavarria-sera-sede-de-la-expo-unicen\/\",\"name\":\"Olavarr\u00eda ser\u00e1 sede de la Expo Unicen\",\"isPartOf\":{\"@id\":\"https:\/\/experienciadevida.com.ar\/portalurbano\/#website\"},\"datePublished\":\"2022-07-15T00:34:08+00:00\",\"dateModified\":\"2022-07-15T00:41:04+00:00\",\"description\":\"Olavarr\u00eda ser\u00e1 sede de la Expo Unicen, la misma ser\u00e1 el 12 de agosto en el Centro Cultural San Jose, esta tarde fue el lanzamiento oficial\",\"breadcrumb\":{\"@id\":\"https:\/\/experienciadevida.com.ar\/portalurbano\/olavarria-sera-sede-de-la-expo-unicen\/#breadcrumb\"},\"inLanguage\":\"es\",\"potentialAction\":[{\"@type\":\"ReadAction\",\"target\":[\"https:\/\/experienciadevida.com.ar\/portalurbano\/olavarria-sera-sede-de-la-expo-unicen\/\"]}]},{\"@type\":\"BreadcrumbList\",\"@id\":\"https:\/\/experienciadevida.com.ar\/portalurbano\/olavarria-sera-sede-de-la-expo-unicen\/#breadcrumb\",\"itemListElement\":[{\"@type\":\"ListItem\",\"position\":1,\"name\":\"Portada\",\"item\":\"https:\/\/experienciadevida.com.ar\/portalurbano\/\"},{\"@type\":\"ListItem\",\"position\":2,\"name\":\"Olavarr\u00eda ser\u00e1 sede de la Expo Unicen\"}]},{\"@type\":\"WebSite\",\"@id\":\"https:\/\/experienciadevida.com.ar\/portalurbano\/#website\",\"url\":\"https:\/\/experienciadevida.com.ar\/portalurbano\/\",\"name\":\"\",\"description\":\"\",\"publisher\":{\"@id\":\"https:\/\/experienciadevida.com.ar\/portalurbano\/#organization\"},\"potentialAction\":[{\"@type\":\"SearchAction\",\"target\":{\"@type\":\"EntryPoint\",\"urlTemplate\":\"https:\/\/experienciadevida.com.ar\/portalurbano\/?s={search_term_string}\"},\"query-input\":\"required name=search_term_string\"}],\"inLanguage\":\"es\"},{\"@type\":\"Organization\",\"@id\":\"https:\/\/experienciadevida.com.ar\/portalurbano\/#organization\",\"name\":\"Portal Urbano\",\"url\":\"https:\/\/experienciadevida.com.ar\/portalurbano\/\",\"logo\":{\"@type\":\"ImageObject\",\"inLanguage\":\"es\",\"@id\":\"https:\/\/experienciadevida.com.ar\/portalurbano\/#\/schema\/logo\/image\/\",\"url\":\"https:\/\/experienciadevida.com.ar\/portalurbano\/wp-content\/uploads\/2019\/09\/Logo-Original.png\",\"contentUrl\":\"https:\/\/experienciadevida.com.ar\/portalurbano\/wp-content\/uploads\/2019\/09\/Logo-Original.png\",\"width\":2236,\"height\":1216,\"caption\":\"Portal Urbano\"},\"image\":{\"@id\":\"https:\/\/experienciadevida.com.ar\/portalurbano\/#\/schema\/logo\/image\/\"},\"sameAs\":[\"https:\/\/www.facebook.com\/Portal-Urbano-171542830093757\/\",\"https:\/\/twitter.com\/portalurbanook\",\"https:\/\/www.instagram.com\/_portalurbano\/\",\"https:\/\/www.youtube.com\/channel\/UCXhagIfszH8KxFiOok79zbA?view_as=subscriber\"]},{\"@type\":\"Person\",\"@id\":\"https:\/\/experienciadevida.com.ar\/portalurbano\/#\/schema\/person\/02dd326b1c4b056e9cc972486934a3a7\",\"name\":\"admpu17wp\",\"image\":{\"@type\":\"ImageObject\",\"inLanguage\":\"es\",\"@id\":\"https:\/\/experienciadevida.com.ar\/portalurbano\/#\/schema\/person\/image\/\",\"url\":\"https:\/\/secure.gravatar.com\/avatar\/830d4c57adaae6630765e449a6908047?s=96&d=mm&r=g\",\"contentUrl\":\"https:\/\/secure.gravatar.com\/avatar\/830d4c57adaae6630765e449a6908047?s=96&d=mm&r=g\",\"caption\":\"admpu17wp\"}}]}<\/script>\n<!-- \/ Yoast SEO plugin. -->","yoast_head_json":{"title":"Olavarr\u00eda ser\u00e1 sede de la Expo Unicen","description":"Olavarr\u00eda ser\u00e1 sede de la Expo Unicen, la misma ser\u00e1 el 12 de agosto en el Centro Cultural San Jose, esta tarde fue el lanzamiento oficial","robots":{"index":"index","follow":"follow","max-snippet":"max-snippet:-1","max-image-preview":"max-image-preview:large","max-video-preview":"max-video-preview:-1"},"canonical":"https:\/\/experienciadevida.com.ar\/portalurbano\/olavarria-sera-sede-de-la-expo-unicen\/","og_locale":"es_ES","og_type":"article","og_title":"Olavarr\u00eda ser\u00e1 sede de la Expo Unicen","og_description":"Olavarr\u00eda ser\u00e1 sede de la Expo Unicen, la misma ser\u00e1 el 12 de agosto en el Centro Cultural San Jose, esta tarde fue el lanzamiento oficial","og_url":"https:\/\/experienciadevida.com.ar\/portalurbano\/olavarria-sera-sede-de-la-expo-unicen\/","article_publisher":"https:\/\/www.facebook.com\/Portal-Urbano-171542830093757\/","article_published_time":"2022-07-15T00:34:08+00:00","article_modified_time":"2022-07-15T00:41:04+00:00","og_image":[{"width":765,"height":510,"url":"https:\/\/experienciadevida.com.ar\/portalurbano\/wp-content\/uploads\/2022\/07\/DSC_0149-1.jpg","type":"image\/jpeg"}],"author":"admpu17wp","twitter_card":"summary_large_image","twitter_creator":"@portalurbanook","twitter_site":"@portalurbanook","twitter_misc":{"Escrito por":"admpu17wp","Tiempo de lectura":"5 minutos"},"schema":{"@context":"https:\/\/schema.org","@graph":[{"@type":"Article","@id":"https:\/\/experienciadevida.com.ar\/portalurbano\/olavarria-sera-sede-de-la-expo-unicen\/#article","isPartOf":{"@id":"https:\/\/experienciadevida.com.ar\/portalurbano\/olavarria-sera-sede-de-la-expo-unicen\/"},"author":{"name":"admpu17wp","@id":"https:\/\/experienciadevida.com.ar\/portalurbano\/#\/schema\/person\/02dd326b1c4b056e9cc972486934a3a7"},"headline":"Olavarr\u00eda ser\u00e1 sede de la Expo Unicen","datePublished":"2022-07-15T00:34:08+00:00","dateModified":"2022-07-15T00:41:04+00:00","mainEntityOfPage":{"@id":"https:\/\/experienciadevida.com.ar\/portalurbano\/olavarria-sera-sede-de-la-expo-unicen\/"},"wordCount":816,"publisher":{"@id":"https:\/\/experienciadevida.com.ar\/portalurbano\/#organization"},"articleSection":["Destacadas 2","Educaci\u00f3n"],"inLanguage":"es"},{"@type":"WebPage","@id":"https:\/\/experienciadevida.com.ar\/portalurbano\/olavarria-sera-sede-de-la-expo-unicen\/","url":"https:\/\/experienciadevida.com.ar\/portalurbano\/olavarria-sera-sede-de-la-expo-unicen\/","name":"Olavarr\u00eda ser\u00e1 sede de la Expo Unicen","isPartOf":{"@id":"https:\/\/experienciadevida.com.ar\/portalurbano\/#website"},"datePublished":"2022-07-15T00:34:08+00:00","dateModified":"2022-07-15T00:41:04+00:00","description":"Olavarr\u00eda ser\u00e1 sede de la Expo Unicen, la misma ser\u00e1 el 12 de agosto en el Centro Cultural San Jose, esta tarde fue el lanzamiento oficial","breadcrumb":{"@id":"https:\/\/experienciadevida.com.ar\/portalurbano\/olavarria-sera-sede-de-la-expo-unicen\/#breadcrumb"},"inLanguage":"es","potentialAction":[{"@type":"ReadAction","target":["https:\/\/experienciadevida.com.ar\/portalurbano\/olavarria-sera-sede-de-la-expo-unicen\/"]}]},{"@type":"BreadcrumbList","@id":"https:\/\/experienciadevida.com.ar\/portalurbano\/olavarria-sera-sede-de-la-expo-unicen\/#breadcrumb","itemListElement":[{"@type":"ListItem","position":1,"name":"Portada","item":"https:\/\/experienciadevida.com.ar\/portalurbano\/"},{"@type":"ListItem","position":2,"name":"Olavarr\u00eda ser\u00e1 sede de la Expo Unicen"}]},{"@type":"WebSite","@id":"https:\/\/experienciadevida.com.ar\/portalurbano\/#website","url":"https:\/\/experienciadevida.com.ar\/portalurbano\/","name":"","description":"","publisher":{"@id":"https:\/\/experienciadevida.com.ar\/portalurbano\/#organization"},"potentialAction":[{"@type":"SearchAction","target":{"@type":"EntryPoint","urlTemplate":"https:\/\/experienciadevida.com.ar\/portalurbano\/?s={search_term_string}"},"query-input":"required name=search_term_string"}],"inLanguage":"es"},{"@type":"Organization","@id":"https:\/\/experienciadevida.com.ar\/portalurbano\/#organization","name":"Portal Urbano","url":"https:\/\/experienciadevida.com.ar\/portalurbano\/","logo":{"@type":"ImageObject","inLanguage":"es","@id":"https:\/\/experienciadevida.com.ar\/portalurbano\/#\/schema\/logo\/image\/","url":"https:\/\/experienciadevida.com.ar\/portalurbano\/wp-content\/uploads\/2019\/09\/Logo-Original.png","contentUrl":"https:\/\/experienciadevida.com.ar\/portalurbano\/wp-content\/uploads\/2019\/09\/Logo-Original.png","width":2236,"height":1216,"caption":"Portal Urbano"},"image":{"@id":"https:\/\/experienciadevida.com.ar\/portalurbano\/#\/schema\/logo\/image\/"},"sameAs":["https:\/\/www.facebook.com\/Portal-Urbano-171542830093757\/","https:\/\/twitter.com\/portalurbanook","https:\/\/www.instagram.com\/_portalurbano\/","https:\/\/www.youtube.com\/channel\/UCXhagIfszH8KxFiOok79zbA?view_as=subscriber"]},{"@type":"Person","@id":"https:\/\/experienciadevida.com.ar\/portalurbano\/#\/schema\/person\/02dd326b1c4b056e9cc972486934a3a7","name":"admpu17wp","image":{"@type":"ImageObject","inLanguage":"es","@id":"https:\/\/experienciadevida.com.ar\/portalurbano\/#\/schema\/person\/image\/","url":"https:\/\/secure.gravatar.com\/avatar\/830d4c57adaae6630765e449a6908047?s=96&d=mm&r=g","contentUrl":"https:\/\/secure.gravatar.com\/avatar\/830d4c57adaae6630765e449a6908047?s=96&d=mm&r=g","caption":"admpu17wp"}}]}},"featured_image_urls":{"full":["https:\/\/experienciadevida.com.ar\/portalurbano\/wp-content\/uploads\/2022\/07\/DSC_0149-1.jpg",765,510,false],"thumbnail":["https:\/\/experienciadevida.com.ar\/portalurbano\/wp-content\/uploads\/2022\/07\/DSC_0149-1-150x150.jpg",150,150,true],"medium":["https:\/\/experienciadevida.com.ar\/portalurbano\/wp-content\/uploads\/2022\/07\/DSC_0149-1-300x200.jpg",300,200,true],"medium_large":["https:\/\/experienciadevida.com.ar\/portalurbano\/wp-content\/uploads\/2022\/07\/DSC_0149-1.jpg",640,427,false],"large":["https:\/\/experienciadevida.com.ar\/portalurbano\/wp-content\/uploads\/2022\/07\/DSC_0149-1.jpg",640,427,false],"ug_big":["https:\/\/experienciadevida.com.ar\/portalurbano\/wp-content\/uploads\/2022\/07\/DSC_0149-1.jpg",765,510,false],"1536x1536":["https:\/\/experienciadevida.com.ar\/portalurbano\/wp-content\/uploads\/2022\/07\/DSC_0149-1.jpg",765,510,false],"2048x2048":["https:\/\/experienciadevida.com.ar\/portalurbano\/wp-content\/uploads\/2022\/07\/DSC_0149-1.jpg",765,510,false],"newsever-slider-full":["https:\/\/experienciadevida.com.ar\/portalurbano\/wp-content\/uploads\/2022\/07\/DSC_0149-1.jpg",765,510,false],"newsever-featured":["https:\/\/experienciadevida.com.ar\/portalurbano\/wp-content\/uploads\/2022\/07\/DSC_0149-1.jpg",765,510,false],"newsever-medium":["https:\/\/experienciadevida.com.ar\/portalurbano\/wp-content\/uploads\/2022\/07\/DSC_0149-1.jpg",713,475,false],"web-stories-poster-portrait":["https:\/\/experienciadevida.com.ar\/portalurbano\/wp-content\/uploads\/2022\/07\/DSC_0149-1.jpg",640,427,false],"web-stories-publisher-logo":["https:\/\/experienciadevida.com.ar\/portalurbano\/wp-content\/uploads\/2022\/07\/DSC_0149-1.jpg",96,64,false],"web-stories-thumbnail":["https:\/\/experienciadevida.com.ar\/portalurbano\/wp-content\/uploads\/2022\/07\/DSC_0149-1.jpg",150,100,false]},"author_info":{"display_name":"admpu17wp","author_link":"https:\/\/experienciadevida.com.ar\/portalurbano\/author\/admpu17wp\/"},"category_info":"<a href=\"https:\/\/experienciadevida.com.ar\/portalurbano\/category\/destacadas-2\/\" rel=\"category tag\">Destacadas 2<\/a> <a href=\"https:\/\/experienciadevida.com.ar\/portalurbano\/category\/ciudad\/educacion\/\" rel=\"category tag\">Educaci\u00f3n<\/a>","tag_info":"Educaci\u00f3n","comment_count":"0","amp_enabled":true,"_links":{"self":[{"href":"https:\/\/experienciadevida.com.ar\/portalurbano\/wp-json\/wp\/v2\/posts\/171458"}],"collection":[{"href":"https:\/\/experienciadevida.com.ar\/portalurbano\/wp-json\/wp\/v2\/posts"}],"about":[{"href":"https:\/\/experienciadevida.com.ar\/portalurbano\/wp-json\/wp\/v2\/types\/post"}],"author":[{"embeddable":true,"href":"https:\/\/experienciadevida.com.ar\/portalurbano\/wp-json\/wp\/v2\/users\/1"}],"replies":[{"embeddable":true,"href":"https:\/\/experienciadevida.com.ar\/portalurbano\/wp-json\/wp\/v2\/comments?post=171458"}],"version-history":[{"count":4,"href":"https:\/\/experienciadevida.com.ar\/portalurbano\/wp-json\/wp\/v2\/posts\/171458\/revisions"}],"predecessor-version":[{"id":171467,"href":"https:\/\/experienciadevida.com.ar\/portalurbano\/wp-json\/wp\/v2\/posts\/171458\/revisions\/171467"}],"wp:featuredmedia":[{"embeddable":true,"href":"https:\/\/experienciadevida.com.ar\/portalurbano\/wp-json\/wp\/v2\/media\/171459"}],"wp:attachment":[{"href":"https:\/\/experienciadevida.com.ar\/portalurbano\/wp-json\/wp\/v2\/media?parent=171458"}],"wp:term":[{"taxonomy":"category","embeddable":true,"href":"https:\/\/experienciadevida.com.ar\/portalurbano\/wp-json\/wp\/v2\/categories?post=171458"},{"taxonomy":"post_tag","embeddable":true,"href":"https:\/\/experienciadevida.com.ar\/portalurbano\/wp-json\/wp\/v2\/tags?post=171458"}],"curies":[{"name":"wp","href":"https:\/\/api.w.org\/{rel}","templated":true}]}}