{"id":171425,"date":"2022-07-14T14:22:40","date_gmt":"2022-07-14T17:22:40","guid":{"rendered":"https:\/\/experienciadevida.com.ar\/portalurbano\/?p=171425"},"modified":"2022-07-14T14:23:08","modified_gmt":"2022-07-14T17:23:08","slug":"la-defensoria-pidio-informacion-ante-la-falta-de-medicos-de-guardia-en-sierra-chica","status":"publish","type":"post","link":"https:\/\/experienciadevida.com.ar\/portalurbano\/la-defensoria-pidio-informacion-ante-la-falta-de-medicos-de-guardia-en-sierra-chica\/","title":{"rendered":"La Defensor\u00eda pidi\u00f3 informaci\u00f3n ante la falta de m\u00e9dicos de guardia en Sierra Chica"},"content":{"rendered":"<p>La Defensor\u00eda pidi\u00f3 informaci\u00f3n ante la falta de m\u00e9dicos de guardia en Sierra Chica, luego de reclamos sobre la falta de m\u00e9dicos de guardia en estos lugares.<\/p>\n<p>Desde la Secretar\u00eda de Atenci\u00f3n y Desarrollo Territorial del organismo que conduce Guido Lorenzino realizaron esta solicitud al secretario de Salud de ese municipio, Germ\u00e1n Caputo, luego de no obtener respuestas a un pedido que se hab\u00eda realizado tiempo atr\u00e1s por el mismo tema.<\/p>\n<p>\u201cRecibimos el reclamo de un vecino de Sierra Chica que manifest\u00f3 la preocupante realidad que atraviesan por la falta de m\u00e9dicos. Nuestro objetivo es que se garantice el acceso a la salud p\u00fablica, sobre todo en estas localidades m\u00e1s peque\u00f1as, que necesitan la misma atenci\u00f3n que cualquier ciudad cabecera\u201d, sostuvo el secretario de Atenci\u00f3n y Desarrollo Territorial de la Defensor\u00eda, Federico Santarelli.<\/p>\n<p>Por su parte, la delegada de la Defensor\u00eda en Olavarr\u00eda, In\u00e9s Barbieri, coment\u00f3 que \u201cesperamos una respuesta de las autoridades. Actualmente hay personas que esperan horas en ser atendidas por personal m\u00e9dico, por lo que hay que darles una soluci\u00f3n urgente\u201d.<\/p>\n","protected":false},"excerpt":{"rendered":"<p>La Defensor\u00eda pidi\u00f3 informaci\u00f3n ante la falta de m\u00e9dicos de guardia en Sierra Chica, luego&#8230;<\/p>\n","protected":false},"author":1,"featured_media":108738,"comment_status":"closed","ping_status":"closed","sticky":false,"template":"","format":"standard","meta":{"content-type":""},"categories":[27],"tags":[],"nelio_content":{"isAutoShareEnabled":false,"autoShareEndMode":"default","automationSources":{"useContentSentences":true,"useSocialTemplates":true,"useCustomSentences":false,"customSentences":[]},"followers":[1],"suggestedReferences":[],"includedReferences":[],"efiUrl":"","efiAlt":"","highlights":[]},"yoast_head":"<!-- This site is optimized with the Yoast SEO plugin v20.7 - https:\/\/yoast.com\/wordpress\/plugins\/seo\/ -->\n<title>La defensor\u00eda pidi\u00f3 informaci\u00f3n ante la falta de m\u00e9dicos de guardia<\/title>\n<meta name=\"description\" content=\"La Defensor\u00eda pidi\u00f3 informaci\u00f3n ante la falta de m\u00e9dicos de guardia en Sierra Chica, luego de reclamos sobre la falta de m\u00e9dicos\" \/>\n<meta name=\"robots\" content=\"index, follow, max-snippet:-1, max-image-preview:large, max-video-preview:-1\" \/>\n<link rel=\"canonical\" href=\"https:\/\/experienciadevida.com.ar\/portalurbano\/la-defensoria-pidio-informacion-ante-la-falta-de-medicos-de-guardia-en-sierra-chica\/\" \/>\n<meta property=\"og:locale\" content=\"es_ES\" \/>\n<meta property=\"og:type\" content=\"article\" \/>\n<meta property=\"og:title\" content=\"La defensor\u00eda pidi\u00f3 informaci\u00f3n ante la falta de m\u00e9dicos de guardia\" \/>\n<meta property=\"og:description\" content=\"La Defensor\u00eda pidi\u00f3 informaci\u00f3n ante la falta de m\u00e9dicos de guardia en Sierra Chica, luego de reclamos sobre la falta de m\u00e9dicos\" \/>\n<meta property=\"og:url\" content=\"https:\/\/experienciadevida.com.ar\/portalurbano\/la-defensoria-pidio-informacion-ante-la-falta-de-medicos-de-guardia-en-sierra-chica\/\" \/>\n<meta property=\"article:publisher\" content=\"https:\/\/www.facebook.com\/Portal-Urbano-171542830093757\/\" \/>\n<meta property=\"article:published_time\" content=\"2022-07-14T17:22:40+00:00\" \/>\n<meta property=\"article:modified_time\" content=\"2022-07-14T17:23:08+00:00\" \/>\n<meta property=\"og:image\" content=\"https:\/\/experienciadevida.com.ar\/portalurbano\/wp-content\/uploads\/2020\/05\/DEFENSORIA.jpg\" \/>\n\t<meta property=\"og:image:width\" content=\"765\" \/>\n\t<meta property=\"og:image:height\" content=\"554\" \/>\n\t<meta property=\"og:image:type\" content=\"image\/jpeg\" \/>\n<meta name=\"author\" content=\"admpu17wp\" \/>\n<meta name=\"twitter:card\" content=\"summary_large_image\" \/>\n<meta name=\"twitter:creator\" content=\"@portalurbanook\" \/>\n<meta name=\"twitter:site\" content=\"@portalurbanook\" \/>\n<meta name=\"twitter:label1\" content=\"Escrito por\" \/>\n\t<meta name=\"twitter:data1\" content=\"admpu17wp\" \/>\n\t<meta name=\"twitter:label2\" content=\"Tiempo de lectura\" \/>\n\t<meta name=\"twitter:data2\" content=\"1 minuto\" \/>\n<script type=\"application\/ld+json\" class=\"yoast-schema-graph\">{\"@context\":\"https:\/\/schema.org\",\"@graph\":[{\"@type\":\"Article\",\"@id\":\"https:\/\/experienciadevida.com.ar\/portalurbano\/la-defensoria-pidio-informacion-ante-la-falta-de-medicos-de-guardia-en-sierra-chica\/#article\",\"isPartOf\":{\"@id\":\"https:\/\/experienciadevida.com.ar\/portalurbano\/la-defensoria-pidio-informacion-ante-la-falta-de-medicos-de-guardia-en-sierra-chica\/\"},\"author\":{\"name\":\"admpu17wp\",\"@id\":\"https:\/\/experienciadevida.com.ar\/portalurbano\/#\/schema\/person\/02dd326b1c4b056e9cc972486934a3a7\"},\"headline\":\"La Defensor\u00eda pidi\u00f3 informaci\u00f3n ante la falta de m\u00e9dicos de guardia en Sierra Chica\",\"datePublished\":\"2022-07-14T17:22:40+00:00\",\"dateModified\":\"2022-07-14T17:23:08+00:00\",\"mainEntityOfPage\":{\"@id\":\"https:\/\/experienciadevida.com.ar\/portalurbano\/la-defensoria-pidio-informacion-ante-la-falta-de-medicos-de-guardia-en-sierra-chica\/\"},\"wordCount\":212,\"publisher\":{\"@id\":\"https:\/\/experienciadevida.com.ar\/portalurbano\/#organization\"},\"articleSection\":[\"Ciudad\"],\"inLanguage\":\"es\"},{\"@type\":\"WebPage\",\"@id\":\"https:\/\/experienciadevida.com.ar\/portalurbano\/la-defensoria-pidio-informacion-ante-la-falta-de-medicos-de-guardia-en-sierra-chica\/\",\"url\":\"https:\/\/experienciadevida.com.ar\/portalurbano\/la-defensoria-pidio-informacion-ante-la-falta-de-medicos-de-guardia-en-sierra-chica\/\",\"name\":\"La defensor\u00eda pidi\u00f3 informaci\u00f3n ante la falta de m\u00e9dicos de guardia\",\"isPartOf\":{\"@id\":\"https:\/\/experienciadevida.com.ar\/portalurbano\/#website\"},\"datePublished\":\"2022-07-14T17:22:40+00:00\",\"dateModified\":\"2022-07-14T17:23:08+00:00\",\"description\":\"La Defensor\u00eda pidi\u00f3 informaci\u00f3n ante la falta de m\u00e9dicos de guardia en Sierra Chica, luego de reclamos sobre la falta de m\u00e9dicos\",\"breadcrumb\":{\"@id\":\"https:\/\/experienciadevida.com.ar\/portalurbano\/la-defensoria-pidio-informacion-ante-la-falta-de-medicos-de-guardia-en-sierra-chica\/#breadcrumb\"},\"inLanguage\":\"es\",\"potentialAction\":[{\"@type\":\"ReadAction\",\"target\":[\"https:\/\/experienciadevida.com.ar\/portalurbano\/la-defensoria-pidio-informacion-ante-la-falta-de-medicos-de-guardia-en-sierra-chica\/\"]}]},{\"@type\":\"BreadcrumbList\",\"@id\":\"https:\/\/experienciadevida.com.ar\/portalurbano\/la-defensoria-pidio-informacion-ante-la-falta-de-medicos-de-guardia-en-sierra-chica\/#breadcrumb\",\"itemListElement\":[{\"@type\":\"ListItem\",\"position\":1,\"name\":\"Portada\",\"item\":\"https:\/\/experienciadevida.com.ar\/portalurbano\/\"},{\"@type\":\"ListItem\",\"position\":2,\"name\":\"La Defensor\u00eda pidi\u00f3 informaci\u00f3n ante la falta de m\u00e9dicos de guardia en Sierra Chica\"}]},{\"@type\":\"WebSite\",\"@id\":\"https:\/\/experienciadevida.com.ar\/portalurbano\/#website\",\"url\":\"https:\/\/experienciadevida.com.ar\/portalurbano\/\",\"name\":\"\",\"description\":\"\",\"publisher\":{\"@id\":\"https:\/\/experienciadevida.com.ar\/portalurbano\/#organization\"},\"potentialAction\":[{\"@type\":\"SearchAction\",\"target\":{\"@type\":\"EntryPoint\",\"urlTemplate\":\"https:\/\/experienciadevida.com.ar\/portalurbano\/?s={search_term_string}\"},\"query-input\":\"required name=search_term_string\"}],\"inLanguage\":\"es\"},{\"@type\":\"Organization\",\"@id\":\"https:\/\/experienciadevida.com.ar\/portalurbano\/#organization\",\"name\":\"Portal Urbano\",\"url\":\"https:\/\/experienciadevida.com.ar\/portalurbano\/\",\"logo\":{\"@type\":\"ImageObject\",\"inLanguage\":\"es\",\"@id\":\"https:\/\/experienciadevida.com.ar\/portalurbano\/#\/schema\/logo\/image\/\",\"url\":\"https:\/\/experienciadevida.com.ar\/portalurbano\/wp-content\/uploads\/2019\/09\/Logo-Original.png\",\"contentUrl\":\"https:\/\/experienciadevida.com.ar\/portalurbano\/wp-content\/uploads\/2019\/09\/Logo-Original.png\",\"width\":2236,\"height\":1216,\"caption\":\"Portal Urbano\"},\"image\":{\"@id\":\"https:\/\/experienciadevida.com.ar\/portalurbano\/#\/schema\/logo\/image\/\"},\"sameAs\":[\"https:\/\/www.facebook.com\/Portal-Urbano-171542830093757\/\",\"https:\/\/twitter.com\/portalurbanook\",\"https:\/\/www.instagram.com\/_portalurbano\/\",\"https:\/\/www.youtube.com\/channel\/UCXhagIfszH8KxFiOok79zbA?view_as=subscriber\"]},{\"@type\":\"Person\",\"@id\":\"https:\/\/experienciadevida.com.ar\/portalurbano\/#\/schema\/person\/02dd326b1c4b056e9cc972486934a3a7\",\"name\":\"admpu17wp\",\"image\":{\"@type\":\"ImageObject\",\"inLanguage\":\"es\",\"@id\":\"https:\/\/experienciadevida.com.ar\/portalurbano\/#\/schema\/person\/image\/\",\"url\":\"https:\/\/secure.gravatar.com\/avatar\/830d4c57adaae6630765e449a6908047?s=96&d=mm&r=g\",\"contentUrl\":\"https:\/\/secure.gravatar.com\/avatar\/830d4c57adaae6630765e449a6908047?s=96&d=mm&r=g\",\"caption\":\"admpu17wp\"}}]}<\/script>\n<!-- \/ Yoast SEO plugin. -->","yoast_head_json":{"title":"La defensor\u00eda pidi\u00f3 informaci\u00f3n ante la falta de m\u00e9dicos de guardia","description":"La Defensor\u00eda pidi\u00f3 informaci\u00f3n ante la falta de m\u00e9dicos de guardia en Sierra Chica, luego de reclamos sobre la falta de m\u00e9dicos","robots":{"index":"index","follow":"follow","max-snippet":"max-snippet:-1","max-image-preview":"max-image-preview:large","max-video-preview":"max-video-preview:-1"},"canonical":"https:\/\/experienciadevida.com.ar\/portalurbano\/la-defensoria-pidio-informacion-ante-la-falta-de-medicos-de-guardia-en-sierra-chica\/","og_locale":"es_ES","og_type":"article","og_title":"La defensor\u00eda pidi\u00f3 informaci\u00f3n ante la falta de m\u00e9dicos de guardia","og_description":"La Defensor\u00eda pidi\u00f3 informaci\u00f3n ante la falta de m\u00e9dicos de guardia en Sierra Chica, luego de reclamos sobre la falta de m\u00e9dicos","og_url":"https:\/\/experienciadevida.com.ar\/portalurbano\/la-defensoria-pidio-informacion-ante-la-falta-de-medicos-de-guardia-en-sierra-chica\/","article_publisher":"https:\/\/www.facebook.com\/Portal-Urbano-171542830093757\/","article_published_time":"2022-07-14T17:22:40+00:00","article_modified_time":"2022-07-14T17:23:08+00:00","og_image":[{"width":765,"height":554,"url":"https:\/\/experienciadevida.com.ar\/portalurbano\/wp-content\/uploads\/2020\/05\/DEFENSORIA.jpg","type":"image\/jpeg"}],"author":"admpu17wp","twitter_card":"summary_large_image","twitter_creator":"@portalurbanook","twitter_site":"@portalurbanook","twitter_misc":{"Escrito por":"admpu17wp","Tiempo de lectura":"1 minuto"},"schema":{"@context":"https:\/\/schema.org","@graph":[{"@type":"Article","@id":"https:\/\/experienciadevida.com.ar\/portalurbano\/la-defensoria-pidio-informacion-ante-la-falta-de-medicos-de-guardia-en-sierra-chica\/#article","isPartOf":{"@id":"https:\/\/experienciadevida.com.ar\/portalurbano\/la-defensoria-pidio-informacion-ante-la-falta-de-medicos-de-guardia-en-sierra-chica\/"},"author":{"name":"admpu17wp","@id":"https:\/\/experienciadevida.com.ar\/portalurbano\/#\/schema\/person\/02dd326b1c4b056e9cc972486934a3a7"},"headline":"La Defensor\u00eda pidi\u00f3 informaci\u00f3n ante la falta de m\u00e9dicos de guardia en Sierra Chica","datePublished":"2022-07-14T17:22:40+00:00","dateModified":"2022-07-14T17:23:08+00:00","mainEntityOfPage":{"@id":"https:\/\/experienciadevida.com.ar\/portalurbano\/la-defensoria-pidio-informacion-ante-la-falta-de-medicos-de-guardia-en-sierra-chica\/"},"wordCount":212,"publisher":{"@id":"https:\/\/experienciadevida.com.ar\/portalurbano\/#organization"},"articleSection":["Ciudad"],"inLanguage":"es"},{"@type":"WebPage","@id":"https:\/\/experienciadevida.com.ar\/portalurbano\/la-defensoria-pidio-informacion-ante-la-falta-de-medicos-de-guardia-en-sierra-chica\/","url":"https:\/\/experienciadevida.com.ar\/portalurbano\/la-defensoria-pidio-informacion-ante-la-falta-de-medicos-de-guardia-en-sierra-chica\/","name":"La defensor\u00eda pidi\u00f3 informaci\u00f3n ante la falta de m\u00e9dicos de guardia","isPartOf":{"@id":"https:\/\/experienciadevida.com.ar\/portalurbano\/#website"},"datePublished":"2022-07-14T17:22:40+00:00","dateModified":"2022-07-14T17:23:08+00:00","description":"La Defensor\u00eda pidi\u00f3 informaci\u00f3n ante la falta de m\u00e9dicos de guardia en Sierra Chica, luego de reclamos sobre la falta de m\u00e9dicos","breadcrumb":{"@id":"https:\/\/experienciadevida.com.ar\/portalurbano\/la-defensoria-pidio-informacion-ante-la-falta-de-medicos-de-guardia-en-sierra-chica\/#breadcrumb"},"inLanguage":"es","potentialAction":[{"@type":"ReadAction","target":["https:\/\/experienciadevida.com.ar\/portalurbano\/la-defensoria-pidio-informacion-ante-la-falta-de-medicos-de-guardia-en-sierra-chica\/"]}]},{"@type":"BreadcrumbList","@id":"https:\/\/experienciadevida.com.ar\/portalurbano\/la-defensoria-pidio-informacion-ante-la-falta-de-medicos-de-guardia-en-sierra-chica\/#breadcrumb","itemListElement":[{"@type":"ListItem","position":1,"name":"Portada","item":"https:\/\/experienciadevida.com.ar\/portalurbano\/"},{"@type":"ListItem","position":2,"name":"La Defensor\u00eda pidi\u00f3 informaci\u00f3n ante la falta de m\u00e9dicos de guardia en Sierra Chica"}]},{"@type":"WebSite","@id":"https:\/\/experienciadevida.com.ar\/portalurbano\/#website","url":"https:\/\/experienciadevida.com.ar\/portalurbano\/","name":"","description":"","publisher":{"@id":"https:\/\/experienciadevida.com.ar\/portalurbano\/#organization"},"potentialAction":[{"@type":"SearchAction","target":{"@type":"EntryPoint","urlTemplate":"https:\/\/experienciadevida.com.ar\/portalurbano\/?s={search_term_string}"},"query-input":"required name=search_term_string"}],"inLanguage":"es"},{"@type":"Organization","@id":"https:\/\/experienciadevida.com.ar\/portalurbano\/#organization","name":"Portal Urbano","url":"https:\/\/experienciadevida.com.ar\/portalurbano\/","logo":{"@type":"ImageObject","inLanguage":"es","@id":"https:\/\/experienciadevida.com.ar\/portalurbano\/#\/schema\/logo\/image\/","url":"https:\/\/experienciadevida.com.ar\/portalurbano\/wp-content\/uploads\/2019\/09\/Logo-Original.png","contentUrl":"https:\/\/experienciadevida.com.ar\/portalurbano\/wp-content\/uploads\/2019\/09\/Logo-Original.png","width":2236,"height":1216,"caption":"Portal Urbano"},"image":{"@id":"https:\/\/experienciadevida.com.ar\/portalurbano\/#\/schema\/logo\/image\/"},"sameAs":["https:\/\/www.facebook.com\/Portal-Urbano-171542830093757\/","https:\/\/twitter.com\/portalurbanook","https:\/\/www.instagram.com\/_portalurbano\/","https:\/\/www.youtube.com\/channel\/UCXhagIfszH8KxFiOok79zbA?view_as=subscriber"]},{"@type":"Person","@id":"https:\/\/experienciadevida.com.ar\/portalurbano\/#\/schema\/person\/02dd326b1c4b056e9cc972486934a3a7","name":"admpu17wp","image":{"@type":"ImageObject","inLanguage":"es","@id":"https:\/\/experienciadevida.com.ar\/portalurbano\/#\/schema\/person\/image\/","url":"https:\/\/secure.gravatar.com\/avatar\/830d4c57adaae6630765e449a6908047?s=96&d=mm&r=g","contentUrl":"https:\/\/secure.gravatar.com\/avatar\/830d4c57adaae6630765e449a6908047?s=96&d=mm&r=g","caption":"admpu17wp"}}]}},"featured_image_urls":{"full":["https:\/\/experienciadevida.com.ar\/portalurbano\/wp-content\/uploads\/2020\/05\/DEFENSORIA.jpg",765,554,false],"thumbnail":["https:\/\/experienciadevida.com.ar\/portalurbano\/wp-content\/uploads\/2020\/05\/DEFENSORIA-150x150.jpg",150,150,true],"medium":["https:\/\/experienciadevida.com.ar\/portalurbano\/wp-content\/uploads\/2020\/05\/DEFENSORIA-300x217.jpg",300,217,true],"medium_large":["https:\/\/experienciadevida.com.ar\/portalurbano\/wp-content\/uploads\/2020\/05\/DEFENSORIA.jpg",640,463,false],"large":["https:\/\/experienciadevida.com.ar\/portalurbano\/wp-content\/uploads\/2020\/05\/DEFENSORIA.jpg",640,463,false],"ug_big":["https:\/\/experienciadevida.com.ar\/portalurbano\/wp-content\/uploads\/2020\/05\/DEFENSORIA.jpg",765,554,false],"1536x1536":["https:\/\/experienciadevida.com.ar\/portalurbano\/wp-content\/uploads\/2020\/05\/DEFENSORIA.jpg",765,554,false],"2048x2048":["https:\/\/experienciadevida.com.ar\/portalurbano\/wp-content\/uploads\/2020\/05\/DEFENSORIA.jpg",765,554,false],"newsever-slider-full":["https:\/\/experienciadevida.com.ar\/portalurbano\/wp-content\/uploads\/2020\/05\/DEFENSORIA.jpg",765,554,false],"newsever-featured":["https:\/\/experienciadevida.com.ar\/portalurbano\/wp-content\/uploads\/2020\/05\/DEFENSORIA.jpg",765,554,false],"newsever-medium":["https:\/\/experienciadevida.com.ar\/portalurbano\/wp-content\/uploads\/2020\/05\/DEFENSORIA.jpg",656,475,false],"web-stories-poster-portrait":["https:\/\/experienciadevida.com.ar\/portalurbano\/wp-content\/uploads\/2020\/05\/DEFENSORIA.jpg",640,463,false],"web-stories-publisher-logo":["https:\/\/experienciadevida.com.ar\/portalurbano\/wp-content\/uploads\/2020\/05\/DEFENSORIA.jpg",96,70,false],"web-stories-thumbnail":["https:\/\/experienciadevida.com.ar\/portalurbano\/wp-content\/uploads\/2020\/05\/DEFENSORIA.jpg",150,109,false]},"author_info":{"display_name":"admpu17wp","author_link":"https:\/\/experienciadevida.com.ar\/portalurbano\/author\/admpu17wp\/"},"category_info":"<a href=\"https:\/\/experienciadevida.com.ar\/portalurbano\/category\/ciudad\/\" rel=\"category tag\">Ciudad<\/a>","tag_info":"Ciudad","comment_count":"0","amp_enabled":true,"_links":{"self":[{"href":"https:\/\/experienciadevida.com.ar\/portalurbano\/wp-json\/wp\/v2\/posts\/171425"}],"collection":[{"href":"https:\/\/experienciadevida.com.ar\/portalurbano\/wp-json\/wp\/v2\/posts"}],"about":[{"href":"https:\/\/experienciadevida.com.ar\/portalurbano\/wp-json\/wp\/v2\/types\/post"}],"author":[{"embeddable":true,"href":"https:\/\/experienciadevida.com.ar\/portalurbano\/wp-json\/wp\/v2\/users\/1"}],"replies":[{"embeddable":true,"href":"https:\/\/experienciadevida.com.ar\/portalurbano\/wp-json\/wp\/v2\/comments?post=171425"}],"version-history":[{"count":2,"href":"https:\/\/experienciadevida.com.ar\/portalurbano\/wp-json\/wp\/v2\/posts\/171425\/revisions"}],"predecessor-version":[{"id":171427,"href":"https:\/\/experienciadevida.com.ar\/portalurbano\/wp-json\/wp\/v2\/posts\/171425\/revisions\/171427"}],"wp:featuredmedia":[{"embeddable":true,"href":"https:\/\/experienciadevida.com.ar\/portalurbano\/wp-json\/wp\/v2\/media\/108738"}],"wp:attachment":[{"href":"https:\/\/experienciadevida.com.ar\/portalurbano\/wp-json\/wp\/v2\/media?parent=171425"}],"wp:term":[{"taxonomy":"category","embeddable":true,"href":"https:\/\/experienciadevida.com.ar\/portalurbano\/wp-json\/wp\/v2\/categories?post=171425"},{"taxonomy":"post_tag","embeddable":true,"href":"https:\/\/experienciadevida.com.ar\/portalurbano\/wp-json\/wp\/v2\/tags?post=171425"}],"curies":[{"name":"wp","href":"https:\/\/api.w.org\/{rel}","templated":true}]}}