{"id":171414,"date":"2022-07-14T11:59:07","date_gmt":"2022-07-14T14:59:07","guid":{"rendered":"https:\/\/experienciadevida.com.ar\/portalurbano\/?p=171414"},"modified":"2022-07-14T12:04:45","modified_gmt":"2022-07-14T15:04:45","slug":"transporte-urbano-disminucion-en-la-frecuencia-por-asamblea-de-uta","status":"publish","type":"post","link":"https:\/\/experienciadevida.com.ar\/portalurbano\/transporte-urbano-disminucion-en-la-frecuencia-por-asamblea-de-uta\/","title":{"rendered":"Transporte Urbano: Disminuci\u00f3n en la frecuencia por asamblea de UTA"},"content":{"rendered":"<p>Transporte Urbano: Disminuci\u00f3n en la frecuencia por asamblea de UTA, as\u00ed lo informaron desde la Secretar\u00eda de Gobierno de la Municipalidad de Olavarr\u00eda se informa que durante las pr\u00f3ximas horas se ver\u00e1 afectada la frecuencia del servicio de transporte urbano debido a la realizaci\u00f3n de una asamblea del Sindicato de la Uni\u00f3n Tranviarios Automotor (UTA) a desarrollarse este viernes en la ciudad de Mar del Plata.<\/p>\n<p>De acuerdo con lo que se detall\u00f3, en la ocasi\u00f3n se elegir\u00e1n congresales tanto titulares como suplentes, motivo por el cual desde nuestra ciudad viajar\u00e1n 15 choferes afiliados pertenecientes a la firma TuBus.<\/p>\n<p>Es por esa situaci\u00f3n que desde las 14:30 horas de este jueves y durante toda la jornada del viernes se ver\u00e1 reducida la frecuencia del servicio de transporte p\u00fablico.<\/p>\n<p>Se detall\u00f3 que el servicio se iniciar\u00e1 como se lo hace habitualmente desde las 6:30 horas, pero la frecuencia ser\u00e1 cada 30 minutos.<\/p>\n<p>Por \u00faltimo, se enfatiz\u00f3 que el servicio se normalizar\u00e1 en la jornada del s\u00e1bado.<\/p>\n","protected":false},"excerpt":{"rendered":"<p>Transporte Urbano: Disminuci\u00f3n en la frecuencia por asamblea de UTA, as\u00ed lo informaron desde la&#8230;<\/p>\n","protected":false},"author":1,"featured_media":79913,"comment_status":"closed","ping_status":"closed","sticky":false,"template":"","format":"standard","meta":{"content-type":""},"categories":[27,64],"tags":[],"nelio_content":{"isAutoShareEnabled":false,"autoShareEndMode":"default","automationSources":{"useContentSentences":true,"useSocialTemplates":true,"useCustomSentences":false,"customSentences":[]},"followers":[1],"suggestedReferences":[],"includedReferences":[],"efiUrl":"","efiAlt":"","highlights":[]},"yoast_head":"<!-- This site is optimized with the Yoast SEO plugin v20.7 - https:\/\/yoast.com\/wordpress\/plugins\/seo\/ -->\n<title>Transporte urbano: Disminuci\u00f3n en la frecuencia por asamblea de UTA<\/title>\n<meta name=\"description\" content=\"Transporte Urbano: Disminuci\u00f3n en la frecuencia por asamblea de UTA, as\u00ed lo informaron desde la Secretar\u00eda de Gobierno\" \/>\n<meta name=\"robots\" content=\"index, follow, max-snippet:-1, max-image-preview:large, max-video-preview:-1\" \/>\n<link rel=\"canonical\" href=\"https:\/\/experienciadevida.com.ar\/portalurbano\/transporte-urbano-disminucion-en-la-frecuencia-por-asamblea-de-uta\/\" \/>\n<meta property=\"og:locale\" content=\"es_ES\" \/>\n<meta property=\"og:type\" content=\"article\" \/>\n<meta property=\"og:title\" content=\"Transporte urbano: Disminuci\u00f3n en la frecuencia por asamblea de UTA\" \/>\n<meta property=\"og:description\" content=\"Transporte Urbano: Disminuci\u00f3n en la frecuencia por asamblea de UTA, as\u00ed lo informaron desde la Secretar\u00eda de Gobierno\" \/>\n<meta property=\"og:url\" content=\"https:\/\/experienciadevida.com.ar\/portalurbano\/transporte-urbano-disminucion-en-la-frecuencia-por-asamblea-de-uta\/\" \/>\n<meta property=\"article:publisher\" content=\"https:\/\/www.facebook.com\/Portal-Urbano-171542830093757\/\" \/>\n<meta property=\"article:published_time\" content=\"2022-07-14T14:59:07+00:00\" \/>\n<meta property=\"article:modified_time\" content=\"2022-07-14T15:04:45+00:00\" \/>\n<meta property=\"og:image\" content=\"https:\/\/experienciadevida.com.ar\/portalurbano\/wp-content\/uploads\/2019\/08\/TuBus-e1565011784289.jpg\" \/>\n\t<meta property=\"og:image:width\" content=\"765\" \/>\n\t<meta property=\"og:image:height\" content=\"510\" \/>\n\t<meta property=\"og:image:type\" content=\"image\/jpeg\" \/>\n<meta name=\"author\" content=\"admpu17wp\" \/>\n<meta name=\"twitter:card\" content=\"summary_large_image\" \/>\n<meta name=\"twitter:creator\" content=\"@portalurbanook\" \/>\n<meta name=\"twitter:site\" content=\"@portalurbanook\" \/>\n<meta name=\"twitter:label1\" content=\"Escrito por\" \/>\n\t<meta name=\"twitter:data1\" content=\"admpu17wp\" \/>\n\t<meta name=\"twitter:label2\" content=\"Tiempo de lectura\" \/>\n\t<meta name=\"twitter:data2\" content=\"1 minuto\" \/>\n<script type=\"application\/ld+json\" class=\"yoast-schema-graph\">{\"@context\":\"https:\/\/schema.org\",\"@graph\":[{\"@type\":\"Article\",\"@id\":\"https:\/\/experienciadevida.com.ar\/portalurbano\/transporte-urbano-disminucion-en-la-frecuencia-por-asamblea-de-uta\/#article\",\"isPartOf\":{\"@id\":\"https:\/\/experienciadevida.com.ar\/portalurbano\/transporte-urbano-disminucion-en-la-frecuencia-por-asamblea-de-uta\/\"},\"author\":{\"name\":\"admpu17wp\",\"@id\":\"https:\/\/experienciadevida.com.ar\/portalurbano\/#\/schema\/person\/02dd326b1c4b056e9cc972486934a3a7\"},\"headline\":\"Transporte Urbano: Disminuci\u00f3n en la frecuencia por asamblea de UTA\",\"datePublished\":\"2022-07-14T14:59:07+00:00\",\"dateModified\":\"2022-07-14T15:04:45+00:00\",\"mainEntityOfPage\":{\"@id\":\"https:\/\/experienciadevida.com.ar\/portalurbano\/transporte-urbano-disminucion-en-la-frecuencia-por-asamblea-de-uta\/\"},\"wordCount\":184,\"publisher\":{\"@id\":\"https:\/\/experienciadevida.com.ar\/portalurbano\/#organization\"},\"articleSection\":[\"Ciudad\",\"Destacadas 2\"],\"inLanguage\":\"es\"},{\"@type\":\"WebPage\",\"@id\":\"https:\/\/experienciadevida.com.ar\/portalurbano\/transporte-urbano-disminucion-en-la-frecuencia-por-asamblea-de-uta\/\",\"url\":\"https:\/\/experienciadevida.com.ar\/portalurbano\/transporte-urbano-disminucion-en-la-frecuencia-por-asamblea-de-uta\/\",\"name\":\"Transporte urbano: Disminuci\u00f3n en la frecuencia por asamblea de UTA\",\"isPartOf\":{\"@id\":\"https:\/\/experienciadevida.com.ar\/portalurbano\/#website\"},\"datePublished\":\"2022-07-14T14:59:07+00:00\",\"dateModified\":\"2022-07-14T15:04:45+00:00\",\"description\":\"Transporte Urbano: Disminuci\u00f3n en la frecuencia por asamblea de UTA, as\u00ed lo informaron desde la Secretar\u00eda de Gobierno\",\"breadcrumb\":{\"@id\":\"https:\/\/experienciadevida.com.ar\/portalurbano\/transporte-urbano-disminucion-en-la-frecuencia-por-asamblea-de-uta\/#breadcrumb\"},\"inLanguage\":\"es\",\"potentialAction\":[{\"@type\":\"ReadAction\",\"target\":[\"https:\/\/experienciadevida.com.ar\/portalurbano\/transporte-urbano-disminucion-en-la-frecuencia-por-asamblea-de-uta\/\"]}]},{\"@type\":\"BreadcrumbList\",\"@id\":\"https:\/\/experienciadevida.com.ar\/portalurbano\/transporte-urbano-disminucion-en-la-frecuencia-por-asamblea-de-uta\/#breadcrumb\",\"itemListElement\":[{\"@type\":\"ListItem\",\"position\":1,\"name\":\"Portada\",\"item\":\"https:\/\/experienciadevida.com.ar\/portalurbano\/\"},{\"@type\":\"ListItem\",\"position\":2,\"name\":\"Transporte Urbano: Disminuci\u00f3n en la frecuencia por asamblea de UTA\"}]},{\"@type\":\"WebSite\",\"@id\":\"https:\/\/experienciadevida.com.ar\/portalurbano\/#website\",\"url\":\"https:\/\/experienciadevida.com.ar\/portalurbano\/\",\"name\":\"\",\"description\":\"\",\"publisher\":{\"@id\":\"https:\/\/experienciadevida.com.ar\/portalurbano\/#organization\"},\"potentialAction\":[{\"@type\":\"SearchAction\",\"target\":{\"@type\":\"EntryPoint\",\"urlTemplate\":\"https:\/\/experienciadevida.com.ar\/portalurbano\/?s={search_term_string}\"},\"query-input\":\"required name=search_term_string\"}],\"inLanguage\":\"es\"},{\"@type\":\"Organization\",\"@id\":\"https:\/\/experienciadevida.com.ar\/portalurbano\/#organization\",\"name\":\"Portal Urbano\",\"url\":\"https:\/\/experienciadevida.com.ar\/portalurbano\/\",\"logo\":{\"@type\":\"ImageObject\",\"inLanguage\":\"es\",\"@id\":\"https:\/\/experienciadevida.com.ar\/portalurbano\/#\/schema\/logo\/image\/\",\"url\":\"https:\/\/experienciadevida.com.ar\/portalurbano\/wp-content\/uploads\/2019\/09\/Logo-Original.png\",\"contentUrl\":\"https:\/\/experienciadevida.com.ar\/portalurbano\/wp-content\/uploads\/2019\/09\/Logo-Original.png\",\"width\":2236,\"height\":1216,\"caption\":\"Portal Urbano\"},\"image\":{\"@id\":\"https:\/\/experienciadevida.com.ar\/portalurbano\/#\/schema\/logo\/image\/\"},\"sameAs\":[\"https:\/\/www.facebook.com\/Portal-Urbano-171542830093757\/\",\"https:\/\/twitter.com\/portalurbanook\",\"https:\/\/www.instagram.com\/_portalurbano\/\",\"https:\/\/www.youtube.com\/channel\/UCXhagIfszH8KxFiOok79zbA?view_as=subscriber\"]},{\"@type\":\"Person\",\"@id\":\"https:\/\/experienciadevida.com.ar\/portalurbano\/#\/schema\/person\/02dd326b1c4b056e9cc972486934a3a7\",\"name\":\"admpu17wp\",\"image\":{\"@type\":\"ImageObject\",\"inLanguage\":\"es\",\"@id\":\"https:\/\/experienciadevida.com.ar\/portalurbano\/#\/schema\/person\/image\/\",\"url\":\"https:\/\/secure.gravatar.com\/avatar\/830d4c57adaae6630765e449a6908047?s=96&d=mm&r=g\",\"contentUrl\":\"https:\/\/secure.gravatar.com\/avatar\/830d4c57adaae6630765e449a6908047?s=96&d=mm&r=g\",\"caption\":\"admpu17wp\"}}]}<\/script>\n<!-- \/ Yoast SEO plugin. -->","yoast_head_json":{"title":"Transporte urbano: Disminuci\u00f3n en la frecuencia por asamblea de UTA","description":"Transporte Urbano: Disminuci\u00f3n en la frecuencia por asamblea de UTA, as\u00ed lo informaron desde la Secretar\u00eda de Gobierno","robots":{"index":"index","follow":"follow","max-snippet":"max-snippet:-1","max-image-preview":"max-image-preview:large","max-video-preview":"max-video-preview:-1"},"canonical":"https:\/\/experienciadevida.com.ar\/portalurbano\/transporte-urbano-disminucion-en-la-frecuencia-por-asamblea-de-uta\/","og_locale":"es_ES","og_type":"article","og_title":"Transporte urbano: Disminuci\u00f3n en la frecuencia por asamblea de UTA","og_description":"Transporte Urbano: Disminuci\u00f3n en la frecuencia por asamblea de UTA, as\u00ed lo informaron desde la Secretar\u00eda de Gobierno","og_url":"https:\/\/experienciadevida.com.ar\/portalurbano\/transporte-urbano-disminucion-en-la-frecuencia-por-asamblea-de-uta\/","article_publisher":"https:\/\/www.facebook.com\/Portal-Urbano-171542830093757\/","article_published_time":"2022-07-14T14:59:07+00:00","article_modified_time":"2022-07-14T15:04:45+00:00","og_image":[{"width":765,"height":510,"url":"https:\/\/experienciadevida.com.ar\/portalurbano\/wp-content\/uploads\/2019\/08\/TuBus-e1565011784289.jpg","type":"image\/jpeg"}],"author":"admpu17wp","twitter_card":"summary_large_image","twitter_creator":"@portalurbanook","twitter_site":"@portalurbanook","twitter_misc":{"Escrito por":"admpu17wp","Tiempo de lectura":"1 minuto"},"schema":{"@context":"https:\/\/schema.org","@graph":[{"@type":"Article","@id":"https:\/\/experienciadevida.com.ar\/portalurbano\/transporte-urbano-disminucion-en-la-frecuencia-por-asamblea-de-uta\/#article","isPartOf":{"@id":"https:\/\/experienciadevida.com.ar\/portalurbano\/transporte-urbano-disminucion-en-la-frecuencia-por-asamblea-de-uta\/"},"author":{"name":"admpu17wp","@id":"https:\/\/experienciadevida.com.ar\/portalurbano\/#\/schema\/person\/02dd326b1c4b056e9cc972486934a3a7"},"headline":"Transporte Urbano: Disminuci\u00f3n en la frecuencia por asamblea de UTA","datePublished":"2022-07-14T14:59:07+00:00","dateModified":"2022-07-14T15:04:45+00:00","mainEntityOfPage":{"@id":"https:\/\/experienciadevida.com.ar\/portalurbano\/transporte-urbano-disminucion-en-la-frecuencia-por-asamblea-de-uta\/"},"wordCount":184,"publisher":{"@id":"https:\/\/experienciadevida.com.ar\/portalurbano\/#organization"},"articleSection":["Ciudad","Destacadas 2"],"inLanguage":"es"},{"@type":"WebPage","@id":"https:\/\/experienciadevida.com.ar\/portalurbano\/transporte-urbano-disminucion-en-la-frecuencia-por-asamblea-de-uta\/","url":"https:\/\/experienciadevida.com.ar\/portalurbano\/transporte-urbano-disminucion-en-la-frecuencia-por-asamblea-de-uta\/","name":"Transporte urbano: Disminuci\u00f3n en la frecuencia por asamblea de UTA","isPartOf":{"@id":"https:\/\/experienciadevida.com.ar\/portalurbano\/#website"},"datePublished":"2022-07-14T14:59:07+00:00","dateModified":"2022-07-14T15:04:45+00:00","description":"Transporte Urbano: Disminuci\u00f3n en la frecuencia por asamblea de UTA, as\u00ed lo informaron desde la Secretar\u00eda de Gobierno","breadcrumb":{"@id":"https:\/\/experienciadevida.com.ar\/portalurbano\/transporte-urbano-disminucion-en-la-frecuencia-por-asamblea-de-uta\/#breadcrumb"},"inLanguage":"es","potentialAction":[{"@type":"ReadAction","target":["https:\/\/experienciadevida.com.ar\/portalurbano\/transporte-urbano-disminucion-en-la-frecuencia-por-asamblea-de-uta\/"]}]},{"@type":"BreadcrumbList","@id":"https:\/\/experienciadevida.com.ar\/portalurbano\/transporte-urbano-disminucion-en-la-frecuencia-por-asamblea-de-uta\/#breadcrumb","itemListElement":[{"@type":"ListItem","position":1,"name":"Portada","item":"https:\/\/experienciadevida.com.ar\/portalurbano\/"},{"@type":"ListItem","position":2,"name":"Transporte Urbano: Disminuci\u00f3n en la frecuencia por asamblea de UTA"}]},{"@type":"WebSite","@id":"https:\/\/experienciadevida.com.ar\/portalurbano\/#website","url":"https:\/\/experienciadevida.com.ar\/portalurbano\/","name":"","description":"","publisher":{"@id":"https:\/\/experienciadevida.com.ar\/portalurbano\/#organization"},"potentialAction":[{"@type":"SearchAction","target":{"@type":"EntryPoint","urlTemplate":"https:\/\/experienciadevida.com.ar\/portalurbano\/?s={search_term_string}"},"query-input":"required name=search_term_string"}],"inLanguage":"es"},{"@type":"Organization","@id":"https:\/\/experienciadevida.com.ar\/portalurbano\/#organization","name":"Portal Urbano","url":"https:\/\/experienciadevida.com.ar\/portalurbano\/","logo":{"@type":"ImageObject","inLanguage":"es","@id":"https:\/\/experienciadevida.com.ar\/portalurbano\/#\/schema\/logo\/image\/","url":"https:\/\/experienciadevida.com.ar\/portalurbano\/wp-content\/uploads\/2019\/09\/Logo-Original.png","contentUrl":"https:\/\/experienciadevida.com.ar\/portalurbano\/wp-content\/uploads\/2019\/09\/Logo-Original.png","width":2236,"height":1216,"caption":"Portal Urbano"},"image":{"@id":"https:\/\/experienciadevida.com.ar\/portalurbano\/#\/schema\/logo\/image\/"},"sameAs":["https:\/\/www.facebook.com\/Portal-Urbano-171542830093757\/","https:\/\/twitter.com\/portalurbanook","https:\/\/www.instagram.com\/_portalurbano\/","https:\/\/www.youtube.com\/channel\/UCXhagIfszH8KxFiOok79zbA?view_as=subscriber"]},{"@type":"Person","@id":"https:\/\/experienciadevida.com.ar\/portalurbano\/#\/schema\/person\/02dd326b1c4b056e9cc972486934a3a7","name":"admpu17wp","image":{"@type":"ImageObject","inLanguage":"es","@id":"https:\/\/experienciadevida.com.ar\/portalurbano\/#\/schema\/person\/image\/","url":"https:\/\/secure.gravatar.com\/avatar\/830d4c57adaae6630765e449a6908047?s=96&d=mm&r=g","contentUrl":"https:\/\/secure.gravatar.com\/avatar\/830d4c57adaae6630765e449a6908047?s=96&d=mm&r=g","caption":"admpu17wp"}}]}},"featured_image_urls":{"full":["https:\/\/experienciadevida.com.ar\/portalurbano\/wp-content\/uploads\/2019\/08\/TuBus-e1565011784289.jpg",765,510,false],"thumbnail":["https:\/\/experienciadevida.com.ar\/portalurbano\/wp-content\/uploads\/2019\/08\/TuBus-150x150.jpg",150,150,true],"medium":["https:\/\/experienciadevida.com.ar\/portalurbano\/wp-content\/uploads\/2019\/08\/TuBus-300x200.jpg",300,200,true],"medium_large":["https:\/\/experienciadevida.com.ar\/portalurbano\/wp-content\/uploads\/2019\/08\/TuBus-768x512.jpg",640,427,true],"large":["https:\/\/experienciadevida.com.ar\/portalurbano\/wp-content\/uploads\/2019\/08\/TuBus-1024x683.jpg",640,427,true],"ug_big":["https:\/\/experienciadevida.com.ar\/portalurbano\/wp-content\/uploads\/2019\/08\/TuBus-768x512.jpg",768,512,true],"1536x1536":["https:\/\/experienciadevida.com.ar\/portalurbano\/wp-content\/uploads\/2019\/08\/TuBus-e1565011784289.jpg",765,510,false],"2048x2048":["https:\/\/experienciadevida.com.ar\/portalurbano\/wp-content\/uploads\/2019\/08\/TuBus-e1565011784289.jpg",765,510,false],"newsever-slider-full":["https:\/\/experienciadevida.com.ar\/portalurbano\/wp-content\/uploads\/2019\/08\/TuBus-e1565011784289.jpg",765,510,false],"newsever-featured":["https:\/\/experienciadevida.com.ar\/portalurbano\/wp-content\/uploads\/2019\/08\/TuBus-e1565011784289.jpg",765,510,false],"newsever-medium":["https:\/\/experienciadevida.com.ar\/portalurbano\/wp-content\/uploads\/2019\/08\/TuBus-e1565011784289.jpg",713,475,false],"web-stories-poster-portrait":["https:\/\/experienciadevida.com.ar\/portalurbano\/wp-content\/uploads\/2019\/08\/TuBus-e1565011784289.jpg",640,427,false],"web-stories-publisher-logo":["https:\/\/experienciadevida.com.ar\/portalurbano\/wp-content\/uploads\/2019\/08\/TuBus-e1565011784289.jpg",96,64,false],"web-stories-thumbnail":["https:\/\/experienciadevida.com.ar\/portalurbano\/wp-content\/uploads\/2019\/08\/TuBus-e1565011784289.jpg",150,100,false]},"author_info":{"display_name":"admpu17wp","author_link":"https:\/\/experienciadevida.com.ar\/portalurbano\/author\/admpu17wp\/"},"category_info":"<a href=\"https:\/\/experienciadevida.com.ar\/portalurbano\/category\/ciudad\/\" rel=\"category tag\">Ciudad<\/a> <a href=\"https:\/\/experienciadevida.com.ar\/portalurbano\/category\/destacadas-2\/\" rel=\"category tag\">Destacadas 2<\/a>","tag_info":"Destacadas 2","comment_count":"0","amp_enabled":true,"_links":{"self":[{"href":"https:\/\/experienciadevida.com.ar\/portalurbano\/wp-json\/wp\/v2\/posts\/171414"}],"collection":[{"href":"https:\/\/experienciadevida.com.ar\/portalurbano\/wp-json\/wp\/v2\/posts"}],"about":[{"href":"https:\/\/experienciadevida.com.ar\/portalurbano\/wp-json\/wp\/v2\/types\/post"}],"author":[{"embeddable":true,"href":"https:\/\/experienciadevida.com.ar\/portalurbano\/wp-json\/wp\/v2\/users\/1"}],"replies":[{"embeddable":true,"href":"https:\/\/experienciadevida.com.ar\/portalurbano\/wp-json\/wp\/v2\/comments?post=171414"}],"version-history":[{"count":2,"href":"https:\/\/experienciadevida.com.ar\/portalurbano\/wp-json\/wp\/v2\/posts\/171414\/revisions"}],"predecessor-version":[{"id":171416,"href":"https:\/\/experienciadevida.com.ar\/portalurbano\/wp-json\/wp\/v2\/posts\/171414\/revisions\/171416"}],"wp:featuredmedia":[{"embeddable":true,"href":"https:\/\/experienciadevida.com.ar\/portalurbano\/wp-json\/wp\/v2\/media\/79913"}],"wp:attachment":[{"href":"https:\/\/experienciadevida.com.ar\/portalurbano\/wp-json\/wp\/v2\/media?parent=171414"}],"wp:term":[{"taxonomy":"category","embeddable":true,"href":"https:\/\/experienciadevida.com.ar\/portalurbano\/wp-json\/wp\/v2\/categories?post=171414"},{"taxonomy":"post_tag","embeddable":true,"href":"https:\/\/experienciadevida.com.ar\/portalurbano\/wp-json\/wp\/v2\/tags?post=171414"}],"curies":[{"name":"wp","href":"https:\/\/api.w.org\/{rel}","templated":true}]}}