{"id":171408,"date":"2022-07-14T11:56:20","date_gmt":"2022-07-14T14:56:20","guid":{"rendered":"https:\/\/experienciadevida.com.ar\/portalurbano\/?p=171408"},"modified":"2022-07-14T11:57:28","modified_gmt":"2022-07-14T14:57:28","slug":"desarrollo-economico-mas-visitas-a-emprendimientos-locales","status":"publish","type":"post","link":"https:\/\/experienciadevida.com.ar\/portalurbano\/desarrollo-economico-mas-visitas-a-emprendimientos-locales\/","title":{"rendered":"Desarrollo Econ\u00f3mico: M\u00e1s visitas a emprendimientos locales"},"content":{"rendered":"<p>Desarrollo Econ\u00f3mico: M\u00e1s visitas a emprendimientos locales, as\u00ed lo informaron desde la Secretaria de Desarrollo Econ\u00f3mico de la Municipalidad de Olavarr\u00eda se inform\u00f3 que se contin\u00faa con las visitas a emprendimientos de nuestra localidad, para impulsar y fortalecer sus actividades econ\u00f3micas.<\/p>\n<p><a href=\"https:\/\/experienciadevida.com.ar\/portalurbano\/desarrollo-economico-mas-visitas-a-emprendimientos-locales\/desarrollo\/\" rel=\"attachment wp-att-171412\"><img decoding=\"async\" class=\"alignnone size-large wp-image-171412\" src=\"https:\/\/experienciadevida.com.ar\/portalurbano\/wp-content\/uploads\/2022\/07\/Desarrollo-1024x682.jpg\" alt=\"Desarrollo \" width=\"900\" height=\"599\" srcset=\"https:\/\/experienciadevida.com.ar\/portalurbano\/wp-content\/uploads\/2022\/07\/Desarrollo-1024x682.jpg 1024w, https:\/\/experienciadevida.com.ar\/portalurbano\/wp-content\/uploads\/2022\/07\/Desarrollo-300x200.jpg 300w, https:\/\/experienciadevida.com.ar\/portalurbano\/wp-content\/uploads\/2022\/07\/Desarrollo-768x512.jpg 768w, https:\/\/experienciadevida.com.ar\/portalurbano\/wp-content\/uploads\/2022\/07\/Desarrollo-1536x1024.jpg 1536w, https:\/\/experienciadevida.com.ar\/portalurbano\/wp-content\/uploads\/2022\/07\/Desarrollo.jpg 1772w\" sizes=\"(max-width: 900px) 100vw, 900px\" \/><\/a><\/p>\n<p>En esta oportunidad se trat\u00f3 de tres proyectos que recibieron un cr\u00e9dito para emprendedores, destinado a la compra de materiales, insumos, y equipamiento. Se a\u00f1adi\u00f3 que la visita tiene como principal objetivo acompa\u00f1ar el desarrollo de los mismos, y observar adem\u00e1s la correcta inversi\u00f3n de los fondos.<\/p>\n<p>En primer lugar, el Secretario de Desarrollo Econ\u00f3mico Julio Valetutto y el Director de Econom\u00eda Social Leonardo Maiola, junto a su equipo de trabajo, visitaron la \u00abHerrer\u00eda JD\u00bb de Jorge Da R\u00edos. Su titular es un emprendedor experimentado de nuestra localidad, que al mismo tiempo impulsa varios proyectos bien diferenciados. Con el cr\u00e9dito obtenido compr\u00f3 herramientas y logr\u00f3 terminar el espacio f\u00edsico productivo.<\/p>\n<p>Luego visitaron \u00abJC Gastronomia\u00bb, de Mar\u00eda Cristina Melo, quien junto a su pareja, hace varios a\u00f1os se dedican a brindar servicios de ambientaci\u00f3n y catering para eventos. El cr\u00e9dito fue utilizado para la compra de manteler\u00eda, eslab\u00f3n que deb\u00edan reforzar en su proyecto. Actualmente la actividad ha recibido una gran demanda y alcanzaron a cubrir por completo su capacidad de servicio.<\/p>\n<p>Por \u00faltimo, se hizo lo propio con \u00abMi estilo\u00bb, un proyecto dedicado a la venta por menor de prendas de vestir. Este comercio de M\u00f3nica Gorosito iniciado en el a\u00f1o 2013 logr\u00f3 sostenerse en el tiempo, resistiendo los efectos econ\u00f3micos adversos de la pandemia. Actualmente recuper\u00f3 los niveles de venta y con el dinero obtenido compr\u00f3 mercader\u00eda para el negocio.<\/p>\n<p>Por consultas o mayor informaci\u00f3n sobre el acompa\u00f1amiento a emprendimientos, los interesados pueden dirigirse personalmente a la Secretar\u00eda de Desarrollo Econ\u00f3mico en Moreno 2765, telef\u00f3nicamente al 422135\/195, o v\u00eda email a economi.social@olavarria.gov.ar.<\/p>\n","protected":false},"excerpt":{"rendered":"<p>Desarrollo Econ\u00f3mico: M\u00e1s visitas a emprendimientos locales, as\u00ed lo informaron desde la Secretaria de Desarrollo&#8230;<\/p>\n","protected":false},"author":1,"featured_media":171410,"comment_status":"closed","ping_status":"closed","sticky":false,"template":"","format":"standard","meta":{"content-type":""},"categories":[27],"tags":[],"nelio_content":{"isAutoShareEnabled":false,"autoShareEndMode":"default","automationSources":{"useContentSentences":true,"useSocialTemplates":true,"useCustomSentences":false,"customSentences":[]},"followers":[1],"suggestedReferences":[],"includedReferences":[],"efiUrl":"","efiAlt":"","highlights":[]},"yoast_head":"<!-- This site is optimized with the Yoast SEO plugin v20.7 - https:\/\/yoast.com\/wordpress\/plugins\/seo\/ -->\n<title>Desarrollo econ\u00f3mico: M\u00e1s visitas a emprendimientos locales<\/title>\n<meta name=\"description\" content=\"Desarrollo Econ\u00f3mico: M\u00e1s visitas a emprendimientos locales, as\u00ed lo informaron desde la Secretaria de Desarrollo Econ\u00f3mico\" \/>\n<meta name=\"robots\" content=\"index, follow, max-snippet:-1, max-image-preview:large, max-video-preview:-1\" \/>\n<link rel=\"canonical\" href=\"https:\/\/experienciadevida.com.ar\/portalurbano\/desarrollo-economico-mas-visitas-a-emprendimientos-locales\/\" \/>\n<meta property=\"og:locale\" content=\"es_ES\" \/>\n<meta property=\"og:type\" content=\"article\" \/>\n<meta property=\"og:title\" content=\"Desarrollo econ\u00f3mico: M\u00e1s visitas a emprendimientos locales\" \/>\n<meta property=\"og:description\" content=\"Desarrollo Econ\u00f3mico: M\u00e1s visitas a emprendimientos locales, as\u00ed lo informaron desde la Secretaria de Desarrollo Econ\u00f3mico\" \/>\n<meta property=\"og:url\" content=\"https:\/\/experienciadevida.com.ar\/portalurbano\/desarrollo-economico-mas-visitas-a-emprendimientos-locales\/\" \/>\n<meta property=\"article:publisher\" content=\"https:\/\/www.facebook.com\/Portal-Urbano-171542830093757\/\" \/>\n<meta property=\"article:published_time\" content=\"2022-07-14T14:56:20+00:00\" \/>\n<meta property=\"article:modified_time\" content=\"2022-07-14T14:57:28+00:00\" \/>\n<meta property=\"og:image\" content=\"https:\/\/experienciadevida.com.ar\/portalurbano\/wp-content\/uploads\/2022\/07\/Desarrollo-Economico.jpg\" \/>\n\t<meta property=\"og:image:width\" content=\"765\" \/>\n\t<meta property=\"og:image:height\" content=\"510\" \/>\n\t<meta property=\"og:image:type\" content=\"image\/jpeg\" \/>\n<meta name=\"author\" content=\"admpu17wp\" \/>\n<meta name=\"twitter:card\" content=\"summary_large_image\" \/>\n<meta name=\"twitter:creator\" content=\"@portalurbanook\" \/>\n<meta name=\"twitter:site\" content=\"@portalurbanook\" \/>\n<meta name=\"twitter:label1\" content=\"Escrito por\" \/>\n\t<meta name=\"twitter:data1\" content=\"admpu17wp\" \/>\n\t<meta name=\"twitter:label2\" content=\"Tiempo de lectura\" \/>\n\t<meta name=\"twitter:data2\" content=\"2 minutos\" \/>\n<script type=\"application\/ld+json\" class=\"yoast-schema-graph\">{\"@context\":\"https:\/\/schema.org\",\"@graph\":[{\"@type\":\"Article\",\"@id\":\"https:\/\/experienciadevida.com.ar\/portalurbano\/desarrollo-economico-mas-visitas-a-emprendimientos-locales\/#article\",\"isPartOf\":{\"@id\":\"https:\/\/experienciadevida.com.ar\/portalurbano\/desarrollo-economico-mas-visitas-a-emprendimientos-locales\/\"},\"author\":{\"name\":\"admpu17wp\",\"@id\":\"https:\/\/experienciadevida.com.ar\/portalurbano\/#\/schema\/person\/02dd326b1c4b056e9cc972486934a3a7\"},\"headline\":\"Desarrollo Econ\u00f3mico: M\u00e1s visitas a emprendimientos locales\",\"datePublished\":\"2022-07-14T14:56:20+00:00\",\"dateModified\":\"2022-07-14T14:57:28+00:00\",\"mainEntityOfPage\":{\"@id\":\"https:\/\/experienciadevida.com.ar\/portalurbano\/desarrollo-economico-mas-visitas-a-emprendimientos-locales\/\"},\"wordCount\":348,\"publisher\":{\"@id\":\"https:\/\/experienciadevida.com.ar\/portalurbano\/#organization\"},\"articleSection\":[\"Ciudad\"],\"inLanguage\":\"es\"},{\"@type\":\"WebPage\",\"@id\":\"https:\/\/experienciadevida.com.ar\/portalurbano\/desarrollo-economico-mas-visitas-a-emprendimientos-locales\/\",\"url\":\"https:\/\/experienciadevida.com.ar\/portalurbano\/desarrollo-economico-mas-visitas-a-emprendimientos-locales\/\",\"name\":\"Desarrollo econ\u00f3mico: M\u00e1s visitas a emprendimientos locales\",\"isPartOf\":{\"@id\":\"https:\/\/experienciadevida.com.ar\/portalurbano\/#website\"},\"datePublished\":\"2022-07-14T14:56:20+00:00\",\"dateModified\":\"2022-07-14T14:57:28+00:00\",\"description\":\"Desarrollo Econ\u00f3mico: M\u00e1s visitas a emprendimientos locales, as\u00ed lo informaron desde la Secretaria de Desarrollo Econ\u00f3mico\",\"breadcrumb\":{\"@id\":\"https:\/\/experienciadevida.com.ar\/portalurbano\/desarrollo-economico-mas-visitas-a-emprendimientos-locales\/#breadcrumb\"},\"inLanguage\":\"es\",\"potentialAction\":[{\"@type\":\"ReadAction\",\"target\":[\"https:\/\/experienciadevida.com.ar\/portalurbano\/desarrollo-economico-mas-visitas-a-emprendimientos-locales\/\"]}]},{\"@type\":\"BreadcrumbList\",\"@id\":\"https:\/\/experienciadevida.com.ar\/portalurbano\/desarrollo-economico-mas-visitas-a-emprendimientos-locales\/#breadcrumb\",\"itemListElement\":[{\"@type\":\"ListItem\",\"position\":1,\"name\":\"Portada\",\"item\":\"https:\/\/experienciadevida.com.ar\/portalurbano\/\"},{\"@type\":\"ListItem\",\"position\":2,\"name\":\"Desarrollo Econ\u00f3mico: M\u00e1s visitas a emprendimientos locales\"}]},{\"@type\":\"WebSite\",\"@id\":\"https:\/\/experienciadevida.com.ar\/portalurbano\/#website\",\"url\":\"https:\/\/experienciadevida.com.ar\/portalurbano\/\",\"name\":\"\",\"description\":\"\",\"publisher\":{\"@id\":\"https:\/\/experienciadevida.com.ar\/portalurbano\/#organization\"},\"potentialAction\":[{\"@type\":\"SearchAction\",\"target\":{\"@type\":\"EntryPoint\",\"urlTemplate\":\"https:\/\/experienciadevida.com.ar\/portalurbano\/?s={search_term_string}\"},\"query-input\":\"required name=search_term_string\"}],\"inLanguage\":\"es\"},{\"@type\":\"Organization\",\"@id\":\"https:\/\/experienciadevida.com.ar\/portalurbano\/#organization\",\"name\":\"Portal Urbano\",\"url\":\"https:\/\/experienciadevida.com.ar\/portalurbano\/\",\"logo\":{\"@type\":\"ImageObject\",\"inLanguage\":\"es\",\"@id\":\"https:\/\/experienciadevida.com.ar\/portalurbano\/#\/schema\/logo\/image\/\",\"url\":\"https:\/\/experienciadevida.com.ar\/portalurbano\/wp-content\/uploads\/2019\/09\/Logo-Original.png\",\"contentUrl\":\"https:\/\/experienciadevida.com.ar\/portalurbano\/wp-content\/uploads\/2019\/09\/Logo-Original.png\",\"width\":2236,\"height\":1216,\"caption\":\"Portal Urbano\"},\"image\":{\"@id\":\"https:\/\/experienciadevida.com.ar\/portalurbano\/#\/schema\/logo\/image\/\"},\"sameAs\":[\"https:\/\/www.facebook.com\/Portal-Urbano-171542830093757\/\",\"https:\/\/twitter.com\/portalurbanook\",\"https:\/\/www.instagram.com\/_portalurbano\/\",\"https:\/\/www.youtube.com\/channel\/UCXhagIfszH8KxFiOok79zbA?view_as=subscriber\"]},{\"@type\":\"Person\",\"@id\":\"https:\/\/experienciadevida.com.ar\/portalurbano\/#\/schema\/person\/02dd326b1c4b056e9cc972486934a3a7\",\"name\":\"admpu17wp\",\"image\":{\"@type\":\"ImageObject\",\"inLanguage\":\"es\",\"@id\":\"https:\/\/experienciadevida.com.ar\/portalurbano\/#\/schema\/person\/image\/\",\"url\":\"https:\/\/secure.gravatar.com\/avatar\/830d4c57adaae6630765e449a6908047?s=96&d=mm&r=g\",\"contentUrl\":\"https:\/\/secure.gravatar.com\/avatar\/830d4c57adaae6630765e449a6908047?s=96&d=mm&r=g\",\"caption\":\"admpu17wp\"}}]}<\/script>\n<!-- \/ Yoast SEO plugin. -->","yoast_head_json":{"title":"Desarrollo econ\u00f3mico: M\u00e1s visitas a emprendimientos locales","description":"Desarrollo Econ\u00f3mico: M\u00e1s visitas a emprendimientos locales, as\u00ed lo informaron desde la Secretaria de Desarrollo Econ\u00f3mico","robots":{"index":"index","follow":"follow","max-snippet":"max-snippet:-1","max-image-preview":"max-image-preview:large","max-video-preview":"max-video-preview:-1"},"canonical":"https:\/\/experienciadevida.com.ar\/portalurbano\/desarrollo-economico-mas-visitas-a-emprendimientos-locales\/","og_locale":"es_ES","og_type":"article","og_title":"Desarrollo econ\u00f3mico: M\u00e1s visitas a emprendimientos locales","og_description":"Desarrollo Econ\u00f3mico: M\u00e1s visitas a emprendimientos locales, as\u00ed lo informaron desde la Secretaria de Desarrollo Econ\u00f3mico","og_url":"https:\/\/experienciadevida.com.ar\/portalurbano\/desarrollo-economico-mas-visitas-a-emprendimientos-locales\/","article_publisher":"https:\/\/www.facebook.com\/Portal-Urbano-171542830093757\/","article_published_time":"2022-07-14T14:56:20+00:00","article_modified_time":"2022-07-14T14:57:28+00:00","og_image":[{"width":765,"height":510,"url":"https:\/\/experienciadevida.com.ar\/portalurbano\/wp-content\/uploads\/2022\/07\/Desarrollo-Economico.jpg","type":"image\/jpeg"}],"author":"admpu17wp","twitter_card":"summary_large_image","twitter_creator":"@portalurbanook","twitter_site":"@portalurbanook","twitter_misc":{"Escrito por":"admpu17wp","Tiempo de lectura":"2 minutos"},"schema":{"@context":"https:\/\/schema.org","@graph":[{"@type":"Article","@id":"https:\/\/experienciadevida.com.ar\/portalurbano\/desarrollo-economico-mas-visitas-a-emprendimientos-locales\/#article","isPartOf":{"@id":"https:\/\/experienciadevida.com.ar\/portalurbano\/desarrollo-economico-mas-visitas-a-emprendimientos-locales\/"},"author":{"name":"admpu17wp","@id":"https:\/\/experienciadevida.com.ar\/portalurbano\/#\/schema\/person\/02dd326b1c4b056e9cc972486934a3a7"},"headline":"Desarrollo Econ\u00f3mico: M\u00e1s visitas a emprendimientos locales","datePublished":"2022-07-14T14:56:20+00:00","dateModified":"2022-07-14T14:57:28+00:00","mainEntityOfPage":{"@id":"https:\/\/experienciadevida.com.ar\/portalurbano\/desarrollo-economico-mas-visitas-a-emprendimientos-locales\/"},"wordCount":348,"publisher":{"@id":"https:\/\/experienciadevida.com.ar\/portalurbano\/#organization"},"articleSection":["Ciudad"],"inLanguage":"es"},{"@type":"WebPage","@id":"https:\/\/experienciadevida.com.ar\/portalurbano\/desarrollo-economico-mas-visitas-a-emprendimientos-locales\/","url":"https:\/\/experienciadevida.com.ar\/portalurbano\/desarrollo-economico-mas-visitas-a-emprendimientos-locales\/","name":"Desarrollo econ\u00f3mico: M\u00e1s visitas a emprendimientos locales","isPartOf":{"@id":"https:\/\/experienciadevida.com.ar\/portalurbano\/#website"},"datePublished":"2022-07-14T14:56:20+00:00","dateModified":"2022-07-14T14:57:28+00:00","description":"Desarrollo Econ\u00f3mico: M\u00e1s visitas a emprendimientos locales, as\u00ed lo informaron desde la Secretaria de Desarrollo Econ\u00f3mico","breadcrumb":{"@id":"https:\/\/experienciadevida.com.ar\/portalurbano\/desarrollo-economico-mas-visitas-a-emprendimientos-locales\/#breadcrumb"},"inLanguage":"es","potentialAction":[{"@type":"ReadAction","target":["https:\/\/experienciadevida.com.ar\/portalurbano\/desarrollo-economico-mas-visitas-a-emprendimientos-locales\/"]}]},{"@type":"BreadcrumbList","@id":"https:\/\/experienciadevida.com.ar\/portalurbano\/desarrollo-economico-mas-visitas-a-emprendimientos-locales\/#breadcrumb","itemListElement":[{"@type":"ListItem","position":1,"name":"Portada","item":"https:\/\/experienciadevida.com.ar\/portalurbano\/"},{"@type":"ListItem","position":2,"name":"Desarrollo Econ\u00f3mico: M\u00e1s visitas a emprendimientos locales"}]},{"@type":"WebSite","@id":"https:\/\/experienciadevida.com.ar\/portalurbano\/#website","url":"https:\/\/experienciadevida.com.ar\/portalurbano\/","name":"","description":"","publisher":{"@id":"https:\/\/experienciadevida.com.ar\/portalurbano\/#organization"},"potentialAction":[{"@type":"SearchAction","target":{"@type":"EntryPoint","urlTemplate":"https:\/\/experienciadevida.com.ar\/portalurbano\/?s={search_term_string}"},"query-input":"required name=search_term_string"}],"inLanguage":"es"},{"@type":"Organization","@id":"https:\/\/experienciadevida.com.ar\/portalurbano\/#organization","name":"Portal Urbano","url":"https:\/\/experienciadevida.com.ar\/portalurbano\/","logo":{"@type":"ImageObject","inLanguage":"es","@id":"https:\/\/experienciadevida.com.ar\/portalurbano\/#\/schema\/logo\/image\/","url":"https:\/\/experienciadevida.com.ar\/portalurbano\/wp-content\/uploads\/2019\/09\/Logo-Original.png","contentUrl":"https:\/\/experienciadevida.com.ar\/portalurbano\/wp-content\/uploads\/2019\/09\/Logo-Original.png","width":2236,"height":1216,"caption":"Portal Urbano"},"image":{"@id":"https:\/\/experienciadevida.com.ar\/portalurbano\/#\/schema\/logo\/image\/"},"sameAs":["https:\/\/www.facebook.com\/Portal-Urbano-171542830093757\/","https:\/\/twitter.com\/portalurbanook","https:\/\/www.instagram.com\/_portalurbano\/","https:\/\/www.youtube.com\/channel\/UCXhagIfszH8KxFiOok79zbA?view_as=subscriber"]},{"@type":"Person","@id":"https:\/\/experienciadevida.com.ar\/portalurbano\/#\/schema\/person\/02dd326b1c4b056e9cc972486934a3a7","name":"admpu17wp","image":{"@type":"ImageObject","inLanguage":"es","@id":"https:\/\/experienciadevida.com.ar\/portalurbano\/#\/schema\/person\/image\/","url":"https:\/\/secure.gravatar.com\/avatar\/830d4c57adaae6630765e449a6908047?s=96&d=mm&r=g","contentUrl":"https:\/\/secure.gravatar.com\/avatar\/830d4c57adaae6630765e449a6908047?s=96&d=mm&r=g","caption":"admpu17wp"}}]}},"featured_image_urls":{"full":["https:\/\/experienciadevida.com.ar\/portalurbano\/wp-content\/uploads\/2022\/07\/Desarrollo-Economico.jpg",765,510,false],"thumbnail":["https:\/\/experienciadevida.com.ar\/portalurbano\/wp-content\/uploads\/2022\/07\/Desarrollo-Economico-150x150.jpg",150,150,true],"medium":["https:\/\/experienciadevida.com.ar\/portalurbano\/wp-content\/uploads\/2022\/07\/Desarrollo-Economico-300x200.jpg",300,200,true],"medium_large":["https:\/\/experienciadevida.com.ar\/portalurbano\/wp-content\/uploads\/2022\/07\/Desarrollo-Economico.jpg",640,427,false],"large":["https:\/\/experienciadevida.com.ar\/portalurbano\/wp-content\/uploads\/2022\/07\/Desarrollo-Economico.jpg",640,427,false],"ug_big":["https:\/\/experienciadevida.com.ar\/portalurbano\/wp-content\/uploads\/2022\/07\/Desarrollo-Economico.jpg",765,510,false],"1536x1536":["https:\/\/experienciadevida.com.ar\/portalurbano\/wp-content\/uploads\/2022\/07\/Desarrollo-Economico.jpg",765,510,false],"2048x2048":["https:\/\/experienciadevida.com.ar\/portalurbano\/wp-content\/uploads\/2022\/07\/Desarrollo-Economico.jpg",765,510,false],"newsever-slider-full":["https:\/\/experienciadevida.com.ar\/portalurbano\/wp-content\/uploads\/2022\/07\/Desarrollo-Economico.jpg",765,510,false],"newsever-featured":["https:\/\/experienciadevida.com.ar\/portalurbano\/wp-content\/uploads\/2022\/07\/Desarrollo-Economico.jpg",765,510,false],"newsever-medium":["https:\/\/experienciadevida.com.ar\/portalurbano\/wp-content\/uploads\/2022\/07\/Desarrollo-Economico.jpg",713,475,false],"web-stories-poster-portrait":["https:\/\/experienciadevida.com.ar\/portalurbano\/wp-content\/uploads\/2022\/07\/Desarrollo-Economico.jpg",640,427,false],"web-stories-publisher-logo":["https:\/\/experienciadevida.com.ar\/portalurbano\/wp-content\/uploads\/2022\/07\/Desarrollo-Economico.jpg",96,64,false],"web-stories-thumbnail":["https:\/\/experienciadevida.com.ar\/portalurbano\/wp-content\/uploads\/2022\/07\/Desarrollo-Economico.jpg",150,100,false]},"author_info":{"display_name":"admpu17wp","author_link":"https:\/\/experienciadevida.com.ar\/portalurbano\/author\/admpu17wp\/"},"category_info":"<a href=\"https:\/\/experienciadevida.com.ar\/portalurbano\/category\/ciudad\/\" rel=\"category tag\">Ciudad<\/a>","tag_info":"Ciudad","comment_count":"0","amp_enabled":true,"_links":{"self":[{"href":"https:\/\/experienciadevida.com.ar\/portalurbano\/wp-json\/wp\/v2\/posts\/171408"}],"collection":[{"href":"https:\/\/experienciadevida.com.ar\/portalurbano\/wp-json\/wp\/v2\/posts"}],"about":[{"href":"https:\/\/experienciadevida.com.ar\/portalurbano\/wp-json\/wp\/v2\/types\/post"}],"author":[{"embeddable":true,"href":"https:\/\/experienciadevida.com.ar\/portalurbano\/wp-json\/wp\/v2\/users\/1"}],"replies":[{"embeddable":true,"href":"https:\/\/experienciadevida.com.ar\/portalurbano\/wp-json\/wp\/v2\/comments?post=171408"}],"version-history":[{"count":3,"href":"https:\/\/experienciadevida.com.ar\/portalurbano\/wp-json\/wp\/v2\/posts\/171408\/revisions"}],"predecessor-version":[{"id":171413,"href":"https:\/\/experienciadevida.com.ar\/portalurbano\/wp-json\/wp\/v2\/posts\/171408\/revisions\/171413"}],"wp:featuredmedia":[{"embeddable":true,"href":"https:\/\/experienciadevida.com.ar\/portalurbano\/wp-json\/wp\/v2\/media\/171410"}],"wp:attachment":[{"href":"https:\/\/experienciadevida.com.ar\/portalurbano\/wp-json\/wp\/v2\/media?parent=171408"}],"wp:term":[{"taxonomy":"category","embeddable":true,"href":"https:\/\/experienciadevida.com.ar\/portalurbano\/wp-json\/wp\/v2\/categories?post=171408"},{"taxonomy":"post_tag","embeddable":true,"href":"https:\/\/experienciadevida.com.ar\/portalurbano\/wp-json\/wp\/v2\/tags?post=171408"}],"curies":[{"name":"wp","href":"https:\/\/api.w.org\/{rel}","templated":true}]}}