{"id":171398,"date":"2022-07-14T11:19:39","date_gmt":"2022-07-14T14:19:39","guid":{"rendered":"https:\/\/experienciadevida.com.ar\/portalurbano\/?p=171398"},"modified":"2022-07-14T11:22:39","modified_gmt":"2022-07-14T14:22:39","slug":"galli-recibio-a-olavarrienses-destacados-en-la-copa-argentina-de-cervezas","status":"publish","type":"post","link":"https:\/\/experienciadevida.com.ar\/portalurbano\/galli-recibio-a-olavarrienses-destacados-en-la-copa-argentina-de-cervezas\/","title":{"rendered":"Galli recibi\u00f3 a olavarrienses destacados en la Copa Argentina de Cervezas"},"content":{"rendered":"<p>Galli recibi\u00f3 a olavarrienses destacados en la Copa Argentina de Cervezas, en la ma\u00f1ana de este jueves el intendente municipal Ezequiel <a href=\"https:\/\/www.instagram.com\/galliezequiel\/\">Galli<\/a> recibi\u00f3 en la sala de reuniones del palacio San Mart\u00edn a los olavarrienses premiados en la \u00faltima edici\u00f3n de la Copa Argentina de las Cervezas que se desarroll\u00f3 en la Ciudad de Buenos Aires y cont\u00f3 con la participaci\u00f3n de la locutora local Georgina Muller.<\/p>\n<p>Del encuentro participaron Sebasti\u00e1n Pen\u00e9 de Monos Sabios, Ricardo Becker y Anabela Falick de Cervecer\u00eda RAB, Ignacio Fern\u00e1ndez de Sur del Sur, el Secretario de Gobierno Hilario Galli, el Secretario de Desarrollo Econ\u00f3mico Julio Valetutto y la Subsecretaria de Inversiones Emilia D\u00edaz.<\/p>\n<p>Cabe destacar que en la competencia Sur del Sur obtuvo el premio a la mejor \u00abCerveza Colaborativa\u00bb, la cervecer\u00eda RAB obtuvo la medalla de plata en la categor\u00eda German Dark Lager con su Schwarzbier y Monos Sabios consigui\u00f3 dos galardones: en la categor\u00eda American Amber \/ Red Ale gan\u00f3 el primer puesto con AAA Monos Sabios, mientras que en Juicy or Hazy Pale Ale se qued\u00f3 con el tercer puesto con la Nepa Monos Sabios.<\/p>\n<p>Durante la reuni\u00f3n, los emprendedores analizaron la realidad que viven y las dificultades que tienen para producir las cervezas por el contexto inflacionario e incierto que se vive en nuestro pa\u00eds.<\/p>\n<p>Durante la reuni\u00f3n, Ezequiel Galli dijo: \u00abes un orgullo para nosotros que emprendedores olavarriense se destaquen a nivel nacional porque son nuestros embajadores y conocemos el sacrificio diario que hacen para ser mejores\u00bb.<\/p>\n<p>\u00abSabemos que en nuestro pa\u00eds es muy dif\u00edcil llevar a cabo un emprendimiento porque las reglas de juego cambian permanentemente y m\u00e1s en un rubro en el que se requieren insumos que son importados. Por eso, los logros que han obtenido son m\u00e1s meritorios a\u00fan\u00bb, agreg\u00f3.<\/p>\n<p>Finalmente, el intendente municipal puso a disposici\u00f3n los equipos y las herramientas del Municipio para colaborar con una industria que sigue creciendo en todo el pa\u00eds.<\/p>\n","protected":false},"excerpt":{"rendered":"<p>Galli recibi\u00f3 a olavarrienses destacados en la Copa Argentina de Cervezas, en la ma\u00f1ana de&#8230;<\/p>\n","protected":false},"author":1,"featured_media":171399,"comment_status":"closed","ping_status":"closed","sticky":false,"template":"","format":"standard","meta":{"content-type":""},"categories":[27,51],"tags":[],"nelio_content":{"isAutoShareEnabled":false,"autoShareEndMode":"default","automationSources":{"useContentSentences":true,"useSocialTemplates":true,"useCustomSentences":false,"customSentences":[]},"followers":[1],"suggestedReferences":[],"includedReferences":["https:\/\/www.instagram.com\/galliezequiel\/"],"efiUrl":"","efiAlt":"","highlights":[]},"yoast_head":"<!-- This site is optimized with the Yoast SEO plugin v20.7 - https:\/\/yoast.com\/wordpress\/plugins\/seo\/ -->\n<title>Galli recibi\u00f3 a Olavarrienses destacados en la copa Argentina de cervezas<\/title>\n<meta name=\"description\" content=\"Galli recibi\u00f3 a olavarrienses destacados en la Copa Argentina de Cervezas, en la ma\u00f1ana de este jueves el intendente municipal\" \/>\n<meta name=\"robots\" content=\"index, follow, max-snippet:-1, max-image-preview:large, max-video-preview:-1\" \/>\n<link rel=\"canonical\" href=\"https:\/\/experienciadevida.com.ar\/portalurbano\/galli-recibio-a-olavarrienses-destacados-en-la-copa-argentina-de-cervezas\/\" \/>\n<meta property=\"og:locale\" content=\"es_ES\" \/>\n<meta property=\"og:type\" content=\"article\" \/>\n<meta property=\"og:title\" content=\"Galli recibi\u00f3 a Olavarrienses destacados en la copa Argentina de cervezas\" \/>\n<meta property=\"og:description\" content=\"Galli recibi\u00f3 a olavarrienses destacados en la Copa Argentina de Cervezas, en la ma\u00f1ana de este jueves el intendente municipal\" \/>\n<meta property=\"og:url\" content=\"https:\/\/experienciadevida.com.ar\/portalurbano\/galli-recibio-a-olavarrienses-destacados-en-la-copa-argentina-de-cervezas\/\" \/>\n<meta property=\"article:publisher\" content=\"https:\/\/www.facebook.com\/Portal-Urbano-171542830093757\/\" \/>\n<meta property=\"article:published_time\" content=\"2022-07-14T14:19:39+00:00\" \/>\n<meta property=\"article:modified_time\" content=\"2022-07-14T14:22:39+00:00\" \/>\n<meta property=\"og:image\" content=\"https:\/\/experienciadevida.com.ar\/portalurbano\/wp-content\/uploads\/2022\/07\/Galli-recibio-a-olavarrienses.jpg\" \/>\n\t<meta property=\"og:image:width\" content=\"1024\" \/>\n\t<meta property=\"og:image:height\" content=\"685\" \/>\n\t<meta property=\"og:image:type\" content=\"image\/jpeg\" \/>\n<meta name=\"author\" content=\"admpu17wp\" \/>\n<meta name=\"twitter:card\" content=\"summary_large_image\" \/>\n<meta name=\"twitter:creator\" content=\"@portalurbanook\" \/>\n<meta name=\"twitter:site\" content=\"@portalurbanook\" \/>\n<meta name=\"twitter:label1\" content=\"Escrito por\" \/>\n\t<meta name=\"twitter:data1\" content=\"admpu17wp\" \/>\n\t<meta name=\"twitter:label2\" content=\"Tiempo de lectura\" \/>\n\t<meta name=\"twitter:data2\" content=\"2 minutos\" \/>\n<script type=\"application\/ld+json\" class=\"yoast-schema-graph\">{\"@context\":\"https:\/\/schema.org\",\"@graph\":[{\"@type\":\"Article\",\"@id\":\"https:\/\/experienciadevida.com.ar\/portalurbano\/galli-recibio-a-olavarrienses-destacados-en-la-copa-argentina-de-cervezas\/#article\",\"isPartOf\":{\"@id\":\"https:\/\/experienciadevida.com.ar\/portalurbano\/galli-recibio-a-olavarrienses-destacados-en-la-copa-argentina-de-cervezas\/\"},\"author\":{\"name\":\"admpu17wp\",\"@id\":\"https:\/\/experienciadevida.com.ar\/portalurbano\/#\/schema\/person\/02dd326b1c4b056e9cc972486934a3a7\"},\"headline\":\"Galli recibi\u00f3 a olavarrienses destacados en la Copa Argentina de Cervezas\",\"datePublished\":\"2022-07-14T14:19:39+00:00\",\"dateModified\":\"2022-07-14T14:22:39+00:00\",\"mainEntityOfPage\":{\"@id\":\"https:\/\/experienciadevida.com.ar\/portalurbano\/galli-recibio-a-olavarrienses-destacados-en-la-copa-argentina-de-cervezas\/\"},\"wordCount\":352,\"publisher\":{\"@id\":\"https:\/\/experienciadevida.com.ar\/portalurbano\/#organization\"},\"articleSection\":[\"Ciudad\",\"Destacadas\"],\"inLanguage\":\"es\"},{\"@type\":\"WebPage\",\"@id\":\"https:\/\/experienciadevida.com.ar\/portalurbano\/galli-recibio-a-olavarrienses-destacados-en-la-copa-argentina-de-cervezas\/\",\"url\":\"https:\/\/experienciadevida.com.ar\/portalurbano\/galli-recibio-a-olavarrienses-destacados-en-la-copa-argentina-de-cervezas\/\",\"name\":\"Galli recibi\u00f3 a Olavarrienses destacados en la copa Argentina de cervezas\",\"isPartOf\":{\"@id\":\"https:\/\/experienciadevida.com.ar\/portalurbano\/#website\"},\"datePublished\":\"2022-07-14T14:19:39+00:00\",\"dateModified\":\"2022-07-14T14:22:39+00:00\",\"description\":\"Galli recibi\u00f3 a olavarrienses destacados en la Copa Argentina de Cervezas, en la ma\u00f1ana de este jueves el intendente municipal\",\"breadcrumb\":{\"@id\":\"https:\/\/experienciadevida.com.ar\/portalurbano\/galli-recibio-a-olavarrienses-destacados-en-la-copa-argentina-de-cervezas\/#breadcrumb\"},\"inLanguage\":\"es\",\"potentialAction\":[{\"@type\":\"ReadAction\",\"target\":[\"https:\/\/experienciadevida.com.ar\/portalurbano\/galli-recibio-a-olavarrienses-destacados-en-la-copa-argentina-de-cervezas\/\"]}]},{\"@type\":\"BreadcrumbList\",\"@id\":\"https:\/\/experienciadevida.com.ar\/portalurbano\/galli-recibio-a-olavarrienses-destacados-en-la-copa-argentina-de-cervezas\/#breadcrumb\",\"itemListElement\":[{\"@type\":\"ListItem\",\"position\":1,\"name\":\"Portada\",\"item\":\"https:\/\/experienciadevida.com.ar\/portalurbano\/\"},{\"@type\":\"ListItem\",\"position\":2,\"name\":\"Galli recibi\u00f3 a olavarrienses destacados en la Copa Argentina de Cervezas\"}]},{\"@type\":\"WebSite\",\"@id\":\"https:\/\/experienciadevida.com.ar\/portalurbano\/#website\",\"url\":\"https:\/\/experienciadevida.com.ar\/portalurbano\/\",\"name\":\"\",\"description\":\"\",\"publisher\":{\"@id\":\"https:\/\/experienciadevida.com.ar\/portalurbano\/#organization\"},\"potentialAction\":[{\"@type\":\"SearchAction\",\"target\":{\"@type\":\"EntryPoint\",\"urlTemplate\":\"https:\/\/experienciadevida.com.ar\/portalurbano\/?s={search_term_string}\"},\"query-input\":\"required name=search_term_string\"}],\"inLanguage\":\"es\"},{\"@type\":\"Organization\",\"@id\":\"https:\/\/experienciadevida.com.ar\/portalurbano\/#organization\",\"name\":\"Portal Urbano\",\"url\":\"https:\/\/experienciadevida.com.ar\/portalurbano\/\",\"logo\":{\"@type\":\"ImageObject\",\"inLanguage\":\"es\",\"@id\":\"https:\/\/experienciadevida.com.ar\/portalurbano\/#\/schema\/logo\/image\/\",\"url\":\"https:\/\/experienciadevida.com.ar\/portalurbano\/wp-content\/uploads\/2019\/09\/Logo-Original.png\",\"contentUrl\":\"https:\/\/experienciadevida.com.ar\/portalurbano\/wp-content\/uploads\/2019\/09\/Logo-Original.png\",\"width\":2236,\"height\":1216,\"caption\":\"Portal Urbano\"},\"image\":{\"@id\":\"https:\/\/experienciadevida.com.ar\/portalurbano\/#\/schema\/logo\/image\/\"},\"sameAs\":[\"https:\/\/www.facebook.com\/Portal-Urbano-171542830093757\/\",\"https:\/\/twitter.com\/portalurbanook\",\"https:\/\/www.instagram.com\/_portalurbano\/\",\"https:\/\/www.youtube.com\/channel\/UCXhagIfszH8KxFiOok79zbA?view_as=subscriber\"]},{\"@type\":\"Person\",\"@id\":\"https:\/\/experienciadevida.com.ar\/portalurbano\/#\/schema\/person\/02dd326b1c4b056e9cc972486934a3a7\",\"name\":\"admpu17wp\",\"image\":{\"@type\":\"ImageObject\",\"inLanguage\":\"es\",\"@id\":\"https:\/\/experienciadevida.com.ar\/portalurbano\/#\/schema\/person\/image\/\",\"url\":\"https:\/\/secure.gravatar.com\/avatar\/830d4c57adaae6630765e449a6908047?s=96&d=mm&r=g\",\"contentUrl\":\"https:\/\/secure.gravatar.com\/avatar\/830d4c57adaae6630765e449a6908047?s=96&d=mm&r=g\",\"caption\":\"admpu17wp\"}}]}<\/script>\n<!-- \/ Yoast SEO plugin. -->","yoast_head_json":{"title":"Galli recibi\u00f3 a Olavarrienses destacados en la copa Argentina de cervezas","description":"Galli recibi\u00f3 a olavarrienses destacados en la Copa Argentina de Cervezas, en la ma\u00f1ana de este jueves el intendente municipal","robots":{"index":"index","follow":"follow","max-snippet":"max-snippet:-1","max-image-preview":"max-image-preview:large","max-video-preview":"max-video-preview:-1"},"canonical":"https:\/\/experienciadevida.com.ar\/portalurbano\/galli-recibio-a-olavarrienses-destacados-en-la-copa-argentina-de-cervezas\/","og_locale":"es_ES","og_type":"article","og_title":"Galli recibi\u00f3 a Olavarrienses destacados en la copa Argentina de cervezas","og_description":"Galli recibi\u00f3 a olavarrienses destacados en la Copa Argentina de Cervezas, en la ma\u00f1ana de este jueves el intendente municipal","og_url":"https:\/\/experienciadevida.com.ar\/portalurbano\/galli-recibio-a-olavarrienses-destacados-en-la-copa-argentina-de-cervezas\/","article_publisher":"https:\/\/www.facebook.com\/Portal-Urbano-171542830093757\/","article_published_time":"2022-07-14T14:19:39+00:00","article_modified_time":"2022-07-14T14:22:39+00:00","og_image":[{"width":1024,"height":685,"url":"https:\/\/experienciadevida.com.ar\/portalurbano\/wp-content\/uploads\/2022\/07\/Galli-recibio-a-olavarrienses.jpg","type":"image\/jpeg"}],"author":"admpu17wp","twitter_card":"summary_large_image","twitter_creator":"@portalurbanook","twitter_site":"@portalurbanook","twitter_misc":{"Escrito por":"admpu17wp","Tiempo de lectura":"2 minutos"},"schema":{"@context":"https:\/\/schema.org","@graph":[{"@type":"Article","@id":"https:\/\/experienciadevida.com.ar\/portalurbano\/galli-recibio-a-olavarrienses-destacados-en-la-copa-argentina-de-cervezas\/#article","isPartOf":{"@id":"https:\/\/experienciadevida.com.ar\/portalurbano\/galli-recibio-a-olavarrienses-destacados-en-la-copa-argentina-de-cervezas\/"},"author":{"name":"admpu17wp","@id":"https:\/\/experienciadevida.com.ar\/portalurbano\/#\/schema\/person\/02dd326b1c4b056e9cc972486934a3a7"},"headline":"Galli recibi\u00f3 a olavarrienses destacados en la Copa Argentina de Cervezas","datePublished":"2022-07-14T14:19:39+00:00","dateModified":"2022-07-14T14:22:39+00:00","mainEntityOfPage":{"@id":"https:\/\/experienciadevida.com.ar\/portalurbano\/galli-recibio-a-olavarrienses-destacados-en-la-copa-argentina-de-cervezas\/"},"wordCount":352,"publisher":{"@id":"https:\/\/experienciadevida.com.ar\/portalurbano\/#organization"},"articleSection":["Ciudad","Destacadas"],"inLanguage":"es"},{"@type":"WebPage","@id":"https:\/\/experienciadevida.com.ar\/portalurbano\/galli-recibio-a-olavarrienses-destacados-en-la-copa-argentina-de-cervezas\/","url":"https:\/\/experienciadevida.com.ar\/portalurbano\/galli-recibio-a-olavarrienses-destacados-en-la-copa-argentina-de-cervezas\/","name":"Galli recibi\u00f3 a Olavarrienses destacados en la copa Argentina de cervezas","isPartOf":{"@id":"https:\/\/experienciadevida.com.ar\/portalurbano\/#website"},"datePublished":"2022-07-14T14:19:39+00:00","dateModified":"2022-07-14T14:22:39+00:00","description":"Galli recibi\u00f3 a olavarrienses destacados en la Copa Argentina de Cervezas, en la ma\u00f1ana de este jueves el intendente municipal","breadcrumb":{"@id":"https:\/\/experienciadevida.com.ar\/portalurbano\/galli-recibio-a-olavarrienses-destacados-en-la-copa-argentina-de-cervezas\/#breadcrumb"},"inLanguage":"es","potentialAction":[{"@type":"ReadAction","target":["https:\/\/experienciadevida.com.ar\/portalurbano\/galli-recibio-a-olavarrienses-destacados-en-la-copa-argentina-de-cervezas\/"]}]},{"@type":"BreadcrumbList","@id":"https:\/\/experienciadevida.com.ar\/portalurbano\/galli-recibio-a-olavarrienses-destacados-en-la-copa-argentina-de-cervezas\/#breadcrumb","itemListElement":[{"@type":"ListItem","position":1,"name":"Portada","item":"https:\/\/experienciadevida.com.ar\/portalurbano\/"},{"@type":"ListItem","position":2,"name":"Galli recibi\u00f3 a olavarrienses destacados en la Copa Argentina de Cervezas"}]},{"@type":"WebSite","@id":"https:\/\/experienciadevida.com.ar\/portalurbano\/#website","url":"https:\/\/experienciadevida.com.ar\/portalurbano\/","name":"","description":"","publisher":{"@id":"https:\/\/experienciadevida.com.ar\/portalurbano\/#organization"},"potentialAction":[{"@type":"SearchAction","target":{"@type":"EntryPoint","urlTemplate":"https:\/\/experienciadevida.com.ar\/portalurbano\/?s={search_term_string}"},"query-input":"required name=search_term_string"}],"inLanguage":"es"},{"@type":"Organization","@id":"https:\/\/experienciadevida.com.ar\/portalurbano\/#organization","name":"Portal Urbano","url":"https:\/\/experienciadevida.com.ar\/portalurbano\/","logo":{"@type":"ImageObject","inLanguage":"es","@id":"https:\/\/experienciadevida.com.ar\/portalurbano\/#\/schema\/logo\/image\/","url":"https:\/\/experienciadevida.com.ar\/portalurbano\/wp-content\/uploads\/2019\/09\/Logo-Original.png","contentUrl":"https:\/\/experienciadevida.com.ar\/portalurbano\/wp-content\/uploads\/2019\/09\/Logo-Original.png","width":2236,"height":1216,"caption":"Portal Urbano"},"image":{"@id":"https:\/\/experienciadevida.com.ar\/portalurbano\/#\/schema\/logo\/image\/"},"sameAs":["https:\/\/www.facebook.com\/Portal-Urbano-171542830093757\/","https:\/\/twitter.com\/portalurbanook","https:\/\/www.instagram.com\/_portalurbano\/","https:\/\/www.youtube.com\/channel\/UCXhagIfszH8KxFiOok79zbA?view_as=subscriber"]},{"@type":"Person","@id":"https:\/\/experienciadevida.com.ar\/portalurbano\/#\/schema\/person\/02dd326b1c4b056e9cc972486934a3a7","name":"admpu17wp","image":{"@type":"ImageObject","inLanguage":"es","@id":"https:\/\/experienciadevida.com.ar\/portalurbano\/#\/schema\/person\/image\/","url":"https:\/\/secure.gravatar.com\/avatar\/830d4c57adaae6630765e449a6908047?s=96&d=mm&r=g","contentUrl":"https:\/\/secure.gravatar.com\/avatar\/830d4c57adaae6630765e449a6908047?s=96&d=mm&r=g","caption":"admpu17wp"}}]}},"featured_image_urls":{"full":["https:\/\/experienciadevida.com.ar\/portalurbano\/wp-content\/uploads\/2022\/07\/Galli-recibio-a-olavarrienses.jpg",1024,685,false],"thumbnail":["https:\/\/experienciadevida.com.ar\/portalurbano\/wp-content\/uploads\/2022\/07\/Galli-recibio-a-olavarrienses-150x150.jpg",150,150,true],"medium":["https:\/\/experienciadevida.com.ar\/portalurbano\/wp-content\/uploads\/2022\/07\/Galli-recibio-a-olavarrienses-300x201.jpg",300,201,true],"medium_large":["https:\/\/experienciadevida.com.ar\/portalurbano\/wp-content\/uploads\/2022\/07\/Galli-recibio-a-olavarrienses-768x514.jpg",640,428,true],"large":["https:\/\/experienciadevida.com.ar\/portalurbano\/wp-content\/uploads\/2022\/07\/Galli-recibio-a-olavarrienses.jpg",640,428,false],"ug_big":["https:\/\/experienciadevida.com.ar\/portalurbano\/wp-content\/uploads\/2022\/07\/Galli-recibio-a-olavarrienses-768x514.jpg",768,514,true],"1536x1536":["https:\/\/experienciadevida.com.ar\/portalurbano\/wp-content\/uploads\/2022\/07\/Galli-recibio-a-olavarrienses.jpg",1024,685,false],"2048x2048":["https:\/\/experienciadevida.com.ar\/portalurbano\/wp-content\/uploads\/2022\/07\/Galli-recibio-a-olavarrienses.jpg",1024,685,false],"newsever-slider-full":["https:\/\/experienciadevida.com.ar\/portalurbano\/wp-content\/uploads\/2022\/07\/Galli-recibio-a-olavarrienses.jpg",1024,685,false],"newsever-featured":["https:\/\/experienciadevida.com.ar\/portalurbano\/wp-content\/uploads\/2022\/07\/Galli-recibio-a-olavarrienses.jpg",1024,685,false],"newsever-medium":["https:\/\/experienciadevida.com.ar\/portalurbano\/wp-content\/uploads\/2022\/07\/Galli-recibio-a-olavarrienses.jpg",710,475,false],"web-stories-poster-portrait":["https:\/\/experienciadevida.com.ar\/portalurbano\/wp-content\/uploads\/2022\/07\/Galli-recibio-a-olavarrienses.jpg",640,428,false],"web-stories-publisher-logo":["https:\/\/experienciadevida.com.ar\/portalurbano\/wp-content\/uploads\/2022\/07\/Galli-recibio-a-olavarrienses.jpg",96,64,false],"web-stories-thumbnail":["https:\/\/experienciadevida.com.ar\/portalurbano\/wp-content\/uploads\/2022\/07\/Galli-recibio-a-olavarrienses.jpg",150,100,false]},"author_info":{"display_name":"admpu17wp","author_link":"https:\/\/experienciadevida.com.ar\/portalurbano\/author\/admpu17wp\/"},"category_info":"<a href=\"https:\/\/experienciadevida.com.ar\/portalurbano\/category\/ciudad\/\" rel=\"category tag\">Ciudad<\/a> <a href=\"https:\/\/experienciadevida.com.ar\/portalurbano\/category\/destacadas\/\" rel=\"category tag\">Destacadas<\/a>","tag_info":"Destacadas","comment_count":"0","amp_enabled":true,"_links":{"self":[{"href":"https:\/\/experienciadevida.com.ar\/portalurbano\/wp-json\/wp\/v2\/posts\/171398"}],"collection":[{"href":"https:\/\/experienciadevida.com.ar\/portalurbano\/wp-json\/wp\/v2\/posts"}],"about":[{"href":"https:\/\/experienciadevida.com.ar\/portalurbano\/wp-json\/wp\/v2\/types\/post"}],"author":[{"embeddable":true,"href":"https:\/\/experienciadevida.com.ar\/portalurbano\/wp-json\/wp\/v2\/users\/1"}],"replies":[{"embeddable":true,"href":"https:\/\/experienciadevida.com.ar\/portalurbano\/wp-json\/wp\/v2\/comments?post=171398"}],"version-history":[{"count":2,"href":"https:\/\/experienciadevida.com.ar\/portalurbano\/wp-json\/wp\/v2\/posts\/171398\/revisions"}],"predecessor-version":[{"id":171401,"href":"https:\/\/experienciadevida.com.ar\/portalurbano\/wp-json\/wp\/v2\/posts\/171398\/revisions\/171401"}],"wp:featuredmedia":[{"embeddable":true,"href":"https:\/\/experienciadevida.com.ar\/portalurbano\/wp-json\/wp\/v2\/media\/171399"}],"wp:attachment":[{"href":"https:\/\/experienciadevida.com.ar\/portalurbano\/wp-json\/wp\/v2\/media?parent=171398"}],"wp:term":[{"taxonomy":"category","embeddable":true,"href":"https:\/\/experienciadevida.com.ar\/portalurbano\/wp-json\/wp\/v2\/categories?post=171398"},{"taxonomy":"post_tag","embeddable":true,"href":"https:\/\/experienciadevida.com.ar\/portalurbano\/wp-json\/wp\/v2\/tags?post=171398"}],"curies":[{"name":"wp","href":"https:\/\/api.w.org\/{rel}","templated":true}]}}