{"id":171373,"date":"2022-07-13T19:10:35","date_gmt":"2022-07-13T22:10:35","guid":{"rendered":"https:\/\/experienciadevida.com.ar\/portalurbano\/?p=171373"},"modified":"2022-07-13T19:29:52","modified_gmt":"2022-07-13T22:29:52","slug":"luciana-mentasti-valora-la-posibilidad-de-ampliar-saberes-y-fronteras-como-becaria-en-madrid","status":"publish","type":"post","link":"https:\/\/experienciadevida.com.ar\/portalurbano\/luciana-mentasti-valora-la-posibilidad-de-ampliar-saberes-y-fronteras-como-becaria-en-madrid\/","title":{"rendered":"Luciana Mentasti valora la posibilidad de ampliar saberes y fronteras como becaria en Madrid"},"content":{"rendered":"<p>Luciana Mentasti valora la posibilidad de ampliar saberes y fronteras como becaria en Madrid,\u00a0 es docente e investigadora de la <a href=\"https:\/\/www.facebook.com\/FIO.UNICEN\">FIO<\/a>.<\/p>\n<p>La Universidad Complutense de Madrid es el escenario elegido para continuar con el desarrollo de un sistema de medici\u00f3n de rayos que minimice el impacto de la radioterapia en pacientes con c\u00e1ncer. El objetivo es avanzar con tratamientos m\u00e1s eficientes. Una experiencia \u00fanica que cotiza en lo profesional pero tambi\u00e9n la conmueve en lo personal.<\/p>\n<p>Cruz\u00f3 el Oc\u00e9ano con un mar de dudas, acad\u00e9micas y de las otras pero convencida de que era hora de salir de la zona de confort. Y tomar riesgos. Hoy aplaude esa decisi\u00f3n que finalmente se tradujo en una beca de formaci\u00f3n en Espa\u00f1a que ya cotiza en lo laboral pero tambi\u00e9n en lo personal. As\u00ed lo plantea Luciana Mentasti, ingeniera qu\u00edmica de la misma FIO donde hoy hace docencia. \u00bfQu\u00e9 investiga y busca profundizar en ese viejo continente donde todo es nuevo para ella? Ampliar el desarrollo de un sistema de medici\u00f3n de rayos que minimice el impacto de la radioterapia en pacientes con c\u00e1ncer para avanzar con tratamientos m\u00e1s eficientes.<\/p>\n<p>Es investigadora, becaria doctoral del CONICET y actualmente realiza una estancia de investigaci\u00f3n doctoral en el Grupo de Sensores Qu\u00edmicos \u00d3pticos y Fotoqu\u00edmica Aplicada (GSOLFA) de la Facultad de Ciencias Qu\u00edmicas de la Universidad Complutense de Madrid a trav\u00e9s de una beca de la Fundaci\u00f3n Carolina cofinanciada por el Ministerio de Educaci\u00f3n de la Naci\u00f3n.<\/p>\n<p>\u201cEl objetivo es complementar una etapa del trabajo experimental de mi tesis que no hab\u00edamos podido desarrollar demasiado en Argentina, dado que no tenemos acceso a los equipos que se necesitan para hacer estas mediciones. Apareci\u00f3 la alternativa de beca y de vincularme con un laboratorio de ac\u00e1 y apostamos por eso. Es un trabajo en equipo\u201d, plantea la profesional, desde la capital espa\u00f1ola pero con el coraz\u00f3n anclado en la FIO.<\/p>\n<p>Un tema que conmueve:<\/p>\n<p>El eje de su investigaci\u00f3n est\u00e1 centrado en la necesidad de \u201ccaracterizar propiedades luminiscentes de los materiales con los que trabajo en mi tesis. Sintetizo nanocompuestos, polim\u00e9ricos luminiscentes, que son part\u00edculas inorg\u00e1nicas que cuando se excitan con radiaci\u00f3n ultravioleta o de m\u00e1s alta energ\u00eda emiten una luz roja. Esas part\u00edculas las ponemos dentro de un pol\u00edmetro (pl\u00e1stico). Eso vine a caracterizar ac\u00e1\u201d, explica con precisi\u00f3n. En la pr\u00e1ctica, tiene como meta atenuar el da\u00f1o que los rayos provocan en los tejidos de quienes se hacen tratamientos contra el c\u00e1ncer.<\/p>\n<p>Luciana Mentasti valora la posibilidad de ampliar saberes y fronteras como becaria en Madrid,\u00a0 el valor agregado que aporta este intercambio acad\u00e9mico es \u201ctener acceso a equipamiento y a gente especialista, que me abre muchas puertas y me permite profundizar el estudio\u201d, destaca la Ing. Mentasti, dispuesta a volcar todo lo aprendido en Olavarr\u00eda.<\/p>\n<p>\u201cCuando alguien se hace terapia oncol\u00f3gica, uno de los grandes problemas es que no solo se irradia el tumor sino que, como efecto secundario, se terminan generando da\u00f1os en los tejidos de alrededor con complicaciones a futuro. La idea es medir cu\u00e1nta radiaci\u00f3n llega a los tejidos y lograr que haya tratamientos m\u00e1s eficientes\u201d, plantea Mentasti, que lleg\u00f3 a Madrid el 1\u00ba de mayo y permanecer\u00e1 all\u00ed hasta 28 de julio de 2022.<\/p>\n<p>\u00bfC\u00f3mo surge el tema c\u00e1ncer en su agenda de investigaci\u00f3n? \u201cEra una l\u00ednea que se hab\u00eda abordado anteriormente y hay mucho por descubrir aunque el tema del c\u00e1ncer me pega, quiz\u00e1 como a todos\u201d, admite la joven, que perdi\u00f3 a uno de sus mejores amigos en esa batalla.<\/p>\n<p>\u201cDe alguna forma vincul\u00e9 con eso. S\u00e9 que con nuestro trabajo no vamos a cambiarle sustancialmente la vida a una persona que tenga c\u00e1ncer porque hacemos investigaci\u00f3n aplicada. No estamos cerca de implementar el desarrollo tecnol\u00f3gico. Sentamos las bases. Si esto funciona, puede tomarse, desarrollarse y hacer una patente\u201d, analiza.<\/p>\n<p>Aportar ese granito de arena, \u201cme sensibiliza, me conmueve, desde la gente que quiero y ha estado enferma. Y de alguna forma en mi cabeza se hizo el link y me convenci\u00f3 tambi\u00e9n por ese lado de elegir el tema para investigar\u201d.<\/p>\n<p>La FIO, su cuna:<\/p>\n<p>Luciana Mentasti valora la posibilidad de ampliar saberes y fronteras como becaria en Madrid,\u00a0 desde ese laboratorio se tejen v\u00ednculos, se fortalece el trabajo en equipo y al mismo tiempo se genera una fuerte relaci\u00f3n tanto con la Facultad de Ingenier\u00eda como a nivel universidades. \u201cSiempre suma y complementa lo que hacemos en Argentina\u201d, asume la joven investigadora, lejos de los mates y de los abrazos celeste y blanco.<\/p>\n<p>\u201cLa FIO es mi cuna, donde me form\u00e9 profesionalmente, hice el doctorado y donde elijo trabajar\u201d, dice mostr\u00e1ndose \u201corgullosa de formar parte de la facu, la llevo en el coraz\u00f3n, completamente convencida del rol de la Universidad p\u00fablica en el desarrollo del pa\u00eds\u201d.<\/p>\n<p>Integra el Edemap (Equipo de Desarrollo de Materiales y Procesos) de la FIO, que dirige el doctor Gast\u00f3n Barreto. \u201cEs mi lugar. Me gusta mucho trabajar en la FIO\u201d, a\u00f1ade, tras haber pasado casi la mitad de su vida en el campus, primero como alumna de ENAPE, luego siendo estudiante de Ingenier\u00eda y finalmente haciendo docencia e investigaci\u00f3n.<\/p>\n<p>\u201cEs una parte muy importante de mi vida y sigo apostando por crecer profesionalmente desde ah\u00ed. Di mis primeros pasos profesionales, empec\u00e9 en el mundillo de investigaci\u00f3n de grado cuando era estudiante. Es s\u00faper significativa la facultad\u201d, admite con gratitud.<\/p>\n<p>Hoy su hoja de ruta no empieza ni termina en Espa\u00f1a, ya que al itinerario acad\u00e9mico le suma la posibilidad de conocer nuevas geograf\u00edas y otras gentes. Era un doble desaf\u00edo donde dudaba \u201csi me iba a poder integrar a otro grupo de trabajo, c\u00f3mo iban a ser las din\u00e1micas y viene muy bien. Mis compa\u00f1eros me recibieron muy bien desde el minuto cero\u201d, valora Mentasti.<\/p>\n<p>A diez mil kil\u00f3metros de sus afectos y de \u201csu lugar\u201d en Argentina, su prop\u00f3sito fue \u201csalir de la zona de confort, adaptarme, tener nuevos v\u00ednculos. Ojal\u00e1 algo de todo esto sirva o impacte m\u00e1s all\u00e1, en el grupo y en la facu&#8221;, eval\u00faa.<\/p>\n<p>Cuesti\u00f3n de recursos:<\/p>\n<p>Luciana Mentasti valora la posibilidad de ampliar saberes y fronteras como becaria en Madrid,\u00a0 vive en el Colegio Mayor Argentino y casi todos sus compa\u00f1eros de vecindad son argentinos. \u201cSe hace un lindo grupo, el ambiente es muy bueno, estamos acompa\u00f1ados y haciendo planes\u201d, cuenta, a punto de subirse a un avi\u00f3n que la ubicar\u00e1 a un rezo del Vaticano.<\/p>\n<p>\u00bfSu mayor sue\u00f1o? Lo piensa detenidamente y se sonr\u00ede. \u201cSer lo m\u00e1s feliz que pueda con las cartas que me vayan tocando\u201d, es su respuesta, deslumbrada por la \u201chermosa arquitectura de Madrid\u201d y asombrada por la exactitud del transporte p\u00fablico. Tambi\u00e9n por la calidez humana. Todo eso inclina la balanza a favor y hace que apenas reniegue por la extrema burocracia madrile\u00f1a.<\/p>\n<p>Eso s\u00ed, al tomar distancia, no puede dejar de \u201cromantizar\u201d a la Argentina, por su cultura y sus entra\u00f1ables v\u00ednculos. \u201cTengo extra\u00f1itis\u201d, reconoce, tras mencionar que \u201call\u00e1 est\u00e1 mi gente, mis amigos, mi novio, mi familia, mis compa\u00f1eros de trabajo\u2026\u201d. Es consciente de que en este lado del Atl\u00e1ntico todo cuesta m\u00e1s: \u201cen el \u00e1mbito laboral para comprar reactivos o equipos, es muy dif\u00edcil por la inflaci\u00f3n, las importaciones, los proveedores\u2026. Todo demora en Argentina. Ac\u00e1 parece m\u00e1s sencillo. Las Universidades cuentan con m\u00e1s recursos y est\u00e1n m\u00e1s cerca de donde est\u00e1 todo, eso facilita las cosas\u201d, compara.<\/p>\n<p>Luego vuelve los ojos sobre el sur de Am\u00e9rica donde \u201cla educaci\u00f3n y la salud p\u00fablica que tenemos resulta incomparable. Son dos banderas que siempre tenemos que levantar porque en otros lados del mundo no existe eso\u201d, diferencia con orgullo.<\/p>\n<p>Le quedan un par de semanas en Madrid y exprimir\u00e1 al m\u00e1ximo esa experiencia que ya de por s\u00ed arroja un balance muy positivo. Su valija pesar\u00e1 m\u00e1s y no solo por los regalos: llegar\u00e1 con nuevos saberes, acad\u00e9micos y de la vida.<\/p>\n","protected":false},"excerpt":{"rendered":"<p>Luciana Mentasti valora la posibilidad de ampliar saberes y fronteras como becaria en Madrid,\u00a0 es&#8230;<\/p>\n","protected":false},"author":1,"featured_media":171374,"comment_status":"closed","ping_status":"closed","sticky":false,"template":"","format":"standard","meta":{"content-type":""},"categories":[31],"tags":[],"nelio_content":{"isAutoShareEnabled":false,"autoShareEndMode":"default","automationSources":{"useContentSentences":true,"useSocialTemplates":true,"useCustomSentences":false,"customSentences":[]},"followers":[1],"suggestedReferences":[],"includedReferences":[],"efiUrl":"","efiAlt":"","highlights":[]},"yoast_head":"<!-- This site is optimized with the Yoast SEO plugin v20.7 - https:\/\/yoast.com\/wordpress\/plugins\/seo\/ -->\n<title>Luciana Mentasti valora la posibilidad de ampliar saberes y fronteras<\/title>\n<meta name=\"description\" content=\"Luciana Mentasti valora la posibilidad de ampliar saberes y fronteras como becaria en Madrid,\u00a0 es docente e investigadora de la FIO.\" \/>\n<meta name=\"robots\" content=\"index, follow, max-snippet:-1, max-image-preview:large, max-video-preview:-1\" \/>\n<link rel=\"canonical\" href=\"https:\/\/experienciadevida.com.ar\/portalurbano\/luciana-mentasti-valora-la-posibilidad-de-ampliar-saberes-y-fronteras-como-becaria-en-madrid\/\" \/>\n<meta property=\"og:locale\" content=\"es_ES\" \/>\n<meta property=\"og:type\" content=\"article\" \/>\n<meta property=\"og:title\" content=\"Luciana Mentasti valora la posibilidad de ampliar saberes y fronteras\" \/>\n<meta property=\"og:description\" content=\"Luciana Mentasti valora la posibilidad de ampliar saberes y fronteras como becaria en Madrid,\u00a0 es docente e investigadora de la FIO.\" \/>\n<meta property=\"og:url\" content=\"https:\/\/experienciadevida.com.ar\/portalurbano\/luciana-mentasti-valora-la-posibilidad-de-ampliar-saberes-y-fronteras-como-becaria-en-madrid\/\" \/>\n<meta property=\"article:publisher\" content=\"https:\/\/www.facebook.com\/Portal-Urbano-171542830093757\/\" \/>\n<meta property=\"article:published_time\" content=\"2022-07-13T22:10:35+00:00\" \/>\n<meta property=\"article:modified_time\" content=\"2022-07-13T22:29:52+00:00\" \/>\n<meta property=\"og:image\" content=\"https:\/\/experienciadevida.com.ar\/portalurbano\/wp-content\/uploads\/2022\/07\/Luciana-Mentasti-valora-la.jpg\" \/>\n\t<meta property=\"og:image:width\" content=\"958\" \/>\n\t<meta property=\"og:image:height\" content=\"556\" \/>\n\t<meta property=\"og:image:type\" content=\"image\/jpeg\" \/>\n<meta name=\"author\" content=\"admpu17wp\" \/>\n<meta name=\"twitter:card\" content=\"summary_large_image\" \/>\n<meta name=\"twitter:creator\" content=\"@portalurbanook\" \/>\n<meta name=\"twitter:site\" content=\"@portalurbanook\" \/>\n<meta name=\"twitter:label1\" content=\"Escrito por\" \/>\n\t<meta name=\"twitter:data1\" content=\"admpu17wp\" \/>\n\t<meta name=\"twitter:label2\" content=\"Tiempo de lectura\" \/>\n\t<meta name=\"twitter:data2\" content=\"6 minutos\" \/>\n<script type=\"application\/ld+json\" class=\"yoast-schema-graph\">{\"@context\":\"https:\/\/schema.org\",\"@graph\":[{\"@type\":\"Article\",\"@id\":\"https:\/\/experienciadevida.com.ar\/portalurbano\/luciana-mentasti-valora-la-posibilidad-de-ampliar-saberes-y-fronteras-como-becaria-en-madrid\/#article\",\"isPartOf\":{\"@id\":\"https:\/\/experienciadevida.com.ar\/portalurbano\/luciana-mentasti-valora-la-posibilidad-de-ampliar-saberes-y-fronteras-como-becaria-en-madrid\/\"},\"author\":{\"name\":\"admpu17wp\",\"@id\":\"https:\/\/experienciadevida.com.ar\/portalurbano\/#\/schema\/person\/02dd326b1c4b056e9cc972486934a3a7\"},\"headline\":\"Luciana Mentasti valora la posibilidad de ampliar saberes y fronteras como becaria en Madrid\",\"datePublished\":\"2022-07-13T22:10:35+00:00\",\"dateModified\":\"2022-07-13T22:29:52+00:00\",\"mainEntityOfPage\":{\"@id\":\"https:\/\/experienciadevida.com.ar\/portalurbano\/luciana-mentasti-valora-la-posibilidad-de-ampliar-saberes-y-fronteras-como-becaria-en-madrid\/\"},\"wordCount\":1425,\"publisher\":{\"@id\":\"https:\/\/experienciadevida.com.ar\/portalurbano\/#organization\"},\"articleSection\":[\"Educaci\u00f3n\"],\"inLanguage\":\"es\"},{\"@type\":\"WebPage\",\"@id\":\"https:\/\/experienciadevida.com.ar\/portalurbano\/luciana-mentasti-valora-la-posibilidad-de-ampliar-saberes-y-fronteras-como-becaria-en-madrid\/\",\"url\":\"https:\/\/experienciadevida.com.ar\/portalurbano\/luciana-mentasti-valora-la-posibilidad-de-ampliar-saberes-y-fronteras-como-becaria-en-madrid\/\",\"name\":\"Luciana Mentasti valora la posibilidad de ampliar saberes y fronteras\",\"isPartOf\":{\"@id\":\"https:\/\/experienciadevida.com.ar\/portalurbano\/#website\"},\"datePublished\":\"2022-07-13T22:10:35+00:00\",\"dateModified\":\"2022-07-13T22:29:52+00:00\",\"description\":\"Luciana Mentasti valora la posibilidad de ampliar saberes y fronteras como becaria en Madrid,\u00a0 es docente e investigadora de la FIO.\",\"breadcrumb\":{\"@id\":\"https:\/\/experienciadevida.com.ar\/portalurbano\/luciana-mentasti-valora-la-posibilidad-de-ampliar-saberes-y-fronteras-como-becaria-en-madrid\/#breadcrumb\"},\"inLanguage\":\"es\",\"potentialAction\":[{\"@type\":\"ReadAction\",\"target\":[\"https:\/\/experienciadevida.com.ar\/portalurbano\/luciana-mentasti-valora-la-posibilidad-de-ampliar-saberes-y-fronteras-como-becaria-en-madrid\/\"]}]},{\"@type\":\"BreadcrumbList\",\"@id\":\"https:\/\/experienciadevida.com.ar\/portalurbano\/luciana-mentasti-valora-la-posibilidad-de-ampliar-saberes-y-fronteras-como-becaria-en-madrid\/#breadcrumb\",\"itemListElement\":[{\"@type\":\"ListItem\",\"position\":1,\"name\":\"Portada\",\"item\":\"https:\/\/experienciadevida.com.ar\/portalurbano\/\"},{\"@type\":\"ListItem\",\"position\":2,\"name\":\"Luciana Mentasti valora la posibilidad de ampliar saberes y fronteras como becaria en Madrid\"}]},{\"@type\":\"WebSite\",\"@id\":\"https:\/\/experienciadevida.com.ar\/portalurbano\/#website\",\"url\":\"https:\/\/experienciadevida.com.ar\/portalurbano\/\",\"name\":\"\",\"description\":\"\",\"publisher\":{\"@id\":\"https:\/\/experienciadevida.com.ar\/portalurbano\/#organization\"},\"potentialAction\":[{\"@type\":\"SearchAction\",\"target\":{\"@type\":\"EntryPoint\",\"urlTemplate\":\"https:\/\/experienciadevida.com.ar\/portalurbano\/?s={search_term_string}\"},\"query-input\":\"required name=search_term_string\"}],\"inLanguage\":\"es\"},{\"@type\":\"Organization\",\"@id\":\"https:\/\/experienciadevida.com.ar\/portalurbano\/#organization\",\"name\":\"Portal Urbano\",\"url\":\"https:\/\/experienciadevida.com.ar\/portalurbano\/\",\"logo\":{\"@type\":\"ImageObject\",\"inLanguage\":\"es\",\"@id\":\"https:\/\/experienciadevida.com.ar\/portalurbano\/#\/schema\/logo\/image\/\",\"url\":\"https:\/\/experienciadevida.com.ar\/portalurbano\/wp-content\/uploads\/2019\/09\/Logo-Original.png\",\"contentUrl\":\"https:\/\/experienciadevida.com.ar\/portalurbano\/wp-content\/uploads\/2019\/09\/Logo-Original.png\",\"width\":2236,\"height\":1216,\"caption\":\"Portal Urbano\"},\"image\":{\"@id\":\"https:\/\/experienciadevida.com.ar\/portalurbano\/#\/schema\/logo\/image\/\"},\"sameAs\":[\"https:\/\/www.facebook.com\/Portal-Urbano-171542830093757\/\",\"https:\/\/twitter.com\/portalurbanook\",\"https:\/\/www.instagram.com\/_portalurbano\/\",\"https:\/\/www.youtube.com\/channel\/UCXhagIfszH8KxFiOok79zbA?view_as=subscriber\"]},{\"@type\":\"Person\",\"@id\":\"https:\/\/experienciadevida.com.ar\/portalurbano\/#\/schema\/person\/02dd326b1c4b056e9cc972486934a3a7\",\"name\":\"admpu17wp\",\"image\":{\"@type\":\"ImageObject\",\"inLanguage\":\"es\",\"@id\":\"https:\/\/experienciadevida.com.ar\/portalurbano\/#\/schema\/person\/image\/\",\"url\":\"https:\/\/secure.gravatar.com\/avatar\/830d4c57adaae6630765e449a6908047?s=96&d=mm&r=g\",\"contentUrl\":\"https:\/\/secure.gravatar.com\/avatar\/830d4c57adaae6630765e449a6908047?s=96&d=mm&r=g\",\"caption\":\"admpu17wp\"}}]}<\/script>\n<!-- \/ Yoast SEO plugin. -->","yoast_head_json":{"title":"Luciana Mentasti valora la posibilidad de ampliar saberes y fronteras","description":"Luciana Mentasti valora la posibilidad de ampliar saberes y fronteras como becaria en Madrid,\u00a0 es docente e investigadora de la FIO.","robots":{"index":"index","follow":"follow","max-snippet":"max-snippet:-1","max-image-preview":"max-image-preview:large","max-video-preview":"max-video-preview:-1"},"canonical":"https:\/\/experienciadevida.com.ar\/portalurbano\/luciana-mentasti-valora-la-posibilidad-de-ampliar-saberes-y-fronteras-como-becaria-en-madrid\/","og_locale":"es_ES","og_type":"article","og_title":"Luciana Mentasti valora la posibilidad de ampliar saberes y fronteras","og_description":"Luciana Mentasti valora la posibilidad de ampliar saberes y fronteras como becaria en Madrid,\u00a0 es docente e investigadora de la FIO.","og_url":"https:\/\/experienciadevida.com.ar\/portalurbano\/luciana-mentasti-valora-la-posibilidad-de-ampliar-saberes-y-fronteras-como-becaria-en-madrid\/","article_publisher":"https:\/\/www.facebook.com\/Portal-Urbano-171542830093757\/","article_published_time":"2022-07-13T22:10:35+00:00","article_modified_time":"2022-07-13T22:29:52+00:00","og_image":[{"width":958,"height":556,"url":"https:\/\/experienciadevida.com.ar\/portalurbano\/wp-content\/uploads\/2022\/07\/Luciana-Mentasti-valora-la.jpg","type":"image\/jpeg"}],"author":"admpu17wp","twitter_card":"summary_large_image","twitter_creator":"@portalurbanook","twitter_site":"@portalurbanook","twitter_misc":{"Escrito por":"admpu17wp","Tiempo de lectura":"6 minutos"},"schema":{"@context":"https:\/\/schema.org","@graph":[{"@type":"Article","@id":"https:\/\/experienciadevida.com.ar\/portalurbano\/luciana-mentasti-valora-la-posibilidad-de-ampliar-saberes-y-fronteras-como-becaria-en-madrid\/#article","isPartOf":{"@id":"https:\/\/experienciadevida.com.ar\/portalurbano\/luciana-mentasti-valora-la-posibilidad-de-ampliar-saberes-y-fronteras-como-becaria-en-madrid\/"},"author":{"name":"admpu17wp","@id":"https:\/\/experienciadevida.com.ar\/portalurbano\/#\/schema\/person\/02dd326b1c4b056e9cc972486934a3a7"},"headline":"Luciana Mentasti valora la posibilidad de ampliar saberes y fronteras como becaria en Madrid","datePublished":"2022-07-13T22:10:35+00:00","dateModified":"2022-07-13T22:29:52+00:00","mainEntityOfPage":{"@id":"https:\/\/experienciadevida.com.ar\/portalurbano\/luciana-mentasti-valora-la-posibilidad-de-ampliar-saberes-y-fronteras-como-becaria-en-madrid\/"},"wordCount":1425,"publisher":{"@id":"https:\/\/experienciadevida.com.ar\/portalurbano\/#organization"},"articleSection":["Educaci\u00f3n"],"inLanguage":"es"},{"@type":"WebPage","@id":"https:\/\/experienciadevida.com.ar\/portalurbano\/luciana-mentasti-valora-la-posibilidad-de-ampliar-saberes-y-fronteras-como-becaria-en-madrid\/","url":"https:\/\/experienciadevida.com.ar\/portalurbano\/luciana-mentasti-valora-la-posibilidad-de-ampliar-saberes-y-fronteras-como-becaria-en-madrid\/","name":"Luciana Mentasti valora la posibilidad de ampliar saberes y fronteras","isPartOf":{"@id":"https:\/\/experienciadevida.com.ar\/portalurbano\/#website"},"datePublished":"2022-07-13T22:10:35+00:00","dateModified":"2022-07-13T22:29:52+00:00","description":"Luciana Mentasti valora la posibilidad de ampliar saberes y fronteras como becaria en Madrid,\u00a0 es docente e investigadora de la FIO.","breadcrumb":{"@id":"https:\/\/experienciadevida.com.ar\/portalurbano\/luciana-mentasti-valora-la-posibilidad-de-ampliar-saberes-y-fronteras-como-becaria-en-madrid\/#breadcrumb"},"inLanguage":"es","potentialAction":[{"@type":"ReadAction","target":["https:\/\/experienciadevida.com.ar\/portalurbano\/luciana-mentasti-valora-la-posibilidad-de-ampliar-saberes-y-fronteras-como-becaria-en-madrid\/"]}]},{"@type":"BreadcrumbList","@id":"https:\/\/experienciadevida.com.ar\/portalurbano\/luciana-mentasti-valora-la-posibilidad-de-ampliar-saberes-y-fronteras-como-becaria-en-madrid\/#breadcrumb","itemListElement":[{"@type":"ListItem","position":1,"name":"Portada","item":"https:\/\/experienciadevida.com.ar\/portalurbano\/"},{"@type":"ListItem","position":2,"name":"Luciana Mentasti valora la posibilidad de ampliar saberes y fronteras como becaria en Madrid"}]},{"@type":"WebSite","@id":"https:\/\/experienciadevida.com.ar\/portalurbano\/#website","url":"https:\/\/experienciadevida.com.ar\/portalurbano\/","name":"","description":"","publisher":{"@id":"https:\/\/experienciadevida.com.ar\/portalurbano\/#organization"},"potentialAction":[{"@type":"SearchAction","target":{"@type":"EntryPoint","urlTemplate":"https:\/\/experienciadevida.com.ar\/portalurbano\/?s={search_term_string}"},"query-input":"required name=search_term_string"}],"inLanguage":"es"},{"@type":"Organization","@id":"https:\/\/experienciadevida.com.ar\/portalurbano\/#organization","name":"Portal Urbano","url":"https:\/\/experienciadevida.com.ar\/portalurbano\/","logo":{"@type":"ImageObject","inLanguage":"es","@id":"https:\/\/experienciadevida.com.ar\/portalurbano\/#\/schema\/logo\/image\/","url":"https:\/\/experienciadevida.com.ar\/portalurbano\/wp-content\/uploads\/2019\/09\/Logo-Original.png","contentUrl":"https:\/\/experienciadevida.com.ar\/portalurbano\/wp-content\/uploads\/2019\/09\/Logo-Original.png","width":2236,"height":1216,"caption":"Portal Urbano"},"image":{"@id":"https:\/\/experienciadevida.com.ar\/portalurbano\/#\/schema\/logo\/image\/"},"sameAs":["https:\/\/www.facebook.com\/Portal-Urbano-171542830093757\/","https:\/\/twitter.com\/portalurbanook","https:\/\/www.instagram.com\/_portalurbano\/","https:\/\/www.youtube.com\/channel\/UCXhagIfszH8KxFiOok79zbA?view_as=subscriber"]},{"@type":"Person","@id":"https:\/\/experienciadevida.com.ar\/portalurbano\/#\/schema\/person\/02dd326b1c4b056e9cc972486934a3a7","name":"admpu17wp","image":{"@type":"ImageObject","inLanguage":"es","@id":"https:\/\/experienciadevida.com.ar\/portalurbano\/#\/schema\/person\/image\/","url":"https:\/\/secure.gravatar.com\/avatar\/830d4c57adaae6630765e449a6908047?s=96&d=mm&r=g","contentUrl":"https:\/\/secure.gravatar.com\/avatar\/830d4c57adaae6630765e449a6908047?s=96&d=mm&r=g","caption":"admpu17wp"}}]}},"featured_image_urls":{"full":["https:\/\/experienciadevida.com.ar\/portalurbano\/wp-content\/uploads\/2022\/07\/Luciana-Mentasti-valora-la.jpg",958,556,false],"thumbnail":["https:\/\/experienciadevida.com.ar\/portalurbano\/wp-content\/uploads\/2022\/07\/Luciana-Mentasti-valora-la-150x150.jpg",150,150,true],"medium":["https:\/\/experienciadevida.com.ar\/portalurbano\/wp-content\/uploads\/2022\/07\/Luciana-Mentasti-valora-la-300x174.jpg",300,174,true],"medium_large":["https:\/\/experienciadevida.com.ar\/portalurbano\/wp-content\/uploads\/2022\/07\/Luciana-Mentasti-valora-la-768x446.jpg",640,372,true],"large":["https:\/\/experienciadevida.com.ar\/portalurbano\/wp-content\/uploads\/2022\/07\/Luciana-Mentasti-valora-la.jpg",640,371,false],"ug_big":["https:\/\/experienciadevida.com.ar\/portalurbano\/wp-content\/uploads\/2022\/07\/Luciana-Mentasti-valora-la-768x446.jpg",768,446,true],"1536x1536":["https:\/\/experienciadevida.com.ar\/portalurbano\/wp-content\/uploads\/2022\/07\/Luciana-Mentasti-valora-la.jpg",958,556,false],"2048x2048":["https:\/\/experienciadevida.com.ar\/portalurbano\/wp-content\/uploads\/2022\/07\/Luciana-Mentasti-valora-la.jpg",958,556,false],"newsever-slider-full":["https:\/\/experienciadevida.com.ar\/portalurbano\/wp-content\/uploads\/2022\/07\/Luciana-Mentasti-valora-la.jpg",958,556,false],"newsever-featured":["https:\/\/experienciadevida.com.ar\/portalurbano\/wp-content\/uploads\/2022\/07\/Luciana-Mentasti-valora-la.jpg",958,556,false],"newsever-medium":["https:\/\/experienciadevida.com.ar\/portalurbano\/wp-content\/uploads\/2022\/07\/Luciana-Mentasti-valora-la.jpg",720,418,false],"web-stories-poster-portrait":["https:\/\/experienciadevida.com.ar\/portalurbano\/wp-content\/uploads\/2022\/07\/Luciana-Mentasti-valora-la.jpg",640,371,false],"web-stories-publisher-logo":["https:\/\/experienciadevida.com.ar\/portalurbano\/wp-content\/uploads\/2022\/07\/Luciana-Mentasti-valora-la.jpg",96,56,false],"web-stories-thumbnail":["https:\/\/experienciadevida.com.ar\/portalurbano\/wp-content\/uploads\/2022\/07\/Luciana-Mentasti-valora-la.jpg",150,87,false]},"author_info":{"display_name":"admpu17wp","author_link":"https:\/\/experienciadevida.com.ar\/portalurbano\/author\/admpu17wp\/"},"category_info":"<a href=\"https:\/\/experienciadevida.com.ar\/portalurbano\/category\/ciudad\/educacion\/\" rel=\"category tag\">Educaci\u00f3n<\/a>","tag_info":"Educaci\u00f3n","comment_count":"0","amp_enabled":true,"_links":{"self":[{"href":"https:\/\/experienciadevida.com.ar\/portalurbano\/wp-json\/wp\/v2\/posts\/171373"}],"collection":[{"href":"https:\/\/experienciadevida.com.ar\/portalurbano\/wp-json\/wp\/v2\/posts"}],"about":[{"href":"https:\/\/experienciadevida.com.ar\/portalurbano\/wp-json\/wp\/v2\/types\/post"}],"author":[{"embeddable":true,"href":"https:\/\/experienciadevida.com.ar\/portalurbano\/wp-json\/wp\/v2\/users\/1"}],"replies":[{"embeddable":true,"href":"https:\/\/experienciadevida.com.ar\/portalurbano\/wp-json\/wp\/v2\/comments?post=171373"}],"version-history":[{"count":1,"href":"https:\/\/experienciadevida.com.ar\/portalurbano\/wp-json\/wp\/v2\/posts\/171373\/revisions"}],"predecessor-version":[{"id":171375,"href":"https:\/\/experienciadevida.com.ar\/portalurbano\/wp-json\/wp\/v2\/posts\/171373\/revisions\/171375"}],"wp:featuredmedia":[{"embeddable":true,"href":"https:\/\/experienciadevida.com.ar\/portalurbano\/wp-json\/wp\/v2\/media\/171374"}],"wp:attachment":[{"href":"https:\/\/experienciadevida.com.ar\/portalurbano\/wp-json\/wp\/v2\/media?parent=171373"}],"wp:term":[{"taxonomy":"category","embeddable":true,"href":"https:\/\/experienciadevida.com.ar\/portalurbano\/wp-json\/wp\/v2\/categories?post=171373"},{"taxonomy":"post_tag","embeddable":true,"href":"https:\/\/experienciadevida.com.ar\/portalurbano\/wp-json\/wp\/v2\/tags?post=171373"}],"curies":[{"name":"wp","href":"https:\/\/api.w.org\/{rel}","templated":true}]}}