{"id":171366,"date":"2022-07-13T16:27:17","date_gmt":"2022-07-13T19:27:17","guid":{"rendered":"https:\/\/experienciadevida.com.ar\/portalurbano\/?p=171366"},"modified":"2022-07-13T16:27:52","modified_gmt":"2022-07-13T19:27:52","slug":"la-practica-laboral-como-herramienta-para-seguir-aprendiendo","status":"publish","type":"post","link":"https:\/\/experienciadevida.com.ar\/portalurbano\/la-practica-laboral-como-herramienta-para-seguir-aprendiendo\/","title":{"rendered":"La pr\u00e1ctica laboral como herramienta para seguir aprendiendo"},"content":{"rendered":"<p>La pr\u00e1ctica laboral como herramienta para seguir aprendiendo, Ulises Escala, alumno de la <a href=\"https:\/\/www.facebook.com\/FIO.UNICEN\">FIO<\/a>, desarrolla en Tandil una pr\u00e1ctica de campo en Electromedicina.<\/p>\n<p>Ulises Escala transita la \u00faltima instancia de su carrera en la FIO, la Tecnicatura Universitaria en Electromedicina. Adeudando un Seminario y las pr\u00e1cticas de campo, requisitos indispensables para obtener el t\u00edtulo, estaba en abril de este a\u00f1o haciendo experiencia en Brasil, aunque con una mirada puesta en poder completar esos pasos pendientes.<\/p>\n<p>\u201cTenemos un Grupo con alguien que fue profesor nuestro, Pedro Escobar, y por ah\u00ed siempre \u00e9l nos manda oportunidades de pasant\u00edas, de trabajos, seminarios. En esos env\u00edos apareci\u00f3 una vacancia para pasant\u00edas, en Tandil. Yo soy tandilense y deb\u00eda las pr\u00e1cticas de campo as\u00ed que me ven\u00eda servido\u201d, relata Ulises.<\/p>\n<p>A partir de ah\u00ed aplic\u00f3, complet\u00f3 algunas gestiones y, siempre con el apoyo de Escobar, peg\u00f3 la vuelta.<\/p>\n<p>Ahora ya lleva dos meses de experiencia en el Hospital Ram\u00f3n Santamarina. \u201cEstoy aprendiendo mucho, en especial sobre uso de herramientas, y esas cosas pr\u00e1cticas que por ah\u00ed en la carrera no se ven tan a fondo. De hecho, en el d\u00eda a d\u00eda del Hospital pasan muchas cosas y, de repente, hay que usar una amoladora, un torno. Hay que ingeni\u00e1rselas para resolver los diferentes desaf\u00edos que se presentan, en mi caso yo no estaba familiarizado con el uso de herramientas. Yo no vengo de una escuela t\u00e9cnica y hab\u00eda trabajado en cocinas, en restaurantes. Lo poco que conoc\u00eda de temas pr\u00e1cticos era por haber trabajado de electricista y, por supuesto, de la carrera que aporta un montonazo. Pero uno siempre se siente medio \u2018crudo\u2019 al arrancar, eso es normal\u201d, relata Ulises Escala en un alto de su jornada laboral.<\/p>\n<p>Seguir aprendiendo:<\/p>\n<p>La Tecnicatura en Electromedicina, como otras tantas, necesita del rodaje pr\u00e1ctico para completar lo aprendido en el aula. All\u00ed juegan un rol esencial los y las referentes docentes de la Facultad de Ingenier\u00eda. \u201cTratamos de acompa\u00f1ar el proceso de aprendizaje aun despu\u00e9s de que rinden el examen final de nuestra materia\u201d, asegura el Bioingeniero Pedro Escobar. \u201cEs nuestra responsabilidad pero tambi\u00e9n nuestro orgullo ver c\u00f3mo cada estudiante va prosperando en la profesi\u00f3n\u201d, completa.<\/p>\n<p>Ulises Escala tambi\u00e9n opina en el mismo sentido: \u201cSiempre se est\u00e1 aprendiendo algo\u201d, afirma. \u201cCon el correr del tiempo se van adquiriendo conocimientos distintos a trav\u00e9s de situaciones que se van presentando, y no hay nada mejor que la pr\u00e1ctica para incorporarlas\u201d. Trabaja con dos compa\u00f1eros, H\u00e9ctor y Fernando que hizo la misma carrera que \u00e9l, en Olavarr\u00eda. \u201cEstoy aprendiendo mucho de ellos\u201d, completa el estudiante de la FIO.<\/p>\n","protected":false},"excerpt":{"rendered":"<p>La pr\u00e1ctica laboral como herramienta para seguir aprendiendo, Ulises Escala, alumno de la FIO, desarrolla&#8230;<\/p>\n","protected":false},"author":1,"featured_media":171367,"comment_status":"closed","ping_status":"closed","sticky":false,"template":"","format":"standard","meta":{"content-type":""},"categories":[31],"tags":[],"nelio_content":{"isAutoShareEnabled":false,"autoShareEndMode":"default","automationSources":{"useContentSentences":true,"useSocialTemplates":true,"useCustomSentences":false,"customSentences":[]},"followers":[1],"suggestedReferences":[],"includedReferences":[],"efiUrl":"","efiAlt":"","highlights":[]},"yoast_head":"<!-- This site is optimized with the Yoast SEO plugin v20.7 - https:\/\/yoast.com\/wordpress\/plugins\/seo\/ -->\n<title>La pr\u00e1ctica laboral como herramienta para seguir aprendiendo<\/title>\n<meta name=\"description\" content=\"La pr\u00e1ctica laboral como herramienta para seguir aprendiendo, Ulises Escala, alumno de la FIO, desarrolla en Tandil\" \/>\n<meta name=\"robots\" content=\"index, follow, max-snippet:-1, max-image-preview:large, max-video-preview:-1\" \/>\n<link rel=\"canonical\" href=\"https:\/\/experienciadevida.com.ar\/portalurbano\/la-practica-laboral-como-herramienta-para-seguir-aprendiendo\/\" \/>\n<meta property=\"og:locale\" content=\"es_ES\" \/>\n<meta property=\"og:type\" content=\"article\" \/>\n<meta property=\"og:title\" content=\"La pr\u00e1ctica laboral como herramienta para seguir aprendiendo\" \/>\n<meta property=\"og:description\" content=\"La pr\u00e1ctica laboral como herramienta para seguir aprendiendo, Ulises Escala, alumno de la FIO, desarrolla en Tandil\" \/>\n<meta property=\"og:url\" content=\"https:\/\/experienciadevida.com.ar\/portalurbano\/la-practica-laboral-como-herramienta-para-seguir-aprendiendo\/\" \/>\n<meta property=\"article:publisher\" content=\"https:\/\/www.facebook.com\/Portal-Urbano-171542830093757\/\" \/>\n<meta property=\"article:published_time\" content=\"2022-07-13T19:27:17+00:00\" \/>\n<meta property=\"article:modified_time\" content=\"2022-07-13T19:27:52+00:00\" \/>\n<meta property=\"og:image\" content=\"https:\/\/experienciadevida.com.ar\/portalurbano\/wp-content\/uploads\/2022\/07\/La-practica-laboral-como.jpg\" \/>\n\t<meta property=\"og:image:width\" content=\"957\" \/>\n\t<meta property=\"og:image:height\" content=\"665\" \/>\n\t<meta property=\"og:image:type\" content=\"image\/jpeg\" \/>\n<meta name=\"author\" content=\"admpu17wp\" \/>\n<meta name=\"twitter:card\" content=\"summary_large_image\" \/>\n<meta name=\"twitter:creator\" content=\"@portalurbanook\" \/>\n<meta name=\"twitter:site\" content=\"@portalurbanook\" \/>\n<meta name=\"twitter:label1\" content=\"Escrito por\" \/>\n\t<meta name=\"twitter:data1\" content=\"admpu17wp\" \/>\n\t<meta name=\"twitter:label2\" content=\"Tiempo de lectura\" \/>\n\t<meta name=\"twitter:data2\" content=\"2 minutos\" \/>\n<script type=\"application\/ld+json\" class=\"yoast-schema-graph\">{\"@context\":\"https:\/\/schema.org\",\"@graph\":[{\"@type\":\"Article\",\"@id\":\"https:\/\/experienciadevida.com.ar\/portalurbano\/la-practica-laboral-como-herramienta-para-seguir-aprendiendo\/#article\",\"isPartOf\":{\"@id\":\"https:\/\/experienciadevida.com.ar\/portalurbano\/la-practica-laboral-como-herramienta-para-seguir-aprendiendo\/\"},\"author\":{\"name\":\"admpu17wp\",\"@id\":\"https:\/\/experienciadevida.com.ar\/portalurbano\/#\/schema\/person\/02dd326b1c4b056e9cc972486934a3a7\"},\"headline\":\"La pr\u00e1ctica laboral como herramienta para seguir aprendiendo\",\"datePublished\":\"2022-07-13T19:27:17+00:00\",\"dateModified\":\"2022-07-13T19:27:52+00:00\",\"mainEntityOfPage\":{\"@id\":\"https:\/\/experienciadevida.com.ar\/portalurbano\/la-practica-laboral-como-herramienta-para-seguir-aprendiendo\/\"},\"wordCount\":471,\"publisher\":{\"@id\":\"https:\/\/experienciadevida.com.ar\/portalurbano\/#organization\"},\"articleSection\":[\"Educaci\u00f3n\"],\"inLanguage\":\"es\"},{\"@type\":\"WebPage\",\"@id\":\"https:\/\/experienciadevida.com.ar\/portalurbano\/la-practica-laboral-como-herramienta-para-seguir-aprendiendo\/\",\"url\":\"https:\/\/experienciadevida.com.ar\/portalurbano\/la-practica-laboral-como-herramienta-para-seguir-aprendiendo\/\",\"name\":\"La pr\u00e1ctica laboral como herramienta para seguir aprendiendo\",\"isPartOf\":{\"@id\":\"https:\/\/experienciadevida.com.ar\/portalurbano\/#website\"},\"datePublished\":\"2022-07-13T19:27:17+00:00\",\"dateModified\":\"2022-07-13T19:27:52+00:00\",\"description\":\"La pr\u00e1ctica laboral como herramienta para seguir aprendiendo, Ulises Escala, alumno de la FIO, desarrolla en Tandil\",\"breadcrumb\":{\"@id\":\"https:\/\/experienciadevida.com.ar\/portalurbano\/la-practica-laboral-como-herramienta-para-seguir-aprendiendo\/#breadcrumb\"},\"inLanguage\":\"es\",\"potentialAction\":[{\"@type\":\"ReadAction\",\"target\":[\"https:\/\/experienciadevida.com.ar\/portalurbano\/la-practica-laboral-como-herramienta-para-seguir-aprendiendo\/\"]}]},{\"@type\":\"BreadcrumbList\",\"@id\":\"https:\/\/experienciadevida.com.ar\/portalurbano\/la-practica-laboral-como-herramienta-para-seguir-aprendiendo\/#breadcrumb\",\"itemListElement\":[{\"@type\":\"ListItem\",\"position\":1,\"name\":\"Portada\",\"item\":\"https:\/\/experienciadevida.com.ar\/portalurbano\/\"},{\"@type\":\"ListItem\",\"position\":2,\"name\":\"La pr\u00e1ctica laboral como herramienta para seguir aprendiendo\"}]},{\"@type\":\"WebSite\",\"@id\":\"https:\/\/experienciadevida.com.ar\/portalurbano\/#website\",\"url\":\"https:\/\/experienciadevida.com.ar\/portalurbano\/\",\"name\":\"\",\"description\":\"\",\"publisher\":{\"@id\":\"https:\/\/experienciadevida.com.ar\/portalurbano\/#organization\"},\"potentialAction\":[{\"@type\":\"SearchAction\",\"target\":{\"@type\":\"EntryPoint\",\"urlTemplate\":\"https:\/\/experienciadevida.com.ar\/portalurbano\/?s={search_term_string}\"},\"query-input\":\"required name=search_term_string\"}],\"inLanguage\":\"es\"},{\"@type\":\"Organization\",\"@id\":\"https:\/\/experienciadevida.com.ar\/portalurbano\/#organization\",\"name\":\"Portal Urbano\",\"url\":\"https:\/\/experienciadevida.com.ar\/portalurbano\/\",\"logo\":{\"@type\":\"ImageObject\",\"inLanguage\":\"es\",\"@id\":\"https:\/\/experienciadevida.com.ar\/portalurbano\/#\/schema\/logo\/image\/\",\"url\":\"https:\/\/experienciadevida.com.ar\/portalurbano\/wp-content\/uploads\/2019\/09\/Logo-Original.png\",\"contentUrl\":\"https:\/\/experienciadevida.com.ar\/portalurbano\/wp-content\/uploads\/2019\/09\/Logo-Original.png\",\"width\":2236,\"height\":1216,\"caption\":\"Portal Urbano\"},\"image\":{\"@id\":\"https:\/\/experienciadevida.com.ar\/portalurbano\/#\/schema\/logo\/image\/\"},\"sameAs\":[\"https:\/\/www.facebook.com\/Portal-Urbano-171542830093757\/\",\"https:\/\/twitter.com\/portalurbanook\",\"https:\/\/www.instagram.com\/_portalurbano\/\",\"https:\/\/www.youtube.com\/channel\/UCXhagIfszH8KxFiOok79zbA?view_as=subscriber\"]},{\"@type\":\"Person\",\"@id\":\"https:\/\/experienciadevida.com.ar\/portalurbano\/#\/schema\/person\/02dd326b1c4b056e9cc972486934a3a7\",\"name\":\"admpu17wp\",\"image\":{\"@type\":\"ImageObject\",\"inLanguage\":\"es\",\"@id\":\"https:\/\/experienciadevida.com.ar\/portalurbano\/#\/schema\/person\/image\/\",\"url\":\"https:\/\/secure.gravatar.com\/avatar\/830d4c57adaae6630765e449a6908047?s=96&d=mm&r=g\",\"contentUrl\":\"https:\/\/secure.gravatar.com\/avatar\/830d4c57adaae6630765e449a6908047?s=96&d=mm&r=g\",\"caption\":\"admpu17wp\"}}]}<\/script>\n<!-- \/ Yoast SEO plugin. -->","yoast_head_json":{"title":"La pr\u00e1ctica laboral como herramienta para seguir aprendiendo","description":"La pr\u00e1ctica laboral como herramienta para seguir aprendiendo, Ulises Escala, alumno de la FIO, desarrolla en Tandil","robots":{"index":"index","follow":"follow","max-snippet":"max-snippet:-1","max-image-preview":"max-image-preview:large","max-video-preview":"max-video-preview:-1"},"canonical":"https:\/\/experienciadevida.com.ar\/portalurbano\/la-practica-laboral-como-herramienta-para-seguir-aprendiendo\/","og_locale":"es_ES","og_type":"article","og_title":"La pr\u00e1ctica laboral como herramienta para seguir aprendiendo","og_description":"La pr\u00e1ctica laboral como herramienta para seguir aprendiendo, Ulises Escala, alumno de la FIO, desarrolla en Tandil","og_url":"https:\/\/experienciadevida.com.ar\/portalurbano\/la-practica-laboral-como-herramienta-para-seguir-aprendiendo\/","article_publisher":"https:\/\/www.facebook.com\/Portal-Urbano-171542830093757\/","article_published_time":"2022-07-13T19:27:17+00:00","article_modified_time":"2022-07-13T19:27:52+00:00","og_image":[{"width":957,"height":665,"url":"https:\/\/experienciadevida.com.ar\/portalurbano\/wp-content\/uploads\/2022\/07\/La-practica-laboral-como.jpg","type":"image\/jpeg"}],"author":"admpu17wp","twitter_card":"summary_large_image","twitter_creator":"@portalurbanook","twitter_site":"@portalurbanook","twitter_misc":{"Escrito por":"admpu17wp","Tiempo de lectura":"2 minutos"},"schema":{"@context":"https:\/\/schema.org","@graph":[{"@type":"Article","@id":"https:\/\/experienciadevida.com.ar\/portalurbano\/la-practica-laboral-como-herramienta-para-seguir-aprendiendo\/#article","isPartOf":{"@id":"https:\/\/experienciadevida.com.ar\/portalurbano\/la-practica-laboral-como-herramienta-para-seguir-aprendiendo\/"},"author":{"name":"admpu17wp","@id":"https:\/\/experienciadevida.com.ar\/portalurbano\/#\/schema\/person\/02dd326b1c4b056e9cc972486934a3a7"},"headline":"La pr\u00e1ctica laboral como herramienta para seguir aprendiendo","datePublished":"2022-07-13T19:27:17+00:00","dateModified":"2022-07-13T19:27:52+00:00","mainEntityOfPage":{"@id":"https:\/\/experienciadevida.com.ar\/portalurbano\/la-practica-laboral-como-herramienta-para-seguir-aprendiendo\/"},"wordCount":471,"publisher":{"@id":"https:\/\/experienciadevida.com.ar\/portalurbano\/#organization"},"articleSection":["Educaci\u00f3n"],"inLanguage":"es"},{"@type":"WebPage","@id":"https:\/\/experienciadevida.com.ar\/portalurbano\/la-practica-laboral-como-herramienta-para-seguir-aprendiendo\/","url":"https:\/\/experienciadevida.com.ar\/portalurbano\/la-practica-laboral-como-herramienta-para-seguir-aprendiendo\/","name":"La pr\u00e1ctica laboral como herramienta para seguir aprendiendo","isPartOf":{"@id":"https:\/\/experienciadevida.com.ar\/portalurbano\/#website"},"datePublished":"2022-07-13T19:27:17+00:00","dateModified":"2022-07-13T19:27:52+00:00","description":"La pr\u00e1ctica laboral como herramienta para seguir aprendiendo, Ulises Escala, alumno de la FIO, desarrolla en Tandil","breadcrumb":{"@id":"https:\/\/experienciadevida.com.ar\/portalurbano\/la-practica-laboral-como-herramienta-para-seguir-aprendiendo\/#breadcrumb"},"inLanguage":"es","potentialAction":[{"@type":"ReadAction","target":["https:\/\/experienciadevida.com.ar\/portalurbano\/la-practica-laboral-como-herramienta-para-seguir-aprendiendo\/"]}]},{"@type":"BreadcrumbList","@id":"https:\/\/experienciadevida.com.ar\/portalurbano\/la-practica-laboral-como-herramienta-para-seguir-aprendiendo\/#breadcrumb","itemListElement":[{"@type":"ListItem","position":1,"name":"Portada","item":"https:\/\/experienciadevida.com.ar\/portalurbano\/"},{"@type":"ListItem","position":2,"name":"La pr\u00e1ctica laboral como herramienta para seguir aprendiendo"}]},{"@type":"WebSite","@id":"https:\/\/experienciadevida.com.ar\/portalurbano\/#website","url":"https:\/\/experienciadevida.com.ar\/portalurbano\/","name":"","description":"","publisher":{"@id":"https:\/\/experienciadevida.com.ar\/portalurbano\/#organization"},"potentialAction":[{"@type":"SearchAction","target":{"@type":"EntryPoint","urlTemplate":"https:\/\/experienciadevida.com.ar\/portalurbano\/?s={search_term_string}"},"query-input":"required name=search_term_string"}],"inLanguage":"es"},{"@type":"Organization","@id":"https:\/\/experienciadevida.com.ar\/portalurbano\/#organization","name":"Portal Urbano","url":"https:\/\/experienciadevida.com.ar\/portalurbano\/","logo":{"@type":"ImageObject","inLanguage":"es","@id":"https:\/\/experienciadevida.com.ar\/portalurbano\/#\/schema\/logo\/image\/","url":"https:\/\/experienciadevida.com.ar\/portalurbano\/wp-content\/uploads\/2019\/09\/Logo-Original.png","contentUrl":"https:\/\/experienciadevida.com.ar\/portalurbano\/wp-content\/uploads\/2019\/09\/Logo-Original.png","width":2236,"height":1216,"caption":"Portal Urbano"},"image":{"@id":"https:\/\/experienciadevida.com.ar\/portalurbano\/#\/schema\/logo\/image\/"},"sameAs":["https:\/\/www.facebook.com\/Portal-Urbano-171542830093757\/","https:\/\/twitter.com\/portalurbanook","https:\/\/www.instagram.com\/_portalurbano\/","https:\/\/www.youtube.com\/channel\/UCXhagIfszH8KxFiOok79zbA?view_as=subscriber"]},{"@type":"Person","@id":"https:\/\/experienciadevida.com.ar\/portalurbano\/#\/schema\/person\/02dd326b1c4b056e9cc972486934a3a7","name":"admpu17wp","image":{"@type":"ImageObject","inLanguage":"es","@id":"https:\/\/experienciadevida.com.ar\/portalurbano\/#\/schema\/person\/image\/","url":"https:\/\/secure.gravatar.com\/avatar\/830d4c57adaae6630765e449a6908047?s=96&d=mm&r=g","contentUrl":"https:\/\/secure.gravatar.com\/avatar\/830d4c57adaae6630765e449a6908047?s=96&d=mm&r=g","caption":"admpu17wp"}}]}},"featured_image_urls":{"full":["https:\/\/experienciadevida.com.ar\/portalurbano\/wp-content\/uploads\/2022\/07\/La-practica-laboral-como.jpg",957,665,false],"thumbnail":["https:\/\/experienciadevida.com.ar\/portalurbano\/wp-content\/uploads\/2022\/07\/La-practica-laboral-como-150x150.jpg",150,150,true],"medium":["https:\/\/experienciadevida.com.ar\/portalurbano\/wp-content\/uploads\/2022\/07\/La-practica-laboral-como-300x208.jpg",300,208,true],"medium_large":["https:\/\/experienciadevida.com.ar\/portalurbano\/wp-content\/uploads\/2022\/07\/La-practica-laboral-como-768x534.jpg",640,445,true],"large":["https:\/\/experienciadevida.com.ar\/portalurbano\/wp-content\/uploads\/2022\/07\/La-practica-laboral-como.jpg",640,445,false],"ug_big":["https:\/\/experienciadevida.com.ar\/portalurbano\/wp-content\/uploads\/2022\/07\/La-practica-laboral-como-768x534.jpg",768,534,true],"1536x1536":["https:\/\/experienciadevida.com.ar\/portalurbano\/wp-content\/uploads\/2022\/07\/La-practica-laboral-como.jpg",957,665,false],"2048x2048":["https:\/\/experienciadevida.com.ar\/portalurbano\/wp-content\/uploads\/2022\/07\/La-practica-laboral-como.jpg",957,665,false],"newsever-slider-full":["https:\/\/experienciadevida.com.ar\/portalurbano\/wp-content\/uploads\/2022\/07\/La-practica-laboral-como.jpg",957,665,false],"newsever-featured":["https:\/\/experienciadevida.com.ar\/portalurbano\/wp-content\/uploads\/2022\/07\/La-practica-laboral-como.jpg",957,665,false],"newsever-medium":["https:\/\/experienciadevida.com.ar\/portalurbano\/wp-content\/uploads\/2022\/07\/La-practica-laboral-como.jpg",684,475,false],"web-stories-poster-portrait":["https:\/\/experienciadevida.com.ar\/portalurbano\/wp-content\/uploads\/2022\/07\/La-practica-laboral-como.jpg",640,445,false],"web-stories-publisher-logo":["https:\/\/experienciadevida.com.ar\/portalurbano\/wp-content\/uploads\/2022\/07\/La-practica-laboral-como.jpg",96,67,false],"web-stories-thumbnail":["https:\/\/experienciadevida.com.ar\/portalurbano\/wp-content\/uploads\/2022\/07\/La-practica-laboral-como.jpg",150,104,false]},"author_info":{"display_name":"admpu17wp","author_link":"https:\/\/experienciadevida.com.ar\/portalurbano\/author\/admpu17wp\/"},"category_info":"<a href=\"https:\/\/experienciadevida.com.ar\/portalurbano\/category\/ciudad\/educacion\/\" rel=\"category tag\">Educaci\u00f3n<\/a>","tag_info":"Educaci\u00f3n","comment_count":"0","amp_enabled":true,"_links":{"self":[{"href":"https:\/\/experienciadevida.com.ar\/portalurbano\/wp-json\/wp\/v2\/posts\/171366"}],"collection":[{"href":"https:\/\/experienciadevida.com.ar\/portalurbano\/wp-json\/wp\/v2\/posts"}],"about":[{"href":"https:\/\/experienciadevida.com.ar\/portalurbano\/wp-json\/wp\/v2\/types\/post"}],"author":[{"embeddable":true,"href":"https:\/\/experienciadevida.com.ar\/portalurbano\/wp-json\/wp\/v2\/users\/1"}],"replies":[{"embeddable":true,"href":"https:\/\/experienciadevida.com.ar\/portalurbano\/wp-json\/wp\/v2\/comments?post=171366"}],"version-history":[{"count":1,"href":"https:\/\/experienciadevida.com.ar\/portalurbano\/wp-json\/wp\/v2\/posts\/171366\/revisions"}],"predecessor-version":[{"id":171368,"href":"https:\/\/experienciadevida.com.ar\/portalurbano\/wp-json\/wp\/v2\/posts\/171366\/revisions\/171368"}],"wp:featuredmedia":[{"embeddable":true,"href":"https:\/\/experienciadevida.com.ar\/portalurbano\/wp-json\/wp\/v2\/media\/171367"}],"wp:attachment":[{"href":"https:\/\/experienciadevida.com.ar\/portalurbano\/wp-json\/wp\/v2\/media?parent=171366"}],"wp:term":[{"taxonomy":"category","embeddable":true,"href":"https:\/\/experienciadevida.com.ar\/portalurbano\/wp-json\/wp\/v2\/categories?post=171366"},{"taxonomy":"post_tag","embeddable":true,"href":"https:\/\/experienciadevida.com.ar\/portalurbano\/wp-json\/wp\/v2\/tags?post=171366"}],"curies":[{"name":"wp","href":"https:\/\/api.w.org\/{rel}","templated":true}]}}