{"id":171357,"date":"2022-07-13T16:02:39","date_gmt":"2022-07-13T19:02:39","guid":{"rendered":"https:\/\/experienciadevida.com.ar\/portalurbano\/?p=171357"},"modified":"2022-07-13T16:03:43","modified_gmt":"2022-07-13T19:03:43","slug":"permanece-abierta-la-inscripcion-a-los-cursos-virtuales-del-laboratorio-de-idiomas-de-la-facso","status":"publish","type":"post","link":"https:\/\/experienciadevida.com.ar\/portalurbano\/permanece-abierta-la-inscripcion-a-los-cursos-virtuales-del-laboratorio-de-idiomas-de-la-facso\/","title":{"rendered":"Permanece abierta la inscripci\u00f3n a los cursos virtuales del Laboratorio de Idiomas de la FACSO"},"content":{"rendered":"<p>Permanece abierta la inscripci\u00f3n a los cursos virtuales del Laboratorio de Idiomas de la <a href=\"https:\/\/www.facebook.com\/facultadcienciassociales.unicen\">FACSO<\/a>, en el segundo cuatrimestre se dictar\u00e1n cursos de Ingl\u00e9s para Viajeros y las segundas partes de Ingl\u00e9s, Lengua de Se\u00f1as y Mapuzung\u00fan, idioma y cultura mapuche. Se tomar\u00e1 un examen nivelatorio para los cursos de Franc\u00e9s y Portugu\u00e9s. Las cursadas del Laboratorio de Idiomas de la Facultad de Ciencias Sociales iniciar\u00e1n durante la semana del 8 de agosto.<\/p>\n<p>Los cursos comenzar\u00e1n a dictarse la semana del 8 de agosto y tienen una duraci\u00f3n cuatrimestral. Los contenidos del laboratorio de idiomas est\u00e1n estandarizados con el Marco Com\u00fan Europeo de Referencia por lo cual las certificaciones son reconocidas por diversas instituciones de todo el mundo.<\/p>\n<p>Este marco com\u00fan proporciona una base para el aprendizaje de las distintas lenguas que permiten a los\/as estudiantes comunicarse de manera eficaz en pos de favorecer la movilidad internacional, el conocimiento de nuevas culturas, mejora en las relaciones de trabajo y acceso a becas en el extranjero, entre otras.<\/p>\n<p>Para el caso de los cursos de los que se dictar\u00e1n las segundas partes, es requisito obligatorio que quienes se inscriban cuenten con conocimiento previo y acreditables del idioma a inscribirse.<\/p>\n<p>Cursos cuatrimestrales:<\/p>\n<p>Ingl\u00e9s para viajeros. Viernes de 14 a 16, a cargo de la Prof. Jimena Urruti.<\/p>\n<p>Ingl\u00e9s A1.2 (principiante, segunda parte). Viernes de 16:15 a 18, a cargo de la Prof. Jimena Urruti.<\/p>\n<p>Ingl\u00e9s A2.2 (elemental, segunda parte). Mi\u00e9rcoles de 16 a 17:45, a cargo de la Prof. Jimena Urruti.<\/p>\n<p>Ingl\u00e9s A2+.2 (elemental superior, segunda parte). Mi\u00e9rcoles de 18 a 19:45, a cargo de la Prof. Jimena Urruti.<\/p>\n<p>Lengua de Se\u00f1as A1.2 (principiante, segunda parte). Martes de 18 a 19:30, a cargo de la Prof. Noelia D\u00edaz.<\/p>\n<p>Mapuzung\u00fan Nivel 1 (principiante). Jueves de 18.30 a 20:30, a cargo de Mirta Mill\u00e1n, Guillermo Aramburu y Dar\u00edo Pu\u00f1alef.<\/p>\n<p>Inscripci\u00f3n<\/p>\n<p>Para hacer efectiva la inscripci\u00f3n se deben completar dos etapas: en primer lugar el registro online por medio del formulario disponible aqu\u00ed, y la segunda etapa se cumplimenta con el pago correspondiente al curso elegido mediante la opci\u00f3n de pago de facturaci\u00f3n electr\u00f3nica, a partir de lo cual recibir\u00e1 mensualmente la factura que debe abonar por Red Banelco, Red Link o Pago F\u00e1cil.<\/p>\n<p>Tarifas<\/p>\n<p>Permanece abierta la inscripci\u00f3n a los cursos virtuales del Laboratorio de Idiomas de la FACSO, Las cuotas deben ser abonadas mensualmente entre los d\u00edas 1 y 10 de cada mes.<\/p>\n<p>El precio de los cursos cuatrimestrales es de 4 cuotas de $1900. Para los\/as estudiantes de la UNICEN la cuota mensual es de $1000 por mes y para docentes y nodocentes de la UNICEN, es de $1400.<\/p>\n<p>Dada la carga horaria del Curso de Ingl\u00e9s para Viajeros, el precio por cada cuota mensual es de Externos: $3000. Para los\/as estudiantes de la UNICEN el precio es de $1400, mientras que para Docentes\/Nodocentes UNICEN es de $1800.<\/p>\n<p>Examen nivelatorio de Franc\u00e9s y Portugu\u00e9s<\/p>\n<p>La Facultad de Ciencias Sociales ofrece la posibilidad de realizar un examen de nivelaci\u00f3n con el fin de sumarse desde agosto a las segundas partes de los cursos de idioma Portugu\u00e9s A1 y A2, y Franc\u00e9s A1 que comenzaron su cursada a principio de a\u00f1o en el Laboratorio de Idiomas. Los cursos retomar\u00e1n sus clases virtuales en la primera semana del mes de agosto y tendr\u00e1n una duraci\u00f3n cuatrimestral. Quienes se inscriban al examen, podr\u00e1n acreditar sus conocimientos previos. El examen se realizar\u00e1 de manera virtual el d\u00eda 3 de agosto a las 19 horas.<\/p>\n<p>Permanece abierta la inscripci\u00f3n a los cursos virtuales del Laboratorio de Idiomas de la FACSO, Para hacer efectiva la inscripci\u00f3n al primer mes y el examen se debe completar el registro online por medio del formulario disponible aqu\u00ed, y la segunda etapa se cumplimenta una vez finalizado el examen y aprobado el ingreso al curso con el pago correspondiente mediante la opci\u00f3n de facturaci\u00f3n electr\u00f3nica, a partir de lo cual recibir\u00e1 mensualmente la factura que debe abonar por Red Banelco, Red Link o Pago F\u00e1cil. El precio de los cursos cuatrimestrales es de un \u00fanico pago de $950 (derecho a ingreso 2\u00b0 cuatrimestre) y 4 cuotas de $1900. Para los\/as estudiantes de la UNICEN un \u00fanico pago de $500 (derecho a ingreso 2\u00b0 cuatrimestre) y la cuota mensual es de $1000 por mes y para docentes y nodocentes de la UNICEN, un \u00fanico pago de $750 (derecho a ingreso 2\u00b0 cuatrimestre) y 4 cuotas de $1400.<\/p>\n","protected":false},"excerpt":{"rendered":"<p>Permanece abierta la inscripci\u00f3n a los cursos virtuales del Laboratorio de Idiomas de la FACSO,&#8230;<\/p>\n","protected":false},"author":1,"featured_media":171358,"comment_status":"closed","ping_status":"closed","sticky":false,"template":"","format":"standard","meta":{"content-type":""},"categories":[31],"tags":[],"nelio_content":{"isAutoShareEnabled":false,"autoShareEndMode":"default","automationSources":{"useContentSentences":true,"useSocialTemplates":true,"useCustomSentences":false,"customSentences":[]},"followers":[1],"suggestedReferences":[],"includedReferences":[],"efiUrl":"","efiAlt":"","highlights":[]},"yoast_head":"<!-- This site is optimized with the Yoast SEO plugin v20.7 - https:\/\/yoast.com\/wordpress\/plugins\/seo\/ -->\n<title>Permanece abierta la inscripci\u00f3n a los cursos virtuales del laboratorio<\/title>\n<meta name=\"description\" content=\"Permanece abierta la inscripci\u00f3n a los cursos virtuales del Laboratorio de Idiomas de la FACSO, en el segundo cuatrimestre\" \/>\n<meta name=\"robots\" content=\"index, follow, max-snippet:-1, max-image-preview:large, max-video-preview:-1\" \/>\n<link rel=\"canonical\" href=\"https:\/\/experienciadevida.com.ar\/portalurbano\/permanece-abierta-la-inscripcion-a-los-cursos-virtuales-del-laboratorio-de-idiomas-de-la-facso\/\" \/>\n<meta property=\"og:locale\" content=\"es_ES\" \/>\n<meta property=\"og:type\" content=\"article\" \/>\n<meta property=\"og:title\" content=\"Permanece abierta la inscripci\u00f3n a los cursos virtuales del laboratorio\" \/>\n<meta property=\"og:description\" content=\"Permanece abierta la inscripci\u00f3n a los cursos virtuales del Laboratorio de Idiomas de la FACSO, en el segundo cuatrimestre\" \/>\n<meta property=\"og:url\" content=\"https:\/\/experienciadevida.com.ar\/portalurbano\/permanece-abierta-la-inscripcion-a-los-cursos-virtuales-del-laboratorio-de-idiomas-de-la-facso\/\" \/>\n<meta property=\"article:publisher\" content=\"https:\/\/www.facebook.com\/Portal-Urbano-171542830093757\/\" \/>\n<meta property=\"article:published_time\" content=\"2022-07-13T19:02:39+00:00\" \/>\n<meta property=\"article:modified_time\" content=\"2022-07-13T19:03:43+00:00\" \/>\n<meta property=\"og:image\" content=\"https:\/\/experienciadevida.com.ar\/portalurbano\/wp-content\/uploads\/2022\/07\/Permanece-abierta-la-inscripcion-1.jpg\" \/>\n\t<meta property=\"og:image:width\" content=\"1000\" \/>\n\t<meta property=\"og:image:height\" content=\"1000\" \/>\n\t<meta property=\"og:image:type\" content=\"image\/jpeg\" \/>\n<meta name=\"author\" content=\"admpu17wp\" \/>\n<meta name=\"twitter:card\" content=\"summary_large_image\" \/>\n<meta name=\"twitter:creator\" content=\"@portalurbanook\" \/>\n<meta name=\"twitter:site\" content=\"@portalurbanook\" \/>\n<meta name=\"twitter:label1\" content=\"Escrito por\" \/>\n\t<meta name=\"twitter:data1\" content=\"admpu17wp\" \/>\n\t<meta name=\"twitter:label2\" content=\"Tiempo de lectura\" \/>\n\t<meta name=\"twitter:data2\" content=\"4 minutos\" \/>\n<script type=\"application\/ld+json\" class=\"yoast-schema-graph\">{\"@context\":\"https:\/\/schema.org\",\"@graph\":[{\"@type\":\"Article\",\"@id\":\"https:\/\/experienciadevida.com.ar\/portalurbano\/permanece-abierta-la-inscripcion-a-los-cursos-virtuales-del-laboratorio-de-idiomas-de-la-facso\/#article\",\"isPartOf\":{\"@id\":\"https:\/\/experienciadevida.com.ar\/portalurbano\/permanece-abierta-la-inscripcion-a-los-cursos-virtuales-del-laboratorio-de-idiomas-de-la-facso\/\"},\"author\":{\"name\":\"admpu17wp\",\"@id\":\"https:\/\/experienciadevida.com.ar\/portalurbano\/#\/schema\/person\/02dd326b1c4b056e9cc972486934a3a7\"},\"headline\":\"Permanece abierta la inscripci\u00f3n a los cursos virtuales del Laboratorio de Idiomas de la FACSO\",\"datePublished\":\"2022-07-13T19:02:39+00:00\",\"dateModified\":\"2022-07-13T19:03:43+00:00\",\"mainEntityOfPage\":{\"@id\":\"https:\/\/experienciadevida.com.ar\/portalurbano\/permanece-abierta-la-inscripcion-a-los-cursos-virtuales-del-laboratorio-de-idiomas-de-la-facso\/\"},\"wordCount\":770,\"publisher\":{\"@id\":\"https:\/\/experienciadevida.com.ar\/portalurbano\/#organization\"},\"articleSection\":[\"Educaci\u00f3n\"],\"inLanguage\":\"es\"},{\"@type\":\"WebPage\",\"@id\":\"https:\/\/experienciadevida.com.ar\/portalurbano\/permanece-abierta-la-inscripcion-a-los-cursos-virtuales-del-laboratorio-de-idiomas-de-la-facso\/\",\"url\":\"https:\/\/experienciadevida.com.ar\/portalurbano\/permanece-abierta-la-inscripcion-a-los-cursos-virtuales-del-laboratorio-de-idiomas-de-la-facso\/\",\"name\":\"Permanece abierta la inscripci\u00f3n a los cursos virtuales del laboratorio\",\"isPartOf\":{\"@id\":\"https:\/\/experienciadevida.com.ar\/portalurbano\/#website\"},\"datePublished\":\"2022-07-13T19:02:39+00:00\",\"dateModified\":\"2022-07-13T19:03:43+00:00\",\"description\":\"Permanece abierta la inscripci\u00f3n a los cursos virtuales del Laboratorio de Idiomas de la FACSO, en el segundo cuatrimestre\",\"breadcrumb\":{\"@id\":\"https:\/\/experienciadevida.com.ar\/portalurbano\/permanece-abierta-la-inscripcion-a-los-cursos-virtuales-del-laboratorio-de-idiomas-de-la-facso\/#breadcrumb\"},\"inLanguage\":\"es\",\"potentialAction\":[{\"@type\":\"ReadAction\",\"target\":[\"https:\/\/experienciadevida.com.ar\/portalurbano\/permanece-abierta-la-inscripcion-a-los-cursos-virtuales-del-laboratorio-de-idiomas-de-la-facso\/\"]}]},{\"@type\":\"BreadcrumbList\",\"@id\":\"https:\/\/experienciadevida.com.ar\/portalurbano\/permanece-abierta-la-inscripcion-a-los-cursos-virtuales-del-laboratorio-de-idiomas-de-la-facso\/#breadcrumb\",\"itemListElement\":[{\"@type\":\"ListItem\",\"position\":1,\"name\":\"Portada\",\"item\":\"https:\/\/experienciadevida.com.ar\/portalurbano\/\"},{\"@type\":\"ListItem\",\"position\":2,\"name\":\"Permanece abierta la inscripci\u00f3n a los cursos virtuales del Laboratorio de Idiomas de la FACSO\"}]},{\"@type\":\"WebSite\",\"@id\":\"https:\/\/experienciadevida.com.ar\/portalurbano\/#website\",\"url\":\"https:\/\/experienciadevida.com.ar\/portalurbano\/\",\"name\":\"\",\"description\":\"\",\"publisher\":{\"@id\":\"https:\/\/experienciadevida.com.ar\/portalurbano\/#organization\"},\"potentialAction\":[{\"@type\":\"SearchAction\",\"target\":{\"@type\":\"EntryPoint\",\"urlTemplate\":\"https:\/\/experienciadevida.com.ar\/portalurbano\/?s={search_term_string}\"},\"query-input\":\"required name=search_term_string\"}],\"inLanguage\":\"es\"},{\"@type\":\"Organization\",\"@id\":\"https:\/\/experienciadevida.com.ar\/portalurbano\/#organization\",\"name\":\"Portal Urbano\",\"url\":\"https:\/\/experienciadevida.com.ar\/portalurbano\/\",\"logo\":{\"@type\":\"ImageObject\",\"inLanguage\":\"es\",\"@id\":\"https:\/\/experienciadevida.com.ar\/portalurbano\/#\/schema\/logo\/image\/\",\"url\":\"https:\/\/experienciadevida.com.ar\/portalurbano\/wp-content\/uploads\/2019\/09\/Logo-Original.png\",\"contentUrl\":\"https:\/\/experienciadevida.com.ar\/portalurbano\/wp-content\/uploads\/2019\/09\/Logo-Original.png\",\"width\":2236,\"height\":1216,\"caption\":\"Portal Urbano\"},\"image\":{\"@id\":\"https:\/\/experienciadevida.com.ar\/portalurbano\/#\/schema\/logo\/image\/\"},\"sameAs\":[\"https:\/\/www.facebook.com\/Portal-Urbano-171542830093757\/\",\"https:\/\/twitter.com\/portalurbanook\",\"https:\/\/www.instagram.com\/_portalurbano\/\",\"https:\/\/www.youtube.com\/channel\/UCXhagIfszH8KxFiOok79zbA?view_as=subscriber\"]},{\"@type\":\"Person\",\"@id\":\"https:\/\/experienciadevida.com.ar\/portalurbano\/#\/schema\/person\/02dd326b1c4b056e9cc972486934a3a7\",\"name\":\"admpu17wp\",\"image\":{\"@type\":\"ImageObject\",\"inLanguage\":\"es\",\"@id\":\"https:\/\/experienciadevida.com.ar\/portalurbano\/#\/schema\/person\/image\/\",\"url\":\"https:\/\/secure.gravatar.com\/avatar\/830d4c57adaae6630765e449a6908047?s=96&d=mm&r=g\",\"contentUrl\":\"https:\/\/secure.gravatar.com\/avatar\/830d4c57adaae6630765e449a6908047?s=96&d=mm&r=g\",\"caption\":\"admpu17wp\"}}]}<\/script>\n<!-- \/ Yoast SEO plugin. -->","yoast_head_json":{"title":"Permanece abierta la inscripci\u00f3n a los cursos virtuales del laboratorio","description":"Permanece abierta la inscripci\u00f3n a los cursos virtuales del Laboratorio de Idiomas de la FACSO, en el segundo cuatrimestre","robots":{"index":"index","follow":"follow","max-snippet":"max-snippet:-1","max-image-preview":"max-image-preview:large","max-video-preview":"max-video-preview:-1"},"canonical":"https:\/\/experienciadevida.com.ar\/portalurbano\/permanece-abierta-la-inscripcion-a-los-cursos-virtuales-del-laboratorio-de-idiomas-de-la-facso\/","og_locale":"es_ES","og_type":"article","og_title":"Permanece abierta la inscripci\u00f3n a los cursos virtuales del laboratorio","og_description":"Permanece abierta la inscripci\u00f3n a los cursos virtuales del Laboratorio de Idiomas de la FACSO, en el segundo cuatrimestre","og_url":"https:\/\/experienciadevida.com.ar\/portalurbano\/permanece-abierta-la-inscripcion-a-los-cursos-virtuales-del-laboratorio-de-idiomas-de-la-facso\/","article_publisher":"https:\/\/www.facebook.com\/Portal-Urbano-171542830093757\/","article_published_time":"2022-07-13T19:02:39+00:00","article_modified_time":"2022-07-13T19:03:43+00:00","og_image":[{"width":1000,"height":1000,"url":"https:\/\/experienciadevida.com.ar\/portalurbano\/wp-content\/uploads\/2022\/07\/Permanece-abierta-la-inscripcion-1.jpg","type":"image\/jpeg"}],"author":"admpu17wp","twitter_card":"summary_large_image","twitter_creator":"@portalurbanook","twitter_site":"@portalurbanook","twitter_misc":{"Escrito por":"admpu17wp","Tiempo de lectura":"4 minutos"},"schema":{"@context":"https:\/\/schema.org","@graph":[{"@type":"Article","@id":"https:\/\/experienciadevida.com.ar\/portalurbano\/permanece-abierta-la-inscripcion-a-los-cursos-virtuales-del-laboratorio-de-idiomas-de-la-facso\/#article","isPartOf":{"@id":"https:\/\/experienciadevida.com.ar\/portalurbano\/permanece-abierta-la-inscripcion-a-los-cursos-virtuales-del-laboratorio-de-idiomas-de-la-facso\/"},"author":{"name":"admpu17wp","@id":"https:\/\/experienciadevida.com.ar\/portalurbano\/#\/schema\/person\/02dd326b1c4b056e9cc972486934a3a7"},"headline":"Permanece abierta la inscripci\u00f3n a los cursos virtuales del Laboratorio de Idiomas de la FACSO","datePublished":"2022-07-13T19:02:39+00:00","dateModified":"2022-07-13T19:03:43+00:00","mainEntityOfPage":{"@id":"https:\/\/experienciadevida.com.ar\/portalurbano\/permanece-abierta-la-inscripcion-a-los-cursos-virtuales-del-laboratorio-de-idiomas-de-la-facso\/"},"wordCount":770,"publisher":{"@id":"https:\/\/experienciadevida.com.ar\/portalurbano\/#organization"},"articleSection":["Educaci\u00f3n"],"inLanguage":"es"},{"@type":"WebPage","@id":"https:\/\/experienciadevida.com.ar\/portalurbano\/permanece-abierta-la-inscripcion-a-los-cursos-virtuales-del-laboratorio-de-idiomas-de-la-facso\/","url":"https:\/\/experienciadevida.com.ar\/portalurbano\/permanece-abierta-la-inscripcion-a-los-cursos-virtuales-del-laboratorio-de-idiomas-de-la-facso\/","name":"Permanece abierta la inscripci\u00f3n a los cursos virtuales del laboratorio","isPartOf":{"@id":"https:\/\/experienciadevida.com.ar\/portalurbano\/#website"},"datePublished":"2022-07-13T19:02:39+00:00","dateModified":"2022-07-13T19:03:43+00:00","description":"Permanece abierta la inscripci\u00f3n a los cursos virtuales del Laboratorio de Idiomas de la FACSO, en el segundo cuatrimestre","breadcrumb":{"@id":"https:\/\/experienciadevida.com.ar\/portalurbano\/permanece-abierta-la-inscripcion-a-los-cursos-virtuales-del-laboratorio-de-idiomas-de-la-facso\/#breadcrumb"},"inLanguage":"es","potentialAction":[{"@type":"ReadAction","target":["https:\/\/experienciadevida.com.ar\/portalurbano\/permanece-abierta-la-inscripcion-a-los-cursos-virtuales-del-laboratorio-de-idiomas-de-la-facso\/"]}]},{"@type":"BreadcrumbList","@id":"https:\/\/experienciadevida.com.ar\/portalurbano\/permanece-abierta-la-inscripcion-a-los-cursos-virtuales-del-laboratorio-de-idiomas-de-la-facso\/#breadcrumb","itemListElement":[{"@type":"ListItem","position":1,"name":"Portada","item":"https:\/\/experienciadevida.com.ar\/portalurbano\/"},{"@type":"ListItem","position":2,"name":"Permanece abierta la inscripci\u00f3n a los cursos virtuales del Laboratorio de Idiomas de la FACSO"}]},{"@type":"WebSite","@id":"https:\/\/experienciadevida.com.ar\/portalurbano\/#website","url":"https:\/\/experienciadevida.com.ar\/portalurbano\/","name":"","description":"","publisher":{"@id":"https:\/\/experienciadevida.com.ar\/portalurbano\/#organization"},"potentialAction":[{"@type":"SearchAction","target":{"@type":"EntryPoint","urlTemplate":"https:\/\/experienciadevida.com.ar\/portalurbano\/?s={search_term_string}"},"query-input":"required name=search_term_string"}],"inLanguage":"es"},{"@type":"Organization","@id":"https:\/\/experienciadevida.com.ar\/portalurbano\/#organization","name":"Portal Urbano","url":"https:\/\/experienciadevida.com.ar\/portalurbano\/","logo":{"@type":"ImageObject","inLanguage":"es","@id":"https:\/\/experienciadevida.com.ar\/portalurbano\/#\/schema\/logo\/image\/","url":"https:\/\/experienciadevida.com.ar\/portalurbano\/wp-content\/uploads\/2019\/09\/Logo-Original.png","contentUrl":"https:\/\/experienciadevida.com.ar\/portalurbano\/wp-content\/uploads\/2019\/09\/Logo-Original.png","width":2236,"height":1216,"caption":"Portal Urbano"},"image":{"@id":"https:\/\/experienciadevida.com.ar\/portalurbano\/#\/schema\/logo\/image\/"},"sameAs":["https:\/\/www.facebook.com\/Portal-Urbano-171542830093757\/","https:\/\/twitter.com\/portalurbanook","https:\/\/www.instagram.com\/_portalurbano\/","https:\/\/www.youtube.com\/channel\/UCXhagIfszH8KxFiOok79zbA?view_as=subscriber"]},{"@type":"Person","@id":"https:\/\/experienciadevida.com.ar\/portalurbano\/#\/schema\/person\/02dd326b1c4b056e9cc972486934a3a7","name":"admpu17wp","image":{"@type":"ImageObject","inLanguage":"es","@id":"https:\/\/experienciadevida.com.ar\/portalurbano\/#\/schema\/person\/image\/","url":"https:\/\/secure.gravatar.com\/avatar\/830d4c57adaae6630765e449a6908047?s=96&d=mm&r=g","contentUrl":"https:\/\/secure.gravatar.com\/avatar\/830d4c57adaae6630765e449a6908047?s=96&d=mm&r=g","caption":"admpu17wp"}}]}},"featured_image_urls":{"full":["https:\/\/experienciadevida.com.ar\/portalurbano\/wp-content\/uploads\/2022\/07\/Permanece-abierta-la-inscripcion-1.jpg",1000,1000,false],"thumbnail":["https:\/\/experienciadevida.com.ar\/portalurbano\/wp-content\/uploads\/2022\/07\/Permanece-abierta-la-inscripcion-1-150x150.jpg",150,150,true],"medium":["https:\/\/experienciadevida.com.ar\/portalurbano\/wp-content\/uploads\/2022\/07\/Permanece-abierta-la-inscripcion-1-300x300.jpg",300,300,true],"medium_large":["https:\/\/experienciadevida.com.ar\/portalurbano\/wp-content\/uploads\/2022\/07\/Permanece-abierta-la-inscripcion-1-768x768.jpg",640,640,true],"large":["https:\/\/experienciadevida.com.ar\/portalurbano\/wp-content\/uploads\/2022\/07\/Permanece-abierta-la-inscripcion-1.jpg",640,640,false],"ug_big":["https:\/\/experienciadevida.com.ar\/portalurbano\/wp-content\/uploads\/2022\/07\/Permanece-abierta-la-inscripcion-1-768x768.jpg",768,768,true],"1536x1536":["https:\/\/experienciadevida.com.ar\/portalurbano\/wp-content\/uploads\/2022\/07\/Permanece-abierta-la-inscripcion-1.jpg",1000,1000,false],"2048x2048":["https:\/\/experienciadevida.com.ar\/portalurbano\/wp-content\/uploads\/2022\/07\/Permanece-abierta-la-inscripcion-1.jpg",1000,1000,false],"newsever-slider-full":["https:\/\/experienciadevida.com.ar\/portalurbano\/wp-content\/uploads\/2022\/07\/Permanece-abierta-la-inscripcion-1.jpg",845,845,false],"newsever-featured":["https:\/\/experienciadevida.com.ar\/portalurbano\/wp-content\/uploads\/2022\/07\/Permanece-abierta-la-inscripcion-1.jpg",1000,1000,false],"newsever-medium":["https:\/\/experienciadevida.com.ar\/portalurbano\/wp-content\/uploads\/2022\/07\/Permanece-abierta-la-inscripcion-1.jpg",475,475,false],"web-stories-poster-portrait":["https:\/\/experienciadevida.com.ar\/portalurbano\/wp-content\/uploads\/2022\/07\/Permanece-abierta-la-inscripcion-1.jpg",640,640,false],"web-stories-publisher-logo":["https:\/\/experienciadevida.com.ar\/portalurbano\/wp-content\/uploads\/2022\/07\/Permanece-abierta-la-inscripcion-1.jpg",96,96,false],"web-stories-thumbnail":["https:\/\/experienciadevida.com.ar\/portalurbano\/wp-content\/uploads\/2022\/07\/Permanece-abierta-la-inscripcion-1.jpg",150,150,false]},"author_info":{"display_name":"admpu17wp","author_link":"https:\/\/experienciadevida.com.ar\/portalurbano\/author\/admpu17wp\/"},"category_info":"<a href=\"https:\/\/experienciadevida.com.ar\/portalurbano\/category\/ciudad\/educacion\/\" rel=\"category tag\">Educaci\u00f3n<\/a>","tag_info":"Educaci\u00f3n","comment_count":"0","amp_enabled":true,"_links":{"self":[{"href":"https:\/\/experienciadevida.com.ar\/portalurbano\/wp-json\/wp\/v2\/posts\/171357"}],"collection":[{"href":"https:\/\/experienciadevida.com.ar\/portalurbano\/wp-json\/wp\/v2\/posts"}],"about":[{"href":"https:\/\/experienciadevida.com.ar\/portalurbano\/wp-json\/wp\/v2\/types\/post"}],"author":[{"embeddable":true,"href":"https:\/\/experienciadevida.com.ar\/portalurbano\/wp-json\/wp\/v2\/users\/1"}],"replies":[{"embeddable":true,"href":"https:\/\/experienciadevida.com.ar\/portalurbano\/wp-json\/wp\/v2\/comments?post=171357"}],"version-history":[{"count":2,"href":"https:\/\/experienciadevida.com.ar\/portalurbano\/wp-json\/wp\/v2\/posts\/171357\/revisions"}],"predecessor-version":[{"id":171360,"href":"https:\/\/experienciadevida.com.ar\/portalurbano\/wp-json\/wp\/v2\/posts\/171357\/revisions\/171360"}],"wp:featuredmedia":[{"embeddable":true,"href":"https:\/\/experienciadevida.com.ar\/portalurbano\/wp-json\/wp\/v2\/media\/171358"}],"wp:attachment":[{"href":"https:\/\/experienciadevida.com.ar\/portalurbano\/wp-json\/wp\/v2\/media?parent=171357"}],"wp:term":[{"taxonomy":"category","embeddable":true,"href":"https:\/\/experienciadevida.com.ar\/portalurbano\/wp-json\/wp\/v2\/categories?post=171357"},{"taxonomy":"post_tag","embeddable":true,"href":"https:\/\/experienciadevida.com.ar\/portalurbano\/wp-json\/wp\/v2\/tags?post=171357"}],"curies":[{"name":"wp","href":"https:\/\/api.w.org\/{rel}","templated":true}]}}