{"id":171351,"date":"2022-07-13T15:51:11","date_gmt":"2022-07-13T18:51:11","guid":{"rendered":"https:\/\/experienciadevida.com.ar\/portalurbano\/?p=171351"},"modified":"2022-07-13T15:58:51","modified_gmt":"2022-07-13T18:58:51","slug":"politicas-de-genero-importantes-reuniones-de-gestion-con-funcionarias-del-gobierno-nacional-y-provincial","status":"publish","type":"post","link":"https:\/\/experienciadevida.com.ar\/portalurbano\/politicas-de-genero-importantes-reuniones-de-gestion-con-funcionarias-del-gobierno-nacional-y-provincial\/","title":{"rendered":"Pol\u00edticas de G\u00e9nero: importantes reuniones de gesti\u00f3n con funcionarias del gobierno nacional y provincial"},"content":{"rendered":"<p>Pol\u00edticas de G\u00e9nero: importantes reuniones de gesti\u00f3n con funcionarias del gobierno nacional y provincial, el <a href=\"https:\/\/www.facebook.com\/municipiodeolavarria\">Municipio<\/a> de Olavarr\u00eda, en representaci\u00f3n de la directora de Pol\u00edticas de G\u00e9nero Florencia Caro, mantuvo d\u00edas pasados importantes reuniones de trabajo en la Ciudad de Buenos Aires, con referentes de \u00e1reas de g\u00e9nero del gobierno nacional y provincial, con el objetivo de conocer sus recursos disponibles y articular acciones para replicarlos en la ciudad.<\/p>\n<p>En primera instancia Florencia Caro mantuvo un encuentro con Karin Vallve, Directora integral de Refugios y Hogares de Protecci\u00f3n Integral del Ministerio de las Mujeres, G\u00e9nero y Diversidad de la Naci\u00f3n, para coordinar la participaci\u00f3n del Municipio en programas nacionales ya existentes y planificar la incorporaci\u00f3n de Olavarr\u00eda al Programa de Fortalecimiento para Dispositivos de Protecci\u00f3n Integral.<\/p>\n<p>Al respecto, declar\u00f3 que \u201cla idea es seguir sumando recursos para Olavarr\u00eda para fortalecer los dispositivos ya existentes y sumar nuevas propuestas. Cada encuentro de esta recorrida tuvo el objetivo de reforzar el conocimiento sobre los dispositivos de los distintos niveles del Estado en relaci\u00f3n al abordaje de las violencias\u201d, sostuvo.<\/p>\n<p>Posteriormente, Caro asisti\u00f3 a una reuni\u00f3n con referentes del gobierno de la Ciudad de Buenos Aires en la sede de la Casa de Medio Camino \u201cJuana Manso\u201d, con Carolina Barone, -quien encabeza la Direcci\u00f3n General de la Mujer del Ministerio de Desarrollo Humano y H\u00e1bitat del Gobierno de la Ciudad Aut\u00f3noma de Buenos Aires-, y con Lola Kolomietz, jefa de Unidades Convivenciales de CABA.<\/p>\n<p>Al respecto, la directora Municipal indic\u00f3 que \u201cen esta reuni\u00f3n intercambiamos informaci\u00f3n en relaci\u00f3n a los dispositivos de ambos territorios, fundamentalmente en relaci\u00f3n al funcionamiento de los sistemas de protecci\u00f3n integral. Recorrer Casas de Medio Camino era un objetivo en s\u00ed mismo. Para este equipo es un gran anhelo contar con un recurso as\u00ed en nuestra ciudad\u201d.<\/p>\n<p><a href=\"https:\/\/experienciadevida.com.ar\/portalurbano\/politicas-de-genero-importantes-reuniones-de-gestion-con-funcionarias-del-gobierno-nacional-y-provincial\/politicas-2\/\" rel=\"attachment wp-att-171354\"><img decoding=\"async\" class=\"alignnone size-full wp-image-171354\" src=\"https:\/\/experienciadevida.com.ar\/portalurbano\/wp-content\/uploads\/2022\/07\/Politicas.jpeg\" alt=\"Pol\u00edticas \" width=\"959\" height=\"702\" srcset=\"https:\/\/experienciadevida.com.ar\/portalurbano\/wp-content\/uploads\/2022\/07\/Politicas.jpeg 959w, https:\/\/experienciadevida.com.ar\/portalurbano\/wp-content\/uploads\/2022\/07\/Politicas-300x220.jpeg 300w, https:\/\/experienciadevida.com.ar\/portalurbano\/wp-content\/uploads\/2022\/07\/Politicas-768x562.jpeg 768w\" sizes=\"(max-width: 959px) 100vw, 959px\" \/><\/a><\/p>\n","protected":false},"excerpt":{"rendered":"<p>Pol\u00edticas de G\u00e9nero: importantes reuniones de gesti\u00f3n con funcionarias del gobierno nacional y provincial, el&#8230;<\/p>\n","protected":false},"author":1,"featured_media":171352,"comment_status":"closed","ping_status":"closed","sticky":false,"template":"","format":"standard","meta":{"content-type":""},"categories":[27,64],"tags":[],"nelio_content":{"isAutoShareEnabled":false,"autoShareEndMode":"default","automationSources":{"useContentSentences":true,"useSocialTemplates":true,"useCustomSentences":false,"customSentences":[]},"followers":[1],"suggestedReferences":[],"includedReferences":[],"efiUrl":"","efiAlt":"","highlights":[]},"yoast_head":"<!-- This site is optimized with the Yoast SEO plugin v20.7 - https:\/\/yoast.com\/wordpress\/plugins\/seo\/ -->\n<title>Pol\u00edticas de g\u00e9nero: importantes reuniones de gesti\u00f3n con funcionarias<\/title>\n<meta name=\"description\" content=\"Pol\u00edticas de G\u00e9nero: importantes reuniones de gesti\u00f3n con funcionarias del gobierno nacional y provincial, el Municipio de Olavarr\u00eda,\" \/>\n<meta name=\"robots\" content=\"index, follow, max-snippet:-1, max-image-preview:large, max-video-preview:-1\" \/>\n<link rel=\"canonical\" href=\"https:\/\/experienciadevida.com.ar\/portalurbano\/politicas-de-genero-importantes-reuniones-de-gestion-con-funcionarias-del-gobierno-nacional-y-provincial\/\" \/>\n<meta property=\"og:locale\" content=\"es_ES\" \/>\n<meta property=\"og:type\" content=\"article\" \/>\n<meta property=\"og:title\" content=\"Pol\u00edticas de g\u00e9nero: importantes reuniones de gesti\u00f3n con funcionarias\" \/>\n<meta property=\"og:description\" content=\"Pol\u00edticas de G\u00e9nero: importantes reuniones de gesti\u00f3n con funcionarias del gobierno nacional y provincial, el Municipio de Olavarr\u00eda,\" \/>\n<meta property=\"og:url\" content=\"https:\/\/experienciadevida.com.ar\/portalurbano\/politicas-de-genero-importantes-reuniones-de-gestion-con-funcionarias-del-gobierno-nacional-y-provincial\/\" \/>\n<meta property=\"article:publisher\" content=\"https:\/\/www.facebook.com\/Portal-Urbano-171542830093757\/\" \/>\n<meta property=\"article:published_time\" content=\"2022-07-13T18:51:11+00:00\" \/>\n<meta property=\"article:modified_time\" content=\"2022-07-13T18:58:51+00:00\" \/>\n<meta property=\"og:image\" content=\"https:\/\/experienciadevida.com.ar\/portalurbano\/wp-content\/uploads\/2022\/07\/Politicas-de-genero-1.jpeg\" \/>\n\t<meta property=\"og:image:width\" content=\"1280\" \/>\n\t<meta property=\"og:image:height\" content=\"960\" \/>\n\t<meta property=\"og:image:type\" content=\"image\/jpeg\" \/>\n<meta name=\"author\" content=\"admpu17wp\" \/>\n<meta name=\"twitter:card\" content=\"summary_large_image\" \/>\n<meta name=\"twitter:creator\" content=\"@portalurbanook\" \/>\n<meta name=\"twitter:site\" content=\"@portalurbanook\" \/>\n<meta name=\"twitter:label1\" content=\"Escrito por\" \/>\n\t<meta name=\"twitter:data1\" content=\"admpu17wp\" \/>\n\t<meta name=\"twitter:label2\" content=\"Tiempo de lectura\" \/>\n\t<meta name=\"twitter:data2\" content=\"2 minutos\" \/>\n<script type=\"application\/ld+json\" class=\"yoast-schema-graph\">{\"@context\":\"https:\/\/schema.org\",\"@graph\":[{\"@type\":\"Article\",\"@id\":\"https:\/\/experienciadevida.com.ar\/portalurbano\/politicas-de-genero-importantes-reuniones-de-gestion-con-funcionarias-del-gobierno-nacional-y-provincial\/#article\",\"isPartOf\":{\"@id\":\"https:\/\/experienciadevida.com.ar\/portalurbano\/politicas-de-genero-importantes-reuniones-de-gestion-con-funcionarias-del-gobierno-nacional-y-provincial\/\"},\"author\":{\"name\":\"admpu17wp\",\"@id\":\"https:\/\/experienciadevida.com.ar\/portalurbano\/#\/schema\/person\/02dd326b1c4b056e9cc972486934a3a7\"},\"headline\":\"Pol\u00edticas de G\u00e9nero: importantes reuniones de gesti\u00f3n con funcionarias del gobierno nacional y provincial\",\"datePublished\":\"2022-07-13T18:51:11+00:00\",\"dateModified\":\"2022-07-13T18:58:51+00:00\",\"mainEntityOfPage\":{\"@id\":\"https:\/\/experienciadevida.com.ar\/portalurbano\/politicas-de-genero-importantes-reuniones-de-gestion-con-funcionarias-del-gobierno-nacional-y-provincial\/\"},\"wordCount\":342,\"publisher\":{\"@id\":\"https:\/\/experienciadevida.com.ar\/portalurbano\/#organization\"},\"articleSection\":[\"Ciudad\",\"Destacadas 2\"],\"inLanguage\":\"es\"},{\"@type\":\"WebPage\",\"@id\":\"https:\/\/experienciadevida.com.ar\/portalurbano\/politicas-de-genero-importantes-reuniones-de-gestion-con-funcionarias-del-gobierno-nacional-y-provincial\/\",\"url\":\"https:\/\/experienciadevida.com.ar\/portalurbano\/politicas-de-genero-importantes-reuniones-de-gestion-con-funcionarias-del-gobierno-nacional-y-provincial\/\",\"name\":\"Pol\u00edticas de g\u00e9nero: importantes reuniones de gesti\u00f3n con funcionarias\",\"isPartOf\":{\"@id\":\"https:\/\/experienciadevida.com.ar\/portalurbano\/#website\"},\"datePublished\":\"2022-07-13T18:51:11+00:00\",\"dateModified\":\"2022-07-13T18:58:51+00:00\",\"description\":\"Pol\u00edticas de G\u00e9nero: importantes reuniones de gesti\u00f3n con funcionarias del gobierno nacional y provincial, el Municipio de Olavarr\u00eda,\",\"breadcrumb\":{\"@id\":\"https:\/\/experienciadevida.com.ar\/portalurbano\/politicas-de-genero-importantes-reuniones-de-gestion-con-funcionarias-del-gobierno-nacional-y-provincial\/#breadcrumb\"},\"inLanguage\":\"es\",\"potentialAction\":[{\"@type\":\"ReadAction\",\"target\":[\"https:\/\/experienciadevida.com.ar\/portalurbano\/politicas-de-genero-importantes-reuniones-de-gestion-con-funcionarias-del-gobierno-nacional-y-provincial\/\"]}]},{\"@type\":\"BreadcrumbList\",\"@id\":\"https:\/\/experienciadevida.com.ar\/portalurbano\/politicas-de-genero-importantes-reuniones-de-gestion-con-funcionarias-del-gobierno-nacional-y-provincial\/#breadcrumb\",\"itemListElement\":[{\"@type\":\"ListItem\",\"position\":1,\"name\":\"Portada\",\"item\":\"https:\/\/experienciadevida.com.ar\/portalurbano\/\"},{\"@type\":\"ListItem\",\"position\":2,\"name\":\"Pol\u00edticas de G\u00e9nero: importantes reuniones de gesti\u00f3n con funcionarias del gobierno nacional y provincial\"}]},{\"@type\":\"WebSite\",\"@id\":\"https:\/\/experienciadevida.com.ar\/portalurbano\/#website\",\"url\":\"https:\/\/experienciadevida.com.ar\/portalurbano\/\",\"name\":\"\",\"description\":\"\",\"publisher\":{\"@id\":\"https:\/\/experienciadevida.com.ar\/portalurbano\/#organization\"},\"potentialAction\":[{\"@type\":\"SearchAction\",\"target\":{\"@type\":\"EntryPoint\",\"urlTemplate\":\"https:\/\/experienciadevida.com.ar\/portalurbano\/?s={search_term_string}\"},\"query-input\":\"required name=search_term_string\"}],\"inLanguage\":\"es\"},{\"@type\":\"Organization\",\"@id\":\"https:\/\/experienciadevida.com.ar\/portalurbano\/#organization\",\"name\":\"Portal Urbano\",\"url\":\"https:\/\/experienciadevida.com.ar\/portalurbano\/\",\"logo\":{\"@type\":\"ImageObject\",\"inLanguage\":\"es\",\"@id\":\"https:\/\/experienciadevida.com.ar\/portalurbano\/#\/schema\/logo\/image\/\",\"url\":\"https:\/\/experienciadevida.com.ar\/portalurbano\/wp-content\/uploads\/2019\/09\/Logo-Original.png\",\"contentUrl\":\"https:\/\/experienciadevida.com.ar\/portalurbano\/wp-content\/uploads\/2019\/09\/Logo-Original.png\",\"width\":2236,\"height\":1216,\"caption\":\"Portal Urbano\"},\"image\":{\"@id\":\"https:\/\/experienciadevida.com.ar\/portalurbano\/#\/schema\/logo\/image\/\"},\"sameAs\":[\"https:\/\/www.facebook.com\/Portal-Urbano-171542830093757\/\",\"https:\/\/twitter.com\/portalurbanook\",\"https:\/\/www.instagram.com\/_portalurbano\/\",\"https:\/\/www.youtube.com\/channel\/UCXhagIfszH8KxFiOok79zbA?view_as=subscriber\"]},{\"@type\":\"Person\",\"@id\":\"https:\/\/experienciadevida.com.ar\/portalurbano\/#\/schema\/person\/02dd326b1c4b056e9cc972486934a3a7\",\"name\":\"admpu17wp\",\"image\":{\"@type\":\"ImageObject\",\"inLanguage\":\"es\",\"@id\":\"https:\/\/experienciadevida.com.ar\/portalurbano\/#\/schema\/person\/image\/\",\"url\":\"https:\/\/secure.gravatar.com\/avatar\/830d4c57adaae6630765e449a6908047?s=96&d=mm&r=g\",\"contentUrl\":\"https:\/\/secure.gravatar.com\/avatar\/830d4c57adaae6630765e449a6908047?s=96&d=mm&r=g\",\"caption\":\"admpu17wp\"}}]}<\/script>\n<!-- \/ Yoast SEO plugin. -->","yoast_head_json":{"title":"Pol\u00edticas de g\u00e9nero: importantes reuniones de gesti\u00f3n con funcionarias","description":"Pol\u00edticas de G\u00e9nero: importantes reuniones de gesti\u00f3n con funcionarias del gobierno nacional y provincial, el Municipio de Olavarr\u00eda,","robots":{"index":"index","follow":"follow","max-snippet":"max-snippet:-1","max-image-preview":"max-image-preview:large","max-video-preview":"max-video-preview:-1"},"canonical":"https:\/\/experienciadevida.com.ar\/portalurbano\/politicas-de-genero-importantes-reuniones-de-gestion-con-funcionarias-del-gobierno-nacional-y-provincial\/","og_locale":"es_ES","og_type":"article","og_title":"Pol\u00edticas de g\u00e9nero: importantes reuniones de gesti\u00f3n con funcionarias","og_description":"Pol\u00edticas de G\u00e9nero: importantes reuniones de gesti\u00f3n con funcionarias del gobierno nacional y provincial, el Municipio de Olavarr\u00eda,","og_url":"https:\/\/experienciadevida.com.ar\/portalurbano\/politicas-de-genero-importantes-reuniones-de-gestion-con-funcionarias-del-gobierno-nacional-y-provincial\/","article_publisher":"https:\/\/www.facebook.com\/Portal-Urbano-171542830093757\/","article_published_time":"2022-07-13T18:51:11+00:00","article_modified_time":"2022-07-13T18:58:51+00:00","og_image":[{"width":1280,"height":960,"url":"https:\/\/experienciadevida.com.ar\/portalurbano\/wp-content\/uploads\/2022\/07\/Politicas-de-genero-1.jpeg","type":"image\/jpeg"}],"author":"admpu17wp","twitter_card":"summary_large_image","twitter_creator":"@portalurbanook","twitter_site":"@portalurbanook","twitter_misc":{"Escrito por":"admpu17wp","Tiempo de lectura":"2 minutos"},"schema":{"@context":"https:\/\/schema.org","@graph":[{"@type":"Article","@id":"https:\/\/experienciadevida.com.ar\/portalurbano\/politicas-de-genero-importantes-reuniones-de-gestion-con-funcionarias-del-gobierno-nacional-y-provincial\/#article","isPartOf":{"@id":"https:\/\/experienciadevida.com.ar\/portalurbano\/politicas-de-genero-importantes-reuniones-de-gestion-con-funcionarias-del-gobierno-nacional-y-provincial\/"},"author":{"name":"admpu17wp","@id":"https:\/\/experienciadevida.com.ar\/portalurbano\/#\/schema\/person\/02dd326b1c4b056e9cc972486934a3a7"},"headline":"Pol\u00edticas de G\u00e9nero: importantes reuniones de gesti\u00f3n con funcionarias del gobierno nacional y provincial","datePublished":"2022-07-13T18:51:11+00:00","dateModified":"2022-07-13T18:58:51+00:00","mainEntityOfPage":{"@id":"https:\/\/experienciadevida.com.ar\/portalurbano\/politicas-de-genero-importantes-reuniones-de-gestion-con-funcionarias-del-gobierno-nacional-y-provincial\/"},"wordCount":342,"publisher":{"@id":"https:\/\/experienciadevida.com.ar\/portalurbano\/#organization"},"articleSection":["Ciudad","Destacadas 2"],"inLanguage":"es"},{"@type":"WebPage","@id":"https:\/\/experienciadevida.com.ar\/portalurbano\/politicas-de-genero-importantes-reuniones-de-gestion-con-funcionarias-del-gobierno-nacional-y-provincial\/","url":"https:\/\/experienciadevida.com.ar\/portalurbano\/politicas-de-genero-importantes-reuniones-de-gestion-con-funcionarias-del-gobierno-nacional-y-provincial\/","name":"Pol\u00edticas de g\u00e9nero: importantes reuniones de gesti\u00f3n con funcionarias","isPartOf":{"@id":"https:\/\/experienciadevida.com.ar\/portalurbano\/#website"},"datePublished":"2022-07-13T18:51:11+00:00","dateModified":"2022-07-13T18:58:51+00:00","description":"Pol\u00edticas de G\u00e9nero: importantes reuniones de gesti\u00f3n con funcionarias del gobierno nacional y provincial, el Municipio de Olavarr\u00eda,","breadcrumb":{"@id":"https:\/\/experienciadevida.com.ar\/portalurbano\/politicas-de-genero-importantes-reuniones-de-gestion-con-funcionarias-del-gobierno-nacional-y-provincial\/#breadcrumb"},"inLanguage":"es","potentialAction":[{"@type":"ReadAction","target":["https:\/\/experienciadevida.com.ar\/portalurbano\/politicas-de-genero-importantes-reuniones-de-gestion-con-funcionarias-del-gobierno-nacional-y-provincial\/"]}]},{"@type":"BreadcrumbList","@id":"https:\/\/experienciadevida.com.ar\/portalurbano\/politicas-de-genero-importantes-reuniones-de-gestion-con-funcionarias-del-gobierno-nacional-y-provincial\/#breadcrumb","itemListElement":[{"@type":"ListItem","position":1,"name":"Portada","item":"https:\/\/experienciadevida.com.ar\/portalurbano\/"},{"@type":"ListItem","position":2,"name":"Pol\u00edticas de G\u00e9nero: importantes reuniones de gesti\u00f3n con funcionarias del gobierno nacional y provincial"}]},{"@type":"WebSite","@id":"https:\/\/experienciadevida.com.ar\/portalurbano\/#website","url":"https:\/\/experienciadevida.com.ar\/portalurbano\/","name":"","description":"","publisher":{"@id":"https:\/\/experienciadevida.com.ar\/portalurbano\/#organization"},"potentialAction":[{"@type":"SearchAction","target":{"@type":"EntryPoint","urlTemplate":"https:\/\/experienciadevida.com.ar\/portalurbano\/?s={search_term_string}"},"query-input":"required name=search_term_string"}],"inLanguage":"es"},{"@type":"Organization","@id":"https:\/\/experienciadevida.com.ar\/portalurbano\/#organization","name":"Portal Urbano","url":"https:\/\/experienciadevida.com.ar\/portalurbano\/","logo":{"@type":"ImageObject","inLanguage":"es","@id":"https:\/\/experienciadevida.com.ar\/portalurbano\/#\/schema\/logo\/image\/","url":"https:\/\/experienciadevida.com.ar\/portalurbano\/wp-content\/uploads\/2019\/09\/Logo-Original.png","contentUrl":"https:\/\/experienciadevida.com.ar\/portalurbano\/wp-content\/uploads\/2019\/09\/Logo-Original.png","width":2236,"height":1216,"caption":"Portal Urbano"},"image":{"@id":"https:\/\/experienciadevida.com.ar\/portalurbano\/#\/schema\/logo\/image\/"},"sameAs":["https:\/\/www.facebook.com\/Portal-Urbano-171542830093757\/","https:\/\/twitter.com\/portalurbanook","https:\/\/www.instagram.com\/_portalurbano\/","https:\/\/www.youtube.com\/channel\/UCXhagIfszH8KxFiOok79zbA?view_as=subscriber"]},{"@type":"Person","@id":"https:\/\/experienciadevida.com.ar\/portalurbano\/#\/schema\/person\/02dd326b1c4b056e9cc972486934a3a7","name":"admpu17wp","image":{"@type":"ImageObject","inLanguage":"es","@id":"https:\/\/experienciadevida.com.ar\/portalurbano\/#\/schema\/person\/image\/","url":"https:\/\/secure.gravatar.com\/avatar\/830d4c57adaae6630765e449a6908047?s=96&d=mm&r=g","contentUrl":"https:\/\/secure.gravatar.com\/avatar\/830d4c57adaae6630765e449a6908047?s=96&d=mm&r=g","caption":"admpu17wp"}}]}},"featured_image_urls":{"full":["https:\/\/experienciadevida.com.ar\/portalurbano\/wp-content\/uploads\/2022\/07\/Politicas-de-genero-1.jpeg",1280,960,false],"thumbnail":["https:\/\/experienciadevida.com.ar\/portalurbano\/wp-content\/uploads\/2022\/07\/Politicas-de-genero-1-150x150.jpeg",150,150,true],"medium":["https:\/\/experienciadevida.com.ar\/portalurbano\/wp-content\/uploads\/2022\/07\/Politicas-de-genero-1-300x225.jpeg",300,225,true],"medium_large":["https:\/\/experienciadevida.com.ar\/portalurbano\/wp-content\/uploads\/2022\/07\/Politicas-de-genero-1-768x576.jpeg",640,480,true],"large":["https:\/\/experienciadevida.com.ar\/portalurbano\/wp-content\/uploads\/2022\/07\/Politicas-de-genero-1-1024x768.jpeg",640,480,true],"ug_big":["https:\/\/experienciadevida.com.ar\/portalurbano\/wp-content\/uploads\/2022\/07\/Politicas-de-genero-1-768x576.jpeg",768,576,true],"1536x1536":["https:\/\/experienciadevida.com.ar\/portalurbano\/wp-content\/uploads\/2022\/07\/Politicas-de-genero-1.jpeg",1280,960,false],"2048x2048":["https:\/\/experienciadevida.com.ar\/portalurbano\/wp-content\/uploads\/2022\/07\/Politicas-de-genero-1.jpeg",1280,960,false],"newsever-slider-full":["https:\/\/experienciadevida.com.ar\/portalurbano\/wp-content\/uploads\/2022\/07\/Politicas-de-genero-1.jpeg",1127,845,false],"newsever-featured":["https:\/\/experienciadevida.com.ar\/portalurbano\/wp-content\/uploads\/2022\/07\/Politicas-de-genero-1.jpeg",1024,768,false],"newsever-medium":["https:\/\/experienciadevida.com.ar\/portalurbano\/wp-content\/uploads\/2022\/07\/Politicas-de-genero-1.jpeg",633,475,false],"web-stories-poster-portrait":["https:\/\/experienciadevida.com.ar\/portalurbano\/wp-content\/uploads\/2022\/07\/Politicas-de-genero-1.jpeg",640,480,false],"web-stories-publisher-logo":["https:\/\/experienciadevida.com.ar\/portalurbano\/wp-content\/uploads\/2022\/07\/Politicas-de-genero-1.jpeg",96,72,false],"web-stories-thumbnail":["https:\/\/experienciadevida.com.ar\/portalurbano\/wp-content\/uploads\/2022\/07\/Politicas-de-genero-1.jpeg",150,113,false]},"author_info":{"display_name":"admpu17wp","author_link":"https:\/\/experienciadevida.com.ar\/portalurbano\/author\/admpu17wp\/"},"category_info":"<a href=\"https:\/\/experienciadevida.com.ar\/portalurbano\/category\/ciudad\/\" rel=\"category tag\">Ciudad<\/a> <a href=\"https:\/\/experienciadevida.com.ar\/portalurbano\/category\/destacadas-2\/\" rel=\"category tag\">Destacadas 2<\/a>","tag_info":"Destacadas 2","comment_count":"0","amp_enabled":true,"_links":{"self":[{"href":"https:\/\/experienciadevida.com.ar\/portalurbano\/wp-json\/wp\/v2\/posts\/171351"}],"collection":[{"href":"https:\/\/experienciadevida.com.ar\/portalurbano\/wp-json\/wp\/v2\/posts"}],"about":[{"href":"https:\/\/experienciadevida.com.ar\/portalurbano\/wp-json\/wp\/v2\/types\/post"}],"author":[{"embeddable":true,"href":"https:\/\/experienciadevida.com.ar\/portalurbano\/wp-json\/wp\/v2\/users\/1"}],"replies":[{"embeddable":true,"href":"https:\/\/experienciadevida.com.ar\/portalurbano\/wp-json\/wp\/v2\/comments?post=171351"}],"version-history":[{"count":3,"href":"https:\/\/experienciadevida.com.ar\/portalurbano\/wp-json\/wp\/v2\/posts\/171351\/revisions"}],"predecessor-version":[{"id":171356,"href":"https:\/\/experienciadevida.com.ar\/portalurbano\/wp-json\/wp\/v2\/posts\/171351\/revisions\/171356"}],"wp:featuredmedia":[{"embeddable":true,"href":"https:\/\/experienciadevida.com.ar\/portalurbano\/wp-json\/wp\/v2\/media\/171352"}],"wp:attachment":[{"href":"https:\/\/experienciadevida.com.ar\/portalurbano\/wp-json\/wp\/v2\/media?parent=171351"}],"wp:term":[{"taxonomy":"category","embeddable":true,"href":"https:\/\/experienciadevida.com.ar\/portalurbano\/wp-json\/wp\/v2\/categories?post=171351"},{"taxonomy":"post_tag","embeddable":true,"href":"https:\/\/experienciadevida.com.ar\/portalurbano\/wp-json\/wp\/v2\/tags?post=171351"}],"curies":[{"name":"wp","href":"https:\/\/api.w.org\/{rel}","templated":true}]}}