{"id":171324,"date":"2022-07-13T10:28:08","date_gmt":"2022-07-13T13:28:08","guid":{"rendered":"https:\/\/experienciadevida.com.ar\/portalurbano\/?p=171324"},"modified":"2022-07-13T10:29:21","modified_gmt":"2022-07-13T13:29:21","slug":"vergel-y-matrella-visitaron-la-facultad-de-ciencias-sociales","status":"publish","type":"post","link":"https:\/\/experienciadevida.com.ar\/portalurbano\/vergel-y-matrella-visitaron-la-facultad-de-ciencias-sociales\/","title":{"rendered":"Vergel y Matrella visitaron la Facultad de Ciencias Sociales"},"content":{"rendered":"<p>Vergel y Matrella visitaron la Facultad de Ciencias Sociales, los concejales del bloque UCR-Juntos visitaron la casa de altos estudios para hacer entrega de la Declaraci\u00f3n de Inter\u00e9s Legislativo Municipal a la actividad organizada desde el Observatorio de la Ni\u00f1ez y Adolescencia. Fueron recibidos por la Decana Gabriela Gamberini, y la responsable del<br \/>\nObservatorio Laura Hoffmann.<\/p>\n<p>Bel\u00e9n Vergel y Sebasti\u00e1n Matrella estuvieron en el campus de la UNICEN para hacer entrega del reconocimiento a la propuesta organizada desde dicho observatorio, que busca dar visibilidad y poner en valor a la jornada del<br \/>\n\u201cDerecho a Jugar\u201d. La oportunidad sirvi\u00f3 tambi\u00e9n para conversar sobre la actualidad de la Facultad y el desarrollo de la actividad acad\u00e9mica del a\u00f1o en curso.<\/p>\n<p>Para Vergel \u201ces fundamental poner en valor lo que tenga que ver con la defensa de los derechos de las infancias. Fue adem\u00e1s una buena oportunidad para conocer en profundidad la actualidad de la Facultad de Ciencias<br \/>\nSociales y su actividad. Creemos que es una instituci\u00f3n sumamente importante para nuestra comunidad en la educaci\u00f3n y formaci\u00f3n de j\u00f3venes\u201d.<\/p>\n","protected":false},"excerpt":{"rendered":"<p>Vergel y Matrella visitaron la Facultad de Ciencias Sociales, los concejales del bloque UCR-Juntos visitaron&#8230;<\/p>\n","protected":false},"author":1,"featured_media":171325,"comment_status":"closed","ping_status":"closed","sticky":false,"template":"","format":"standard","meta":{"content-type":""},"categories":[27,64],"tags":[],"nelio_content":{"isAutoShareEnabled":false,"autoShareEndMode":"default","automationSources":{"useContentSentences":true,"useSocialTemplates":true,"useCustomSentences":false,"customSentences":[]},"followers":[1],"suggestedReferences":[],"includedReferences":[],"efiUrl":"","efiAlt":"","highlights":[]},"yoast_head":"<!-- This site is optimized with the Yoast SEO plugin v20.7 - https:\/\/yoast.com\/wordpress\/plugins\/seo\/ -->\n<title>Vergel y Matrella visitaron la facultad de ciencias sociales<\/title>\n<meta name=\"description\" content=\"Vergel y Matrella visitaron la Facultad de Ciencias Sociales, los concejales del bloque UCR-Juntos visitaron la casa de altos estudios\" \/>\n<meta name=\"robots\" content=\"index, follow, max-snippet:-1, max-image-preview:large, max-video-preview:-1\" \/>\n<link rel=\"canonical\" href=\"https:\/\/experienciadevida.com.ar\/portalurbano\/vergel-y-matrella-visitaron-la-facultad-de-ciencias-sociales\/\" \/>\n<meta property=\"og:locale\" content=\"es_ES\" \/>\n<meta property=\"og:type\" content=\"article\" \/>\n<meta property=\"og:title\" content=\"Vergel y Matrella visitaron la facultad de ciencias sociales\" \/>\n<meta property=\"og:description\" content=\"Vergel y Matrella visitaron la Facultad de Ciencias Sociales, los concejales del bloque UCR-Juntos visitaron la casa de altos estudios\" \/>\n<meta property=\"og:url\" content=\"https:\/\/experienciadevida.com.ar\/portalurbano\/vergel-y-matrella-visitaron-la-facultad-de-ciencias-sociales\/\" \/>\n<meta property=\"article:publisher\" content=\"https:\/\/www.facebook.com\/Portal-Urbano-171542830093757\/\" \/>\n<meta property=\"article:published_time\" content=\"2022-07-13T13:28:08+00:00\" \/>\n<meta property=\"article:modified_time\" content=\"2022-07-13T13:29:21+00:00\" \/>\n<meta property=\"og:image\" content=\"https:\/\/experienciadevida.com.ar\/portalurbano\/wp-content\/uploads\/2022\/07\/Vergel-y-Matrella-visitaron.jpeg\" \/>\n\t<meta property=\"og:image:width\" content=\"1600\" \/>\n\t<meta property=\"og:image:height\" content=\"721\" \/>\n\t<meta property=\"og:image:type\" content=\"image\/jpeg\" \/>\n<meta name=\"author\" content=\"admpu17wp\" \/>\n<meta name=\"twitter:card\" content=\"summary_large_image\" \/>\n<meta name=\"twitter:creator\" content=\"@portalurbanook\" \/>\n<meta name=\"twitter:site\" content=\"@portalurbanook\" \/>\n<meta name=\"twitter:label1\" content=\"Escrito por\" \/>\n\t<meta name=\"twitter:data1\" content=\"admpu17wp\" \/>\n\t<meta name=\"twitter:label2\" content=\"Tiempo de lectura\" \/>\n\t<meta name=\"twitter:data2\" content=\"1 minuto\" \/>\n<script type=\"application\/ld+json\" class=\"yoast-schema-graph\">{\"@context\":\"https:\/\/schema.org\",\"@graph\":[{\"@type\":\"Article\",\"@id\":\"https:\/\/experienciadevida.com.ar\/portalurbano\/vergel-y-matrella-visitaron-la-facultad-de-ciencias-sociales\/#article\",\"isPartOf\":{\"@id\":\"https:\/\/experienciadevida.com.ar\/portalurbano\/vergel-y-matrella-visitaron-la-facultad-de-ciencias-sociales\/\"},\"author\":{\"name\":\"admpu17wp\",\"@id\":\"https:\/\/experienciadevida.com.ar\/portalurbano\/#\/schema\/person\/02dd326b1c4b056e9cc972486934a3a7\"},\"headline\":\"Vergel y Matrella visitaron la Facultad de Ciencias Sociales\",\"datePublished\":\"2022-07-13T13:28:08+00:00\",\"dateModified\":\"2022-07-13T13:29:21+00:00\",\"mainEntityOfPage\":{\"@id\":\"https:\/\/experienciadevida.com.ar\/portalurbano\/vergel-y-matrella-visitaron-la-facultad-de-ciencias-sociales\/\"},\"wordCount\":198,\"publisher\":{\"@id\":\"https:\/\/experienciadevida.com.ar\/portalurbano\/#organization\"},\"articleSection\":[\"Ciudad\",\"Destacadas 2\"],\"inLanguage\":\"es\"},{\"@type\":\"WebPage\",\"@id\":\"https:\/\/experienciadevida.com.ar\/portalurbano\/vergel-y-matrella-visitaron-la-facultad-de-ciencias-sociales\/\",\"url\":\"https:\/\/experienciadevida.com.ar\/portalurbano\/vergel-y-matrella-visitaron-la-facultad-de-ciencias-sociales\/\",\"name\":\"Vergel y Matrella visitaron la facultad de ciencias sociales\",\"isPartOf\":{\"@id\":\"https:\/\/experienciadevida.com.ar\/portalurbano\/#website\"},\"datePublished\":\"2022-07-13T13:28:08+00:00\",\"dateModified\":\"2022-07-13T13:29:21+00:00\",\"description\":\"Vergel y Matrella visitaron la Facultad de Ciencias Sociales, los concejales del bloque UCR-Juntos visitaron la casa de altos estudios\",\"breadcrumb\":{\"@id\":\"https:\/\/experienciadevida.com.ar\/portalurbano\/vergel-y-matrella-visitaron-la-facultad-de-ciencias-sociales\/#breadcrumb\"},\"inLanguage\":\"es\",\"potentialAction\":[{\"@type\":\"ReadAction\",\"target\":[\"https:\/\/experienciadevida.com.ar\/portalurbano\/vergel-y-matrella-visitaron-la-facultad-de-ciencias-sociales\/\"]}]},{\"@type\":\"BreadcrumbList\",\"@id\":\"https:\/\/experienciadevida.com.ar\/portalurbano\/vergel-y-matrella-visitaron-la-facultad-de-ciencias-sociales\/#breadcrumb\",\"itemListElement\":[{\"@type\":\"ListItem\",\"position\":1,\"name\":\"Portada\",\"item\":\"https:\/\/experienciadevida.com.ar\/portalurbano\/\"},{\"@type\":\"ListItem\",\"position\":2,\"name\":\"Vergel y Matrella visitaron la Facultad de Ciencias Sociales\"}]},{\"@type\":\"WebSite\",\"@id\":\"https:\/\/experienciadevida.com.ar\/portalurbano\/#website\",\"url\":\"https:\/\/experienciadevida.com.ar\/portalurbano\/\",\"name\":\"\",\"description\":\"\",\"publisher\":{\"@id\":\"https:\/\/experienciadevida.com.ar\/portalurbano\/#organization\"},\"potentialAction\":[{\"@type\":\"SearchAction\",\"target\":{\"@type\":\"EntryPoint\",\"urlTemplate\":\"https:\/\/experienciadevida.com.ar\/portalurbano\/?s={search_term_string}\"},\"query-input\":\"required name=search_term_string\"}],\"inLanguage\":\"es\"},{\"@type\":\"Organization\",\"@id\":\"https:\/\/experienciadevida.com.ar\/portalurbano\/#organization\",\"name\":\"Portal Urbano\",\"url\":\"https:\/\/experienciadevida.com.ar\/portalurbano\/\",\"logo\":{\"@type\":\"ImageObject\",\"inLanguage\":\"es\",\"@id\":\"https:\/\/experienciadevida.com.ar\/portalurbano\/#\/schema\/logo\/image\/\",\"url\":\"https:\/\/experienciadevida.com.ar\/portalurbano\/wp-content\/uploads\/2019\/09\/Logo-Original.png\",\"contentUrl\":\"https:\/\/experienciadevida.com.ar\/portalurbano\/wp-content\/uploads\/2019\/09\/Logo-Original.png\",\"width\":2236,\"height\":1216,\"caption\":\"Portal Urbano\"},\"image\":{\"@id\":\"https:\/\/experienciadevida.com.ar\/portalurbano\/#\/schema\/logo\/image\/\"},\"sameAs\":[\"https:\/\/www.facebook.com\/Portal-Urbano-171542830093757\/\",\"https:\/\/twitter.com\/portalurbanook\",\"https:\/\/www.instagram.com\/_portalurbano\/\",\"https:\/\/www.youtube.com\/channel\/UCXhagIfszH8KxFiOok79zbA?view_as=subscriber\"]},{\"@type\":\"Person\",\"@id\":\"https:\/\/experienciadevida.com.ar\/portalurbano\/#\/schema\/person\/02dd326b1c4b056e9cc972486934a3a7\",\"name\":\"admpu17wp\",\"image\":{\"@type\":\"ImageObject\",\"inLanguage\":\"es\",\"@id\":\"https:\/\/experienciadevida.com.ar\/portalurbano\/#\/schema\/person\/image\/\",\"url\":\"https:\/\/secure.gravatar.com\/avatar\/830d4c57adaae6630765e449a6908047?s=96&d=mm&r=g\",\"contentUrl\":\"https:\/\/secure.gravatar.com\/avatar\/830d4c57adaae6630765e449a6908047?s=96&d=mm&r=g\",\"caption\":\"admpu17wp\"}}]}<\/script>\n<!-- \/ Yoast SEO plugin. -->","yoast_head_json":{"title":"Vergel y Matrella visitaron la facultad de ciencias sociales","description":"Vergel y Matrella visitaron la Facultad de Ciencias Sociales, los concejales del bloque UCR-Juntos visitaron la casa de altos estudios","robots":{"index":"index","follow":"follow","max-snippet":"max-snippet:-1","max-image-preview":"max-image-preview:large","max-video-preview":"max-video-preview:-1"},"canonical":"https:\/\/experienciadevida.com.ar\/portalurbano\/vergel-y-matrella-visitaron-la-facultad-de-ciencias-sociales\/","og_locale":"es_ES","og_type":"article","og_title":"Vergel y Matrella visitaron la facultad de ciencias sociales","og_description":"Vergel y Matrella visitaron la Facultad de Ciencias Sociales, los concejales del bloque UCR-Juntos visitaron la casa de altos estudios","og_url":"https:\/\/experienciadevida.com.ar\/portalurbano\/vergel-y-matrella-visitaron-la-facultad-de-ciencias-sociales\/","article_publisher":"https:\/\/www.facebook.com\/Portal-Urbano-171542830093757\/","article_published_time":"2022-07-13T13:28:08+00:00","article_modified_time":"2022-07-13T13:29:21+00:00","og_image":[{"width":1600,"height":721,"url":"https:\/\/experienciadevida.com.ar\/portalurbano\/wp-content\/uploads\/2022\/07\/Vergel-y-Matrella-visitaron.jpeg","type":"image\/jpeg"}],"author":"admpu17wp","twitter_card":"summary_large_image","twitter_creator":"@portalurbanook","twitter_site":"@portalurbanook","twitter_misc":{"Escrito por":"admpu17wp","Tiempo de lectura":"1 minuto"},"schema":{"@context":"https:\/\/schema.org","@graph":[{"@type":"Article","@id":"https:\/\/experienciadevida.com.ar\/portalurbano\/vergel-y-matrella-visitaron-la-facultad-de-ciencias-sociales\/#article","isPartOf":{"@id":"https:\/\/experienciadevida.com.ar\/portalurbano\/vergel-y-matrella-visitaron-la-facultad-de-ciencias-sociales\/"},"author":{"name":"admpu17wp","@id":"https:\/\/experienciadevida.com.ar\/portalurbano\/#\/schema\/person\/02dd326b1c4b056e9cc972486934a3a7"},"headline":"Vergel y Matrella visitaron la Facultad de Ciencias Sociales","datePublished":"2022-07-13T13:28:08+00:00","dateModified":"2022-07-13T13:29:21+00:00","mainEntityOfPage":{"@id":"https:\/\/experienciadevida.com.ar\/portalurbano\/vergel-y-matrella-visitaron-la-facultad-de-ciencias-sociales\/"},"wordCount":198,"publisher":{"@id":"https:\/\/experienciadevida.com.ar\/portalurbano\/#organization"},"articleSection":["Ciudad","Destacadas 2"],"inLanguage":"es"},{"@type":"WebPage","@id":"https:\/\/experienciadevida.com.ar\/portalurbano\/vergel-y-matrella-visitaron-la-facultad-de-ciencias-sociales\/","url":"https:\/\/experienciadevida.com.ar\/portalurbano\/vergel-y-matrella-visitaron-la-facultad-de-ciencias-sociales\/","name":"Vergel y Matrella visitaron la facultad de ciencias sociales","isPartOf":{"@id":"https:\/\/experienciadevida.com.ar\/portalurbano\/#website"},"datePublished":"2022-07-13T13:28:08+00:00","dateModified":"2022-07-13T13:29:21+00:00","description":"Vergel y Matrella visitaron la Facultad de Ciencias Sociales, los concejales del bloque UCR-Juntos visitaron la casa de altos estudios","breadcrumb":{"@id":"https:\/\/experienciadevida.com.ar\/portalurbano\/vergel-y-matrella-visitaron-la-facultad-de-ciencias-sociales\/#breadcrumb"},"inLanguage":"es","potentialAction":[{"@type":"ReadAction","target":["https:\/\/experienciadevida.com.ar\/portalurbano\/vergel-y-matrella-visitaron-la-facultad-de-ciencias-sociales\/"]}]},{"@type":"BreadcrumbList","@id":"https:\/\/experienciadevida.com.ar\/portalurbano\/vergel-y-matrella-visitaron-la-facultad-de-ciencias-sociales\/#breadcrumb","itemListElement":[{"@type":"ListItem","position":1,"name":"Portada","item":"https:\/\/experienciadevida.com.ar\/portalurbano\/"},{"@type":"ListItem","position":2,"name":"Vergel y Matrella visitaron la Facultad de Ciencias Sociales"}]},{"@type":"WebSite","@id":"https:\/\/experienciadevida.com.ar\/portalurbano\/#website","url":"https:\/\/experienciadevida.com.ar\/portalurbano\/","name":"","description":"","publisher":{"@id":"https:\/\/experienciadevida.com.ar\/portalurbano\/#organization"},"potentialAction":[{"@type":"SearchAction","target":{"@type":"EntryPoint","urlTemplate":"https:\/\/experienciadevida.com.ar\/portalurbano\/?s={search_term_string}"},"query-input":"required name=search_term_string"}],"inLanguage":"es"},{"@type":"Organization","@id":"https:\/\/experienciadevida.com.ar\/portalurbano\/#organization","name":"Portal Urbano","url":"https:\/\/experienciadevida.com.ar\/portalurbano\/","logo":{"@type":"ImageObject","inLanguage":"es","@id":"https:\/\/experienciadevida.com.ar\/portalurbano\/#\/schema\/logo\/image\/","url":"https:\/\/experienciadevida.com.ar\/portalurbano\/wp-content\/uploads\/2019\/09\/Logo-Original.png","contentUrl":"https:\/\/experienciadevida.com.ar\/portalurbano\/wp-content\/uploads\/2019\/09\/Logo-Original.png","width":2236,"height":1216,"caption":"Portal Urbano"},"image":{"@id":"https:\/\/experienciadevida.com.ar\/portalurbano\/#\/schema\/logo\/image\/"},"sameAs":["https:\/\/www.facebook.com\/Portal-Urbano-171542830093757\/","https:\/\/twitter.com\/portalurbanook","https:\/\/www.instagram.com\/_portalurbano\/","https:\/\/www.youtube.com\/channel\/UCXhagIfszH8KxFiOok79zbA?view_as=subscriber"]},{"@type":"Person","@id":"https:\/\/experienciadevida.com.ar\/portalurbano\/#\/schema\/person\/02dd326b1c4b056e9cc972486934a3a7","name":"admpu17wp","image":{"@type":"ImageObject","inLanguage":"es","@id":"https:\/\/experienciadevida.com.ar\/portalurbano\/#\/schema\/person\/image\/","url":"https:\/\/secure.gravatar.com\/avatar\/830d4c57adaae6630765e449a6908047?s=96&d=mm&r=g","contentUrl":"https:\/\/secure.gravatar.com\/avatar\/830d4c57adaae6630765e449a6908047?s=96&d=mm&r=g","caption":"admpu17wp"}}]}},"featured_image_urls":{"full":["https:\/\/experienciadevida.com.ar\/portalurbano\/wp-content\/uploads\/2022\/07\/Vergel-y-Matrella-visitaron.jpeg",1600,721,false],"thumbnail":["https:\/\/experienciadevida.com.ar\/portalurbano\/wp-content\/uploads\/2022\/07\/Vergel-y-Matrella-visitaron-150x150.jpeg",150,150,true],"medium":["https:\/\/experienciadevida.com.ar\/portalurbano\/wp-content\/uploads\/2022\/07\/Vergel-y-Matrella-visitaron-300x135.jpeg",300,135,true],"medium_large":["https:\/\/experienciadevida.com.ar\/portalurbano\/wp-content\/uploads\/2022\/07\/Vergel-y-Matrella-visitaron-768x346.jpeg",640,288,true],"large":["https:\/\/experienciadevida.com.ar\/portalurbano\/wp-content\/uploads\/2022\/07\/Vergel-y-Matrella-visitaron-1024x461.jpeg",640,288,true],"ug_big":["https:\/\/experienciadevida.com.ar\/portalurbano\/wp-content\/uploads\/2022\/07\/Vergel-y-Matrella-visitaron-768x346.jpeg",768,346,true],"1536x1536":["https:\/\/experienciadevida.com.ar\/portalurbano\/wp-content\/uploads\/2022\/07\/Vergel-y-Matrella-visitaron-1536x692.jpeg",1536,692,true],"2048x2048":["https:\/\/experienciadevida.com.ar\/portalurbano\/wp-content\/uploads\/2022\/07\/Vergel-y-Matrella-visitaron.jpeg",1600,721,false],"newsever-slider-full":["https:\/\/experienciadevida.com.ar\/portalurbano\/wp-content\/uploads\/2022\/07\/Vergel-y-Matrella-visitaron.jpeg",1280,577,false],"newsever-featured":["https:\/\/experienciadevida.com.ar\/portalurbano\/wp-content\/uploads\/2022\/07\/Vergel-y-Matrella-visitaron.jpeg",1024,461,false],"newsever-medium":["https:\/\/experienciadevida.com.ar\/portalurbano\/wp-content\/uploads\/2022\/07\/Vergel-y-Matrella-visitaron.jpeg",720,324,false],"web-stories-poster-portrait":["https:\/\/experienciadevida.com.ar\/portalurbano\/wp-content\/uploads\/2022\/07\/Vergel-y-Matrella-visitaron.jpeg",640,288,false],"web-stories-publisher-logo":["https:\/\/experienciadevida.com.ar\/portalurbano\/wp-content\/uploads\/2022\/07\/Vergel-y-Matrella-visitaron.jpeg",96,43,false],"web-stories-thumbnail":["https:\/\/experienciadevida.com.ar\/portalurbano\/wp-content\/uploads\/2022\/07\/Vergel-y-Matrella-visitaron.jpeg",150,68,false]},"author_info":{"display_name":"admpu17wp","author_link":"https:\/\/experienciadevida.com.ar\/portalurbano\/author\/admpu17wp\/"},"category_info":"<a href=\"https:\/\/experienciadevida.com.ar\/portalurbano\/category\/ciudad\/\" rel=\"category tag\">Ciudad<\/a> <a href=\"https:\/\/experienciadevida.com.ar\/portalurbano\/category\/destacadas-2\/\" rel=\"category tag\">Destacadas 2<\/a>","tag_info":"Destacadas 2","comment_count":"0","amp_enabled":true,"_links":{"self":[{"href":"https:\/\/experienciadevida.com.ar\/portalurbano\/wp-json\/wp\/v2\/posts\/171324"}],"collection":[{"href":"https:\/\/experienciadevida.com.ar\/portalurbano\/wp-json\/wp\/v2\/posts"}],"about":[{"href":"https:\/\/experienciadevida.com.ar\/portalurbano\/wp-json\/wp\/v2\/types\/post"}],"author":[{"embeddable":true,"href":"https:\/\/experienciadevida.com.ar\/portalurbano\/wp-json\/wp\/v2\/users\/1"}],"replies":[{"embeddable":true,"href":"https:\/\/experienciadevida.com.ar\/portalurbano\/wp-json\/wp\/v2\/comments?post=171324"}],"version-history":[{"count":2,"href":"https:\/\/experienciadevida.com.ar\/portalurbano\/wp-json\/wp\/v2\/posts\/171324\/revisions"}],"predecessor-version":[{"id":171327,"href":"https:\/\/experienciadevida.com.ar\/portalurbano\/wp-json\/wp\/v2\/posts\/171324\/revisions\/171327"}],"wp:featuredmedia":[{"embeddable":true,"href":"https:\/\/experienciadevida.com.ar\/portalurbano\/wp-json\/wp\/v2\/media\/171325"}],"wp:attachment":[{"href":"https:\/\/experienciadevida.com.ar\/portalurbano\/wp-json\/wp\/v2\/media?parent=171324"}],"wp:term":[{"taxonomy":"category","embeddable":true,"href":"https:\/\/experienciadevida.com.ar\/portalurbano\/wp-json\/wp\/v2\/categories?post=171324"},{"taxonomy":"post_tag","embeddable":true,"href":"https:\/\/experienciadevida.com.ar\/portalurbano\/wp-json\/wp\/v2\/tags?post=171324"}],"curies":[{"name":"wp","href":"https:\/\/api.w.org\/{rel}","templated":true}]}}