{"id":171290,"date":"2022-07-12T17:56:23","date_gmt":"2022-07-12T20:56:23","guid":{"rendered":"https:\/\/experienciadevida.com.ar\/portalurbano\/?p=171290"},"modified":"2022-07-12T17:59:48","modified_gmt":"2022-07-12T20:59:48","slug":"olavarria-sera-sede-del-encuentro-regional-de-mujeres-y-disidencias","status":"publish","type":"post","link":"https:\/\/experienciadevida.com.ar\/portalurbano\/olavarria-sera-sede-del-encuentro-regional-de-mujeres-y-disidencias\/","title":{"rendered":"Olavarr\u00eda ser\u00e1 sede del encuentro Regional de Mujeres y  disidencias"},"content":{"rendered":"<p>Olavarr\u00eda ser\u00e1 sede del encuentro Regional de Mujeres y disidencias, as\u00ed se dio a conocer oficialmente este martes en conferencia de prensa.\u00a0 Ser\u00e1 el 13 de agosto y ser\u00e1 una jornada de s\u00f3lo un d\u00eda.<\/p>\n<p><a href=\"https:\/\/experienciadevida.com.ar\/portalurbano\/olavarria-sera-sede-del-encuentro-regional-de-mujeres-y-disidencias\/olavarria-5\/\" rel=\"attachment wp-att-171294\"><img decoding=\"async\" class=\"alignnone size-full wp-image-171294\" src=\"https:\/\/experienciadevida.com.ar\/portalurbano\/wp-content\/uploads\/2022\/07\/Olavarria.jpg\" alt=\"Olavarr\u00eda \" width=\"765\" height=\"510\" srcset=\"https:\/\/experienciadevida.com.ar\/portalurbano\/wp-content\/uploads\/2022\/07\/Olavarria.jpg 765w, https:\/\/experienciadevida.com.ar\/portalurbano\/wp-content\/uploads\/2022\/07\/Olavarria-300x200.jpg 300w\" sizes=\"(max-width: 765px) 100vw, 765px\" \/><\/a><\/p>\n<p>&#8220;Este encuentro se realiza hace 34 a\u00f1os en el pa\u00eds, a partir del 2016 en Tandil comenzaron a organizar el encuentro pluri regional sobre todo para conversar sobre cuestiones que son m\u00e1s cercanas, problem\u00e1ticas m\u00e1s cercanas a nuestra realidad, porque cuando vas al encuentro nacional tu regi\u00f3n queda minimizada porque somos muchas compa\u00f1eras de todo el pa\u00eds entonces se busc\u00f3 regionalizar ese encuentro porque hay muchas compa\u00f1eras que no pueden viajar a los nacionales. En alg\u00fan momento nos ten\u00eda que tocar a nosotras, se decide en asamblea que el pr\u00f3ximo encuentro sea en Olavarr\u00eda en el 2020 (ocurri\u00f3 la pandemia y tuvimos que suspender), y este a\u00f1o decidimos hacerlas&#8221;.<\/p>\n<p><a href=\"https:\/\/experienciadevida.com.ar\/portalurbano\/olavarria-sera-sede-del-encuentro-regional-de-mujeres-y-disidencias\/sera\/\" rel=\"attachment wp-att-171295\"><img decoding=\"async\" class=\"alignnone size-full wp-image-171295\" src=\"https:\/\/experienciadevida.com.ar\/portalurbano\/wp-content\/uploads\/2022\/07\/sera.jpg\" alt=\"ser\u00e1 \" width=\"765\" height=\"510\" srcset=\"https:\/\/experienciadevida.com.ar\/portalurbano\/wp-content\/uploads\/2022\/07\/sera.jpg 765w, https:\/\/experienciadevida.com.ar\/portalurbano\/wp-content\/uploads\/2022\/07\/sera-300x200.jpg 300w\" sizes=\"(max-width: 765px) 100vw, 765px\" \/><\/a><\/p>\n<p>Luego dijeron &#8220;son dos a\u00f1os que no nos podemos juntar con la necesidad que tenemos de tener esos encuentros, en el 2020 se empez\u00f3 a gestionar y este a\u00f1o empezamos a organizar este encuentro, en la escuela secundaria 6 una escuela p\u00fablica tiene un valor simb\u00f3lico muy importante, desde hace dos meses nos venimos organizando junt\u00e1ndonos, hay una comisi\u00f3n organizadora que va definiendo diferentes cuestiones y a su vez hay 7 m\u00e1s que tienen tareas espec\u00edficas como la comunicaci\u00f3n- cultura- va a ver ferias, log\u00edstica cuestiones que tiene que ver con estas magnitudes. En el \u00faltimo encuentro que se realiz\u00f3 en la ciudad de Azul asistieron alrededor de 400 personas esperemos que este a\u00f1o sea la cantidad sea similar o mayor, en el medio pasaron un mont\u00f3n de cosas&#8221;.<\/p>\n<p><a href=\"https:\/\/experienciadevida.com.ar\/portalurbano\/olavarria-sera-sede-del-encuentro-regional-de-mujeres-y-disidencias\/sede-3\/\" rel=\"attachment wp-att-171296\"><img decoding=\"async\" class=\"alignnone size-full wp-image-171296\" src=\"https:\/\/experienciadevida.com.ar\/portalurbano\/wp-content\/uploads\/2022\/07\/sede.jpg\" alt=\"sede \" width=\"765\" height=\"510\" srcset=\"https:\/\/experienciadevida.com.ar\/portalurbano\/wp-content\/uploads\/2022\/07\/sede.jpg 765w, https:\/\/experienciadevida.com.ar\/portalurbano\/wp-content\/uploads\/2022\/07\/sede-300x200.jpg 300w\" sizes=\"(max-width: 765px) 100vw, 765px\" \/><\/a><\/p>\n<p>&#8220;Estamos pensando este encuentro donde se va a poner devuelta en el centro de la discusi\u00f3n todas las violencias que venimos atravesando las mujeres y disidencias, conquistamos un mont\u00f3n de derechos pero tambi\u00e9n aumentaron diferentes opresiones y violencias y por eso la necesidad del encuentro&#8221;.<\/p>\n<p>Tambi\u00e9n &#8220;es muy importante volvernos a encontrar estar en este encuentro que estamos acuerpando diferentes organizaciones de la localidad, es importante porque pasamos dos a\u00f1os de pandemia donde si bien hubo varios derechos conquistados, reivindicaciones tambi\u00e9n se agudizaron problem\u00e1ticas que ya ven\u00edamos atravesando como la de violencia de g\u00e9nero, venimos pidiendo al estado nuevas pol\u00edticas p\u00fablicas que de respuesta a nuestras realidades, no tenemos tiempo para seguir esperando, lo mismo ocurre con la justicia que tenga perspectiva de g\u00e9nero. Estamos apostando a poder llevar adelante este encuentro que significa un mont\u00f3n,\u00a0 construimos colectivamente dentro de la diferencia y generamos acuerdos colectivos, es un trabajo que nos permite llevar\u00a0 adelante cuidarnos&#8221;.<\/p>\n<p>Luego\u00a0 tom\u00f3 la palabra Alex Herrera &#8220;quiero remarcar que la idea de este encuentro es para encontrarnos y es una herramienta fundamental para un mont\u00f3n de cuestiones, acciones que llevamos a cabo en cada territorio, generamos otras estrategias para conquistar nuevos derechos y es gracias a estos espacios son derechos que hay muchos reconocidos pero a\u00fan faltan m\u00e1s por reconocer, hay una cosa que no ha cesado que es la violencia patriarcal. Estamos buscando estrategias para protegernos&#8221;.<\/p>\n<p>Para finalizar comentaron las formas de inscripci\u00f3n y como ser\u00e1 el cronograma del encuentro.<\/p>\n","protected":false},"excerpt":{"rendered":"<p>Olavarr\u00eda ser\u00e1 sede del encuentro Regional de Mujeres y disidencias, as\u00ed se dio a conocer&#8230;<\/p>\n","protected":false},"author":1,"featured_media":171291,"comment_status":"closed","ping_status":"closed","sticky":false,"template":"","format":"standard","meta":{"content-type":""},"categories":[27,51],"tags":[],"nelio_content":{"isAutoShareEnabled":false,"autoShareEndMode":"default","automationSources":{"useContentSentences":true,"useSocialTemplates":true,"useCustomSentences":false,"customSentences":[]},"followers":[1],"suggestedReferences":[],"includedReferences":[],"efiUrl":"","efiAlt":"","highlights":[]},"yoast_head":"<!-- This site is optimized with the Yoast SEO plugin v20.7 - https:\/\/yoast.com\/wordpress\/plugins\/seo\/ -->\n<title>Olavarr\u00eda ser\u00e1 sede del encuentro regional de mujeres y disidencias<\/title>\n<meta name=\"description\" content=\"Olavarr\u00eda ser\u00e1 sede del encuentro Regional de Mujeres y disidencias, as\u00ed se dio a conocer oficialmente este martes en conferencia de prensa.\" \/>\n<meta name=\"robots\" content=\"index, follow, max-snippet:-1, max-image-preview:large, max-video-preview:-1\" \/>\n<link rel=\"canonical\" href=\"https:\/\/experienciadevida.com.ar\/portalurbano\/olavarria-sera-sede-del-encuentro-regional-de-mujeres-y-disidencias\/\" \/>\n<meta property=\"og:locale\" content=\"es_ES\" \/>\n<meta property=\"og:type\" content=\"article\" \/>\n<meta property=\"og:title\" content=\"Olavarr\u00eda ser\u00e1 sede del encuentro regional de mujeres y disidencias\" \/>\n<meta property=\"og:description\" content=\"Olavarr\u00eda ser\u00e1 sede del encuentro Regional de Mujeres y disidencias, as\u00ed se dio a conocer oficialmente este martes en conferencia de prensa.\" \/>\n<meta property=\"og:url\" content=\"https:\/\/experienciadevida.com.ar\/portalurbano\/olavarria-sera-sede-del-encuentro-regional-de-mujeres-y-disidencias\/\" \/>\n<meta property=\"article:publisher\" content=\"https:\/\/www.facebook.com\/Portal-Urbano-171542830093757\/\" \/>\n<meta property=\"article:published_time\" content=\"2022-07-12T20:56:23+00:00\" \/>\n<meta property=\"article:modified_time\" content=\"2022-07-12T20:59:48+00:00\" \/>\n<meta property=\"og:image\" content=\"https:\/\/experienciadevida.com.ar\/portalurbano\/wp-content\/uploads\/2022\/07\/Olavarria-sera-sede-del.jpg\" \/>\n\t<meta property=\"og:image:width\" content=\"765\" \/>\n\t<meta property=\"og:image:height\" content=\"510\" \/>\n\t<meta property=\"og:image:type\" content=\"image\/jpeg\" \/>\n<meta name=\"author\" content=\"admpu17wp\" \/>\n<meta name=\"twitter:card\" content=\"summary_large_image\" \/>\n<meta name=\"twitter:creator\" content=\"@portalurbanook\" \/>\n<meta name=\"twitter:site\" content=\"@portalurbanook\" \/>\n<meta name=\"twitter:label1\" content=\"Escrito por\" \/>\n\t<meta name=\"twitter:data1\" content=\"admpu17wp\" \/>\n\t<meta name=\"twitter:label2\" content=\"Tiempo de lectura\" \/>\n\t<meta name=\"twitter:data2\" content=\"3 minutos\" \/>\n<script type=\"application\/ld+json\" class=\"yoast-schema-graph\">{\"@context\":\"https:\/\/schema.org\",\"@graph\":[{\"@type\":\"Article\",\"@id\":\"https:\/\/experienciadevida.com.ar\/portalurbano\/olavarria-sera-sede-del-encuentro-regional-de-mujeres-y-disidencias\/#article\",\"isPartOf\":{\"@id\":\"https:\/\/experienciadevida.com.ar\/portalurbano\/olavarria-sera-sede-del-encuentro-regional-de-mujeres-y-disidencias\/\"},\"author\":{\"name\":\"admpu17wp\",\"@id\":\"https:\/\/experienciadevida.com.ar\/portalurbano\/#\/schema\/person\/02dd326b1c4b056e9cc972486934a3a7\"},\"headline\":\"Olavarr\u00eda ser\u00e1 sede del encuentro Regional de Mujeres y disidencias\",\"datePublished\":\"2022-07-12T20:56:23+00:00\",\"dateModified\":\"2022-07-12T20:59:48+00:00\",\"mainEntityOfPage\":{\"@id\":\"https:\/\/experienciadevida.com.ar\/portalurbano\/olavarria-sera-sede-del-encuentro-regional-de-mujeres-y-disidencias\/\"},\"wordCount\":568,\"publisher\":{\"@id\":\"https:\/\/experienciadevida.com.ar\/portalurbano\/#organization\"},\"articleSection\":[\"Ciudad\",\"Destacadas\"],\"inLanguage\":\"es\"},{\"@type\":\"WebPage\",\"@id\":\"https:\/\/experienciadevida.com.ar\/portalurbano\/olavarria-sera-sede-del-encuentro-regional-de-mujeres-y-disidencias\/\",\"url\":\"https:\/\/experienciadevida.com.ar\/portalurbano\/olavarria-sera-sede-del-encuentro-regional-de-mujeres-y-disidencias\/\",\"name\":\"Olavarr\u00eda ser\u00e1 sede del encuentro regional de mujeres y disidencias\",\"isPartOf\":{\"@id\":\"https:\/\/experienciadevida.com.ar\/portalurbano\/#website\"},\"datePublished\":\"2022-07-12T20:56:23+00:00\",\"dateModified\":\"2022-07-12T20:59:48+00:00\",\"description\":\"Olavarr\u00eda ser\u00e1 sede del encuentro Regional de Mujeres y disidencias, as\u00ed se dio a conocer oficialmente este martes en conferencia de prensa.\",\"breadcrumb\":{\"@id\":\"https:\/\/experienciadevida.com.ar\/portalurbano\/olavarria-sera-sede-del-encuentro-regional-de-mujeres-y-disidencias\/#breadcrumb\"},\"inLanguage\":\"es\",\"potentialAction\":[{\"@type\":\"ReadAction\",\"target\":[\"https:\/\/experienciadevida.com.ar\/portalurbano\/olavarria-sera-sede-del-encuentro-regional-de-mujeres-y-disidencias\/\"]}]},{\"@type\":\"BreadcrumbList\",\"@id\":\"https:\/\/experienciadevida.com.ar\/portalurbano\/olavarria-sera-sede-del-encuentro-regional-de-mujeres-y-disidencias\/#breadcrumb\",\"itemListElement\":[{\"@type\":\"ListItem\",\"position\":1,\"name\":\"Portada\",\"item\":\"https:\/\/experienciadevida.com.ar\/portalurbano\/\"},{\"@type\":\"ListItem\",\"position\":2,\"name\":\"Olavarr\u00eda ser\u00e1 sede del encuentro Regional de Mujeres y disidencias\"}]},{\"@type\":\"WebSite\",\"@id\":\"https:\/\/experienciadevida.com.ar\/portalurbano\/#website\",\"url\":\"https:\/\/experienciadevida.com.ar\/portalurbano\/\",\"name\":\"\",\"description\":\"\",\"publisher\":{\"@id\":\"https:\/\/experienciadevida.com.ar\/portalurbano\/#organization\"},\"potentialAction\":[{\"@type\":\"SearchAction\",\"target\":{\"@type\":\"EntryPoint\",\"urlTemplate\":\"https:\/\/experienciadevida.com.ar\/portalurbano\/?s={search_term_string}\"},\"query-input\":\"required name=search_term_string\"}],\"inLanguage\":\"es\"},{\"@type\":\"Organization\",\"@id\":\"https:\/\/experienciadevida.com.ar\/portalurbano\/#organization\",\"name\":\"Portal Urbano\",\"url\":\"https:\/\/experienciadevida.com.ar\/portalurbano\/\",\"logo\":{\"@type\":\"ImageObject\",\"inLanguage\":\"es\",\"@id\":\"https:\/\/experienciadevida.com.ar\/portalurbano\/#\/schema\/logo\/image\/\",\"url\":\"https:\/\/experienciadevida.com.ar\/portalurbano\/wp-content\/uploads\/2019\/09\/Logo-Original.png\",\"contentUrl\":\"https:\/\/experienciadevida.com.ar\/portalurbano\/wp-content\/uploads\/2019\/09\/Logo-Original.png\",\"width\":2236,\"height\":1216,\"caption\":\"Portal Urbano\"},\"image\":{\"@id\":\"https:\/\/experienciadevida.com.ar\/portalurbano\/#\/schema\/logo\/image\/\"},\"sameAs\":[\"https:\/\/www.facebook.com\/Portal-Urbano-171542830093757\/\",\"https:\/\/twitter.com\/portalurbanook\",\"https:\/\/www.instagram.com\/_portalurbano\/\",\"https:\/\/www.youtube.com\/channel\/UCXhagIfszH8KxFiOok79zbA?view_as=subscriber\"]},{\"@type\":\"Person\",\"@id\":\"https:\/\/experienciadevida.com.ar\/portalurbano\/#\/schema\/person\/02dd326b1c4b056e9cc972486934a3a7\",\"name\":\"admpu17wp\",\"image\":{\"@type\":\"ImageObject\",\"inLanguage\":\"es\",\"@id\":\"https:\/\/experienciadevida.com.ar\/portalurbano\/#\/schema\/person\/image\/\",\"url\":\"https:\/\/secure.gravatar.com\/avatar\/830d4c57adaae6630765e449a6908047?s=96&d=mm&r=g\",\"contentUrl\":\"https:\/\/secure.gravatar.com\/avatar\/830d4c57adaae6630765e449a6908047?s=96&d=mm&r=g\",\"caption\":\"admpu17wp\"}}]}<\/script>\n<!-- \/ Yoast SEO plugin. -->","yoast_head_json":{"title":"Olavarr\u00eda ser\u00e1 sede del encuentro regional de mujeres y disidencias","description":"Olavarr\u00eda ser\u00e1 sede del encuentro Regional de Mujeres y disidencias, as\u00ed se dio a conocer oficialmente este martes en conferencia de prensa.","robots":{"index":"index","follow":"follow","max-snippet":"max-snippet:-1","max-image-preview":"max-image-preview:large","max-video-preview":"max-video-preview:-1"},"canonical":"https:\/\/experienciadevida.com.ar\/portalurbano\/olavarria-sera-sede-del-encuentro-regional-de-mujeres-y-disidencias\/","og_locale":"es_ES","og_type":"article","og_title":"Olavarr\u00eda ser\u00e1 sede del encuentro regional de mujeres y disidencias","og_description":"Olavarr\u00eda ser\u00e1 sede del encuentro Regional de Mujeres y disidencias, as\u00ed se dio a conocer oficialmente este martes en conferencia de prensa.","og_url":"https:\/\/experienciadevida.com.ar\/portalurbano\/olavarria-sera-sede-del-encuentro-regional-de-mujeres-y-disidencias\/","article_publisher":"https:\/\/www.facebook.com\/Portal-Urbano-171542830093757\/","article_published_time":"2022-07-12T20:56:23+00:00","article_modified_time":"2022-07-12T20:59:48+00:00","og_image":[{"width":765,"height":510,"url":"https:\/\/experienciadevida.com.ar\/portalurbano\/wp-content\/uploads\/2022\/07\/Olavarria-sera-sede-del.jpg","type":"image\/jpeg"}],"author":"admpu17wp","twitter_card":"summary_large_image","twitter_creator":"@portalurbanook","twitter_site":"@portalurbanook","twitter_misc":{"Escrito por":"admpu17wp","Tiempo de lectura":"3 minutos"},"schema":{"@context":"https:\/\/schema.org","@graph":[{"@type":"Article","@id":"https:\/\/experienciadevida.com.ar\/portalurbano\/olavarria-sera-sede-del-encuentro-regional-de-mujeres-y-disidencias\/#article","isPartOf":{"@id":"https:\/\/experienciadevida.com.ar\/portalurbano\/olavarria-sera-sede-del-encuentro-regional-de-mujeres-y-disidencias\/"},"author":{"name":"admpu17wp","@id":"https:\/\/experienciadevida.com.ar\/portalurbano\/#\/schema\/person\/02dd326b1c4b056e9cc972486934a3a7"},"headline":"Olavarr\u00eda ser\u00e1 sede del encuentro Regional de Mujeres y disidencias","datePublished":"2022-07-12T20:56:23+00:00","dateModified":"2022-07-12T20:59:48+00:00","mainEntityOfPage":{"@id":"https:\/\/experienciadevida.com.ar\/portalurbano\/olavarria-sera-sede-del-encuentro-regional-de-mujeres-y-disidencias\/"},"wordCount":568,"publisher":{"@id":"https:\/\/experienciadevida.com.ar\/portalurbano\/#organization"},"articleSection":["Ciudad","Destacadas"],"inLanguage":"es"},{"@type":"WebPage","@id":"https:\/\/experienciadevida.com.ar\/portalurbano\/olavarria-sera-sede-del-encuentro-regional-de-mujeres-y-disidencias\/","url":"https:\/\/experienciadevida.com.ar\/portalurbano\/olavarria-sera-sede-del-encuentro-regional-de-mujeres-y-disidencias\/","name":"Olavarr\u00eda ser\u00e1 sede del encuentro regional de mujeres y disidencias","isPartOf":{"@id":"https:\/\/experienciadevida.com.ar\/portalurbano\/#website"},"datePublished":"2022-07-12T20:56:23+00:00","dateModified":"2022-07-12T20:59:48+00:00","description":"Olavarr\u00eda ser\u00e1 sede del encuentro Regional de Mujeres y disidencias, as\u00ed se dio a conocer oficialmente este martes en conferencia de prensa.","breadcrumb":{"@id":"https:\/\/experienciadevida.com.ar\/portalurbano\/olavarria-sera-sede-del-encuentro-regional-de-mujeres-y-disidencias\/#breadcrumb"},"inLanguage":"es","potentialAction":[{"@type":"ReadAction","target":["https:\/\/experienciadevida.com.ar\/portalurbano\/olavarria-sera-sede-del-encuentro-regional-de-mujeres-y-disidencias\/"]}]},{"@type":"BreadcrumbList","@id":"https:\/\/experienciadevida.com.ar\/portalurbano\/olavarria-sera-sede-del-encuentro-regional-de-mujeres-y-disidencias\/#breadcrumb","itemListElement":[{"@type":"ListItem","position":1,"name":"Portada","item":"https:\/\/experienciadevida.com.ar\/portalurbano\/"},{"@type":"ListItem","position":2,"name":"Olavarr\u00eda ser\u00e1 sede del encuentro Regional de Mujeres y disidencias"}]},{"@type":"WebSite","@id":"https:\/\/experienciadevida.com.ar\/portalurbano\/#website","url":"https:\/\/experienciadevida.com.ar\/portalurbano\/","name":"","description":"","publisher":{"@id":"https:\/\/experienciadevida.com.ar\/portalurbano\/#organization"},"potentialAction":[{"@type":"SearchAction","target":{"@type":"EntryPoint","urlTemplate":"https:\/\/experienciadevida.com.ar\/portalurbano\/?s={search_term_string}"},"query-input":"required name=search_term_string"}],"inLanguage":"es"},{"@type":"Organization","@id":"https:\/\/experienciadevida.com.ar\/portalurbano\/#organization","name":"Portal Urbano","url":"https:\/\/experienciadevida.com.ar\/portalurbano\/","logo":{"@type":"ImageObject","inLanguage":"es","@id":"https:\/\/experienciadevida.com.ar\/portalurbano\/#\/schema\/logo\/image\/","url":"https:\/\/experienciadevida.com.ar\/portalurbano\/wp-content\/uploads\/2019\/09\/Logo-Original.png","contentUrl":"https:\/\/experienciadevida.com.ar\/portalurbano\/wp-content\/uploads\/2019\/09\/Logo-Original.png","width":2236,"height":1216,"caption":"Portal Urbano"},"image":{"@id":"https:\/\/experienciadevida.com.ar\/portalurbano\/#\/schema\/logo\/image\/"},"sameAs":["https:\/\/www.facebook.com\/Portal-Urbano-171542830093757\/","https:\/\/twitter.com\/portalurbanook","https:\/\/www.instagram.com\/_portalurbano\/","https:\/\/www.youtube.com\/channel\/UCXhagIfszH8KxFiOok79zbA?view_as=subscriber"]},{"@type":"Person","@id":"https:\/\/experienciadevida.com.ar\/portalurbano\/#\/schema\/person\/02dd326b1c4b056e9cc972486934a3a7","name":"admpu17wp","image":{"@type":"ImageObject","inLanguage":"es","@id":"https:\/\/experienciadevida.com.ar\/portalurbano\/#\/schema\/person\/image\/","url":"https:\/\/secure.gravatar.com\/avatar\/830d4c57adaae6630765e449a6908047?s=96&d=mm&r=g","contentUrl":"https:\/\/secure.gravatar.com\/avatar\/830d4c57adaae6630765e449a6908047?s=96&d=mm&r=g","caption":"admpu17wp"}}]}},"featured_image_urls":{"full":["https:\/\/experienciadevida.com.ar\/portalurbano\/wp-content\/uploads\/2022\/07\/Olavarria-sera-sede-del.jpg",765,510,false],"thumbnail":["https:\/\/experienciadevida.com.ar\/portalurbano\/wp-content\/uploads\/2022\/07\/Olavarria-sera-sede-del-150x150.jpg",150,150,true],"medium":["https:\/\/experienciadevida.com.ar\/portalurbano\/wp-content\/uploads\/2022\/07\/Olavarria-sera-sede-del-300x200.jpg",300,200,true],"medium_large":["https:\/\/experienciadevida.com.ar\/portalurbano\/wp-content\/uploads\/2022\/07\/Olavarria-sera-sede-del.jpg",640,427,false],"large":["https:\/\/experienciadevida.com.ar\/portalurbano\/wp-content\/uploads\/2022\/07\/Olavarria-sera-sede-del.jpg",640,427,false],"ug_big":["https:\/\/experienciadevida.com.ar\/portalurbano\/wp-content\/uploads\/2022\/07\/Olavarria-sera-sede-del.jpg",765,510,false],"1536x1536":["https:\/\/experienciadevida.com.ar\/portalurbano\/wp-content\/uploads\/2022\/07\/Olavarria-sera-sede-del.jpg",765,510,false],"2048x2048":["https:\/\/experienciadevida.com.ar\/portalurbano\/wp-content\/uploads\/2022\/07\/Olavarria-sera-sede-del.jpg",765,510,false],"newsever-slider-full":["https:\/\/experienciadevida.com.ar\/portalurbano\/wp-content\/uploads\/2022\/07\/Olavarria-sera-sede-del.jpg",765,510,false],"newsever-featured":["https:\/\/experienciadevida.com.ar\/portalurbano\/wp-content\/uploads\/2022\/07\/Olavarria-sera-sede-del.jpg",765,510,false],"newsever-medium":["https:\/\/experienciadevida.com.ar\/portalurbano\/wp-content\/uploads\/2022\/07\/Olavarria-sera-sede-del.jpg",713,475,false],"web-stories-poster-portrait":["https:\/\/experienciadevida.com.ar\/portalurbano\/wp-content\/uploads\/2022\/07\/Olavarria-sera-sede-del.jpg",640,427,false],"web-stories-publisher-logo":["https:\/\/experienciadevida.com.ar\/portalurbano\/wp-content\/uploads\/2022\/07\/Olavarria-sera-sede-del.jpg",96,64,false],"web-stories-thumbnail":["https:\/\/experienciadevida.com.ar\/portalurbano\/wp-content\/uploads\/2022\/07\/Olavarria-sera-sede-del.jpg",150,100,false]},"author_info":{"display_name":"admpu17wp","author_link":"https:\/\/experienciadevida.com.ar\/portalurbano\/author\/admpu17wp\/"},"category_info":"<a href=\"https:\/\/experienciadevida.com.ar\/portalurbano\/category\/ciudad\/\" rel=\"category tag\">Ciudad<\/a> <a href=\"https:\/\/experienciadevida.com.ar\/portalurbano\/category\/destacadas\/\" rel=\"category tag\">Destacadas<\/a>","tag_info":"Destacadas","comment_count":"0","amp_enabled":true,"_links":{"self":[{"href":"https:\/\/experienciadevida.com.ar\/portalurbano\/wp-json\/wp\/v2\/posts\/171290"}],"collection":[{"href":"https:\/\/experienciadevida.com.ar\/portalurbano\/wp-json\/wp\/v2\/posts"}],"about":[{"href":"https:\/\/experienciadevida.com.ar\/portalurbano\/wp-json\/wp\/v2\/types\/post"}],"author":[{"embeddable":true,"href":"https:\/\/experienciadevida.com.ar\/portalurbano\/wp-json\/wp\/v2\/users\/1"}],"replies":[{"embeddable":true,"href":"https:\/\/experienciadevida.com.ar\/portalurbano\/wp-json\/wp\/v2\/comments?post=171290"}],"version-history":[{"count":3,"href":"https:\/\/experienciadevida.com.ar\/portalurbano\/wp-json\/wp\/v2\/posts\/171290\/revisions"}],"predecessor-version":[{"id":171297,"href":"https:\/\/experienciadevida.com.ar\/portalurbano\/wp-json\/wp\/v2\/posts\/171290\/revisions\/171297"}],"wp:featuredmedia":[{"embeddable":true,"href":"https:\/\/experienciadevida.com.ar\/portalurbano\/wp-json\/wp\/v2\/media\/171291"}],"wp:attachment":[{"href":"https:\/\/experienciadevida.com.ar\/portalurbano\/wp-json\/wp\/v2\/media?parent=171290"}],"wp:term":[{"taxonomy":"category","embeddable":true,"href":"https:\/\/experienciadevida.com.ar\/portalurbano\/wp-json\/wp\/v2\/categories?post=171290"},{"taxonomy":"post_tag","embeddable":true,"href":"https:\/\/experienciadevida.com.ar\/portalurbano\/wp-json\/wp\/v2\/tags?post=171290"}],"curies":[{"name":"wp","href":"https:\/\/api.w.org\/{rel}","templated":true}]}}