{"id":171289,"date":"2022-07-12T21:24:05","date_gmt":"2022-07-13T00:24:05","guid":{"rendered":"https:\/\/experienciadevida.com.ar\/portalurbano\/?p=171289"},"modified":"2022-07-12T21:24:44","modified_gmt":"2022-07-13T00:24:44","slug":"ni-heroe-ni-traidor-se-proyecto-para-los-alumnos-del-cens-n452","status":"publish","type":"post","link":"https:\/\/experienciadevida.com.ar\/portalurbano\/ni-heroe-ni-traidor-se-proyecto-para-los-alumnos-del-cens-n452\/","title":{"rendered":"\u201cNi h\u00e9roe, ni traidor\u201d se proyect\u00f3 para los alumnos del CENS N\u00b0452"},"content":{"rendered":"<p>\u201cNi h\u00e9roe, ni traidor\u201d se proyect\u00f3 para los alumnos del CENS N\u00b0452, en el marco del programa \u201cCine en c\u00e1rceles\u201d impulsado por el Instituto Nacional de Cine y Artes Audiovisuales, se proyect\u00f3 la pel\u00edcula \u201cNi h\u00e9roe, ni traidor\u201d, dirigida por Nicol\u00e1s Savignone quien lleg\u00f3 a la Unidad Penitenciaria N\u00ba 17 de Urdampilleta acompa\u00f1ado por Camilo Moreira Biurra del INCAA y Nadia Marchione Directora de Programaci\u00f3n del cine \u201cAvenida\u201d de Bol\u00edvar.<\/p>\n<p><a href=\"https:\/\/experienciadevida.com.ar\/portalurbano\/ni-heroe-ni-traidor-se-proyecto-para-los-alumnos-del-cens-n452\/ni\/\" rel=\"attachment wp-att-171302\"><img decoding=\"async\" class=\"alignnone size-large wp-image-171302\" src=\"https:\/\/experienciadevida.com.ar\/portalurbano\/wp-content\/uploads\/2022\/07\/Ni-1024x576.jpg\" alt=\"Ni \" width=\"900\" height=\"506\" srcset=\"https:\/\/experienciadevida.com.ar\/portalurbano\/wp-content\/uploads\/2022\/07\/Ni-1024x576.jpg 1024w, https:\/\/experienciadevida.com.ar\/portalurbano\/wp-content\/uploads\/2022\/07\/Ni-300x169.jpg 300w, https:\/\/experienciadevida.com.ar\/portalurbano\/wp-content\/uploads\/2022\/07\/Ni-768x432.jpg 768w, https:\/\/experienciadevida.com.ar\/portalurbano\/wp-content\/uploads\/2022\/07\/Ni.jpg 1280w\" sizes=\"(max-width: 900px) 100vw, 900px\" \/><\/a><\/p>\n<p>Esta propuesta de cine-debate forma parte las diversas actividades que desde el CENS N\u00ba 452 los docentes vienen desarrollando en conmemoraci\u00f3n de los 40 a\u00f1os de Malvinas.<\/p>\n<p>Las profesoras a cargo de las c\u00e1tedras de arte, comunicaci\u00f3n, tecnolog\u00eda y sociedad, historia, filosof\u00eda y lengua y literatura, acompa\u00f1adas por el Director del CENS 452, profesor Luis Rodr\u00edguez, impulsaron la proyecci\u00f3n<br \/>\ndel film de la que participaron setenta alumnos.<\/p>\n<p>La pel\u00edcula refleja los d\u00edas de un joven de 19 a\u00f1os, convocado para ir a las Islas en el mes de abril de 1982 y los debates y contradicciones que surgen en el seno de su familia. Este disparador permiti\u00f3 un abordaje integral de un hecho hist\u00f3rico, a partir del mismo se llev\u00f3 a cabo una charla y debate entre los alumnos con el director del film en una jornada muy enriquecedora.<\/p>\n<p>\u201cMe llenan de emoci\u00f3n las devoluciones que recibo de la pel\u00edcula, las sensaciones que genera y que pueda ser un material para trabajar en las aulas, es un momento muy lindo que me da el cine y es s\u00faper interesante el derecho de acceso a la cultura que se ofrece desde el INCAA en contextos de encierro\u201d, expres\u00f3 Nicol\u00e1s Savignone director de la pel\u00edcula.<\/p>\n<p>La direcci\u00f3n de la Unidad apoya la realizaci\u00f3n estas actividades, estuvo presente el Subjefe de Tratamiento Alcaide Mayor Cristian Aguirre, la Coordinadora docente Alcaide Mayor Mar\u00eda Soledad Bontempo y el Sargento<br \/>\nAyudante Miguel Blanco.<\/p>\n<p>Fuente y Fotos:\u00a0 Servicio Penitenciario bonaerense<\/p>\n<p><a href=\"https:\/\/experienciadevida.com.ar\/portalurbano\/ni-heroe-ni-traidor-se-proyecto-para-los-alumnos-del-cens-n452\/heroe\/\" rel=\"attachment wp-att-171303\"><img decoding=\"async\" class=\"alignnone size-large wp-image-171303\" src=\"https:\/\/experienciadevida.com.ar\/portalurbano\/wp-content\/uploads\/2022\/07\/heroe-1024x576.jpg\" alt=\"h\u00e9roe \" width=\"900\" height=\"506\" srcset=\"https:\/\/experienciadevida.com.ar\/portalurbano\/wp-content\/uploads\/2022\/07\/heroe-1024x576.jpg 1024w, https:\/\/experienciadevida.com.ar\/portalurbano\/wp-content\/uploads\/2022\/07\/heroe-300x169.jpg 300w, https:\/\/experienciadevida.com.ar\/portalurbano\/wp-content\/uploads\/2022\/07\/heroe-768x432.jpg 768w, https:\/\/experienciadevida.com.ar\/portalurbano\/wp-content\/uploads\/2022\/07\/heroe-1536x864.jpg 1536w, https:\/\/experienciadevida.com.ar\/portalurbano\/wp-content\/uploads\/2022\/07\/heroe.jpg 1600w\" sizes=\"(max-width: 900px) 100vw, 900px\" \/><\/a><\/p>\n","protected":false},"excerpt":{"rendered":"<p>\u201cNi h\u00e9roe, ni traidor\u201d se proyect\u00f3 para los alumnos del CENS N\u00b0452, en el marco&#8230;<\/p>\n","protected":false},"author":1,"featured_media":171301,"comment_status":"closed","ping_status":"closed","sticky":false,"template":"","format":"standard","meta":{"content-type":""},"categories":[27],"tags":[],"nelio_content":{"isAutoShareEnabled":false,"autoShareEndMode":"default","automationSources":{"useContentSentences":true,"useSocialTemplates":true,"useCustomSentences":false,"customSentences":[]},"followers":[1],"suggestedReferences":[],"includedReferences":[],"efiUrl":"","efiAlt":"","highlights":[]},"yoast_head":"<!-- This site is optimized with the Yoast SEO plugin v20.7 - https:\/\/yoast.com\/wordpress\/plugins\/seo\/ -->\n<title>&quot;Ni h\u00e9roe, ni traidor&quot; se proyect\u00f3 para los alumnos del CENS n\u00b0452<\/title>\n<meta name=\"description\" content=\"\u201cNi h\u00e9roe, ni traidor\u201d se proyect\u00f3 para los alumnos del CENS N\u00b0452, en el marco del programa \u201cCine en c\u00e1rceles\u201d impulsado por el Instituto\" \/>\n<meta name=\"robots\" content=\"index, follow, max-snippet:-1, max-image-preview:large, max-video-preview:-1\" \/>\n<link rel=\"canonical\" href=\"https:\/\/experienciadevida.com.ar\/portalurbano\/ni-heroe-ni-traidor-se-proyecto-para-los-alumnos-del-cens-n452\/\" \/>\n<meta property=\"og:locale\" content=\"es_ES\" \/>\n<meta property=\"og:type\" content=\"article\" \/>\n<meta property=\"og:title\" content=\"&quot;Ni h\u00e9roe, ni traidor&quot; se proyect\u00f3 para los alumnos del CENS n\u00b0452\" \/>\n<meta property=\"og:description\" content=\"\u201cNi h\u00e9roe, ni traidor\u201d se proyect\u00f3 para los alumnos del CENS N\u00b0452, en el marco del programa \u201cCine en c\u00e1rceles\u201d impulsado por el Instituto\" \/>\n<meta property=\"og:url\" content=\"https:\/\/experienciadevida.com.ar\/portalurbano\/ni-heroe-ni-traidor-se-proyecto-para-los-alumnos-del-cens-n452\/\" \/>\n<meta property=\"article:publisher\" content=\"https:\/\/www.facebook.com\/Portal-Urbano-171542830093757\/\" \/>\n<meta property=\"article:published_time\" content=\"2022-07-13T00:24:05+00:00\" \/>\n<meta property=\"article:modified_time\" content=\"2022-07-13T00:24:44+00:00\" \/>\n<meta property=\"og:image\" content=\"https:\/\/experienciadevida.com.ar\/portalurbano\/wp-content\/uploads\/2022\/07\/Ni-heroe.jpg\" \/>\n\t<meta property=\"og:image:width\" content=\"1600\" \/>\n\t<meta property=\"og:image:height\" content=\"900\" \/>\n\t<meta property=\"og:image:type\" content=\"image\/jpeg\" \/>\n<meta name=\"author\" content=\"admpu17wp\" \/>\n<meta name=\"twitter:card\" content=\"summary_large_image\" \/>\n<meta name=\"twitter:creator\" content=\"@portalurbanook\" \/>\n<meta name=\"twitter:site\" content=\"@portalurbanook\" \/>\n<meta name=\"twitter:label1\" content=\"Escrito por\" \/>\n\t<meta name=\"twitter:data1\" content=\"admpu17wp\" \/>\n\t<meta name=\"twitter:label2\" content=\"Tiempo de lectura\" \/>\n\t<meta name=\"twitter:data2\" content=\"2 minutos\" \/>\n<script type=\"application\/ld+json\" class=\"yoast-schema-graph\">{\"@context\":\"https:\/\/schema.org\",\"@graph\":[{\"@type\":\"Article\",\"@id\":\"https:\/\/experienciadevida.com.ar\/portalurbano\/ni-heroe-ni-traidor-se-proyecto-para-los-alumnos-del-cens-n452\/#article\",\"isPartOf\":{\"@id\":\"https:\/\/experienciadevida.com.ar\/portalurbano\/ni-heroe-ni-traidor-se-proyecto-para-los-alumnos-del-cens-n452\/\"},\"author\":{\"name\":\"admpu17wp\",\"@id\":\"https:\/\/experienciadevida.com.ar\/portalurbano\/#\/schema\/person\/02dd326b1c4b056e9cc972486934a3a7\"},\"headline\":\"\u201cNi h\u00e9roe, ni traidor\u201d se proyect\u00f3 para los alumnos del CENS N\u00b0452\",\"datePublished\":\"2022-07-13T00:24:05+00:00\",\"dateModified\":\"2022-07-13T00:24:44+00:00\",\"mainEntityOfPage\":{\"@id\":\"https:\/\/experienciadevida.com.ar\/portalurbano\/ni-heroe-ni-traidor-se-proyecto-para-los-alumnos-del-cens-n452\/\"},\"wordCount\":349,\"publisher\":{\"@id\":\"https:\/\/experienciadevida.com.ar\/portalurbano\/#organization\"},\"articleSection\":[\"Ciudad\"],\"inLanguage\":\"es\"},{\"@type\":\"WebPage\",\"@id\":\"https:\/\/experienciadevida.com.ar\/portalurbano\/ni-heroe-ni-traidor-se-proyecto-para-los-alumnos-del-cens-n452\/\",\"url\":\"https:\/\/experienciadevida.com.ar\/portalurbano\/ni-heroe-ni-traidor-se-proyecto-para-los-alumnos-del-cens-n452\/\",\"name\":\"\\\"Ni h\u00e9roe, ni traidor\\\" se proyect\u00f3 para los alumnos del CENS n\u00b0452\",\"isPartOf\":{\"@id\":\"https:\/\/experienciadevida.com.ar\/portalurbano\/#website\"},\"datePublished\":\"2022-07-13T00:24:05+00:00\",\"dateModified\":\"2022-07-13T00:24:44+00:00\",\"description\":\"\u201cNi h\u00e9roe, ni traidor\u201d se proyect\u00f3 para los alumnos del CENS N\u00b0452, en el marco del programa \u201cCine en c\u00e1rceles\u201d impulsado por el Instituto\",\"breadcrumb\":{\"@id\":\"https:\/\/experienciadevida.com.ar\/portalurbano\/ni-heroe-ni-traidor-se-proyecto-para-los-alumnos-del-cens-n452\/#breadcrumb\"},\"inLanguage\":\"es\",\"potentialAction\":[{\"@type\":\"ReadAction\",\"target\":[\"https:\/\/experienciadevida.com.ar\/portalurbano\/ni-heroe-ni-traidor-se-proyecto-para-los-alumnos-del-cens-n452\/\"]}]},{\"@type\":\"BreadcrumbList\",\"@id\":\"https:\/\/experienciadevida.com.ar\/portalurbano\/ni-heroe-ni-traidor-se-proyecto-para-los-alumnos-del-cens-n452\/#breadcrumb\",\"itemListElement\":[{\"@type\":\"ListItem\",\"position\":1,\"name\":\"Portada\",\"item\":\"https:\/\/experienciadevida.com.ar\/portalurbano\/\"},{\"@type\":\"ListItem\",\"position\":2,\"name\":\"\u201cNi h\u00e9roe, ni traidor\u201d se proyect\u00f3 para los alumnos del CENS N\u00b0452\"}]},{\"@type\":\"WebSite\",\"@id\":\"https:\/\/experienciadevida.com.ar\/portalurbano\/#website\",\"url\":\"https:\/\/experienciadevida.com.ar\/portalurbano\/\",\"name\":\"\",\"description\":\"\",\"publisher\":{\"@id\":\"https:\/\/experienciadevida.com.ar\/portalurbano\/#organization\"},\"potentialAction\":[{\"@type\":\"SearchAction\",\"target\":{\"@type\":\"EntryPoint\",\"urlTemplate\":\"https:\/\/experienciadevida.com.ar\/portalurbano\/?s={search_term_string}\"},\"query-input\":\"required name=search_term_string\"}],\"inLanguage\":\"es\"},{\"@type\":\"Organization\",\"@id\":\"https:\/\/experienciadevida.com.ar\/portalurbano\/#organization\",\"name\":\"Portal Urbano\",\"url\":\"https:\/\/experienciadevida.com.ar\/portalurbano\/\",\"logo\":{\"@type\":\"ImageObject\",\"inLanguage\":\"es\",\"@id\":\"https:\/\/experienciadevida.com.ar\/portalurbano\/#\/schema\/logo\/image\/\",\"url\":\"https:\/\/experienciadevida.com.ar\/portalurbano\/wp-content\/uploads\/2019\/09\/Logo-Original.png\",\"contentUrl\":\"https:\/\/experienciadevida.com.ar\/portalurbano\/wp-content\/uploads\/2019\/09\/Logo-Original.png\",\"width\":2236,\"height\":1216,\"caption\":\"Portal Urbano\"},\"image\":{\"@id\":\"https:\/\/experienciadevida.com.ar\/portalurbano\/#\/schema\/logo\/image\/\"},\"sameAs\":[\"https:\/\/www.facebook.com\/Portal-Urbano-171542830093757\/\",\"https:\/\/twitter.com\/portalurbanook\",\"https:\/\/www.instagram.com\/_portalurbano\/\",\"https:\/\/www.youtube.com\/channel\/UCXhagIfszH8KxFiOok79zbA?view_as=subscriber\"]},{\"@type\":\"Person\",\"@id\":\"https:\/\/experienciadevida.com.ar\/portalurbano\/#\/schema\/person\/02dd326b1c4b056e9cc972486934a3a7\",\"name\":\"admpu17wp\",\"image\":{\"@type\":\"ImageObject\",\"inLanguage\":\"es\",\"@id\":\"https:\/\/experienciadevida.com.ar\/portalurbano\/#\/schema\/person\/image\/\",\"url\":\"https:\/\/secure.gravatar.com\/avatar\/830d4c57adaae6630765e449a6908047?s=96&d=mm&r=g\",\"contentUrl\":\"https:\/\/secure.gravatar.com\/avatar\/830d4c57adaae6630765e449a6908047?s=96&d=mm&r=g\",\"caption\":\"admpu17wp\"}}]}<\/script>\n<!-- \/ Yoast SEO plugin. -->","yoast_head_json":{"title":"\"Ni h\u00e9roe, ni traidor\" se proyect\u00f3 para los alumnos del CENS n\u00b0452","description":"\u201cNi h\u00e9roe, ni traidor\u201d se proyect\u00f3 para los alumnos del CENS N\u00b0452, en el marco del programa \u201cCine en c\u00e1rceles\u201d impulsado por el Instituto","robots":{"index":"index","follow":"follow","max-snippet":"max-snippet:-1","max-image-preview":"max-image-preview:large","max-video-preview":"max-video-preview:-1"},"canonical":"https:\/\/experienciadevida.com.ar\/portalurbano\/ni-heroe-ni-traidor-se-proyecto-para-los-alumnos-del-cens-n452\/","og_locale":"es_ES","og_type":"article","og_title":"\"Ni h\u00e9roe, ni traidor\" se proyect\u00f3 para los alumnos del CENS n\u00b0452","og_description":"\u201cNi h\u00e9roe, ni traidor\u201d se proyect\u00f3 para los alumnos del CENS N\u00b0452, en el marco del programa \u201cCine en c\u00e1rceles\u201d impulsado por el Instituto","og_url":"https:\/\/experienciadevida.com.ar\/portalurbano\/ni-heroe-ni-traidor-se-proyecto-para-los-alumnos-del-cens-n452\/","article_publisher":"https:\/\/www.facebook.com\/Portal-Urbano-171542830093757\/","article_published_time":"2022-07-13T00:24:05+00:00","article_modified_time":"2022-07-13T00:24:44+00:00","og_image":[{"width":1600,"height":900,"url":"https:\/\/experienciadevida.com.ar\/portalurbano\/wp-content\/uploads\/2022\/07\/Ni-heroe.jpg","type":"image\/jpeg"}],"author":"admpu17wp","twitter_card":"summary_large_image","twitter_creator":"@portalurbanook","twitter_site":"@portalurbanook","twitter_misc":{"Escrito por":"admpu17wp","Tiempo de lectura":"2 minutos"},"schema":{"@context":"https:\/\/schema.org","@graph":[{"@type":"Article","@id":"https:\/\/experienciadevida.com.ar\/portalurbano\/ni-heroe-ni-traidor-se-proyecto-para-los-alumnos-del-cens-n452\/#article","isPartOf":{"@id":"https:\/\/experienciadevida.com.ar\/portalurbano\/ni-heroe-ni-traidor-se-proyecto-para-los-alumnos-del-cens-n452\/"},"author":{"name":"admpu17wp","@id":"https:\/\/experienciadevida.com.ar\/portalurbano\/#\/schema\/person\/02dd326b1c4b056e9cc972486934a3a7"},"headline":"\u201cNi h\u00e9roe, ni traidor\u201d se proyect\u00f3 para los alumnos del CENS N\u00b0452","datePublished":"2022-07-13T00:24:05+00:00","dateModified":"2022-07-13T00:24:44+00:00","mainEntityOfPage":{"@id":"https:\/\/experienciadevida.com.ar\/portalurbano\/ni-heroe-ni-traidor-se-proyecto-para-los-alumnos-del-cens-n452\/"},"wordCount":349,"publisher":{"@id":"https:\/\/experienciadevida.com.ar\/portalurbano\/#organization"},"articleSection":["Ciudad"],"inLanguage":"es"},{"@type":"WebPage","@id":"https:\/\/experienciadevida.com.ar\/portalurbano\/ni-heroe-ni-traidor-se-proyecto-para-los-alumnos-del-cens-n452\/","url":"https:\/\/experienciadevida.com.ar\/portalurbano\/ni-heroe-ni-traidor-se-proyecto-para-los-alumnos-del-cens-n452\/","name":"\"Ni h\u00e9roe, ni traidor\" se proyect\u00f3 para los alumnos del CENS n\u00b0452","isPartOf":{"@id":"https:\/\/experienciadevida.com.ar\/portalurbano\/#website"},"datePublished":"2022-07-13T00:24:05+00:00","dateModified":"2022-07-13T00:24:44+00:00","description":"\u201cNi h\u00e9roe, ni traidor\u201d se proyect\u00f3 para los alumnos del CENS N\u00b0452, en el marco del programa \u201cCine en c\u00e1rceles\u201d impulsado por el Instituto","breadcrumb":{"@id":"https:\/\/experienciadevida.com.ar\/portalurbano\/ni-heroe-ni-traidor-se-proyecto-para-los-alumnos-del-cens-n452\/#breadcrumb"},"inLanguage":"es","potentialAction":[{"@type":"ReadAction","target":["https:\/\/experienciadevida.com.ar\/portalurbano\/ni-heroe-ni-traidor-se-proyecto-para-los-alumnos-del-cens-n452\/"]}]},{"@type":"BreadcrumbList","@id":"https:\/\/experienciadevida.com.ar\/portalurbano\/ni-heroe-ni-traidor-se-proyecto-para-los-alumnos-del-cens-n452\/#breadcrumb","itemListElement":[{"@type":"ListItem","position":1,"name":"Portada","item":"https:\/\/experienciadevida.com.ar\/portalurbano\/"},{"@type":"ListItem","position":2,"name":"\u201cNi h\u00e9roe, ni traidor\u201d se proyect\u00f3 para los alumnos del CENS N\u00b0452"}]},{"@type":"WebSite","@id":"https:\/\/experienciadevida.com.ar\/portalurbano\/#website","url":"https:\/\/experienciadevida.com.ar\/portalurbano\/","name":"","description":"","publisher":{"@id":"https:\/\/experienciadevida.com.ar\/portalurbano\/#organization"},"potentialAction":[{"@type":"SearchAction","target":{"@type":"EntryPoint","urlTemplate":"https:\/\/experienciadevida.com.ar\/portalurbano\/?s={search_term_string}"},"query-input":"required name=search_term_string"}],"inLanguage":"es"},{"@type":"Organization","@id":"https:\/\/experienciadevida.com.ar\/portalurbano\/#organization","name":"Portal Urbano","url":"https:\/\/experienciadevida.com.ar\/portalurbano\/","logo":{"@type":"ImageObject","inLanguage":"es","@id":"https:\/\/experienciadevida.com.ar\/portalurbano\/#\/schema\/logo\/image\/","url":"https:\/\/experienciadevida.com.ar\/portalurbano\/wp-content\/uploads\/2019\/09\/Logo-Original.png","contentUrl":"https:\/\/experienciadevida.com.ar\/portalurbano\/wp-content\/uploads\/2019\/09\/Logo-Original.png","width":2236,"height":1216,"caption":"Portal Urbano"},"image":{"@id":"https:\/\/experienciadevida.com.ar\/portalurbano\/#\/schema\/logo\/image\/"},"sameAs":["https:\/\/www.facebook.com\/Portal-Urbano-171542830093757\/","https:\/\/twitter.com\/portalurbanook","https:\/\/www.instagram.com\/_portalurbano\/","https:\/\/www.youtube.com\/channel\/UCXhagIfszH8KxFiOok79zbA?view_as=subscriber"]},{"@type":"Person","@id":"https:\/\/experienciadevida.com.ar\/portalurbano\/#\/schema\/person\/02dd326b1c4b056e9cc972486934a3a7","name":"admpu17wp","image":{"@type":"ImageObject","inLanguage":"es","@id":"https:\/\/experienciadevida.com.ar\/portalurbano\/#\/schema\/person\/image\/","url":"https:\/\/secure.gravatar.com\/avatar\/830d4c57adaae6630765e449a6908047?s=96&d=mm&r=g","contentUrl":"https:\/\/secure.gravatar.com\/avatar\/830d4c57adaae6630765e449a6908047?s=96&d=mm&r=g","caption":"admpu17wp"}}]}},"featured_image_urls":{"full":["https:\/\/experienciadevida.com.ar\/portalurbano\/wp-content\/uploads\/2022\/07\/Ni-heroe.jpg",1600,900,false],"thumbnail":["https:\/\/experienciadevida.com.ar\/portalurbano\/wp-content\/uploads\/2022\/07\/Ni-heroe-150x150.jpg",150,150,true],"medium":["https:\/\/experienciadevida.com.ar\/portalurbano\/wp-content\/uploads\/2022\/07\/Ni-heroe-300x169.jpg",300,169,true],"medium_large":["https:\/\/experienciadevida.com.ar\/portalurbano\/wp-content\/uploads\/2022\/07\/Ni-heroe-768x432.jpg",640,360,true],"large":["https:\/\/experienciadevida.com.ar\/portalurbano\/wp-content\/uploads\/2022\/07\/Ni-heroe-1024x576.jpg",640,360,true],"ug_big":["https:\/\/experienciadevida.com.ar\/portalurbano\/wp-content\/uploads\/2022\/07\/Ni-heroe-768x432.jpg",768,432,true],"1536x1536":["https:\/\/experienciadevida.com.ar\/portalurbano\/wp-content\/uploads\/2022\/07\/Ni-heroe-1536x864.jpg",1536,864,true],"2048x2048":["https:\/\/experienciadevida.com.ar\/portalurbano\/wp-content\/uploads\/2022\/07\/Ni-heroe.jpg",1600,900,false],"newsever-slider-full":["https:\/\/experienciadevida.com.ar\/portalurbano\/wp-content\/uploads\/2022\/07\/Ni-heroe.jpg",1280,720,false],"newsever-featured":["https:\/\/experienciadevida.com.ar\/portalurbano\/wp-content\/uploads\/2022\/07\/Ni-heroe.jpg",1024,576,false],"newsever-medium":["https:\/\/experienciadevida.com.ar\/portalurbano\/wp-content\/uploads\/2022\/07\/Ni-heroe.jpg",720,405,false],"web-stories-poster-portrait":["https:\/\/experienciadevida.com.ar\/portalurbano\/wp-content\/uploads\/2022\/07\/Ni-heroe.jpg",640,360,false],"web-stories-publisher-logo":["https:\/\/experienciadevida.com.ar\/portalurbano\/wp-content\/uploads\/2022\/07\/Ni-heroe.jpg",96,54,false],"web-stories-thumbnail":["https:\/\/experienciadevida.com.ar\/portalurbano\/wp-content\/uploads\/2022\/07\/Ni-heroe.jpg",150,84,false]},"author_info":{"display_name":"admpu17wp","author_link":"https:\/\/experienciadevida.com.ar\/portalurbano\/author\/admpu17wp\/"},"category_info":"<a href=\"https:\/\/experienciadevida.com.ar\/portalurbano\/category\/ciudad\/\" rel=\"category tag\">Ciudad<\/a>","tag_info":"Ciudad","comment_count":"0","amp_enabled":true,"_links":{"self":[{"href":"https:\/\/experienciadevida.com.ar\/portalurbano\/wp-json\/wp\/v2\/posts\/171289"}],"collection":[{"href":"https:\/\/experienciadevida.com.ar\/portalurbano\/wp-json\/wp\/v2\/posts"}],"about":[{"href":"https:\/\/experienciadevida.com.ar\/portalurbano\/wp-json\/wp\/v2\/types\/post"}],"author":[{"embeddable":true,"href":"https:\/\/experienciadevida.com.ar\/portalurbano\/wp-json\/wp\/v2\/users\/1"}],"replies":[{"embeddable":true,"href":"https:\/\/experienciadevida.com.ar\/portalurbano\/wp-json\/wp\/v2\/comments?post=171289"}],"version-history":[{"count":2,"href":"https:\/\/experienciadevida.com.ar\/portalurbano\/wp-json\/wp\/v2\/posts\/171289\/revisions"}],"predecessor-version":[{"id":171305,"href":"https:\/\/experienciadevida.com.ar\/portalurbano\/wp-json\/wp\/v2\/posts\/171289\/revisions\/171305"}],"wp:featuredmedia":[{"embeddable":true,"href":"https:\/\/experienciadevida.com.ar\/portalurbano\/wp-json\/wp\/v2\/media\/171301"}],"wp:attachment":[{"href":"https:\/\/experienciadevida.com.ar\/portalurbano\/wp-json\/wp\/v2\/media?parent=171289"}],"wp:term":[{"taxonomy":"category","embeddable":true,"href":"https:\/\/experienciadevida.com.ar\/portalurbano\/wp-json\/wp\/v2\/categories?post=171289"},{"taxonomy":"post_tag","embeddable":true,"href":"https:\/\/experienciadevida.com.ar\/portalurbano\/wp-json\/wp\/v2\/tags?post=171289"}],"curies":[{"name":"wp","href":"https:\/\/api.w.org\/{rel}","templated":true}]}}