{"id":171267,"date":"2022-07-12T14:15:24","date_gmt":"2022-07-12T17:15:24","guid":{"rendered":"https:\/\/experienciadevida.com.ar\/portalurbano\/?p=171267"},"modified":"2022-07-12T14:16:11","modified_gmt":"2022-07-12T17:16:11","slug":"en-octubre-retornara-la-expo-mujeres-al-cemo","status":"publish","type":"post","link":"https:\/\/experienciadevida.com.ar\/portalurbano\/en-octubre-retornara-la-expo-mujeres-al-cemo\/","title":{"rendered":"En octubre retornar\u00e1 la Expo Mujeres al CEMO"},"content":{"rendered":"<p>En octubre retornar\u00e1 la Expo Mujeres al CEMO, la <a href=\"https:\/\/www.facebook.com\/municipiodeolavarria\">Municipalidad<\/a> de Olavarr\u00eda, a trav\u00e9s de la Secretar\u00eda de Desarrollo Econ\u00f3mico, acompa\u00f1ar\u00e1 nuevamente el desarrollo de la Expo Mujeres, evento organizado desde la C\u00e1mara Empresaria con el objetivo de ofrecer un espacio a las mujeres emprendedoras, profesionales y empresarias para promover y difundir las diferentes actividades productivas llevadas a cabo en el partido de Olavarr\u00eda.<\/p>\n<p>Se desarrollar\u00e1 el 8, 9 y 10 de octubre de 13 a 20 horas en el Centro Municipal de Exposiciones Olavarria (CEMO), y contar\u00e1 con la novedad de que se a\u00f1adir\u00e1 al evento tambi\u00e9n al sector Comercial y Agropecuario.<\/p>\n<p>Se inform\u00f3 que en el marco de la ya tradicional exposici\u00f3n y con el objetivo de reconocer el liderazgo, la participaci\u00f3n y reconocimiento a las mujeres empresarias de nuestra ciudad, se abre la convocatoria de la 3\u00b0 Edici\u00f3n del Premio Mujer Empresaria, en la que se llevar\u00e1 a cabo el reconocimiento en las siguientes categor\u00edas:<\/p>\n<p>Nuevo emprendimiento: emprendimiento de menos de 2 a\u00f1os con proyecci\u00f3n a nivel local.<\/p>\n<p>Trayectoria empresarial: mujeres con m\u00e1s de 20 a\u00f1os en su empresa, comercio u profesi\u00f3n.<\/p>\n<p>Profesional empresaria: mujer destacada en su profesi\u00f3n y que ha logrado conformar una empresa.<\/p>\n<p>Innovaci\u00f3n tecnol\u00f3gica: empresarias que se dedicaron a renovar tecnolog\u00eda en sus empresas y de esta forma lograron un salto de calidad en las mismas.<\/p>\n<p>Liderazgo en la empresa familiar: mujer al frente de la empresa familiar \u00f3 en un sector de la misma que con su participaci\u00f3n ha logrado sumar valor agregado.<\/p>\n<p>Responsabilidad social corporativa: premia a empresarias que en el \u00faltimo a\u00f1o se dedicaron a mejorar el medio ambiente laboral capacitando personal o bien generando acciones para la mejora del espacio de trabajo.<\/p>\n<p>Mujer agropecuaria: mujer que se destaca en el sector rural.<\/p>\n<p>Se podr\u00e1 postular al Premio Mujer Empresaria completando el formulario al que se accede haciendo click aqu\u00ed.<\/p>\n<p>Por \u00faltimo, por consultas por stands deber\u00e1n dirigirse personalmente a la C\u00e1mara Empresaria Espa\u00f1a 2882, \u00f3 a trav\u00e9s del correo electr\u00f3nico ceosecretariainstitucional@gmail.com \u00f3 bien telef\u00f3nicamente al 445988.<\/p>\n","protected":false},"excerpt":{"rendered":"<p>En octubre retornar\u00e1 la Expo Mujeres al CEMO, la Municipalidad de Olavarr\u00eda, a trav\u00e9s de&#8230;<\/p>\n","protected":false},"author":1,"featured_media":171268,"comment_status":"closed","ping_status":"closed","sticky":false,"template":"","format":"standard","meta":{"content-type":""},"categories":[27],"tags":[],"nelio_content":{"isAutoShareEnabled":false,"autoShareEndMode":"default","automationSources":{"useContentSentences":true,"useSocialTemplates":true,"useCustomSentences":false,"customSentences":[]},"followers":[1],"suggestedReferences":[],"includedReferences":[],"efiUrl":"","efiAlt":"","highlights":[]},"yoast_head":"<!-- This site is optimized with the Yoast SEO plugin v20.7 - https:\/\/yoast.com\/wordpress\/plugins\/seo\/ -->\n<title>En octubre retornar\u00e1 la Expo Mujeres al CEMO<\/title>\n<meta name=\"description\" content=\"En octubre retornar\u00e1 la Expo Mujeres al CEMO, la Municipalidad de Olavarr\u00eda, a trav\u00e9s de la Secretar\u00eda de Desarrollo Econ\u00f3mico,\" \/>\n<meta name=\"robots\" content=\"index, follow, max-snippet:-1, max-image-preview:large, max-video-preview:-1\" \/>\n<link rel=\"canonical\" href=\"https:\/\/experienciadevida.com.ar\/portalurbano\/en-octubre-retornara-la-expo-mujeres-al-cemo\/\" \/>\n<meta property=\"og:locale\" content=\"es_ES\" \/>\n<meta property=\"og:type\" content=\"article\" \/>\n<meta property=\"og:title\" content=\"En octubre retornar\u00e1 la Expo Mujeres al CEMO\" \/>\n<meta property=\"og:description\" content=\"En octubre retornar\u00e1 la Expo Mujeres al CEMO, la Municipalidad de Olavarr\u00eda, a trav\u00e9s de la Secretar\u00eda de Desarrollo Econ\u00f3mico,\" \/>\n<meta property=\"og:url\" content=\"https:\/\/experienciadevida.com.ar\/portalurbano\/en-octubre-retornara-la-expo-mujeres-al-cemo\/\" \/>\n<meta property=\"article:publisher\" content=\"https:\/\/www.facebook.com\/Portal-Urbano-171542830093757\/\" \/>\n<meta property=\"article:published_time\" content=\"2022-07-12T17:15:24+00:00\" \/>\n<meta property=\"article:modified_time\" content=\"2022-07-12T17:16:11+00:00\" \/>\n<meta property=\"og:image\" content=\"https:\/\/experienciadevida.com.ar\/portalurbano\/wp-content\/uploads\/2022\/07\/En-octubre-retornara-la.jpeg\" \/>\n\t<meta property=\"og:image:width\" content=\"1024\" \/>\n\t<meta property=\"og:image:height\" content=\"576\" \/>\n\t<meta property=\"og:image:type\" content=\"image\/jpeg\" \/>\n<meta name=\"author\" content=\"admpu17wp\" \/>\n<meta name=\"twitter:card\" content=\"summary_large_image\" \/>\n<meta name=\"twitter:creator\" content=\"@portalurbanook\" \/>\n<meta name=\"twitter:site\" content=\"@portalurbanook\" \/>\n<meta name=\"twitter:label1\" content=\"Escrito por\" \/>\n\t<meta name=\"twitter:data1\" content=\"admpu17wp\" \/>\n\t<meta name=\"twitter:label2\" content=\"Tiempo de lectura\" \/>\n\t<meta name=\"twitter:data2\" content=\"2 minutos\" \/>\n<script type=\"application\/ld+json\" class=\"yoast-schema-graph\">{\"@context\":\"https:\/\/schema.org\",\"@graph\":[{\"@type\":\"Article\",\"@id\":\"https:\/\/experienciadevida.com.ar\/portalurbano\/en-octubre-retornara-la-expo-mujeres-al-cemo\/#article\",\"isPartOf\":{\"@id\":\"https:\/\/experienciadevida.com.ar\/portalurbano\/en-octubre-retornara-la-expo-mujeres-al-cemo\/\"},\"author\":{\"name\":\"admpu17wp\",\"@id\":\"https:\/\/experienciadevida.com.ar\/portalurbano\/#\/schema\/person\/02dd326b1c4b056e9cc972486934a3a7\"},\"headline\":\"En octubre retornar\u00e1 la Expo Mujeres al CEMO\",\"datePublished\":\"2022-07-12T17:15:24+00:00\",\"dateModified\":\"2022-07-12T17:16:11+00:00\",\"mainEntityOfPage\":{\"@id\":\"https:\/\/experienciadevida.com.ar\/portalurbano\/en-octubre-retornara-la-expo-mujeres-al-cemo\/\"},\"wordCount\":364,\"publisher\":{\"@id\":\"https:\/\/experienciadevida.com.ar\/portalurbano\/#organization\"},\"articleSection\":[\"Ciudad\"],\"inLanguage\":\"es\"},{\"@type\":\"WebPage\",\"@id\":\"https:\/\/experienciadevida.com.ar\/portalurbano\/en-octubre-retornara-la-expo-mujeres-al-cemo\/\",\"url\":\"https:\/\/experienciadevida.com.ar\/portalurbano\/en-octubre-retornara-la-expo-mujeres-al-cemo\/\",\"name\":\"En octubre retornar\u00e1 la Expo Mujeres al CEMO\",\"isPartOf\":{\"@id\":\"https:\/\/experienciadevida.com.ar\/portalurbano\/#website\"},\"datePublished\":\"2022-07-12T17:15:24+00:00\",\"dateModified\":\"2022-07-12T17:16:11+00:00\",\"description\":\"En octubre retornar\u00e1 la Expo Mujeres al CEMO, la Municipalidad de Olavarr\u00eda, a trav\u00e9s de la Secretar\u00eda de Desarrollo Econ\u00f3mico,\",\"breadcrumb\":{\"@id\":\"https:\/\/experienciadevida.com.ar\/portalurbano\/en-octubre-retornara-la-expo-mujeres-al-cemo\/#breadcrumb\"},\"inLanguage\":\"es\",\"potentialAction\":[{\"@type\":\"ReadAction\",\"target\":[\"https:\/\/experienciadevida.com.ar\/portalurbano\/en-octubre-retornara-la-expo-mujeres-al-cemo\/\"]}]},{\"@type\":\"BreadcrumbList\",\"@id\":\"https:\/\/experienciadevida.com.ar\/portalurbano\/en-octubre-retornara-la-expo-mujeres-al-cemo\/#breadcrumb\",\"itemListElement\":[{\"@type\":\"ListItem\",\"position\":1,\"name\":\"Portada\",\"item\":\"https:\/\/experienciadevida.com.ar\/portalurbano\/\"},{\"@type\":\"ListItem\",\"position\":2,\"name\":\"En octubre retornar\u00e1 la Expo Mujeres al CEMO\"}]},{\"@type\":\"WebSite\",\"@id\":\"https:\/\/experienciadevida.com.ar\/portalurbano\/#website\",\"url\":\"https:\/\/experienciadevida.com.ar\/portalurbano\/\",\"name\":\"\",\"description\":\"\",\"publisher\":{\"@id\":\"https:\/\/experienciadevida.com.ar\/portalurbano\/#organization\"},\"potentialAction\":[{\"@type\":\"SearchAction\",\"target\":{\"@type\":\"EntryPoint\",\"urlTemplate\":\"https:\/\/experienciadevida.com.ar\/portalurbano\/?s={search_term_string}\"},\"query-input\":\"required name=search_term_string\"}],\"inLanguage\":\"es\"},{\"@type\":\"Organization\",\"@id\":\"https:\/\/experienciadevida.com.ar\/portalurbano\/#organization\",\"name\":\"Portal Urbano\",\"url\":\"https:\/\/experienciadevida.com.ar\/portalurbano\/\",\"logo\":{\"@type\":\"ImageObject\",\"inLanguage\":\"es\",\"@id\":\"https:\/\/experienciadevida.com.ar\/portalurbano\/#\/schema\/logo\/image\/\",\"url\":\"https:\/\/experienciadevida.com.ar\/portalurbano\/wp-content\/uploads\/2019\/09\/Logo-Original.png\",\"contentUrl\":\"https:\/\/experienciadevida.com.ar\/portalurbano\/wp-content\/uploads\/2019\/09\/Logo-Original.png\",\"width\":2236,\"height\":1216,\"caption\":\"Portal Urbano\"},\"image\":{\"@id\":\"https:\/\/experienciadevida.com.ar\/portalurbano\/#\/schema\/logo\/image\/\"},\"sameAs\":[\"https:\/\/www.facebook.com\/Portal-Urbano-171542830093757\/\",\"https:\/\/twitter.com\/portalurbanook\",\"https:\/\/www.instagram.com\/_portalurbano\/\",\"https:\/\/www.youtube.com\/channel\/UCXhagIfszH8KxFiOok79zbA?view_as=subscriber\"]},{\"@type\":\"Person\",\"@id\":\"https:\/\/experienciadevida.com.ar\/portalurbano\/#\/schema\/person\/02dd326b1c4b056e9cc972486934a3a7\",\"name\":\"admpu17wp\",\"image\":{\"@type\":\"ImageObject\",\"inLanguage\":\"es\",\"@id\":\"https:\/\/experienciadevida.com.ar\/portalurbano\/#\/schema\/person\/image\/\",\"url\":\"https:\/\/secure.gravatar.com\/avatar\/830d4c57adaae6630765e449a6908047?s=96&d=mm&r=g\",\"contentUrl\":\"https:\/\/secure.gravatar.com\/avatar\/830d4c57adaae6630765e449a6908047?s=96&d=mm&r=g\",\"caption\":\"admpu17wp\"}}]}<\/script>\n<!-- \/ Yoast SEO plugin. -->","yoast_head_json":{"title":"En octubre retornar\u00e1 la Expo Mujeres al CEMO","description":"En octubre retornar\u00e1 la Expo Mujeres al CEMO, la Municipalidad de Olavarr\u00eda, a trav\u00e9s de la Secretar\u00eda de Desarrollo Econ\u00f3mico,","robots":{"index":"index","follow":"follow","max-snippet":"max-snippet:-1","max-image-preview":"max-image-preview:large","max-video-preview":"max-video-preview:-1"},"canonical":"https:\/\/experienciadevida.com.ar\/portalurbano\/en-octubre-retornara-la-expo-mujeres-al-cemo\/","og_locale":"es_ES","og_type":"article","og_title":"En octubre retornar\u00e1 la Expo Mujeres al CEMO","og_description":"En octubre retornar\u00e1 la Expo Mujeres al CEMO, la Municipalidad de Olavarr\u00eda, a trav\u00e9s de la Secretar\u00eda de Desarrollo Econ\u00f3mico,","og_url":"https:\/\/experienciadevida.com.ar\/portalurbano\/en-octubre-retornara-la-expo-mujeres-al-cemo\/","article_publisher":"https:\/\/www.facebook.com\/Portal-Urbano-171542830093757\/","article_published_time":"2022-07-12T17:15:24+00:00","article_modified_time":"2022-07-12T17:16:11+00:00","og_image":[{"width":1024,"height":576,"url":"https:\/\/experienciadevida.com.ar\/portalurbano\/wp-content\/uploads\/2022\/07\/En-octubre-retornara-la.jpeg","type":"image\/jpeg"}],"author":"admpu17wp","twitter_card":"summary_large_image","twitter_creator":"@portalurbanook","twitter_site":"@portalurbanook","twitter_misc":{"Escrito por":"admpu17wp","Tiempo de lectura":"2 minutos"},"schema":{"@context":"https:\/\/schema.org","@graph":[{"@type":"Article","@id":"https:\/\/experienciadevida.com.ar\/portalurbano\/en-octubre-retornara-la-expo-mujeres-al-cemo\/#article","isPartOf":{"@id":"https:\/\/experienciadevida.com.ar\/portalurbano\/en-octubre-retornara-la-expo-mujeres-al-cemo\/"},"author":{"name":"admpu17wp","@id":"https:\/\/experienciadevida.com.ar\/portalurbano\/#\/schema\/person\/02dd326b1c4b056e9cc972486934a3a7"},"headline":"En octubre retornar\u00e1 la Expo Mujeres al CEMO","datePublished":"2022-07-12T17:15:24+00:00","dateModified":"2022-07-12T17:16:11+00:00","mainEntityOfPage":{"@id":"https:\/\/experienciadevida.com.ar\/portalurbano\/en-octubre-retornara-la-expo-mujeres-al-cemo\/"},"wordCount":364,"publisher":{"@id":"https:\/\/experienciadevida.com.ar\/portalurbano\/#organization"},"articleSection":["Ciudad"],"inLanguage":"es"},{"@type":"WebPage","@id":"https:\/\/experienciadevida.com.ar\/portalurbano\/en-octubre-retornara-la-expo-mujeres-al-cemo\/","url":"https:\/\/experienciadevida.com.ar\/portalurbano\/en-octubre-retornara-la-expo-mujeres-al-cemo\/","name":"En octubre retornar\u00e1 la Expo Mujeres al CEMO","isPartOf":{"@id":"https:\/\/experienciadevida.com.ar\/portalurbano\/#website"},"datePublished":"2022-07-12T17:15:24+00:00","dateModified":"2022-07-12T17:16:11+00:00","description":"En octubre retornar\u00e1 la Expo Mujeres al CEMO, la Municipalidad de Olavarr\u00eda, a trav\u00e9s de la Secretar\u00eda de Desarrollo Econ\u00f3mico,","breadcrumb":{"@id":"https:\/\/experienciadevida.com.ar\/portalurbano\/en-octubre-retornara-la-expo-mujeres-al-cemo\/#breadcrumb"},"inLanguage":"es","potentialAction":[{"@type":"ReadAction","target":["https:\/\/experienciadevida.com.ar\/portalurbano\/en-octubre-retornara-la-expo-mujeres-al-cemo\/"]}]},{"@type":"BreadcrumbList","@id":"https:\/\/experienciadevida.com.ar\/portalurbano\/en-octubre-retornara-la-expo-mujeres-al-cemo\/#breadcrumb","itemListElement":[{"@type":"ListItem","position":1,"name":"Portada","item":"https:\/\/experienciadevida.com.ar\/portalurbano\/"},{"@type":"ListItem","position":2,"name":"En octubre retornar\u00e1 la Expo Mujeres al CEMO"}]},{"@type":"WebSite","@id":"https:\/\/experienciadevida.com.ar\/portalurbano\/#website","url":"https:\/\/experienciadevida.com.ar\/portalurbano\/","name":"","description":"","publisher":{"@id":"https:\/\/experienciadevida.com.ar\/portalurbano\/#organization"},"potentialAction":[{"@type":"SearchAction","target":{"@type":"EntryPoint","urlTemplate":"https:\/\/experienciadevida.com.ar\/portalurbano\/?s={search_term_string}"},"query-input":"required name=search_term_string"}],"inLanguage":"es"},{"@type":"Organization","@id":"https:\/\/experienciadevida.com.ar\/portalurbano\/#organization","name":"Portal Urbano","url":"https:\/\/experienciadevida.com.ar\/portalurbano\/","logo":{"@type":"ImageObject","inLanguage":"es","@id":"https:\/\/experienciadevida.com.ar\/portalurbano\/#\/schema\/logo\/image\/","url":"https:\/\/experienciadevida.com.ar\/portalurbano\/wp-content\/uploads\/2019\/09\/Logo-Original.png","contentUrl":"https:\/\/experienciadevida.com.ar\/portalurbano\/wp-content\/uploads\/2019\/09\/Logo-Original.png","width":2236,"height":1216,"caption":"Portal Urbano"},"image":{"@id":"https:\/\/experienciadevida.com.ar\/portalurbano\/#\/schema\/logo\/image\/"},"sameAs":["https:\/\/www.facebook.com\/Portal-Urbano-171542830093757\/","https:\/\/twitter.com\/portalurbanook","https:\/\/www.instagram.com\/_portalurbano\/","https:\/\/www.youtube.com\/channel\/UCXhagIfszH8KxFiOok79zbA?view_as=subscriber"]},{"@type":"Person","@id":"https:\/\/experienciadevida.com.ar\/portalurbano\/#\/schema\/person\/02dd326b1c4b056e9cc972486934a3a7","name":"admpu17wp","image":{"@type":"ImageObject","inLanguage":"es","@id":"https:\/\/experienciadevida.com.ar\/portalurbano\/#\/schema\/person\/image\/","url":"https:\/\/secure.gravatar.com\/avatar\/830d4c57adaae6630765e449a6908047?s=96&d=mm&r=g","contentUrl":"https:\/\/secure.gravatar.com\/avatar\/830d4c57adaae6630765e449a6908047?s=96&d=mm&r=g","caption":"admpu17wp"}}]}},"featured_image_urls":{"full":["https:\/\/experienciadevida.com.ar\/portalurbano\/wp-content\/uploads\/2022\/07\/En-octubre-retornara-la.jpeg",1024,576,false],"thumbnail":["https:\/\/experienciadevida.com.ar\/portalurbano\/wp-content\/uploads\/2022\/07\/En-octubre-retornara-la-150x150.jpeg",150,150,true],"medium":["https:\/\/experienciadevida.com.ar\/portalurbano\/wp-content\/uploads\/2022\/07\/En-octubre-retornara-la-300x169.jpeg",300,169,true],"medium_large":["https:\/\/experienciadevida.com.ar\/portalurbano\/wp-content\/uploads\/2022\/07\/En-octubre-retornara-la-768x432.jpeg",640,360,true],"large":["https:\/\/experienciadevida.com.ar\/portalurbano\/wp-content\/uploads\/2022\/07\/En-octubre-retornara-la.jpeg",640,360,false],"ug_big":["https:\/\/experienciadevida.com.ar\/portalurbano\/wp-content\/uploads\/2022\/07\/En-octubre-retornara-la-768x432.jpeg",768,432,true],"1536x1536":["https:\/\/experienciadevida.com.ar\/portalurbano\/wp-content\/uploads\/2022\/07\/En-octubre-retornara-la.jpeg",1024,576,false],"2048x2048":["https:\/\/experienciadevida.com.ar\/portalurbano\/wp-content\/uploads\/2022\/07\/En-octubre-retornara-la.jpeg",1024,576,false],"newsever-slider-full":["https:\/\/experienciadevida.com.ar\/portalurbano\/wp-content\/uploads\/2022\/07\/En-octubre-retornara-la.jpeg",1024,576,false],"newsever-featured":["https:\/\/experienciadevida.com.ar\/portalurbano\/wp-content\/uploads\/2022\/07\/En-octubre-retornara-la.jpeg",1024,576,false],"newsever-medium":["https:\/\/experienciadevida.com.ar\/portalurbano\/wp-content\/uploads\/2022\/07\/En-octubre-retornara-la.jpeg",720,405,false],"web-stories-poster-portrait":["https:\/\/experienciadevida.com.ar\/portalurbano\/wp-content\/uploads\/2022\/07\/En-octubre-retornara-la.jpeg",640,360,false],"web-stories-publisher-logo":["https:\/\/experienciadevida.com.ar\/portalurbano\/wp-content\/uploads\/2022\/07\/En-octubre-retornara-la.jpeg",96,54,false],"web-stories-thumbnail":["https:\/\/experienciadevida.com.ar\/portalurbano\/wp-content\/uploads\/2022\/07\/En-octubre-retornara-la.jpeg",150,84,false]},"author_info":{"display_name":"admpu17wp","author_link":"https:\/\/experienciadevida.com.ar\/portalurbano\/author\/admpu17wp\/"},"category_info":"<a href=\"https:\/\/experienciadevida.com.ar\/portalurbano\/category\/ciudad\/\" rel=\"category tag\">Ciudad<\/a>","tag_info":"Ciudad","comment_count":"0","amp_enabled":true,"_links":{"self":[{"href":"https:\/\/experienciadevida.com.ar\/portalurbano\/wp-json\/wp\/v2\/posts\/171267"}],"collection":[{"href":"https:\/\/experienciadevida.com.ar\/portalurbano\/wp-json\/wp\/v2\/posts"}],"about":[{"href":"https:\/\/experienciadevida.com.ar\/portalurbano\/wp-json\/wp\/v2\/types\/post"}],"author":[{"embeddable":true,"href":"https:\/\/experienciadevida.com.ar\/portalurbano\/wp-json\/wp\/v2\/users\/1"}],"replies":[{"embeddable":true,"href":"https:\/\/experienciadevida.com.ar\/portalurbano\/wp-json\/wp\/v2\/comments?post=171267"}],"version-history":[{"count":2,"href":"https:\/\/experienciadevida.com.ar\/portalurbano\/wp-json\/wp\/v2\/posts\/171267\/revisions"}],"predecessor-version":[{"id":171270,"href":"https:\/\/experienciadevida.com.ar\/portalurbano\/wp-json\/wp\/v2\/posts\/171267\/revisions\/171270"}],"wp:featuredmedia":[{"embeddable":true,"href":"https:\/\/experienciadevida.com.ar\/portalurbano\/wp-json\/wp\/v2\/media\/171268"}],"wp:attachment":[{"href":"https:\/\/experienciadevida.com.ar\/portalurbano\/wp-json\/wp\/v2\/media?parent=171267"}],"wp:term":[{"taxonomy":"category","embeddable":true,"href":"https:\/\/experienciadevida.com.ar\/portalurbano\/wp-json\/wp\/v2\/categories?post=171267"},{"taxonomy":"post_tag","embeddable":true,"href":"https:\/\/experienciadevida.com.ar\/portalurbano\/wp-json\/wp\/v2\/tags?post=171267"}],"curies":[{"name":"wp","href":"https:\/\/api.w.org\/{rel}","templated":true}]}}