{"id":171261,"date":"2022-07-12T14:11:19","date_gmt":"2022-07-12T17:11:19","guid":{"rendered":"https:\/\/experienciadevida.com.ar\/portalurbano\/?p=171261"},"modified":"2022-07-12T14:13:10","modified_gmt":"2022-07-12T17:13:10","slug":"perspectiva-de-discapacidad-entrega-de-los-primeros-certificados-a-agentes-de-fuerzas-de-seguridad","status":"publish","type":"post","link":"https:\/\/experienciadevida.com.ar\/portalurbano\/perspectiva-de-discapacidad-entrega-de-los-primeros-certificados-a-agentes-de-fuerzas-de-seguridad\/","title":{"rendered":"Perspectiva de Discapacidad: entrega de los primeros certificados a agentes de fuerzas de seguridad"},"content":{"rendered":"<p>Perspectiva de Discapacidad: entrega de los primeros certificados a agentes de fuerzas de seguridad, en la ma\u00f1ana de este martes, en la sede del Sal\u00f3n Blanco, recibieron sus certificados de asistencia a la propuesta de formaci\u00f3n en discapacidad y derechos, el primer grupo de agentes policiales locales de nuestra ciudad.<\/p>\n<p><a href=\"https:\/\/experienciadevida.com.ar\/portalurbano\/perspectiva-de-discapacidad-entrega-de-los-primeros-certificados-a-agentes-de-fuerzas-de-seguridad\/perspectiva\/\" rel=\"attachment wp-att-171263\"><img decoding=\"async\" class=\"alignnone size-large wp-image-171263\" src=\"https:\/\/experienciadevida.com.ar\/portalurbano\/wp-content\/uploads\/2022\/07\/Perspectiva-1024x682.jpg\" alt=\"Perspectiva \" width=\"900\" height=\"599\" srcset=\"https:\/\/experienciadevida.com.ar\/portalurbano\/wp-content\/uploads\/2022\/07\/Perspectiva-1024x682.jpg 1024w, https:\/\/experienciadevida.com.ar\/portalurbano\/wp-content\/uploads\/2022\/07\/Perspectiva-300x200.jpg 300w, https:\/\/experienciadevida.com.ar\/portalurbano\/wp-content\/uploads\/2022\/07\/Perspectiva-768x512.jpg 768w, https:\/\/experienciadevida.com.ar\/portalurbano\/wp-content\/uploads\/2022\/07\/Perspectiva-1536x1024.jpg 1536w, https:\/\/experienciadevida.com.ar\/portalurbano\/wp-content\/uploads\/2022\/07\/Perspectiva.jpg 1772w\" sizes=\"(max-width: 900px) 100vw, 900px\" \/><\/a><\/p>\n<p>Participaron del acto el secretario de Desarrollo Humano y Calidad de Vida Diego <a href=\"https:\/\/www.instagram.com\/diegorobbiani\/\">Robbiani<\/a>, el subsecretario de Seguridad Mario Busto, la subsecretaria de Derechos, Igualdad y Oportunidades Valeria Chiramberro.<\/p>\n<p>Tambi\u00e9n estuvieron presentes quienes estuvieron a cargo del dispositivo de formaci\u00f3n: la referente del \u00e1rea de Discapacidad Romina Sponer, y del Asesor letrado de la Polic\u00eda Departamental Rub\u00e9n Aquila.<\/p>\n<p>Dicha iniciativa es impulsada por el Programa de Promoci\u00f3n de Derechos para Personas con Discapacidad del Municipio, en corresponsabilidad con la Polic\u00eda Departamental de la Jurisdicci\u00f3n Olavarr\u00eda a trav\u00e9s del Proyecto de Vinculaci\u00f3n y Articulaci\u00f3n Colaborativa Interinstitucional.<\/p>\n<p>\u201cGracias por acercarse. Es bueno visibilizar esta actividad y que sepa la poblaci\u00f3n que est\u00e1n haciendo estas capacitaciones, que los fortalecen como agentes\u201d, sostuvo el secretario de Desarrollo Humano y Calidad de Vida Diego Robbiani.<\/p>\n<p>Adem\u00e1s, reflexion\u00f3 que \u201clas personas con discapacidad son de las m\u00e1s vulnerables en la sociedad y que ustedes se capaciten para brindarles una atenci\u00f3n responsable es important\u00edsimo. Estas capacitaciones seguir\u00e1n en lo que restan del a\u00f1o y esperamos que alcance a unos 300 agentes\u201d.<\/p>\n<p>Tiene como objetivo, en esta primera etapa denominada \u201cAproximaciones a la tem\u00e1tica de discapacidad. Abordaje y conceptos vinculados\u201d, abordar cuestiones b\u00e1sicas en la materia, y construir un lenguaje com\u00fan con el personal de fuerzas de seguridad que asista a estas jornadas.<\/p>\n<p>Durante los encuentros, se despliegan contenidos vinculados para profundizar la reflexi\u00f3n y el abordaje de las situaciones que involucran a personas con discapacidad, y hacen a la satisfacci\u00f3n de sus derechos en su desempe\u00f1o profesional cotidiano como agentes del Estado al servicio de la comunidad.<\/p>\n","protected":false},"excerpt":{"rendered":"<p>Perspectiva de Discapacidad: entrega de los primeros certificados a agentes de fuerzas de seguridad, en&#8230;<\/p>\n","protected":false},"author":1,"featured_media":171262,"comment_status":"closed","ping_status":"closed","sticky":false,"template":"","format":"standard","meta":{"content-type":""},"categories":[27],"tags":[],"nelio_content":{"isAutoShareEnabled":false,"autoShareEndMode":"default","automationSources":{"useContentSentences":true,"useSocialTemplates":true,"useCustomSentences":false,"customSentences":[]},"followers":[1],"suggestedReferences":[],"includedReferences":["https:\/\/www.instagram.com\/diegorobbiani\/"],"efiUrl":"","efiAlt":"","highlights":[]},"yoast_head":"<!-- This site is optimized with the Yoast SEO plugin v20.7 - https:\/\/yoast.com\/wordpress\/plugins\/seo\/ -->\n<title>Perspectiva de discapacidad: entrega de los primeros certificados<\/title>\n<meta name=\"description\" content=\"Perspectiva de Discapacidad: entrega de los primeros certificados a agentes de fuerzas de seguridad, en la ma\u00f1ana de este martes,\" \/>\n<meta name=\"robots\" content=\"index, follow, max-snippet:-1, max-image-preview:large, max-video-preview:-1\" \/>\n<link rel=\"canonical\" href=\"https:\/\/experienciadevida.com.ar\/portalurbano\/perspectiva-de-discapacidad-entrega-de-los-primeros-certificados-a-agentes-de-fuerzas-de-seguridad\/\" \/>\n<meta property=\"og:locale\" content=\"es_ES\" \/>\n<meta property=\"og:type\" content=\"article\" \/>\n<meta property=\"og:title\" content=\"Perspectiva de discapacidad: entrega de los primeros certificados\" \/>\n<meta property=\"og:description\" content=\"Perspectiva de Discapacidad: entrega de los primeros certificados a agentes de fuerzas de seguridad, en la ma\u00f1ana de este martes,\" \/>\n<meta property=\"og:url\" content=\"https:\/\/experienciadevida.com.ar\/portalurbano\/perspectiva-de-discapacidad-entrega-de-los-primeros-certificados-a-agentes-de-fuerzas-de-seguridad\/\" \/>\n<meta property=\"article:publisher\" content=\"https:\/\/www.facebook.com\/Portal-Urbano-171542830093757\/\" \/>\n<meta property=\"article:published_time\" content=\"2022-07-12T17:11:19+00:00\" \/>\n<meta property=\"article:modified_time\" content=\"2022-07-12T17:13:10+00:00\" \/>\n<meta property=\"og:image\" content=\"https:\/\/experienciadevida.com.ar\/portalurbano\/wp-content\/uploads\/2022\/07\/Perspectiva-de-discapacidad.jpg\" \/>\n\t<meta property=\"og:image:width\" content=\"1772\" \/>\n\t<meta property=\"og:image:height\" content=\"1181\" \/>\n\t<meta property=\"og:image:type\" content=\"image\/jpeg\" \/>\n<meta name=\"author\" content=\"admpu17wp\" \/>\n<meta name=\"twitter:card\" content=\"summary_large_image\" \/>\n<meta name=\"twitter:creator\" content=\"@portalurbanook\" \/>\n<meta name=\"twitter:site\" content=\"@portalurbanook\" \/>\n<meta name=\"twitter:label1\" content=\"Escrito por\" \/>\n\t<meta name=\"twitter:data1\" content=\"admpu17wp\" \/>\n\t<meta name=\"twitter:label2\" content=\"Tiempo de lectura\" \/>\n\t<meta name=\"twitter:data2\" content=\"2 minutos\" \/>\n<script type=\"application\/ld+json\" class=\"yoast-schema-graph\">{\"@context\":\"https:\/\/schema.org\",\"@graph\":[{\"@type\":\"Article\",\"@id\":\"https:\/\/experienciadevida.com.ar\/portalurbano\/perspectiva-de-discapacidad-entrega-de-los-primeros-certificados-a-agentes-de-fuerzas-de-seguridad\/#article\",\"isPartOf\":{\"@id\":\"https:\/\/experienciadevida.com.ar\/portalurbano\/perspectiva-de-discapacidad-entrega-de-los-primeros-certificados-a-agentes-de-fuerzas-de-seguridad\/\"},\"author\":{\"name\":\"admpu17wp\",\"@id\":\"https:\/\/experienciadevida.com.ar\/portalurbano\/#\/schema\/person\/02dd326b1c4b056e9cc972486934a3a7\"},\"headline\":\"Perspectiva de Discapacidad: entrega de los primeros certificados a agentes de fuerzas de seguridad\",\"datePublished\":\"2022-07-12T17:11:19+00:00\",\"dateModified\":\"2022-07-12T17:13:10+00:00\",\"mainEntityOfPage\":{\"@id\":\"https:\/\/experienciadevida.com.ar\/portalurbano\/perspectiva-de-discapacidad-entrega-de-los-primeros-certificados-a-agentes-de-fuerzas-de-seguridad\/\"},\"wordCount\":351,\"publisher\":{\"@id\":\"https:\/\/experienciadevida.com.ar\/portalurbano\/#organization\"},\"articleSection\":[\"Ciudad\"],\"inLanguage\":\"es\"},{\"@type\":\"WebPage\",\"@id\":\"https:\/\/experienciadevida.com.ar\/portalurbano\/perspectiva-de-discapacidad-entrega-de-los-primeros-certificados-a-agentes-de-fuerzas-de-seguridad\/\",\"url\":\"https:\/\/experienciadevida.com.ar\/portalurbano\/perspectiva-de-discapacidad-entrega-de-los-primeros-certificados-a-agentes-de-fuerzas-de-seguridad\/\",\"name\":\"Perspectiva de discapacidad: entrega de los primeros certificados\",\"isPartOf\":{\"@id\":\"https:\/\/experienciadevida.com.ar\/portalurbano\/#website\"},\"datePublished\":\"2022-07-12T17:11:19+00:00\",\"dateModified\":\"2022-07-12T17:13:10+00:00\",\"description\":\"Perspectiva de Discapacidad: entrega de los primeros certificados a agentes de fuerzas de seguridad, en la ma\u00f1ana de este martes,\",\"breadcrumb\":{\"@id\":\"https:\/\/experienciadevida.com.ar\/portalurbano\/perspectiva-de-discapacidad-entrega-de-los-primeros-certificados-a-agentes-de-fuerzas-de-seguridad\/#breadcrumb\"},\"inLanguage\":\"es\",\"potentialAction\":[{\"@type\":\"ReadAction\",\"target\":[\"https:\/\/experienciadevida.com.ar\/portalurbano\/perspectiva-de-discapacidad-entrega-de-los-primeros-certificados-a-agentes-de-fuerzas-de-seguridad\/\"]}]},{\"@type\":\"BreadcrumbList\",\"@id\":\"https:\/\/experienciadevida.com.ar\/portalurbano\/perspectiva-de-discapacidad-entrega-de-los-primeros-certificados-a-agentes-de-fuerzas-de-seguridad\/#breadcrumb\",\"itemListElement\":[{\"@type\":\"ListItem\",\"position\":1,\"name\":\"Portada\",\"item\":\"https:\/\/experienciadevida.com.ar\/portalurbano\/\"},{\"@type\":\"ListItem\",\"position\":2,\"name\":\"Perspectiva de Discapacidad: entrega de los primeros certificados a agentes de fuerzas de seguridad\"}]},{\"@type\":\"WebSite\",\"@id\":\"https:\/\/experienciadevida.com.ar\/portalurbano\/#website\",\"url\":\"https:\/\/experienciadevida.com.ar\/portalurbano\/\",\"name\":\"\",\"description\":\"\",\"publisher\":{\"@id\":\"https:\/\/experienciadevida.com.ar\/portalurbano\/#organization\"},\"potentialAction\":[{\"@type\":\"SearchAction\",\"target\":{\"@type\":\"EntryPoint\",\"urlTemplate\":\"https:\/\/experienciadevida.com.ar\/portalurbano\/?s={search_term_string}\"},\"query-input\":\"required name=search_term_string\"}],\"inLanguage\":\"es\"},{\"@type\":\"Organization\",\"@id\":\"https:\/\/experienciadevida.com.ar\/portalurbano\/#organization\",\"name\":\"Portal Urbano\",\"url\":\"https:\/\/experienciadevida.com.ar\/portalurbano\/\",\"logo\":{\"@type\":\"ImageObject\",\"inLanguage\":\"es\",\"@id\":\"https:\/\/experienciadevida.com.ar\/portalurbano\/#\/schema\/logo\/image\/\",\"url\":\"https:\/\/experienciadevida.com.ar\/portalurbano\/wp-content\/uploads\/2019\/09\/Logo-Original.png\",\"contentUrl\":\"https:\/\/experienciadevida.com.ar\/portalurbano\/wp-content\/uploads\/2019\/09\/Logo-Original.png\",\"width\":2236,\"height\":1216,\"caption\":\"Portal Urbano\"},\"image\":{\"@id\":\"https:\/\/experienciadevida.com.ar\/portalurbano\/#\/schema\/logo\/image\/\"},\"sameAs\":[\"https:\/\/www.facebook.com\/Portal-Urbano-171542830093757\/\",\"https:\/\/twitter.com\/portalurbanook\",\"https:\/\/www.instagram.com\/_portalurbano\/\",\"https:\/\/www.youtube.com\/channel\/UCXhagIfszH8KxFiOok79zbA?view_as=subscriber\"]},{\"@type\":\"Person\",\"@id\":\"https:\/\/experienciadevida.com.ar\/portalurbano\/#\/schema\/person\/02dd326b1c4b056e9cc972486934a3a7\",\"name\":\"admpu17wp\",\"image\":{\"@type\":\"ImageObject\",\"inLanguage\":\"es\",\"@id\":\"https:\/\/experienciadevida.com.ar\/portalurbano\/#\/schema\/person\/image\/\",\"url\":\"https:\/\/secure.gravatar.com\/avatar\/830d4c57adaae6630765e449a6908047?s=96&d=mm&r=g\",\"contentUrl\":\"https:\/\/secure.gravatar.com\/avatar\/830d4c57adaae6630765e449a6908047?s=96&d=mm&r=g\",\"caption\":\"admpu17wp\"}}]}<\/script>\n<!-- \/ Yoast SEO plugin. -->","yoast_head_json":{"title":"Perspectiva de discapacidad: entrega de los primeros certificados","description":"Perspectiva de Discapacidad: entrega de los primeros certificados a agentes de fuerzas de seguridad, en la ma\u00f1ana de este martes,","robots":{"index":"index","follow":"follow","max-snippet":"max-snippet:-1","max-image-preview":"max-image-preview:large","max-video-preview":"max-video-preview:-1"},"canonical":"https:\/\/experienciadevida.com.ar\/portalurbano\/perspectiva-de-discapacidad-entrega-de-los-primeros-certificados-a-agentes-de-fuerzas-de-seguridad\/","og_locale":"es_ES","og_type":"article","og_title":"Perspectiva de discapacidad: entrega de los primeros certificados","og_description":"Perspectiva de Discapacidad: entrega de los primeros certificados a agentes de fuerzas de seguridad, en la ma\u00f1ana de este martes,","og_url":"https:\/\/experienciadevida.com.ar\/portalurbano\/perspectiva-de-discapacidad-entrega-de-los-primeros-certificados-a-agentes-de-fuerzas-de-seguridad\/","article_publisher":"https:\/\/www.facebook.com\/Portal-Urbano-171542830093757\/","article_published_time":"2022-07-12T17:11:19+00:00","article_modified_time":"2022-07-12T17:13:10+00:00","og_image":[{"width":1772,"height":1181,"url":"https:\/\/experienciadevida.com.ar\/portalurbano\/wp-content\/uploads\/2022\/07\/Perspectiva-de-discapacidad.jpg","type":"image\/jpeg"}],"author":"admpu17wp","twitter_card":"summary_large_image","twitter_creator":"@portalurbanook","twitter_site":"@portalurbanook","twitter_misc":{"Escrito por":"admpu17wp","Tiempo de lectura":"2 minutos"},"schema":{"@context":"https:\/\/schema.org","@graph":[{"@type":"Article","@id":"https:\/\/experienciadevida.com.ar\/portalurbano\/perspectiva-de-discapacidad-entrega-de-los-primeros-certificados-a-agentes-de-fuerzas-de-seguridad\/#article","isPartOf":{"@id":"https:\/\/experienciadevida.com.ar\/portalurbano\/perspectiva-de-discapacidad-entrega-de-los-primeros-certificados-a-agentes-de-fuerzas-de-seguridad\/"},"author":{"name":"admpu17wp","@id":"https:\/\/experienciadevida.com.ar\/portalurbano\/#\/schema\/person\/02dd326b1c4b056e9cc972486934a3a7"},"headline":"Perspectiva de Discapacidad: entrega de los primeros certificados a agentes de fuerzas de seguridad","datePublished":"2022-07-12T17:11:19+00:00","dateModified":"2022-07-12T17:13:10+00:00","mainEntityOfPage":{"@id":"https:\/\/experienciadevida.com.ar\/portalurbano\/perspectiva-de-discapacidad-entrega-de-los-primeros-certificados-a-agentes-de-fuerzas-de-seguridad\/"},"wordCount":351,"publisher":{"@id":"https:\/\/experienciadevida.com.ar\/portalurbano\/#organization"},"articleSection":["Ciudad"],"inLanguage":"es"},{"@type":"WebPage","@id":"https:\/\/experienciadevida.com.ar\/portalurbano\/perspectiva-de-discapacidad-entrega-de-los-primeros-certificados-a-agentes-de-fuerzas-de-seguridad\/","url":"https:\/\/experienciadevida.com.ar\/portalurbano\/perspectiva-de-discapacidad-entrega-de-los-primeros-certificados-a-agentes-de-fuerzas-de-seguridad\/","name":"Perspectiva de discapacidad: entrega de los primeros certificados","isPartOf":{"@id":"https:\/\/experienciadevida.com.ar\/portalurbano\/#website"},"datePublished":"2022-07-12T17:11:19+00:00","dateModified":"2022-07-12T17:13:10+00:00","description":"Perspectiva de Discapacidad: entrega de los primeros certificados a agentes de fuerzas de seguridad, en la ma\u00f1ana de este martes,","breadcrumb":{"@id":"https:\/\/experienciadevida.com.ar\/portalurbano\/perspectiva-de-discapacidad-entrega-de-los-primeros-certificados-a-agentes-de-fuerzas-de-seguridad\/#breadcrumb"},"inLanguage":"es","potentialAction":[{"@type":"ReadAction","target":["https:\/\/experienciadevida.com.ar\/portalurbano\/perspectiva-de-discapacidad-entrega-de-los-primeros-certificados-a-agentes-de-fuerzas-de-seguridad\/"]}]},{"@type":"BreadcrumbList","@id":"https:\/\/experienciadevida.com.ar\/portalurbano\/perspectiva-de-discapacidad-entrega-de-los-primeros-certificados-a-agentes-de-fuerzas-de-seguridad\/#breadcrumb","itemListElement":[{"@type":"ListItem","position":1,"name":"Portada","item":"https:\/\/experienciadevida.com.ar\/portalurbano\/"},{"@type":"ListItem","position":2,"name":"Perspectiva de Discapacidad: entrega de los primeros certificados a agentes de fuerzas de seguridad"}]},{"@type":"WebSite","@id":"https:\/\/experienciadevida.com.ar\/portalurbano\/#website","url":"https:\/\/experienciadevida.com.ar\/portalurbano\/","name":"","description":"","publisher":{"@id":"https:\/\/experienciadevida.com.ar\/portalurbano\/#organization"},"potentialAction":[{"@type":"SearchAction","target":{"@type":"EntryPoint","urlTemplate":"https:\/\/experienciadevida.com.ar\/portalurbano\/?s={search_term_string}"},"query-input":"required name=search_term_string"}],"inLanguage":"es"},{"@type":"Organization","@id":"https:\/\/experienciadevida.com.ar\/portalurbano\/#organization","name":"Portal Urbano","url":"https:\/\/experienciadevida.com.ar\/portalurbano\/","logo":{"@type":"ImageObject","inLanguage":"es","@id":"https:\/\/experienciadevida.com.ar\/portalurbano\/#\/schema\/logo\/image\/","url":"https:\/\/experienciadevida.com.ar\/portalurbano\/wp-content\/uploads\/2019\/09\/Logo-Original.png","contentUrl":"https:\/\/experienciadevida.com.ar\/portalurbano\/wp-content\/uploads\/2019\/09\/Logo-Original.png","width":2236,"height":1216,"caption":"Portal Urbano"},"image":{"@id":"https:\/\/experienciadevida.com.ar\/portalurbano\/#\/schema\/logo\/image\/"},"sameAs":["https:\/\/www.facebook.com\/Portal-Urbano-171542830093757\/","https:\/\/twitter.com\/portalurbanook","https:\/\/www.instagram.com\/_portalurbano\/","https:\/\/www.youtube.com\/channel\/UCXhagIfszH8KxFiOok79zbA?view_as=subscriber"]},{"@type":"Person","@id":"https:\/\/experienciadevida.com.ar\/portalurbano\/#\/schema\/person\/02dd326b1c4b056e9cc972486934a3a7","name":"admpu17wp","image":{"@type":"ImageObject","inLanguage":"es","@id":"https:\/\/experienciadevida.com.ar\/portalurbano\/#\/schema\/person\/image\/","url":"https:\/\/secure.gravatar.com\/avatar\/830d4c57adaae6630765e449a6908047?s=96&d=mm&r=g","contentUrl":"https:\/\/secure.gravatar.com\/avatar\/830d4c57adaae6630765e449a6908047?s=96&d=mm&r=g","caption":"admpu17wp"}}]}},"featured_image_urls":{"full":["https:\/\/experienciadevida.com.ar\/portalurbano\/wp-content\/uploads\/2022\/07\/Perspectiva-de-discapacidad.jpg",1772,1181,false],"thumbnail":["https:\/\/experienciadevida.com.ar\/portalurbano\/wp-content\/uploads\/2022\/07\/Perspectiva-de-discapacidad-150x150.jpg",150,150,true],"medium":["https:\/\/experienciadevida.com.ar\/portalurbano\/wp-content\/uploads\/2022\/07\/Perspectiva-de-discapacidad-300x200.jpg",300,200,true],"medium_large":["https:\/\/experienciadevida.com.ar\/portalurbano\/wp-content\/uploads\/2022\/07\/Perspectiva-de-discapacidad-768x512.jpg",640,427,true],"large":["https:\/\/experienciadevida.com.ar\/portalurbano\/wp-content\/uploads\/2022\/07\/Perspectiva-de-discapacidad-1024x682.jpg",640,426,true],"ug_big":["https:\/\/experienciadevida.com.ar\/portalurbano\/wp-content\/uploads\/2022\/07\/Perspectiva-de-discapacidad-768x512.jpg",768,512,true],"1536x1536":["https:\/\/experienciadevida.com.ar\/portalurbano\/wp-content\/uploads\/2022\/07\/Perspectiva-de-discapacidad-1536x1024.jpg",1536,1024,true],"2048x2048":["https:\/\/experienciadevida.com.ar\/portalurbano\/wp-content\/uploads\/2022\/07\/Perspectiva-de-discapacidad.jpg",1772,1181,false],"newsever-slider-full":["https:\/\/experienciadevida.com.ar\/portalurbano\/wp-content\/uploads\/2022\/07\/Perspectiva-de-discapacidad.jpg",1268,845,false],"newsever-featured":["https:\/\/experienciadevida.com.ar\/portalurbano\/wp-content\/uploads\/2022\/07\/Perspectiva-de-discapacidad.jpg",1024,682,false],"newsever-medium":["https:\/\/experienciadevida.com.ar\/portalurbano\/wp-content\/uploads\/2022\/07\/Perspectiva-de-discapacidad.jpg",713,475,false],"web-stories-poster-portrait":["https:\/\/experienciadevida.com.ar\/portalurbano\/wp-content\/uploads\/2022\/07\/Perspectiva-de-discapacidad.jpg",640,427,false],"web-stories-publisher-logo":["https:\/\/experienciadevida.com.ar\/portalurbano\/wp-content\/uploads\/2022\/07\/Perspectiva-de-discapacidad.jpg",96,64,false],"web-stories-thumbnail":["https:\/\/experienciadevida.com.ar\/portalurbano\/wp-content\/uploads\/2022\/07\/Perspectiva-de-discapacidad.jpg",150,100,false]},"author_info":{"display_name":"admpu17wp","author_link":"https:\/\/experienciadevida.com.ar\/portalurbano\/author\/admpu17wp\/"},"category_info":"<a href=\"https:\/\/experienciadevida.com.ar\/portalurbano\/category\/ciudad\/\" rel=\"category tag\">Ciudad<\/a>","tag_info":"Ciudad","comment_count":"0","amp_enabled":true,"_links":{"self":[{"href":"https:\/\/experienciadevida.com.ar\/portalurbano\/wp-json\/wp\/v2\/posts\/171261"}],"collection":[{"href":"https:\/\/experienciadevida.com.ar\/portalurbano\/wp-json\/wp\/v2\/posts"}],"about":[{"href":"https:\/\/experienciadevida.com.ar\/portalurbano\/wp-json\/wp\/v2\/types\/post"}],"author":[{"embeddable":true,"href":"https:\/\/experienciadevida.com.ar\/portalurbano\/wp-json\/wp\/v2\/users\/1"}],"replies":[{"embeddable":true,"href":"https:\/\/experienciadevida.com.ar\/portalurbano\/wp-json\/wp\/v2\/comments?post=171261"}],"version-history":[{"count":2,"href":"https:\/\/experienciadevida.com.ar\/portalurbano\/wp-json\/wp\/v2\/posts\/171261\/revisions"}],"predecessor-version":[{"id":171266,"href":"https:\/\/experienciadevida.com.ar\/portalurbano\/wp-json\/wp\/v2\/posts\/171261\/revisions\/171266"}],"wp:featuredmedia":[{"embeddable":true,"href":"https:\/\/experienciadevida.com.ar\/portalurbano\/wp-json\/wp\/v2\/media\/171262"}],"wp:attachment":[{"href":"https:\/\/experienciadevida.com.ar\/portalurbano\/wp-json\/wp\/v2\/media?parent=171261"}],"wp:term":[{"taxonomy":"category","embeddable":true,"href":"https:\/\/experienciadevida.com.ar\/portalurbano\/wp-json\/wp\/v2\/categories?post=171261"},{"taxonomy":"post_tag","embeddable":true,"href":"https:\/\/experienciadevida.com.ar\/portalurbano\/wp-json\/wp\/v2\/tags?post=171261"}],"curies":[{"name":"wp","href":"https:\/\/api.w.org\/{rel}","templated":true}]}}