{"id":171257,"date":"2022-07-12T14:03:47","date_gmt":"2022-07-12T17:03:47","guid":{"rendered":"https:\/\/experienciadevida.com.ar\/portalurbano\/?p=171257"},"modified":"2022-07-12T14:07:28","modified_gmt":"2022-07-12T17:07:28","slug":"se-licito-la-segunda-etapa-de-obra-para-el-reemplazo-de-veredas-en-la-escuela-ex-normal","status":"publish","type":"post","link":"https:\/\/experienciadevida.com.ar\/portalurbano\/se-licito-la-segunda-etapa-de-obra-para-el-reemplazo-de-veredas-en-la-escuela-ex-normal\/","title":{"rendered":"Se licit\u00f3 la segunda etapa de obra para el reemplazo de veredas en la Escuela Ex Normal"},"content":{"rendered":"<p>Se licit\u00f3 la segunda <a href=\"https:\/\/www.facebook.com\/municipiodeolavarria\">etapa<\/a> de obra para el reemplazo de veredas en la Escuela Ex Normal, este martes por la ma\u00f1ana se realiz\u00f3 la apertura de la licitaci\u00f3n privada para la segunda etapa de obra para el reemplazo de veredas en la sede de la Escuela Ex Normal.<\/p>\n<p>En esta oportunidad se trabajar\u00e1 sobre las calles Espa\u00f1a y La Madrid, tras finalizar la primera etapa que comprendi\u00f3 San Mart\u00edn y Belgrano.<\/p>\n<p>La obra incluye el reemplazo de veredas en su totalidad, sobre una superficie total de 438 metros cuadrados aproximadamente, que permitir\u00e1 mejorar las condiciones de circulaci\u00f3n peatonal y accesibilidad a dicho establecimiento educativo para quienes concurren a diario.<\/p>\n<p>Debido a que el establecimiento cuenta con \u00e1rboles a\u00f1osos, y sus ra\u00edces afectan la infraestructura, como tambi\u00e9n acota los espacios de circulaci\u00f3n peatonal, desde la Secretar\u00eda de Mantenimiento y Obras P\u00fablicas se aclar\u00f3 que se realizar\u00e1n tareas de poda, extracci\u00f3n y tratamiento de ra\u00edces. Se retirar\u00e1n los \u00e1rboles en mal estado y se plantar\u00e1n nuevas especies.<\/p>\n<p>Los nuevos solados se materializar\u00e1n mediante contrapiso armado con malla con terminaci\u00f3n antideslizante peinada y con un espesor de 12 cm., dando continuidad al dise\u00f1o realizado.<\/p>\n<p>La apertura de sobres de la licitaci\u00f3n tuvo lugar en el Palacio San Mart\u00edn y fue encabezada por la directora de Licitaciones Pilar Ciardelli. En dicha ocasi\u00f3n, la empresa Visan Ingenier\u00eda S.A. cotiz\u00f3 la suma de $5.600.379,48, por debajo del presupuesto oficial estimado en $6.057.900.<\/p>\n","protected":false},"excerpt":{"rendered":"<p>Se licit\u00f3 la segunda etapa de obra para el reemplazo de veredas en la Escuela&#8230;<\/p>\n","protected":false},"author":1,"featured_media":171258,"comment_status":"closed","ping_status":"closed","sticky":false,"template":"","format":"standard","meta":{"content-type":""},"categories":[27],"tags":[],"nelio_content":{"isAutoShareEnabled":false,"autoShareEndMode":"default","automationSources":{"useContentSentences":true,"useSocialTemplates":true,"useCustomSentences":false,"customSentences":[]},"followers":[1],"suggestedReferences":[],"includedReferences":[],"efiUrl":"","efiAlt":"","highlights":[]},"yoast_head":"<!-- This site is optimized with the Yoast SEO plugin v20.7 - https:\/\/yoast.com\/wordpress\/plugins\/seo\/ -->\n<title>Se licit\u00f3 la segunda etapa de obra para el reemplazo de veredas<\/title>\n<meta name=\"description\" content=\"Se licit\u00f3 la segunda etapa de obra para el reemplazo de veredas en la Escuela Ex Normal, este martes por la ma\u00f1ana se hizo la apertura\" \/>\n<meta name=\"robots\" content=\"index, follow, max-snippet:-1, max-image-preview:large, max-video-preview:-1\" \/>\n<link rel=\"canonical\" href=\"https:\/\/experienciadevida.com.ar\/portalurbano\/se-licito-la-segunda-etapa-de-obra-para-el-reemplazo-de-veredas-en-la-escuela-ex-normal\/\" \/>\n<meta property=\"og:locale\" content=\"es_ES\" \/>\n<meta property=\"og:type\" content=\"article\" \/>\n<meta property=\"og:title\" content=\"Se licit\u00f3 la segunda etapa de obra para el reemplazo de veredas\" \/>\n<meta property=\"og:description\" content=\"Se licit\u00f3 la segunda etapa de obra para el reemplazo de veredas en la Escuela Ex Normal, este martes por la ma\u00f1ana se hizo la apertura\" \/>\n<meta property=\"og:url\" content=\"https:\/\/experienciadevida.com.ar\/portalurbano\/se-licito-la-segunda-etapa-de-obra-para-el-reemplazo-de-veredas-en-la-escuela-ex-normal\/\" \/>\n<meta property=\"article:publisher\" content=\"https:\/\/www.facebook.com\/Portal-Urbano-171542830093757\/\" \/>\n<meta property=\"article:published_time\" content=\"2022-07-12T17:03:47+00:00\" \/>\n<meta property=\"article:modified_time\" content=\"2022-07-12T17:07:28+00:00\" \/>\n<meta property=\"og:image\" content=\"https:\/\/experienciadevida.com.ar\/portalurbano\/wp-content\/uploads\/2022\/07\/Se-licito-la-segunda.jpg\" \/>\n\t<meta property=\"og:image:width\" content=\"1024\" \/>\n\t<meta property=\"og:image:height\" content=\"682\" \/>\n\t<meta property=\"og:image:type\" content=\"image\/jpeg\" \/>\n<meta name=\"author\" content=\"admpu17wp\" \/>\n<meta name=\"twitter:card\" content=\"summary_large_image\" \/>\n<meta name=\"twitter:creator\" content=\"@portalurbanook\" \/>\n<meta name=\"twitter:site\" content=\"@portalurbanook\" \/>\n<meta name=\"twitter:label1\" content=\"Escrito por\" \/>\n\t<meta name=\"twitter:data1\" content=\"admpu17wp\" \/>\n\t<meta name=\"twitter:label2\" content=\"Tiempo de lectura\" \/>\n\t<meta name=\"twitter:data2\" content=\"2 minutos\" \/>\n<script type=\"application\/ld+json\" class=\"yoast-schema-graph\">{\"@context\":\"https:\/\/schema.org\",\"@graph\":[{\"@type\":\"Article\",\"@id\":\"https:\/\/experienciadevida.com.ar\/portalurbano\/se-licito-la-segunda-etapa-de-obra-para-el-reemplazo-de-veredas-en-la-escuela-ex-normal\/#article\",\"isPartOf\":{\"@id\":\"https:\/\/experienciadevida.com.ar\/portalurbano\/se-licito-la-segunda-etapa-de-obra-para-el-reemplazo-de-veredas-en-la-escuela-ex-normal\/\"},\"author\":{\"name\":\"admpu17wp\",\"@id\":\"https:\/\/experienciadevida.com.ar\/portalurbano\/#\/schema\/person\/02dd326b1c4b056e9cc972486934a3a7\"},\"headline\":\"Se licit\u00f3 la segunda etapa de obra para el reemplazo de veredas en la Escuela Ex Normal\",\"datePublished\":\"2022-07-12T17:03:47+00:00\",\"dateModified\":\"2022-07-12T17:07:28+00:00\",\"mainEntityOfPage\":{\"@id\":\"https:\/\/experienciadevida.com.ar\/portalurbano\/se-licito-la-segunda-etapa-de-obra-para-el-reemplazo-de-veredas-en-la-escuela-ex-normal\/\"},\"wordCount\":274,\"publisher\":{\"@id\":\"https:\/\/experienciadevida.com.ar\/portalurbano\/#organization\"},\"articleSection\":[\"Ciudad\"],\"inLanguage\":\"es\"},{\"@type\":\"WebPage\",\"@id\":\"https:\/\/experienciadevida.com.ar\/portalurbano\/se-licito-la-segunda-etapa-de-obra-para-el-reemplazo-de-veredas-en-la-escuela-ex-normal\/\",\"url\":\"https:\/\/experienciadevida.com.ar\/portalurbano\/se-licito-la-segunda-etapa-de-obra-para-el-reemplazo-de-veredas-en-la-escuela-ex-normal\/\",\"name\":\"Se licit\u00f3 la segunda etapa de obra para el reemplazo de veredas\",\"isPartOf\":{\"@id\":\"https:\/\/experienciadevida.com.ar\/portalurbano\/#website\"},\"datePublished\":\"2022-07-12T17:03:47+00:00\",\"dateModified\":\"2022-07-12T17:07:28+00:00\",\"description\":\"Se licit\u00f3 la segunda etapa de obra para el reemplazo de veredas en la Escuela Ex Normal, este martes por la ma\u00f1ana se hizo la apertura\",\"breadcrumb\":{\"@id\":\"https:\/\/experienciadevida.com.ar\/portalurbano\/se-licito-la-segunda-etapa-de-obra-para-el-reemplazo-de-veredas-en-la-escuela-ex-normal\/#breadcrumb\"},\"inLanguage\":\"es\",\"potentialAction\":[{\"@type\":\"ReadAction\",\"target\":[\"https:\/\/experienciadevida.com.ar\/portalurbano\/se-licito-la-segunda-etapa-de-obra-para-el-reemplazo-de-veredas-en-la-escuela-ex-normal\/\"]}]},{\"@type\":\"BreadcrumbList\",\"@id\":\"https:\/\/experienciadevida.com.ar\/portalurbano\/se-licito-la-segunda-etapa-de-obra-para-el-reemplazo-de-veredas-en-la-escuela-ex-normal\/#breadcrumb\",\"itemListElement\":[{\"@type\":\"ListItem\",\"position\":1,\"name\":\"Portada\",\"item\":\"https:\/\/experienciadevida.com.ar\/portalurbano\/\"},{\"@type\":\"ListItem\",\"position\":2,\"name\":\"Se licit\u00f3 la segunda etapa de obra para el reemplazo de veredas en la Escuela Ex Normal\"}]},{\"@type\":\"WebSite\",\"@id\":\"https:\/\/experienciadevida.com.ar\/portalurbano\/#website\",\"url\":\"https:\/\/experienciadevida.com.ar\/portalurbano\/\",\"name\":\"\",\"description\":\"\",\"publisher\":{\"@id\":\"https:\/\/experienciadevida.com.ar\/portalurbano\/#organization\"},\"potentialAction\":[{\"@type\":\"SearchAction\",\"target\":{\"@type\":\"EntryPoint\",\"urlTemplate\":\"https:\/\/experienciadevida.com.ar\/portalurbano\/?s={search_term_string}\"},\"query-input\":\"required name=search_term_string\"}],\"inLanguage\":\"es\"},{\"@type\":\"Organization\",\"@id\":\"https:\/\/experienciadevida.com.ar\/portalurbano\/#organization\",\"name\":\"Portal Urbano\",\"url\":\"https:\/\/experienciadevida.com.ar\/portalurbano\/\",\"logo\":{\"@type\":\"ImageObject\",\"inLanguage\":\"es\",\"@id\":\"https:\/\/experienciadevida.com.ar\/portalurbano\/#\/schema\/logo\/image\/\",\"url\":\"https:\/\/experienciadevida.com.ar\/portalurbano\/wp-content\/uploads\/2019\/09\/Logo-Original.png\",\"contentUrl\":\"https:\/\/experienciadevida.com.ar\/portalurbano\/wp-content\/uploads\/2019\/09\/Logo-Original.png\",\"width\":2236,\"height\":1216,\"caption\":\"Portal Urbano\"},\"image\":{\"@id\":\"https:\/\/experienciadevida.com.ar\/portalurbano\/#\/schema\/logo\/image\/\"},\"sameAs\":[\"https:\/\/www.facebook.com\/Portal-Urbano-171542830093757\/\",\"https:\/\/twitter.com\/portalurbanook\",\"https:\/\/www.instagram.com\/_portalurbano\/\",\"https:\/\/www.youtube.com\/channel\/UCXhagIfszH8KxFiOok79zbA?view_as=subscriber\"]},{\"@type\":\"Person\",\"@id\":\"https:\/\/experienciadevida.com.ar\/portalurbano\/#\/schema\/person\/02dd326b1c4b056e9cc972486934a3a7\",\"name\":\"admpu17wp\",\"image\":{\"@type\":\"ImageObject\",\"inLanguage\":\"es\",\"@id\":\"https:\/\/experienciadevida.com.ar\/portalurbano\/#\/schema\/person\/image\/\",\"url\":\"https:\/\/secure.gravatar.com\/avatar\/830d4c57adaae6630765e449a6908047?s=96&d=mm&r=g\",\"contentUrl\":\"https:\/\/secure.gravatar.com\/avatar\/830d4c57adaae6630765e449a6908047?s=96&d=mm&r=g\",\"caption\":\"admpu17wp\"}}]}<\/script>\n<!-- \/ Yoast SEO plugin. -->","yoast_head_json":{"title":"Se licit\u00f3 la segunda etapa de obra para el reemplazo de veredas","description":"Se licit\u00f3 la segunda etapa de obra para el reemplazo de veredas en la Escuela Ex Normal, este martes por la ma\u00f1ana se hizo la apertura","robots":{"index":"index","follow":"follow","max-snippet":"max-snippet:-1","max-image-preview":"max-image-preview:large","max-video-preview":"max-video-preview:-1"},"canonical":"https:\/\/experienciadevida.com.ar\/portalurbano\/se-licito-la-segunda-etapa-de-obra-para-el-reemplazo-de-veredas-en-la-escuela-ex-normal\/","og_locale":"es_ES","og_type":"article","og_title":"Se licit\u00f3 la segunda etapa de obra para el reemplazo de veredas","og_description":"Se licit\u00f3 la segunda etapa de obra para el reemplazo de veredas en la Escuela Ex Normal, este martes por la ma\u00f1ana se hizo la apertura","og_url":"https:\/\/experienciadevida.com.ar\/portalurbano\/se-licito-la-segunda-etapa-de-obra-para-el-reemplazo-de-veredas-en-la-escuela-ex-normal\/","article_publisher":"https:\/\/www.facebook.com\/Portal-Urbano-171542830093757\/","article_published_time":"2022-07-12T17:03:47+00:00","article_modified_time":"2022-07-12T17:07:28+00:00","og_image":[{"width":1024,"height":682,"url":"https:\/\/experienciadevida.com.ar\/portalurbano\/wp-content\/uploads\/2022\/07\/Se-licito-la-segunda.jpg","type":"image\/jpeg"}],"author":"admpu17wp","twitter_card":"summary_large_image","twitter_creator":"@portalurbanook","twitter_site":"@portalurbanook","twitter_misc":{"Escrito por":"admpu17wp","Tiempo de lectura":"2 minutos"},"schema":{"@context":"https:\/\/schema.org","@graph":[{"@type":"Article","@id":"https:\/\/experienciadevida.com.ar\/portalurbano\/se-licito-la-segunda-etapa-de-obra-para-el-reemplazo-de-veredas-en-la-escuela-ex-normal\/#article","isPartOf":{"@id":"https:\/\/experienciadevida.com.ar\/portalurbano\/se-licito-la-segunda-etapa-de-obra-para-el-reemplazo-de-veredas-en-la-escuela-ex-normal\/"},"author":{"name":"admpu17wp","@id":"https:\/\/experienciadevida.com.ar\/portalurbano\/#\/schema\/person\/02dd326b1c4b056e9cc972486934a3a7"},"headline":"Se licit\u00f3 la segunda etapa de obra para el reemplazo de veredas en la Escuela Ex Normal","datePublished":"2022-07-12T17:03:47+00:00","dateModified":"2022-07-12T17:07:28+00:00","mainEntityOfPage":{"@id":"https:\/\/experienciadevida.com.ar\/portalurbano\/se-licito-la-segunda-etapa-de-obra-para-el-reemplazo-de-veredas-en-la-escuela-ex-normal\/"},"wordCount":274,"publisher":{"@id":"https:\/\/experienciadevida.com.ar\/portalurbano\/#organization"},"articleSection":["Ciudad"],"inLanguage":"es"},{"@type":"WebPage","@id":"https:\/\/experienciadevida.com.ar\/portalurbano\/se-licito-la-segunda-etapa-de-obra-para-el-reemplazo-de-veredas-en-la-escuela-ex-normal\/","url":"https:\/\/experienciadevida.com.ar\/portalurbano\/se-licito-la-segunda-etapa-de-obra-para-el-reemplazo-de-veredas-en-la-escuela-ex-normal\/","name":"Se licit\u00f3 la segunda etapa de obra para el reemplazo de veredas","isPartOf":{"@id":"https:\/\/experienciadevida.com.ar\/portalurbano\/#website"},"datePublished":"2022-07-12T17:03:47+00:00","dateModified":"2022-07-12T17:07:28+00:00","description":"Se licit\u00f3 la segunda etapa de obra para el reemplazo de veredas en la Escuela Ex Normal, este martes por la ma\u00f1ana se hizo la apertura","breadcrumb":{"@id":"https:\/\/experienciadevida.com.ar\/portalurbano\/se-licito-la-segunda-etapa-de-obra-para-el-reemplazo-de-veredas-en-la-escuela-ex-normal\/#breadcrumb"},"inLanguage":"es","potentialAction":[{"@type":"ReadAction","target":["https:\/\/experienciadevida.com.ar\/portalurbano\/se-licito-la-segunda-etapa-de-obra-para-el-reemplazo-de-veredas-en-la-escuela-ex-normal\/"]}]},{"@type":"BreadcrumbList","@id":"https:\/\/experienciadevida.com.ar\/portalurbano\/se-licito-la-segunda-etapa-de-obra-para-el-reemplazo-de-veredas-en-la-escuela-ex-normal\/#breadcrumb","itemListElement":[{"@type":"ListItem","position":1,"name":"Portada","item":"https:\/\/experienciadevida.com.ar\/portalurbano\/"},{"@type":"ListItem","position":2,"name":"Se licit\u00f3 la segunda etapa de obra para el reemplazo de veredas en la Escuela Ex Normal"}]},{"@type":"WebSite","@id":"https:\/\/experienciadevida.com.ar\/portalurbano\/#website","url":"https:\/\/experienciadevida.com.ar\/portalurbano\/","name":"","description":"","publisher":{"@id":"https:\/\/experienciadevida.com.ar\/portalurbano\/#organization"},"potentialAction":[{"@type":"SearchAction","target":{"@type":"EntryPoint","urlTemplate":"https:\/\/experienciadevida.com.ar\/portalurbano\/?s={search_term_string}"},"query-input":"required name=search_term_string"}],"inLanguage":"es"},{"@type":"Organization","@id":"https:\/\/experienciadevida.com.ar\/portalurbano\/#organization","name":"Portal Urbano","url":"https:\/\/experienciadevida.com.ar\/portalurbano\/","logo":{"@type":"ImageObject","inLanguage":"es","@id":"https:\/\/experienciadevida.com.ar\/portalurbano\/#\/schema\/logo\/image\/","url":"https:\/\/experienciadevida.com.ar\/portalurbano\/wp-content\/uploads\/2019\/09\/Logo-Original.png","contentUrl":"https:\/\/experienciadevida.com.ar\/portalurbano\/wp-content\/uploads\/2019\/09\/Logo-Original.png","width":2236,"height":1216,"caption":"Portal Urbano"},"image":{"@id":"https:\/\/experienciadevida.com.ar\/portalurbano\/#\/schema\/logo\/image\/"},"sameAs":["https:\/\/www.facebook.com\/Portal-Urbano-171542830093757\/","https:\/\/twitter.com\/portalurbanook","https:\/\/www.instagram.com\/_portalurbano\/","https:\/\/www.youtube.com\/channel\/UCXhagIfszH8KxFiOok79zbA?view_as=subscriber"]},{"@type":"Person","@id":"https:\/\/experienciadevida.com.ar\/portalurbano\/#\/schema\/person\/02dd326b1c4b056e9cc972486934a3a7","name":"admpu17wp","image":{"@type":"ImageObject","inLanguage":"es","@id":"https:\/\/experienciadevida.com.ar\/portalurbano\/#\/schema\/person\/image\/","url":"https:\/\/secure.gravatar.com\/avatar\/830d4c57adaae6630765e449a6908047?s=96&d=mm&r=g","contentUrl":"https:\/\/secure.gravatar.com\/avatar\/830d4c57adaae6630765e449a6908047?s=96&d=mm&r=g","caption":"admpu17wp"}}]}},"featured_image_urls":{"full":["https:\/\/experienciadevida.com.ar\/portalurbano\/wp-content\/uploads\/2022\/07\/Se-licito-la-segunda.jpg",1024,682,false],"thumbnail":["https:\/\/experienciadevida.com.ar\/portalurbano\/wp-content\/uploads\/2022\/07\/Se-licito-la-segunda-150x150.jpg",150,150,true],"medium":["https:\/\/experienciadevida.com.ar\/portalurbano\/wp-content\/uploads\/2022\/07\/Se-licito-la-segunda-300x200.jpg",300,200,true],"medium_large":["https:\/\/experienciadevida.com.ar\/portalurbano\/wp-content\/uploads\/2022\/07\/Se-licito-la-segunda-768x512.jpg",640,427,true],"large":["https:\/\/experienciadevida.com.ar\/portalurbano\/wp-content\/uploads\/2022\/07\/Se-licito-la-segunda.jpg",640,426,false],"ug_big":["https:\/\/experienciadevida.com.ar\/portalurbano\/wp-content\/uploads\/2022\/07\/Se-licito-la-segunda-768x512.jpg",768,512,true],"1536x1536":["https:\/\/experienciadevida.com.ar\/portalurbano\/wp-content\/uploads\/2022\/07\/Se-licito-la-segunda.jpg",1024,682,false],"2048x2048":["https:\/\/experienciadevida.com.ar\/portalurbano\/wp-content\/uploads\/2022\/07\/Se-licito-la-segunda.jpg",1024,682,false],"newsever-slider-full":["https:\/\/experienciadevida.com.ar\/portalurbano\/wp-content\/uploads\/2022\/07\/Se-licito-la-segunda.jpg",1024,682,false],"newsever-featured":["https:\/\/experienciadevida.com.ar\/portalurbano\/wp-content\/uploads\/2022\/07\/Se-licito-la-segunda.jpg",1024,682,false],"newsever-medium":["https:\/\/experienciadevida.com.ar\/portalurbano\/wp-content\/uploads\/2022\/07\/Se-licito-la-segunda.jpg",713,475,false],"web-stories-poster-portrait":["https:\/\/experienciadevida.com.ar\/portalurbano\/wp-content\/uploads\/2022\/07\/Se-licito-la-segunda.jpg",640,426,false],"web-stories-publisher-logo":["https:\/\/experienciadevida.com.ar\/portalurbano\/wp-content\/uploads\/2022\/07\/Se-licito-la-segunda.jpg",96,64,false],"web-stories-thumbnail":["https:\/\/experienciadevida.com.ar\/portalurbano\/wp-content\/uploads\/2022\/07\/Se-licito-la-segunda.jpg",150,100,false]},"author_info":{"display_name":"admpu17wp","author_link":"https:\/\/experienciadevida.com.ar\/portalurbano\/author\/admpu17wp\/"},"category_info":"<a href=\"https:\/\/experienciadevida.com.ar\/portalurbano\/category\/ciudad\/\" rel=\"category tag\">Ciudad<\/a>","tag_info":"Ciudad","comment_count":"0","amp_enabled":true,"_links":{"self":[{"href":"https:\/\/experienciadevida.com.ar\/portalurbano\/wp-json\/wp\/v2\/posts\/171257"}],"collection":[{"href":"https:\/\/experienciadevida.com.ar\/portalurbano\/wp-json\/wp\/v2\/posts"}],"about":[{"href":"https:\/\/experienciadevida.com.ar\/portalurbano\/wp-json\/wp\/v2\/types\/post"}],"author":[{"embeddable":true,"href":"https:\/\/experienciadevida.com.ar\/portalurbano\/wp-json\/wp\/v2\/users\/1"}],"replies":[{"embeddable":true,"href":"https:\/\/experienciadevida.com.ar\/portalurbano\/wp-json\/wp\/v2\/comments?post=171257"}],"version-history":[{"count":2,"href":"https:\/\/experienciadevida.com.ar\/portalurbano\/wp-json\/wp\/v2\/posts\/171257\/revisions"}],"predecessor-version":[{"id":171260,"href":"https:\/\/experienciadevida.com.ar\/portalurbano\/wp-json\/wp\/v2\/posts\/171257\/revisions\/171260"}],"wp:featuredmedia":[{"embeddable":true,"href":"https:\/\/experienciadevida.com.ar\/portalurbano\/wp-json\/wp\/v2\/media\/171258"}],"wp:attachment":[{"href":"https:\/\/experienciadevida.com.ar\/portalurbano\/wp-json\/wp\/v2\/media?parent=171257"}],"wp:term":[{"taxonomy":"category","embeddable":true,"href":"https:\/\/experienciadevida.com.ar\/portalurbano\/wp-json\/wp\/v2\/categories?post=171257"},{"taxonomy":"post_tag","embeddable":true,"href":"https:\/\/experienciadevida.com.ar\/portalurbano\/wp-json\/wp\/v2\/tags?post=171257"}],"curies":[{"name":"wp","href":"https:\/\/api.w.org\/{rel}","templated":true}]}}