{"id":171247,"date":"2022-07-12T13:41:25","date_gmt":"2022-07-12T16:41:25","guid":{"rendered":"https:\/\/experienciadevida.com.ar\/portalurbano\/?p=171247"},"modified":"2022-07-12T13:44:45","modified_gmt":"2022-07-12T16:44:45","slug":"retuvieron-7-vehiculos-en-operativos-de-control-de-seguridad-vial","status":"publish","type":"post","link":"https:\/\/experienciadevida.com.ar\/portalurbano\/retuvieron-7-vehiculos-en-operativos-de-control-de-seguridad-vial\/","title":{"rendered":"Retuvieron 7 veh\u00edculos en operativos de control de Seguridad Vial"},"content":{"rendered":"<p>Retuvieron 7 veh\u00edculos en operativos de control de Seguridad Vial, as\u00ed lo informaron desde la Subsecretar\u00eda de Seguridad de la Municipalidad de Olavarr\u00eda se inform\u00f3 el saldo de las tareas de control y prevenci\u00f3n en materia de seguridad vial realizada en las \u00faltimas 72 horas. Se trata de labores conjuntas de personal del \u00e1rea de Tr\u00e1nsito y la Direcci\u00f3n de Control Urbano, con el acompa\u00f1amiento de moto polic\u00edas de la Polic\u00eda Local.<\/p>\n<p>Se trat\u00f3 tanto de operativos de control est\u00e1ticos en sitios estrat\u00e9gicos de la ciudad como interceptaciones en diversos puntos del casco urbano. En ese marco fueron identificados 102 rodados, entre autos y motos.<\/p>\n<p>Se iniciaron en total 49 actas, en las que se dejaron asentados 78 \u00edtems de infracci\u00f3n a la Ley Nacional de Tr\u00e1nsito. Entre las faltas detectadas se enumer\u00f3 la circulaci\u00f3n sin documentaci\u00f3n habilitante y el estacionamiento en lugares no permitidos, situaci\u00f3n en la que se a\u00f1adi\u00f3 que en la mayor\u00eda de los casos en torno a rampas o subidas de garajes la intervenci\u00f3n de los agentes responde a llamados y denuncias por parte vecinos y propietarios.<\/p>\n<p>A la par, tambi\u00e9n se le inici\u00f3 un acta a un remis debido a que el conductor no pose\u00eda licencia habilitante para el transporte de personas.<\/p>\n<p>Se detall\u00f3, por \u00faltimo, que se incautaron en total 6 autos, 1 ciclomotor y 5 licencias de conducir. Todo lo actuado fue elevado al Juzgado de Faltas Municipal.<\/p>\n<p>Alcoholemias positivas:<\/p>\n<p>Por otra parte, durante el fin de semana se detectaron dos alcoholemias positivas con gradaciones que multiplicaban los valores permitidos (0.5 g\/l). Una de esas situaciones se dio en el inicio de la madrugada del \u00faltimo domingo, cuando a un conductor se lo sorprendi\u00f3 circulando con 1.50 g\/l de alcohol en sangre.<\/p>\n<p>El caso restante sucedi\u00f3 en la jornada del s\u00e1bado, m\u00e1s precisamente en horas de la ma\u00f1ana, cuando se intercept\u00f3 a un joven conduciendo con 1.37 g\/l.<\/p>\n","protected":false},"excerpt":{"rendered":"<p>Retuvieron 7 veh\u00edculos en operativos de control de Seguridad Vial, as\u00ed lo informaron desde la&#8230;<\/p>\n","protected":false},"author":1,"featured_media":171248,"comment_status":"closed","ping_status":"closed","sticky":false,"template":"","format":"standard","meta":{"content-type":""},"categories":[27,64],"tags":[],"nelio_content":{"isAutoShareEnabled":false,"autoShareEndMode":"default","automationSources":{"useContentSentences":true,"useSocialTemplates":true,"useCustomSentences":false,"customSentences":[]},"followers":[1],"suggestedReferences":[],"includedReferences":[],"efiUrl":"","efiAlt":"","highlights":[]},"yoast_head":"<!-- This site is optimized with the Yoast SEO plugin v20.7 - https:\/\/yoast.com\/wordpress\/plugins\/seo\/ -->\n<title>Retuvieron 7 veh\u00edculos en operativos de control de seguridad vial<\/title>\n<meta name=\"description\" content=\"Retuvieron 7 veh\u00edculos en operativos de control de Seguridad Vial, as\u00ed lo informaron desde la Subsecretar\u00eda de Seguridad\" \/>\n<meta name=\"robots\" content=\"index, follow, max-snippet:-1, max-image-preview:large, max-video-preview:-1\" \/>\n<link rel=\"canonical\" href=\"https:\/\/experienciadevida.com.ar\/portalurbano\/retuvieron-7-vehiculos-en-operativos-de-control-de-seguridad-vial\/\" \/>\n<meta property=\"og:locale\" content=\"es_ES\" \/>\n<meta property=\"og:type\" content=\"article\" \/>\n<meta property=\"og:title\" content=\"Retuvieron 7 veh\u00edculos en operativos de control de seguridad vial\" \/>\n<meta property=\"og:description\" content=\"Retuvieron 7 veh\u00edculos en operativos de control de Seguridad Vial, as\u00ed lo informaron desde la Subsecretar\u00eda de Seguridad\" \/>\n<meta property=\"og:url\" content=\"https:\/\/experienciadevida.com.ar\/portalurbano\/retuvieron-7-vehiculos-en-operativos-de-control-de-seguridad-vial\/\" \/>\n<meta property=\"article:publisher\" content=\"https:\/\/www.facebook.com\/Portal-Urbano-171542830093757\/\" \/>\n<meta property=\"article:published_time\" content=\"2022-07-12T16:41:25+00:00\" \/>\n<meta property=\"article:modified_time\" content=\"2022-07-12T16:44:45+00:00\" \/>\n<meta property=\"og:image\" content=\"https:\/\/experienciadevida.com.ar\/portalurbano\/wp-content\/uploads\/2022\/07\/Retuvieron-7-vehiculos-en.jpg\" \/>\n\t<meta property=\"og:image:width\" content=\"1772\" \/>\n\t<meta property=\"og:image:height\" content=\"1181\" \/>\n\t<meta property=\"og:image:type\" content=\"image\/jpeg\" \/>\n<meta name=\"author\" content=\"admpu17wp\" \/>\n<meta name=\"twitter:card\" content=\"summary_large_image\" \/>\n<meta name=\"twitter:creator\" content=\"@portalurbanook\" \/>\n<meta name=\"twitter:site\" content=\"@portalurbanook\" \/>\n<meta name=\"twitter:label1\" content=\"Escrito por\" \/>\n\t<meta name=\"twitter:data1\" content=\"admpu17wp\" \/>\n\t<meta name=\"twitter:label2\" content=\"Tiempo de lectura\" \/>\n\t<meta name=\"twitter:data2\" content=\"2 minutos\" \/>\n<script type=\"application\/ld+json\" class=\"yoast-schema-graph\">{\"@context\":\"https:\/\/schema.org\",\"@graph\":[{\"@type\":\"Article\",\"@id\":\"https:\/\/experienciadevida.com.ar\/portalurbano\/retuvieron-7-vehiculos-en-operativos-de-control-de-seguridad-vial\/#article\",\"isPartOf\":{\"@id\":\"https:\/\/experienciadevida.com.ar\/portalurbano\/retuvieron-7-vehiculos-en-operativos-de-control-de-seguridad-vial\/\"},\"author\":{\"name\":\"admpu17wp\",\"@id\":\"https:\/\/experienciadevida.com.ar\/portalurbano\/#\/schema\/person\/02dd326b1c4b056e9cc972486934a3a7\"},\"headline\":\"Retuvieron 7 veh\u00edculos en operativos de control de Seguridad Vial\",\"datePublished\":\"2022-07-12T16:41:25+00:00\",\"dateModified\":\"2022-07-12T16:44:45+00:00\",\"mainEntityOfPage\":{\"@id\":\"https:\/\/experienciadevida.com.ar\/portalurbano\/retuvieron-7-vehiculos-en-operativos-de-control-de-seguridad-vial\/\"},\"wordCount\":341,\"publisher\":{\"@id\":\"https:\/\/experienciadevida.com.ar\/portalurbano\/#organization\"},\"articleSection\":[\"Ciudad\",\"Destacadas 2\"],\"inLanguage\":\"es\"},{\"@type\":\"WebPage\",\"@id\":\"https:\/\/experienciadevida.com.ar\/portalurbano\/retuvieron-7-vehiculos-en-operativos-de-control-de-seguridad-vial\/\",\"url\":\"https:\/\/experienciadevida.com.ar\/portalurbano\/retuvieron-7-vehiculos-en-operativos-de-control-de-seguridad-vial\/\",\"name\":\"Retuvieron 7 veh\u00edculos en operativos de control de seguridad vial\",\"isPartOf\":{\"@id\":\"https:\/\/experienciadevida.com.ar\/portalurbano\/#website\"},\"datePublished\":\"2022-07-12T16:41:25+00:00\",\"dateModified\":\"2022-07-12T16:44:45+00:00\",\"description\":\"Retuvieron 7 veh\u00edculos en operativos de control de Seguridad Vial, as\u00ed lo informaron desde la Subsecretar\u00eda de Seguridad\",\"breadcrumb\":{\"@id\":\"https:\/\/experienciadevida.com.ar\/portalurbano\/retuvieron-7-vehiculos-en-operativos-de-control-de-seguridad-vial\/#breadcrumb\"},\"inLanguage\":\"es\",\"potentialAction\":[{\"@type\":\"ReadAction\",\"target\":[\"https:\/\/experienciadevida.com.ar\/portalurbano\/retuvieron-7-vehiculos-en-operativos-de-control-de-seguridad-vial\/\"]}]},{\"@type\":\"BreadcrumbList\",\"@id\":\"https:\/\/experienciadevida.com.ar\/portalurbano\/retuvieron-7-vehiculos-en-operativos-de-control-de-seguridad-vial\/#breadcrumb\",\"itemListElement\":[{\"@type\":\"ListItem\",\"position\":1,\"name\":\"Portada\",\"item\":\"https:\/\/experienciadevida.com.ar\/portalurbano\/\"},{\"@type\":\"ListItem\",\"position\":2,\"name\":\"Retuvieron 7 veh\u00edculos en operativos de control de Seguridad Vial\"}]},{\"@type\":\"WebSite\",\"@id\":\"https:\/\/experienciadevida.com.ar\/portalurbano\/#website\",\"url\":\"https:\/\/experienciadevida.com.ar\/portalurbano\/\",\"name\":\"\",\"description\":\"\",\"publisher\":{\"@id\":\"https:\/\/experienciadevida.com.ar\/portalurbano\/#organization\"},\"potentialAction\":[{\"@type\":\"SearchAction\",\"target\":{\"@type\":\"EntryPoint\",\"urlTemplate\":\"https:\/\/experienciadevida.com.ar\/portalurbano\/?s={search_term_string}\"},\"query-input\":\"required name=search_term_string\"}],\"inLanguage\":\"es\"},{\"@type\":\"Organization\",\"@id\":\"https:\/\/experienciadevida.com.ar\/portalurbano\/#organization\",\"name\":\"Portal Urbano\",\"url\":\"https:\/\/experienciadevida.com.ar\/portalurbano\/\",\"logo\":{\"@type\":\"ImageObject\",\"inLanguage\":\"es\",\"@id\":\"https:\/\/experienciadevida.com.ar\/portalurbano\/#\/schema\/logo\/image\/\",\"url\":\"https:\/\/experienciadevida.com.ar\/portalurbano\/wp-content\/uploads\/2019\/09\/Logo-Original.png\",\"contentUrl\":\"https:\/\/experienciadevida.com.ar\/portalurbano\/wp-content\/uploads\/2019\/09\/Logo-Original.png\",\"width\":2236,\"height\":1216,\"caption\":\"Portal Urbano\"},\"image\":{\"@id\":\"https:\/\/experienciadevida.com.ar\/portalurbano\/#\/schema\/logo\/image\/\"},\"sameAs\":[\"https:\/\/www.facebook.com\/Portal-Urbano-171542830093757\/\",\"https:\/\/twitter.com\/portalurbanook\",\"https:\/\/www.instagram.com\/_portalurbano\/\",\"https:\/\/www.youtube.com\/channel\/UCXhagIfszH8KxFiOok79zbA?view_as=subscriber\"]},{\"@type\":\"Person\",\"@id\":\"https:\/\/experienciadevida.com.ar\/portalurbano\/#\/schema\/person\/02dd326b1c4b056e9cc972486934a3a7\",\"name\":\"admpu17wp\",\"image\":{\"@type\":\"ImageObject\",\"inLanguage\":\"es\",\"@id\":\"https:\/\/experienciadevida.com.ar\/portalurbano\/#\/schema\/person\/image\/\",\"url\":\"https:\/\/secure.gravatar.com\/avatar\/830d4c57adaae6630765e449a6908047?s=96&d=mm&r=g\",\"contentUrl\":\"https:\/\/secure.gravatar.com\/avatar\/830d4c57adaae6630765e449a6908047?s=96&d=mm&r=g\",\"caption\":\"admpu17wp\"}}]}<\/script>\n<!-- \/ Yoast SEO plugin. -->","yoast_head_json":{"title":"Retuvieron 7 veh\u00edculos en operativos de control de seguridad vial","description":"Retuvieron 7 veh\u00edculos en operativos de control de Seguridad Vial, as\u00ed lo informaron desde la Subsecretar\u00eda de Seguridad","robots":{"index":"index","follow":"follow","max-snippet":"max-snippet:-1","max-image-preview":"max-image-preview:large","max-video-preview":"max-video-preview:-1"},"canonical":"https:\/\/experienciadevida.com.ar\/portalurbano\/retuvieron-7-vehiculos-en-operativos-de-control-de-seguridad-vial\/","og_locale":"es_ES","og_type":"article","og_title":"Retuvieron 7 veh\u00edculos en operativos de control de seguridad vial","og_description":"Retuvieron 7 veh\u00edculos en operativos de control de Seguridad Vial, as\u00ed lo informaron desde la Subsecretar\u00eda de Seguridad","og_url":"https:\/\/experienciadevida.com.ar\/portalurbano\/retuvieron-7-vehiculos-en-operativos-de-control-de-seguridad-vial\/","article_publisher":"https:\/\/www.facebook.com\/Portal-Urbano-171542830093757\/","article_published_time":"2022-07-12T16:41:25+00:00","article_modified_time":"2022-07-12T16:44:45+00:00","og_image":[{"width":1772,"height":1181,"url":"https:\/\/experienciadevida.com.ar\/portalurbano\/wp-content\/uploads\/2022\/07\/Retuvieron-7-vehiculos-en.jpg","type":"image\/jpeg"}],"author":"admpu17wp","twitter_card":"summary_large_image","twitter_creator":"@portalurbanook","twitter_site":"@portalurbanook","twitter_misc":{"Escrito por":"admpu17wp","Tiempo de lectura":"2 minutos"},"schema":{"@context":"https:\/\/schema.org","@graph":[{"@type":"Article","@id":"https:\/\/experienciadevida.com.ar\/portalurbano\/retuvieron-7-vehiculos-en-operativos-de-control-de-seguridad-vial\/#article","isPartOf":{"@id":"https:\/\/experienciadevida.com.ar\/portalurbano\/retuvieron-7-vehiculos-en-operativos-de-control-de-seguridad-vial\/"},"author":{"name":"admpu17wp","@id":"https:\/\/experienciadevida.com.ar\/portalurbano\/#\/schema\/person\/02dd326b1c4b056e9cc972486934a3a7"},"headline":"Retuvieron 7 veh\u00edculos en operativos de control de Seguridad Vial","datePublished":"2022-07-12T16:41:25+00:00","dateModified":"2022-07-12T16:44:45+00:00","mainEntityOfPage":{"@id":"https:\/\/experienciadevida.com.ar\/portalurbano\/retuvieron-7-vehiculos-en-operativos-de-control-de-seguridad-vial\/"},"wordCount":341,"publisher":{"@id":"https:\/\/experienciadevida.com.ar\/portalurbano\/#organization"},"articleSection":["Ciudad","Destacadas 2"],"inLanguage":"es"},{"@type":"WebPage","@id":"https:\/\/experienciadevida.com.ar\/portalurbano\/retuvieron-7-vehiculos-en-operativos-de-control-de-seguridad-vial\/","url":"https:\/\/experienciadevida.com.ar\/portalurbano\/retuvieron-7-vehiculos-en-operativos-de-control-de-seguridad-vial\/","name":"Retuvieron 7 veh\u00edculos en operativos de control de seguridad vial","isPartOf":{"@id":"https:\/\/experienciadevida.com.ar\/portalurbano\/#website"},"datePublished":"2022-07-12T16:41:25+00:00","dateModified":"2022-07-12T16:44:45+00:00","description":"Retuvieron 7 veh\u00edculos en operativos de control de Seguridad Vial, as\u00ed lo informaron desde la Subsecretar\u00eda de Seguridad","breadcrumb":{"@id":"https:\/\/experienciadevida.com.ar\/portalurbano\/retuvieron-7-vehiculos-en-operativos-de-control-de-seguridad-vial\/#breadcrumb"},"inLanguage":"es","potentialAction":[{"@type":"ReadAction","target":["https:\/\/experienciadevida.com.ar\/portalurbano\/retuvieron-7-vehiculos-en-operativos-de-control-de-seguridad-vial\/"]}]},{"@type":"BreadcrumbList","@id":"https:\/\/experienciadevida.com.ar\/portalurbano\/retuvieron-7-vehiculos-en-operativos-de-control-de-seguridad-vial\/#breadcrumb","itemListElement":[{"@type":"ListItem","position":1,"name":"Portada","item":"https:\/\/experienciadevida.com.ar\/portalurbano\/"},{"@type":"ListItem","position":2,"name":"Retuvieron 7 veh\u00edculos en operativos de control de Seguridad Vial"}]},{"@type":"WebSite","@id":"https:\/\/experienciadevida.com.ar\/portalurbano\/#website","url":"https:\/\/experienciadevida.com.ar\/portalurbano\/","name":"","description":"","publisher":{"@id":"https:\/\/experienciadevida.com.ar\/portalurbano\/#organization"},"potentialAction":[{"@type":"SearchAction","target":{"@type":"EntryPoint","urlTemplate":"https:\/\/experienciadevida.com.ar\/portalurbano\/?s={search_term_string}"},"query-input":"required name=search_term_string"}],"inLanguage":"es"},{"@type":"Organization","@id":"https:\/\/experienciadevida.com.ar\/portalurbano\/#organization","name":"Portal Urbano","url":"https:\/\/experienciadevida.com.ar\/portalurbano\/","logo":{"@type":"ImageObject","inLanguage":"es","@id":"https:\/\/experienciadevida.com.ar\/portalurbano\/#\/schema\/logo\/image\/","url":"https:\/\/experienciadevida.com.ar\/portalurbano\/wp-content\/uploads\/2019\/09\/Logo-Original.png","contentUrl":"https:\/\/experienciadevida.com.ar\/portalurbano\/wp-content\/uploads\/2019\/09\/Logo-Original.png","width":2236,"height":1216,"caption":"Portal Urbano"},"image":{"@id":"https:\/\/experienciadevida.com.ar\/portalurbano\/#\/schema\/logo\/image\/"},"sameAs":["https:\/\/www.facebook.com\/Portal-Urbano-171542830093757\/","https:\/\/twitter.com\/portalurbanook","https:\/\/www.instagram.com\/_portalurbano\/","https:\/\/www.youtube.com\/channel\/UCXhagIfszH8KxFiOok79zbA?view_as=subscriber"]},{"@type":"Person","@id":"https:\/\/experienciadevida.com.ar\/portalurbano\/#\/schema\/person\/02dd326b1c4b056e9cc972486934a3a7","name":"admpu17wp","image":{"@type":"ImageObject","inLanguage":"es","@id":"https:\/\/experienciadevida.com.ar\/portalurbano\/#\/schema\/person\/image\/","url":"https:\/\/secure.gravatar.com\/avatar\/830d4c57adaae6630765e449a6908047?s=96&d=mm&r=g","contentUrl":"https:\/\/secure.gravatar.com\/avatar\/830d4c57adaae6630765e449a6908047?s=96&d=mm&r=g","caption":"admpu17wp"}}]}},"featured_image_urls":{"full":["https:\/\/experienciadevida.com.ar\/portalurbano\/wp-content\/uploads\/2022\/07\/Retuvieron-7-vehiculos-en.jpg",1772,1181,false],"thumbnail":["https:\/\/experienciadevida.com.ar\/portalurbano\/wp-content\/uploads\/2022\/07\/Retuvieron-7-vehiculos-en-150x150.jpg",150,150,true],"medium":["https:\/\/experienciadevida.com.ar\/portalurbano\/wp-content\/uploads\/2022\/07\/Retuvieron-7-vehiculos-en-300x200.jpg",300,200,true],"medium_large":["https:\/\/experienciadevida.com.ar\/portalurbano\/wp-content\/uploads\/2022\/07\/Retuvieron-7-vehiculos-en-768x512.jpg",640,427,true],"large":["https:\/\/experienciadevida.com.ar\/portalurbano\/wp-content\/uploads\/2022\/07\/Retuvieron-7-vehiculos-en-1024x682.jpg",640,426,true],"ug_big":["https:\/\/experienciadevida.com.ar\/portalurbano\/wp-content\/uploads\/2022\/07\/Retuvieron-7-vehiculos-en-768x512.jpg",768,512,true],"1536x1536":["https:\/\/experienciadevida.com.ar\/portalurbano\/wp-content\/uploads\/2022\/07\/Retuvieron-7-vehiculos-en-1536x1024.jpg",1536,1024,true],"2048x2048":["https:\/\/experienciadevida.com.ar\/portalurbano\/wp-content\/uploads\/2022\/07\/Retuvieron-7-vehiculos-en.jpg",1772,1181,false],"newsever-slider-full":["https:\/\/experienciadevida.com.ar\/portalurbano\/wp-content\/uploads\/2022\/07\/Retuvieron-7-vehiculos-en.jpg",1268,845,false],"newsever-featured":["https:\/\/experienciadevida.com.ar\/portalurbano\/wp-content\/uploads\/2022\/07\/Retuvieron-7-vehiculos-en.jpg",1024,682,false],"newsever-medium":["https:\/\/experienciadevida.com.ar\/portalurbano\/wp-content\/uploads\/2022\/07\/Retuvieron-7-vehiculos-en.jpg",713,475,false],"web-stories-poster-portrait":["https:\/\/experienciadevida.com.ar\/portalurbano\/wp-content\/uploads\/2022\/07\/Retuvieron-7-vehiculos-en.jpg",640,427,false],"web-stories-publisher-logo":["https:\/\/experienciadevida.com.ar\/portalurbano\/wp-content\/uploads\/2022\/07\/Retuvieron-7-vehiculos-en.jpg",96,64,false],"web-stories-thumbnail":["https:\/\/experienciadevida.com.ar\/portalurbano\/wp-content\/uploads\/2022\/07\/Retuvieron-7-vehiculos-en.jpg",150,100,false]},"author_info":{"display_name":"admpu17wp","author_link":"https:\/\/experienciadevida.com.ar\/portalurbano\/author\/admpu17wp\/"},"category_info":"<a href=\"https:\/\/experienciadevida.com.ar\/portalurbano\/category\/ciudad\/\" rel=\"category tag\">Ciudad<\/a> <a href=\"https:\/\/experienciadevida.com.ar\/portalurbano\/category\/destacadas-2\/\" rel=\"category tag\">Destacadas 2<\/a>","tag_info":"Destacadas 2","comment_count":"0","amp_enabled":true,"_links":{"self":[{"href":"https:\/\/experienciadevida.com.ar\/portalurbano\/wp-json\/wp\/v2\/posts\/171247"}],"collection":[{"href":"https:\/\/experienciadevida.com.ar\/portalurbano\/wp-json\/wp\/v2\/posts"}],"about":[{"href":"https:\/\/experienciadevida.com.ar\/portalurbano\/wp-json\/wp\/v2\/types\/post"}],"author":[{"embeddable":true,"href":"https:\/\/experienciadevida.com.ar\/portalurbano\/wp-json\/wp\/v2\/users\/1"}],"replies":[{"embeddable":true,"href":"https:\/\/experienciadevida.com.ar\/portalurbano\/wp-json\/wp\/v2\/comments?post=171247"}],"version-history":[{"count":2,"href":"https:\/\/experienciadevida.com.ar\/portalurbano\/wp-json\/wp\/v2\/posts\/171247\/revisions"}],"predecessor-version":[{"id":171251,"href":"https:\/\/experienciadevida.com.ar\/portalurbano\/wp-json\/wp\/v2\/posts\/171247\/revisions\/171251"}],"wp:featuredmedia":[{"embeddable":true,"href":"https:\/\/experienciadevida.com.ar\/portalurbano\/wp-json\/wp\/v2\/media\/171248"}],"wp:attachment":[{"href":"https:\/\/experienciadevida.com.ar\/portalurbano\/wp-json\/wp\/v2\/media?parent=171247"}],"wp:term":[{"taxonomy":"category","embeddable":true,"href":"https:\/\/experienciadevida.com.ar\/portalurbano\/wp-json\/wp\/v2\/categories?post=171247"},{"taxonomy":"post_tag","embeddable":true,"href":"https:\/\/experienciadevida.com.ar\/portalurbano\/wp-json\/wp\/v2\/tags?post=171247"}],"curies":[{"name":"wp","href":"https:\/\/api.w.org\/{rel}","templated":true}]}}