{"id":171229,"date":"2022-07-12T09:08:10","date_gmt":"2022-07-12T12:08:10","guid":{"rendered":"https:\/\/experienciadevida.com.ar\/portalurbano\/?p=171229"},"modified":"2022-07-12T09:16:03","modified_gmt":"2022-07-12T12:16:03","slug":"nueva-fecha-del-bus-turistico","status":"publish","type":"post","link":"https:\/\/experienciadevida.com.ar\/portalurbano\/nueva-fecha-del-bus-turistico\/","title":{"rendered":"Nueva fecha del Bus Tur\u00edstico"},"content":{"rendered":"<p>Nueva fecha del Bus Tur\u00edstico, desde la Secretar\u00eda de Desarrollo Econ\u00f3mico, a trav\u00e9s de la Direcci\u00f3n de Turismo, se informa que el pr\u00f3ximo s\u00e1bado se llevar\u00e1 a cabo un nuevo Bus Tur\u00edstico, debido a la gran demanda de la primera edici\u00f3n llevada a cabo el pasado mes de junio.<\/p>\n<p>La propuesta permite conocer los puntos tur\u00edsticos y de inter\u00e9s de la ciudad junto a sus localidades, de manera c\u00f3moda y atractiva. Se agreg\u00f3 que se opt\u00f3 por volver a realizar el circuito \u00abEntre Sierras\u00bb con el fin de que m\u00e1s vecinos puedan disfrutar de este recorrido.<\/p>\n<p>Al igual que en la edici\u00f3n anterior, se partir\u00e1 desde el Paseo Padre Jes\u00fas Mend\u00eda y recorrer\u00e1 diferentes puntos de inter\u00e9s relativos a la historia de picapedreros y su patrimonio arquitect\u00f3nico, el granito rojo, los pueblos originarios, antiguas caleras y cerros con vista panor\u00e1mica.<\/p>\n<p>Se realizar\u00e1n 5 descensos en distintos puntos, tales como la cantera La Clocha, el Complejo Gregorini e Iglesia Santa Luc\u00eda, Parque La Hormiga (donde habr\u00e1 tiempo libre para disfrutar del espacio), cerro Aguirre y por \u00faltimo el Monte de los Fresnos.<\/p>\n<p>La salida ser\u00e1 el S\u00e1bado 16 de Julio, y la duraci\u00f3n del recorrido ser\u00e1 de 4 horas. El punto de encuentro ser\u00e1 el Paseo Padre Jes\u00fas Mend\u00eda a las 13:40 horas. El circuito arrancar\u00e1 a las 14.00 horas, regresando a las 18:00 horas aproximadamente.<\/p>\n<p>Pre-Inscripci\u00f3n:<\/p>\n<p>Para la preinscripci\u00f3n habr\u00e1 dos medios habilitados: a trav\u00e9s del formulario online https:\/\/bit.ly\/BUSTURISTICO-16JULIO o telef\u00f3nicamente al fijo de la oficina de Turismo de Olavarr\u00eda (02284) 480023 en la franja horaria de 7 a 14 horas. Tanto el formulario como la preinscripci\u00f3n telef\u00f3nica estar\u00e1n habilitadas a partir de este mi\u00e9rcoles 13 de Julio, a las 10 horas.<\/p>\n<p>Cabe destacar que aquellas personas que no pudieron asistir en la edici\u00f3n anterior por cupos llenos deber\u00e1n inscribirse nuevamente.<\/p>\n<p>Tambi\u00e9n podr\u00e1n encontrar esta informaci\u00f3n y el link de preinscripci\u00f3n en nuestros canales de comunicaci\u00f3n oficiales: Instagram: @Olavarria Turismo , Facebook: @disfrutaolavarria<\/p>\n<p>Ante cualquier duda o consulta se pueden comunicar al tel\u00e9fono (02284) 480023, nuestro E-mail: turismo@olavarria.gov.ar, y nuestro WhatsApp (02284) 695796.<\/p>\n<p>&nbsp;<\/p>\n","protected":false},"excerpt":{"rendered":"<p>Nueva fecha del Bus Tur\u00edstico, desde la Secretar\u00eda de Desarrollo Econ\u00f3mico, a trav\u00e9s de la&#8230;<\/p>\n","protected":false},"author":1,"featured_media":171230,"comment_status":"closed","ping_status":"closed","sticky":false,"template":"","format":"standard","meta":{"content-type":""},"categories":[27,64],"tags":[],"nelio_content":{"isAutoShareEnabled":false,"autoShareEndMode":"default","automationSources":{"useContentSentences":true,"useSocialTemplates":true,"useCustomSentences":false,"customSentences":[]},"followers":[1],"suggestedReferences":[],"includedReferences":[],"efiUrl":"","efiAlt":"","highlights":[]},"yoast_head":"<!-- This site is optimized with the Yoast SEO plugin v20.7 - https:\/\/yoast.com\/wordpress\/plugins\/seo\/ -->\n<title>Nueva fecha del Bus Tur\u00edstico<\/title>\n<meta name=\"description\" content=\"Nueva fecha del Bus Tur\u00edstico, desde la Secretar\u00eda de Desarrollo Econ\u00f3mico, a trav\u00e9s de la Direcci\u00f3n de Turismo se informa\" \/>\n<meta name=\"robots\" content=\"index, follow, max-snippet:-1, max-image-preview:large, max-video-preview:-1\" \/>\n<link rel=\"canonical\" href=\"https:\/\/experienciadevida.com.ar\/portalurbano\/nueva-fecha-del-bus-turistico\/\" \/>\n<meta property=\"og:locale\" content=\"es_ES\" \/>\n<meta property=\"og:type\" content=\"article\" \/>\n<meta property=\"og:title\" content=\"Nueva fecha del Bus Tur\u00edstico\" \/>\n<meta property=\"og:description\" content=\"Nueva fecha del Bus Tur\u00edstico, desde la Secretar\u00eda de Desarrollo Econ\u00f3mico, a trav\u00e9s de la Direcci\u00f3n de Turismo se informa\" \/>\n<meta property=\"og:url\" content=\"https:\/\/experienciadevida.com.ar\/portalurbano\/nueva-fecha-del-bus-turistico\/\" \/>\n<meta property=\"article:publisher\" content=\"https:\/\/www.facebook.com\/Portal-Urbano-171542830093757\/\" \/>\n<meta property=\"article:published_time\" content=\"2022-07-12T12:08:10+00:00\" \/>\n<meta property=\"article:modified_time\" content=\"2022-07-12T12:16:03+00:00\" \/>\n<meta property=\"og:image\" content=\"https:\/\/experienciadevida.com.ar\/portalurbano\/wp-content\/uploads\/2022\/07\/Nueva-fecha-del-Bus.jpg\" \/>\n\t<meta property=\"og:image:width\" content=\"1024\" \/>\n\t<meta property=\"og:image:height\" content=\"682\" \/>\n\t<meta property=\"og:image:type\" content=\"image\/jpeg\" \/>\n<meta name=\"author\" content=\"admpu17wp\" \/>\n<meta name=\"twitter:card\" content=\"summary_large_image\" \/>\n<meta name=\"twitter:creator\" content=\"@portalurbanook\" \/>\n<meta name=\"twitter:site\" content=\"@portalurbanook\" \/>\n<meta name=\"twitter:label1\" content=\"Escrito por\" \/>\n\t<meta name=\"twitter:data1\" content=\"admpu17wp\" \/>\n\t<meta name=\"twitter:label2\" content=\"Tiempo de lectura\" \/>\n\t<meta name=\"twitter:data2\" content=\"2 minutos\" \/>\n<script type=\"application\/ld+json\" class=\"yoast-schema-graph\">{\"@context\":\"https:\/\/schema.org\",\"@graph\":[{\"@type\":\"Article\",\"@id\":\"https:\/\/experienciadevida.com.ar\/portalurbano\/nueva-fecha-del-bus-turistico\/#article\",\"isPartOf\":{\"@id\":\"https:\/\/experienciadevida.com.ar\/portalurbano\/nueva-fecha-del-bus-turistico\/\"},\"author\":{\"name\":\"admpu17wp\",\"@id\":\"https:\/\/experienciadevida.com.ar\/portalurbano\/#\/schema\/person\/02dd326b1c4b056e9cc972486934a3a7\"},\"headline\":\"Nueva fecha del Bus Tur\u00edstico\",\"datePublished\":\"2022-07-12T12:08:10+00:00\",\"dateModified\":\"2022-07-12T12:16:03+00:00\",\"mainEntityOfPage\":{\"@id\":\"https:\/\/experienciadevida.com.ar\/portalurbano\/nueva-fecha-del-bus-turistico\/\"},\"wordCount\":382,\"publisher\":{\"@id\":\"https:\/\/experienciadevida.com.ar\/portalurbano\/#organization\"},\"articleSection\":[\"Ciudad\",\"Destacadas 2\"],\"inLanguage\":\"es\"},{\"@type\":\"WebPage\",\"@id\":\"https:\/\/experienciadevida.com.ar\/portalurbano\/nueva-fecha-del-bus-turistico\/\",\"url\":\"https:\/\/experienciadevida.com.ar\/portalurbano\/nueva-fecha-del-bus-turistico\/\",\"name\":\"Nueva fecha del Bus Tur\u00edstico\",\"isPartOf\":{\"@id\":\"https:\/\/experienciadevida.com.ar\/portalurbano\/#website\"},\"datePublished\":\"2022-07-12T12:08:10+00:00\",\"dateModified\":\"2022-07-12T12:16:03+00:00\",\"description\":\"Nueva fecha del Bus Tur\u00edstico, desde la Secretar\u00eda de Desarrollo Econ\u00f3mico, a trav\u00e9s de la Direcci\u00f3n de Turismo se informa\",\"breadcrumb\":{\"@id\":\"https:\/\/experienciadevida.com.ar\/portalurbano\/nueva-fecha-del-bus-turistico\/#breadcrumb\"},\"inLanguage\":\"es\",\"potentialAction\":[{\"@type\":\"ReadAction\",\"target\":[\"https:\/\/experienciadevida.com.ar\/portalurbano\/nueva-fecha-del-bus-turistico\/\"]}]},{\"@type\":\"BreadcrumbList\",\"@id\":\"https:\/\/experienciadevida.com.ar\/portalurbano\/nueva-fecha-del-bus-turistico\/#breadcrumb\",\"itemListElement\":[{\"@type\":\"ListItem\",\"position\":1,\"name\":\"Portada\",\"item\":\"https:\/\/experienciadevida.com.ar\/portalurbano\/\"},{\"@type\":\"ListItem\",\"position\":2,\"name\":\"Nueva fecha del Bus Tur\u00edstico\"}]},{\"@type\":\"WebSite\",\"@id\":\"https:\/\/experienciadevida.com.ar\/portalurbano\/#website\",\"url\":\"https:\/\/experienciadevida.com.ar\/portalurbano\/\",\"name\":\"\",\"description\":\"\",\"publisher\":{\"@id\":\"https:\/\/experienciadevida.com.ar\/portalurbano\/#organization\"},\"potentialAction\":[{\"@type\":\"SearchAction\",\"target\":{\"@type\":\"EntryPoint\",\"urlTemplate\":\"https:\/\/experienciadevida.com.ar\/portalurbano\/?s={search_term_string}\"},\"query-input\":\"required name=search_term_string\"}],\"inLanguage\":\"es\"},{\"@type\":\"Organization\",\"@id\":\"https:\/\/experienciadevida.com.ar\/portalurbano\/#organization\",\"name\":\"Portal Urbano\",\"url\":\"https:\/\/experienciadevida.com.ar\/portalurbano\/\",\"logo\":{\"@type\":\"ImageObject\",\"inLanguage\":\"es\",\"@id\":\"https:\/\/experienciadevida.com.ar\/portalurbano\/#\/schema\/logo\/image\/\",\"url\":\"https:\/\/experienciadevida.com.ar\/portalurbano\/wp-content\/uploads\/2019\/09\/Logo-Original.png\",\"contentUrl\":\"https:\/\/experienciadevida.com.ar\/portalurbano\/wp-content\/uploads\/2019\/09\/Logo-Original.png\",\"width\":2236,\"height\":1216,\"caption\":\"Portal Urbano\"},\"image\":{\"@id\":\"https:\/\/experienciadevida.com.ar\/portalurbano\/#\/schema\/logo\/image\/\"},\"sameAs\":[\"https:\/\/www.facebook.com\/Portal-Urbano-171542830093757\/\",\"https:\/\/twitter.com\/portalurbanook\",\"https:\/\/www.instagram.com\/_portalurbano\/\",\"https:\/\/www.youtube.com\/channel\/UCXhagIfszH8KxFiOok79zbA?view_as=subscriber\"]},{\"@type\":\"Person\",\"@id\":\"https:\/\/experienciadevida.com.ar\/portalurbano\/#\/schema\/person\/02dd326b1c4b056e9cc972486934a3a7\",\"name\":\"admpu17wp\",\"image\":{\"@type\":\"ImageObject\",\"inLanguage\":\"es\",\"@id\":\"https:\/\/experienciadevida.com.ar\/portalurbano\/#\/schema\/person\/image\/\",\"url\":\"https:\/\/secure.gravatar.com\/avatar\/830d4c57adaae6630765e449a6908047?s=96&d=mm&r=g\",\"contentUrl\":\"https:\/\/secure.gravatar.com\/avatar\/830d4c57adaae6630765e449a6908047?s=96&d=mm&r=g\",\"caption\":\"admpu17wp\"}}]}<\/script>\n<!-- \/ Yoast SEO plugin. -->","yoast_head_json":{"title":"Nueva fecha del Bus Tur\u00edstico","description":"Nueva fecha del Bus Tur\u00edstico, desde la Secretar\u00eda de Desarrollo Econ\u00f3mico, a trav\u00e9s de la Direcci\u00f3n de Turismo se informa","robots":{"index":"index","follow":"follow","max-snippet":"max-snippet:-1","max-image-preview":"max-image-preview:large","max-video-preview":"max-video-preview:-1"},"canonical":"https:\/\/experienciadevida.com.ar\/portalurbano\/nueva-fecha-del-bus-turistico\/","og_locale":"es_ES","og_type":"article","og_title":"Nueva fecha del Bus Tur\u00edstico","og_description":"Nueva fecha del Bus Tur\u00edstico, desde la Secretar\u00eda de Desarrollo Econ\u00f3mico, a trav\u00e9s de la Direcci\u00f3n de Turismo se informa","og_url":"https:\/\/experienciadevida.com.ar\/portalurbano\/nueva-fecha-del-bus-turistico\/","article_publisher":"https:\/\/www.facebook.com\/Portal-Urbano-171542830093757\/","article_published_time":"2022-07-12T12:08:10+00:00","article_modified_time":"2022-07-12T12:16:03+00:00","og_image":[{"width":1024,"height":682,"url":"https:\/\/experienciadevida.com.ar\/portalurbano\/wp-content\/uploads\/2022\/07\/Nueva-fecha-del-Bus.jpg","type":"image\/jpeg"}],"author":"admpu17wp","twitter_card":"summary_large_image","twitter_creator":"@portalurbanook","twitter_site":"@portalurbanook","twitter_misc":{"Escrito por":"admpu17wp","Tiempo de lectura":"2 minutos"},"schema":{"@context":"https:\/\/schema.org","@graph":[{"@type":"Article","@id":"https:\/\/experienciadevida.com.ar\/portalurbano\/nueva-fecha-del-bus-turistico\/#article","isPartOf":{"@id":"https:\/\/experienciadevida.com.ar\/portalurbano\/nueva-fecha-del-bus-turistico\/"},"author":{"name":"admpu17wp","@id":"https:\/\/experienciadevida.com.ar\/portalurbano\/#\/schema\/person\/02dd326b1c4b056e9cc972486934a3a7"},"headline":"Nueva fecha del Bus Tur\u00edstico","datePublished":"2022-07-12T12:08:10+00:00","dateModified":"2022-07-12T12:16:03+00:00","mainEntityOfPage":{"@id":"https:\/\/experienciadevida.com.ar\/portalurbano\/nueva-fecha-del-bus-turistico\/"},"wordCount":382,"publisher":{"@id":"https:\/\/experienciadevida.com.ar\/portalurbano\/#organization"},"articleSection":["Ciudad","Destacadas 2"],"inLanguage":"es"},{"@type":"WebPage","@id":"https:\/\/experienciadevida.com.ar\/portalurbano\/nueva-fecha-del-bus-turistico\/","url":"https:\/\/experienciadevida.com.ar\/portalurbano\/nueva-fecha-del-bus-turistico\/","name":"Nueva fecha del Bus Tur\u00edstico","isPartOf":{"@id":"https:\/\/experienciadevida.com.ar\/portalurbano\/#website"},"datePublished":"2022-07-12T12:08:10+00:00","dateModified":"2022-07-12T12:16:03+00:00","description":"Nueva fecha del Bus Tur\u00edstico, desde la Secretar\u00eda de Desarrollo Econ\u00f3mico, a trav\u00e9s de la Direcci\u00f3n de Turismo se informa","breadcrumb":{"@id":"https:\/\/experienciadevida.com.ar\/portalurbano\/nueva-fecha-del-bus-turistico\/#breadcrumb"},"inLanguage":"es","potentialAction":[{"@type":"ReadAction","target":["https:\/\/experienciadevida.com.ar\/portalurbano\/nueva-fecha-del-bus-turistico\/"]}]},{"@type":"BreadcrumbList","@id":"https:\/\/experienciadevida.com.ar\/portalurbano\/nueva-fecha-del-bus-turistico\/#breadcrumb","itemListElement":[{"@type":"ListItem","position":1,"name":"Portada","item":"https:\/\/experienciadevida.com.ar\/portalurbano\/"},{"@type":"ListItem","position":2,"name":"Nueva fecha del Bus Tur\u00edstico"}]},{"@type":"WebSite","@id":"https:\/\/experienciadevida.com.ar\/portalurbano\/#website","url":"https:\/\/experienciadevida.com.ar\/portalurbano\/","name":"","description":"","publisher":{"@id":"https:\/\/experienciadevida.com.ar\/portalurbano\/#organization"},"potentialAction":[{"@type":"SearchAction","target":{"@type":"EntryPoint","urlTemplate":"https:\/\/experienciadevida.com.ar\/portalurbano\/?s={search_term_string}"},"query-input":"required name=search_term_string"}],"inLanguage":"es"},{"@type":"Organization","@id":"https:\/\/experienciadevida.com.ar\/portalurbano\/#organization","name":"Portal Urbano","url":"https:\/\/experienciadevida.com.ar\/portalurbano\/","logo":{"@type":"ImageObject","inLanguage":"es","@id":"https:\/\/experienciadevida.com.ar\/portalurbano\/#\/schema\/logo\/image\/","url":"https:\/\/experienciadevida.com.ar\/portalurbano\/wp-content\/uploads\/2019\/09\/Logo-Original.png","contentUrl":"https:\/\/experienciadevida.com.ar\/portalurbano\/wp-content\/uploads\/2019\/09\/Logo-Original.png","width":2236,"height":1216,"caption":"Portal Urbano"},"image":{"@id":"https:\/\/experienciadevida.com.ar\/portalurbano\/#\/schema\/logo\/image\/"},"sameAs":["https:\/\/www.facebook.com\/Portal-Urbano-171542830093757\/","https:\/\/twitter.com\/portalurbanook","https:\/\/www.instagram.com\/_portalurbano\/","https:\/\/www.youtube.com\/channel\/UCXhagIfszH8KxFiOok79zbA?view_as=subscriber"]},{"@type":"Person","@id":"https:\/\/experienciadevida.com.ar\/portalurbano\/#\/schema\/person\/02dd326b1c4b056e9cc972486934a3a7","name":"admpu17wp","image":{"@type":"ImageObject","inLanguage":"es","@id":"https:\/\/experienciadevida.com.ar\/portalurbano\/#\/schema\/person\/image\/","url":"https:\/\/secure.gravatar.com\/avatar\/830d4c57adaae6630765e449a6908047?s=96&d=mm&r=g","contentUrl":"https:\/\/secure.gravatar.com\/avatar\/830d4c57adaae6630765e449a6908047?s=96&d=mm&r=g","caption":"admpu17wp"}}]}},"featured_image_urls":{"full":["https:\/\/experienciadevida.com.ar\/portalurbano\/wp-content\/uploads\/2022\/07\/Nueva-fecha-del-Bus.jpg",1024,682,false],"thumbnail":["https:\/\/experienciadevida.com.ar\/portalurbano\/wp-content\/uploads\/2022\/07\/Nueva-fecha-del-Bus-150x150.jpg",150,150,true],"medium":["https:\/\/experienciadevida.com.ar\/portalurbano\/wp-content\/uploads\/2022\/07\/Nueva-fecha-del-Bus-300x200.jpg",300,200,true],"medium_large":["https:\/\/experienciadevida.com.ar\/portalurbano\/wp-content\/uploads\/2022\/07\/Nueva-fecha-del-Bus-768x512.jpg",640,427,true],"large":["https:\/\/experienciadevida.com.ar\/portalurbano\/wp-content\/uploads\/2022\/07\/Nueva-fecha-del-Bus.jpg",640,426,false],"ug_big":["https:\/\/experienciadevida.com.ar\/portalurbano\/wp-content\/uploads\/2022\/07\/Nueva-fecha-del-Bus-768x512.jpg",768,512,true],"1536x1536":["https:\/\/experienciadevida.com.ar\/portalurbano\/wp-content\/uploads\/2022\/07\/Nueva-fecha-del-Bus.jpg",1024,682,false],"2048x2048":["https:\/\/experienciadevida.com.ar\/portalurbano\/wp-content\/uploads\/2022\/07\/Nueva-fecha-del-Bus.jpg",1024,682,false],"newsever-slider-full":["https:\/\/experienciadevida.com.ar\/portalurbano\/wp-content\/uploads\/2022\/07\/Nueva-fecha-del-Bus.jpg",1024,682,false],"newsever-featured":["https:\/\/experienciadevida.com.ar\/portalurbano\/wp-content\/uploads\/2022\/07\/Nueva-fecha-del-Bus.jpg",1024,682,false],"newsever-medium":["https:\/\/experienciadevida.com.ar\/portalurbano\/wp-content\/uploads\/2022\/07\/Nueva-fecha-del-Bus.jpg",713,475,false],"web-stories-poster-portrait":["https:\/\/experienciadevida.com.ar\/portalurbano\/wp-content\/uploads\/2022\/07\/Nueva-fecha-del-Bus.jpg",640,426,false],"web-stories-publisher-logo":["https:\/\/experienciadevida.com.ar\/portalurbano\/wp-content\/uploads\/2022\/07\/Nueva-fecha-del-Bus.jpg",96,64,false],"web-stories-thumbnail":["https:\/\/experienciadevida.com.ar\/portalurbano\/wp-content\/uploads\/2022\/07\/Nueva-fecha-del-Bus.jpg",150,100,false]},"author_info":{"display_name":"admpu17wp","author_link":"https:\/\/experienciadevida.com.ar\/portalurbano\/author\/admpu17wp\/"},"category_info":"<a href=\"https:\/\/experienciadevida.com.ar\/portalurbano\/category\/ciudad\/\" rel=\"category tag\">Ciudad<\/a> <a href=\"https:\/\/experienciadevida.com.ar\/portalurbano\/category\/destacadas-2\/\" rel=\"category tag\">Destacadas 2<\/a>","tag_info":"Destacadas 2","comment_count":"0","amp_enabled":true,"_links":{"self":[{"href":"https:\/\/experienciadevida.com.ar\/portalurbano\/wp-json\/wp\/v2\/posts\/171229"}],"collection":[{"href":"https:\/\/experienciadevida.com.ar\/portalurbano\/wp-json\/wp\/v2\/posts"}],"about":[{"href":"https:\/\/experienciadevida.com.ar\/portalurbano\/wp-json\/wp\/v2\/types\/post"}],"author":[{"embeddable":true,"href":"https:\/\/experienciadevida.com.ar\/portalurbano\/wp-json\/wp\/v2\/users\/1"}],"replies":[{"embeddable":true,"href":"https:\/\/experienciadevida.com.ar\/portalurbano\/wp-json\/wp\/v2\/comments?post=171229"}],"version-history":[{"count":1,"href":"https:\/\/experienciadevida.com.ar\/portalurbano\/wp-json\/wp\/v2\/posts\/171229\/revisions"}],"predecessor-version":[{"id":171231,"href":"https:\/\/experienciadevida.com.ar\/portalurbano\/wp-json\/wp\/v2\/posts\/171229\/revisions\/171231"}],"wp:featuredmedia":[{"embeddable":true,"href":"https:\/\/experienciadevida.com.ar\/portalurbano\/wp-json\/wp\/v2\/media\/171230"}],"wp:attachment":[{"href":"https:\/\/experienciadevida.com.ar\/portalurbano\/wp-json\/wp\/v2\/media?parent=171229"}],"wp:term":[{"taxonomy":"category","embeddable":true,"href":"https:\/\/experienciadevida.com.ar\/portalurbano\/wp-json\/wp\/v2\/categories?post=171229"},{"taxonomy":"post_tag","embeddable":true,"href":"https:\/\/experienciadevida.com.ar\/portalurbano\/wp-json\/wp\/v2\/tags?post=171229"}],"curies":[{"name":"wp","href":"https:\/\/api.w.org\/{rel}","templated":true}]}}