{"id":171213,"date":"2022-07-11T17:20:51","date_gmt":"2022-07-11T20:20:51","guid":{"rendered":"https:\/\/experienciadevida.com.ar\/portalurbano\/?p=171213"},"modified":"2022-07-11T17:21:17","modified_gmt":"2022-07-11T20:21:17","slug":"nueva-edicion-del-taller-crear-presente-en-el-centro-de-estudios-universitarios-de-cooplectric","status":"publish","type":"post","link":"https:\/\/experienciadevida.com.ar\/portalurbano\/nueva-edicion-del-taller-crear-presente-en-el-centro-de-estudios-universitarios-de-cooplectric\/","title":{"rendered":"Nueva edici\u00f3n del taller &#8220;crear presente&#8221; en el Centro de estudios Universitarios de Cooplectric"},"content":{"rendered":"<p>Nueva edici\u00f3n del taller &#8220;crear presente&#8221; en el Centro de estudios Universitarios de Cooplectric, en las instalaciones del Centro de Estudios Universitarios (CEU) de Coopelectric, el jueves 14 y el viernes 15 de julio de 17:30 a 19:30 hs.<br \/>\ntendr\u00e1 lugar una nueva edici\u00f3n del taller \u201cCrear presente\u201d coordinado por la coach profesional Mar\u00eda Celia Larraburu. En esta oportunidad las tem\u00e1ticas a trabajar ser\u00e1n \u201cEstados de \u00e1nimo\u201d y \u201cAutoestima\u201d.<\/p>\n<p>La modalidad de esta propuesta dirigida a la comunidad, consiste en un taller conversacional y din\u00e1mico que apunta a la reflexi\u00f3n en pos de modificar e impactar en el sistema personal o laboral, abordando diferentes aspectos y roles de los seres humanos, los v\u00ednculos y la interacci\u00f3n con el otro.<\/p>\n<p>Con eje en la escucha activa, el feedback, el respeto hacia las vivencias individuales y mediante la construcci\u00f3n de un espacio de confianza, la coach contribuir\u00e1 a identificar problem\u00e1ticas actuales y brindar\u00e1 las herramientas<br \/>\nnecesarias para posibilitar la acci\u00f3n al cambio con la finalidad de mejorar el presente de los participantes.<\/p>\n<p>Para consultar por disponibilidad, arancel del taller o para ampliar la informaci\u00f3n, los interesados podr\u00e1n contactarse al tel. 2284-636951, E-mail celiaolavarria@hotmail.com, Instagram: uncambio_en tu ser<\/p>\n","protected":false},"excerpt":{"rendered":"<p>Nueva edici\u00f3n del taller &#8220;crear presente&#8221; en el Centro de estudios Universitarios de Cooplectric, en&#8230;<\/p>\n","protected":false},"author":1,"featured_media":171214,"comment_status":"closed","ping_status":"closed","sticky":false,"template":"","format":"standard","meta":{"content-type":""},"categories":[31],"tags":[],"nelio_content":{"isAutoShareEnabled":false,"autoShareEndMode":"default","automationSources":{"useContentSentences":true,"useSocialTemplates":true,"useCustomSentences":false,"customSentences":[]},"followers":[1],"suggestedReferences":[],"includedReferences":[],"efiUrl":"","efiAlt":"","highlights":[]},"yoast_head":"<!-- This site is optimized with the Yoast SEO plugin v20.7 - https:\/\/yoast.com\/wordpress\/plugins\/seo\/ -->\n<title>Nueva edici\u00f3n del taller &quot;Crear presente&quot; en el Centro de estudios CEU<\/title>\n<meta name=\"description\" content=\"Nueva edici\u00f3n del taller &quot;crear presente&quot; en el Centro de estudios Universitarios de Cooplectric, en las instalaciones del CEU\" \/>\n<meta name=\"robots\" content=\"index, follow, max-snippet:-1, max-image-preview:large, max-video-preview:-1\" \/>\n<link rel=\"canonical\" href=\"https:\/\/experienciadevida.com.ar\/portalurbano\/nueva-edicion-del-taller-crear-presente-en-el-centro-de-estudios-universitarios-de-cooplectric\/\" \/>\n<meta property=\"og:locale\" content=\"es_ES\" \/>\n<meta property=\"og:type\" content=\"article\" \/>\n<meta property=\"og:title\" content=\"Nueva edici\u00f3n del taller &quot;Crear presente&quot; en el Centro de estudios CEU\" \/>\n<meta property=\"og:description\" content=\"Nueva edici\u00f3n del taller &quot;crear presente&quot; en el Centro de estudios Universitarios de Cooplectric, en las instalaciones del CEU\" \/>\n<meta property=\"og:url\" content=\"https:\/\/experienciadevida.com.ar\/portalurbano\/nueva-edicion-del-taller-crear-presente-en-el-centro-de-estudios-universitarios-de-cooplectric\/\" \/>\n<meta property=\"article:publisher\" content=\"https:\/\/www.facebook.com\/Portal-Urbano-171542830093757\/\" \/>\n<meta property=\"article:published_time\" content=\"2022-07-11T20:20:51+00:00\" \/>\n<meta property=\"article:modified_time\" content=\"2022-07-11T20:21:17+00:00\" \/>\n<meta property=\"og:image\" content=\"https:\/\/experienciadevida.com.ar\/portalurbano\/wp-content\/uploads\/2022\/07\/Nueva-edicion-del-taller.jpeg\" \/>\n\t<meta property=\"og:image:width\" content=\"675\" \/>\n\t<meta property=\"og:image:height\" content=\"722\" \/>\n\t<meta property=\"og:image:type\" content=\"image\/jpeg\" \/>\n<meta name=\"author\" content=\"admpu17wp\" \/>\n<meta name=\"twitter:card\" content=\"summary_large_image\" \/>\n<meta name=\"twitter:creator\" content=\"@portalurbanook\" \/>\n<meta name=\"twitter:site\" content=\"@portalurbanook\" \/>\n<meta name=\"twitter:label1\" content=\"Escrito por\" \/>\n\t<meta name=\"twitter:data1\" content=\"admpu17wp\" \/>\n\t<meta name=\"twitter:label2\" content=\"Tiempo de lectura\" \/>\n\t<meta name=\"twitter:data2\" content=\"1 minuto\" \/>\n<script type=\"application\/ld+json\" class=\"yoast-schema-graph\">{\"@context\":\"https:\/\/schema.org\",\"@graph\":[{\"@type\":\"Article\",\"@id\":\"https:\/\/experienciadevida.com.ar\/portalurbano\/nueva-edicion-del-taller-crear-presente-en-el-centro-de-estudios-universitarios-de-cooplectric\/#article\",\"isPartOf\":{\"@id\":\"https:\/\/experienciadevida.com.ar\/portalurbano\/nueva-edicion-del-taller-crear-presente-en-el-centro-de-estudios-universitarios-de-cooplectric\/\"},\"author\":{\"name\":\"admpu17wp\",\"@id\":\"https:\/\/experienciadevida.com.ar\/portalurbano\/#\/schema\/person\/02dd326b1c4b056e9cc972486934a3a7\"},\"headline\":\"Nueva edici\u00f3n del taller &#8220;crear presente&#8221; en el Centro de estudios Universitarios de Cooplectric\",\"datePublished\":\"2022-07-11T20:20:51+00:00\",\"dateModified\":\"2022-07-11T20:21:17+00:00\",\"mainEntityOfPage\":{\"@id\":\"https:\/\/experienciadevida.com.ar\/portalurbano\/nueva-edicion-del-taller-crear-presente-en-el-centro-de-estudios-universitarios-de-cooplectric\/\"},\"wordCount\":223,\"publisher\":{\"@id\":\"https:\/\/experienciadevida.com.ar\/portalurbano\/#organization\"},\"articleSection\":[\"Educaci\u00f3n\"],\"inLanguage\":\"es\"},{\"@type\":\"WebPage\",\"@id\":\"https:\/\/experienciadevida.com.ar\/portalurbano\/nueva-edicion-del-taller-crear-presente-en-el-centro-de-estudios-universitarios-de-cooplectric\/\",\"url\":\"https:\/\/experienciadevida.com.ar\/portalurbano\/nueva-edicion-del-taller-crear-presente-en-el-centro-de-estudios-universitarios-de-cooplectric\/\",\"name\":\"Nueva edici\u00f3n del taller \\\"Crear presente\\\" en el Centro de estudios CEU\",\"isPartOf\":{\"@id\":\"https:\/\/experienciadevida.com.ar\/portalurbano\/#website\"},\"datePublished\":\"2022-07-11T20:20:51+00:00\",\"dateModified\":\"2022-07-11T20:21:17+00:00\",\"description\":\"Nueva edici\u00f3n del taller \\\"crear presente\\\" en el Centro de estudios Universitarios de Cooplectric, en las instalaciones del CEU\",\"breadcrumb\":{\"@id\":\"https:\/\/experienciadevida.com.ar\/portalurbano\/nueva-edicion-del-taller-crear-presente-en-el-centro-de-estudios-universitarios-de-cooplectric\/#breadcrumb\"},\"inLanguage\":\"es\",\"potentialAction\":[{\"@type\":\"ReadAction\",\"target\":[\"https:\/\/experienciadevida.com.ar\/portalurbano\/nueva-edicion-del-taller-crear-presente-en-el-centro-de-estudios-universitarios-de-cooplectric\/\"]}]},{\"@type\":\"BreadcrumbList\",\"@id\":\"https:\/\/experienciadevida.com.ar\/portalurbano\/nueva-edicion-del-taller-crear-presente-en-el-centro-de-estudios-universitarios-de-cooplectric\/#breadcrumb\",\"itemListElement\":[{\"@type\":\"ListItem\",\"position\":1,\"name\":\"Portada\",\"item\":\"https:\/\/experienciadevida.com.ar\/portalurbano\/\"},{\"@type\":\"ListItem\",\"position\":2,\"name\":\"Nueva edici\u00f3n del taller \u00abcrear presente\u00bb en el Centro de estudios Universitarios de Cooplectric\"}]},{\"@type\":\"WebSite\",\"@id\":\"https:\/\/experienciadevida.com.ar\/portalurbano\/#website\",\"url\":\"https:\/\/experienciadevida.com.ar\/portalurbano\/\",\"name\":\"\",\"description\":\"\",\"publisher\":{\"@id\":\"https:\/\/experienciadevida.com.ar\/portalurbano\/#organization\"},\"potentialAction\":[{\"@type\":\"SearchAction\",\"target\":{\"@type\":\"EntryPoint\",\"urlTemplate\":\"https:\/\/experienciadevida.com.ar\/portalurbano\/?s={search_term_string}\"},\"query-input\":\"required name=search_term_string\"}],\"inLanguage\":\"es\"},{\"@type\":\"Organization\",\"@id\":\"https:\/\/experienciadevida.com.ar\/portalurbano\/#organization\",\"name\":\"Portal Urbano\",\"url\":\"https:\/\/experienciadevida.com.ar\/portalurbano\/\",\"logo\":{\"@type\":\"ImageObject\",\"inLanguage\":\"es\",\"@id\":\"https:\/\/experienciadevida.com.ar\/portalurbano\/#\/schema\/logo\/image\/\",\"url\":\"https:\/\/experienciadevida.com.ar\/portalurbano\/wp-content\/uploads\/2019\/09\/Logo-Original.png\",\"contentUrl\":\"https:\/\/experienciadevida.com.ar\/portalurbano\/wp-content\/uploads\/2019\/09\/Logo-Original.png\",\"width\":2236,\"height\":1216,\"caption\":\"Portal Urbano\"},\"image\":{\"@id\":\"https:\/\/experienciadevida.com.ar\/portalurbano\/#\/schema\/logo\/image\/\"},\"sameAs\":[\"https:\/\/www.facebook.com\/Portal-Urbano-171542830093757\/\",\"https:\/\/twitter.com\/portalurbanook\",\"https:\/\/www.instagram.com\/_portalurbano\/\",\"https:\/\/www.youtube.com\/channel\/UCXhagIfszH8KxFiOok79zbA?view_as=subscriber\"]},{\"@type\":\"Person\",\"@id\":\"https:\/\/experienciadevida.com.ar\/portalurbano\/#\/schema\/person\/02dd326b1c4b056e9cc972486934a3a7\",\"name\":\"admpu17wp\",\"image\":{\"@type\":\"ImageObject\",\"inLanguage\":\"es\",\"@id\":\"https:\/\/experienciadevida.com.ar\/portalurbano\/#\/schema\/person\/image\/\",\"url\":\"https:\/\/secure.gravatar.com\/avatar\/830d4c57adaae6630765e449a6908047?s=96&d=mm&r=g\",\"contentUrl\":\"https:\/\/secure.gravatar.com\/avatar\/830d4c57adaae6630765e449a6908047?s=96&d=mm&r=g\",\"caption\":\"admpu17wp\"}}]}<\/script>\n<!-- \/ Yoast SEO plugin. -->","yoast_head_json":{"title":"Nueva edici\u00f3n del taller \"Crear presente\" en el Centro de estudios CEU","description":"Nueva edici\u00f3n del taller \"crear presente\" en el Centro de estudios Universitarios de Cooplectric, en las instalaciones del CEU","robots":{"index":"index","follow":"follow","max-snippet":"max-snippet:-1","max-image-preview":"max-image-preview:large","max-video-preview":"max-video-preview:-1"},"canonical":"https:\/\/experienciadevida.com.ar\/portalurbano\/nueva-edicion-del-taller-crear-presente-en-el-centro-de-estudios-universitarios-de-cooplectric\/","og_locale":"es_ES","og_type":"article","og_title":"Nueva edici\u00f3n del taller \"Crear presente\" en el Centro de estudios CEU","og_description":"Nueva edici\u00f3n del taller \"crear presente\" en el Centro de estudios Universitarios de Cooplectric, en las instalaciones del CEU","og_url":"https:\/\/experienciadevida.com.ar\/portalurbano\/nueva-edicion-del-taller-crear-presente-en-el-centro-de-estudios-universitarios-de-cooplectric\/","article_publisher":"https:\/\/www.facebook.com\/Portal-Urbano-171542830093757\/","article_published_time":"2022-07-11T20:20:51+00:00","article_modified_time":"2022-07-11T20:21:17+00:00","og_image":[{"width":675,"height":722,"url":"https:\/\/experienciadevida.com.ar\/portalurbano\/wp-content\/uploads\/2022\/07\/Nueva-edicion-del-taller.jpeg","type":"image\/jpeg"}],"author":"admpu17wp","twitter_card":"summary_large_image","twitter_creator":"@portalurbanook","twitter_site":"@portalurbanook","twitter_misc":{"Escrito por":"admpu17wp","Tiempo de lectura":"1 minuto"},"schema":{"@context":"https:\/\/schema.org","@graph":[{"@type":"Article","@id":"https:\/\/experienciadevida.com.ar\/portalurbano\/nueva-edicion-del-taller-crear-presente-en-el-centro-de-estudios-universitarios-de-cooplectric\/#article","isPartOf":{"@id":"https:\/\/experienciadevida.com.ar\/portalurbano\/nueva-edicion-del-taller-crear-presente-en-el-centro-de-estudios-universitarios-de-cooplectric\/"},"author":{"name":"admpu17wp","@id":"https:\/\/experienciadevida.com.ar\/portalurbano\/#\/schema\/person\/02dd326b1c4b056e9cc972486934a3a7"},"headline":"Nueva edici\u00f3n del taller &#8220;crear presente&#8221; en el Centro de estudios Universitarios de Cooplectric","datePublished":"2022-07-11T20:20:51+00:00","dateModified":"2022-07-11T20:21:17+00:00","mainEntityOfPage":{"@id":"https:\/\/experienciadevida.com.ar\/portalurbano\/nueva-edicion-del-taller-crear-presente-en-el-centro-de-estudios-universitarios-de-cooplectric\/"},"wordCount":223,"publisher":{"@id":"https:\/\/experienciadevida.com.ar\/portalurbano\/#organization"},"articleSection":["Educaci\u00f3n"],"inLanguage":"es"},{"@type":"WebPage","@id":"https:\/\/experienciadevida.com.ar\/portalurbano\/nueva-edicion-del-taller-crear-presente-en-el-centro-de-estudios-universitarios-de-cooplectric\/","url":"https:\/\/experienciadevida.com.ar\/portalurbano\/nueva-edicion-del-taller-crear-presente-en-el-centro-de-estudios-universitarios-de-cooplectric\/","name":"Nueva edici\u00f3n del taller \"Crear presente\" en el Centro de estudios CEU","isPartOf":{"@id":"https:\/\/experienciadevida.com.ar\/portalurbano\/#website"},"datePublished":"2022-07-11T20:20:51+00:00","dateModified":"2022-07-11T20:21:17+00:00","description":"Nueva edici\u00f3n del taller \"crear presente\" en el Centro de estudios Universitarios de Cooplectric, en las instalaciones del CEU","breadcrumb":{"@id":"https:\/\/experienciadevida.com.ar\/portalurbano\/nueva-edicion-del-taller-crear-presente-en-el-centro-de-estudios-universitarios-de-cooplectric\/#breadcrumb"},"inLanguage":"es","potentialAction":[{"@type":"ReadAction","target":["https:\/\/experienciadevida.com.ar\/portalurbano\/nueva-edicion-del-taller-crear-presente-en-el-centro-de-estudios-universitarios-de-cooplectric\/"]}]},{"@type":"BreadcrumbList","@id":"https:\/\/experienciadevida.com.ar\/portalurbano\/nueva-edicion-del-taller-crear-presente-en-el-centro-de-estudios-universitarios-de-cooplectric\/#breadcrumb","itemListElement":[{"@type":"ListItem","position":1,"name":"Portada","item":"https:\/\/experienciadevida.com.ar\/portalurbano\/"},{"@type":"ListItem","position":2,"name":"Nueva edici\u00f3n del taller \u00abcrear presente\u00bb en el Centro de estudios Universitarios de Cooplectric"}]},{"@type":"WebSite","@id":"https:\/\/experienciadevida.com.ar\/portalurbano\/#website","url":"https:\/\/experienciadevida.com.ar\/portalurbano\/","name":"","description":"","publisher":{"@id":"https:\/\/experienciadevida.com.ar\/portalurbano\/#organization"},"potentialAction":[{"@type":"SearchAction","target":{"@type":"EntryPoint","urlTemplate":"https:\/\/experienciadevida.com.ar\/portalurbano\/?s={search_term_string}"},"query-input":"required name=search_term_string"}],"inLanguage":"es"},{"@type":"Organization","@id":"https:\/\/experienciadevida.com.ar\/portalurbano\/#organization","name":"Portal Urbano","url":"https:\/\/experienciadevida.com.ar\/portalurbano\/","logo":{"@type":"ImageObject","inLanguage":"es","@id":"https:\/\/experienciadevida.com.ar\/portalurbano\/#\/schema\/logo\/image\/","url":"https:\/\/experienciadevida.com.ar\/portalurbano\/wp-content\/uploads\/2019\/09\/Logo-Original.png","contentUrl":"https:\/\/experienciadevida.com.ar\/portalurbano\/wp-content\/uploads\/2019\/09\/Logo-Original.png","width":2236,"height":1216,"caption":"Portal Urbano"},"image":{"@id":"https:\/\/experienciadevida.com.ar\/portalurbano\/#\/schema\/logo\/image\/"},"sameAs":["https:\/\/www.facebook.com\/Portal-Urbano-171542830093757\/","https:\/\/twitter.com\/portalurbanook","https:\/\/www.instagram.com\/_portalurbano\/","https:\/\/www.youtube.com\/channel\/UCXhagIfszH8KxFiOok79zbA?view_as=subscriber"]},{"@type":"Person","@id":"https:\/\/experienciadevida.com.ar\/portalurbano\/#\/schema\/person\/02dd326b1c4b056e9cc972486934a3a7","name":"admpu17wp","image":{"@type":"ImageObject","inLanguage":"es","@id":"https:\/\/experienciadevida.com.ar\/portalurbano\/#\/schema\/person\/image\/","url":"https:\/\/secure.gravatar.com\/avatar\/830d4c57adaae6630765e449a6908047?s=96&d=mm&r=g","contentUrl":"https:\/\/secure.gravatar.com\/avatar\/830d4c57adaae6630765e449a6908047?s=96&d=mm&r=g","caption":"admpu17wp"}}]}},"featured_image_urls":{"full":["https:\/\/experienciadevida.com.ar\/portalurbano\/wp-content\/uploads\/2022\/07\/Nueva-edicion-del-taller.jpeg",675,722,false],"thumbnail":["https:\/\/experienciadevida.com.ar\/portalurbano\/wp-content\/uploads\/2022\/07\/Nueva-edicion-del-taller-150x150.jpeg",150,150,true],"medium":["https:\/\/experienciadevida.com.ar\/portalurbano\/wp-content\/uploads\/2022\/07\/Nueva-edicion-del-taller-280x300.jpeg",280,300,true],"medium_large":["https:\/\/experienciadevida.com.ar\/portalurbano\/wp-content\/uploads\/2022\/07\/Nueva-edicion-del-taller.jpeg",640,685,false],"large":["https:\/\/experienciadevida.com.ar\/portalurbano\/wp-content\/uploads\/2022\/07\/Nueva-edicion-del-taller.jpeg",640,685,false],"ug_big":["https:\/\/experienciadevida.com.ar\/portalurbano\/wp-content\/uploads\/2022\/07\/Nueva-edicion-del-taller.jpeg",675,722,false],"1536x1536":["https:\/\/experienciadevida.com.ar\/portalurbano\/wp-content\/uploads\/2022\/07\/Nueva-edicion-del-taller.jpeg",675,722,false],"2048x2048":["https:\/\/experienciadevida.com.ar\/portalurbano\/wp-content\/uploads\/2022\/07\/Nueva-edicion-del-taller.jpeg",675,722,false],"newsever-slider-full":["https:\/\/experienciadevida.com.ar\/portalurbano\/wp-content\/uploads\/2022\/07\/Nueva-edicion-del-taller.jpeg",675,722,false],"newsever-featured":["https:\/\/experienciadevida.com.ar\/portalurbano\/wp-content\/uploads\/2022\/07\/Nueva-edicion-del-taller.jpeg",675,722,false],"newsever-medium":["https:\/\/experienciadevida.com.ar\/portalurbano\/wp-content\/uploads\/2022\/07\/Nueva-edicion-del-taller.jpeg",444,475,false],"web-stories-poster-portrait":["https:\/\/experienciadevida.com.ar\/portalurbano\/wp-content\/uploads\/2022\/07\/Nueva-edicion-del-taller.jpeg",640,685,false],"web-stories-publisher-logo":["https:\/\/experienciadevida.com.ar\/portalurbano\/wp-content\/uploads\/2022\/07\/Nueva-edicion-del-taller.jpeg",90,96,false],"web-stories-thumbnail":["https:\/\/experienciadevida.com.ar\/portalurbano\/wp-content\/uploads\/2022\/07\/Nueva-edicion-del-taller.jpeg",150,160,false]},"author_info":{"display_name":"admpu17wp","author_link":"https:\/\/experienciadevida.com.ar\/portalurbano\/author\/admpu17wp\/"},"category_info":"<a href=\"https:\/\/experienciadevida.com.ar\/portalurbano\/category\/ciudad\/educacion\/\" rel=\"category tag\">Educaci\u00f3n<\/a>","tag_info":"Educaci\u00f3n","comment_count":"0","amp_enabled":true,"_links":{"self":[{"href":"https:\/\/experienciadevida.com.ar\/portalurbano\/wp-json\/wp\/v2\/posts\/171213"}],"collection":[{"href":"https:\/\/experienciadevida.com.ar\/portalurbano\/wp-json\/wp\/v2\/posts"}],"about":[{"href":"https:\/\/experienciadevida.com.ar\/portalurbano\/wp-json\/wp\/v2\/types\/post"}],"author":[{"embeddable":true,"href":"https:\/\/experienciadevida.com.ar\/portalurbano\/wp-json\/wp\/v2\/users\/1"}],"replies":[{"embeddable":true,"href":"https:\/\/experienciadevida.com.ar\/portalurbano\/wp-json\/wp\/v2\/comments?post=171213"}],"version-history":[{"count":1,"href":"https:\/\/experienciadevida.com.ar\/portalurbano\/wp-json\/wp\/v2\/posts\/171213\/revisions"}],"predecessor-version":[{"id":171215,"href":"https:\/\/experienciadevida.com.ar\/portalurbano\/wp-json\/wp\/v2\/posts\/171213\/revisions\/171215"}],"wp:featuredmedia":[{"embeddable":true,"href":"https:\/\/experienciadevida.com.ar\/portalurbano\/wp-json\/wp\/v2\/media\/171214"}],"wp:attachment":[{"href":"https:\/\/experienciadevida.com.ar\/portalurbano\/wp-json\/wp\/v2\/media?parent=171213"}],"wp:term":[{"taxonomy":"category","embeddable":true,"href":"https:\/\/experienciadevida.com.ar\/portalurbano\/wp-json\/wp\/v2\/categories?post=171213"},{"taxonomy":"post_tag","embeddable":true,"href":"https:\/\/experienciadevida.com.ar\/portalurbano\/wp-json\/wp\/v2\/tags?post=171213"}],"curies":[{"name":"wp","href":"https:\/\/api.w.org\/{rel}","templated":true}]}}