{"id":171188,"date":"2022-07-11T11:55:06","date_gmt":"2022-07-11T14:55:06","guid":{"rendered":"https:\/\/experienciadevida.com.ar\/portalurbano\/?p=171188"},"modified":"2022-07-11T11:55:53","modified_gmt":"2022-07-11T14:55:53","slug":"se-realizo-la-reunion-del-consejo-de-seguridad","status":"publish","type":"post","link":"https:\/\/experienciadevida.com.ar\/portalurbano\/se-realizo-la-reunion-del-consejo-de-seguridad\/","title":{"rendered":"Se realiz\u00f3 la reuni\u00f3n del Consejo de Seguridad"},"content":{"rendered":"<p>Se realiz\u00f3 la reuni\u00f3n del Consejo de Seguridad, fue en la tarde del \u00faltimo viernes se llev\u00f3 a cabo una nueva reuni\u00f3n del Consejo de Seguridad, que volvi\u00f3 a tener como punto de encuentro el Sal\u00f3n Blanco del Palacio Municipal.<\/p>\n<p>El encuentro fue encabezado por el Subsecretario de Seguridad Municipal Mario Busto, quien estuvo acompa\u00f1ado por los directores del Centro de Monitoreo Municipal y de la Direcci\u00f3n de Control Urbano, Daniel Manuel y Gustavo Spaltro respectivamente. En representaci\u00f3n del municipio tambi\u00e9n concurrieron el director de Caminos Rurales, Jorge Mart\u00ednez, el Director de Suministro Vehicular, Math\u00edas Gamondi y la coordinadora de agentes policiales que realizan tareas de Tr\u00e1nsito a trav\u00e9s de Horas Pol.Ad, la oficial Daiana Salvatierra.<\/p>\n<p>En representaci\u00f3n del Concejo Deliberante estuvo Sebasti\u00e1n Matrella. Por el Ministerio P\u00fablico Fiscal lo hizo el doctor Jos\u00e9 Iturralde, mientras que por la polic\u00eda Bonaerense asistieron el titular de la Estaci\u00f3n de Polic\u00eda Departamental Olavarr\u00eda, comisario inspector Roberto Landoni; el jefe de Comando de Patrullas Olavarr\u00eda, comisario Nicol\u00e1s Kette; la jefa de Comisaria Seccional Segunda Olavarr\u00eda, comisario Silvana Lestani; el jefe de Comisaria Seccional Primera Olavarr\u00eda, comisario Lucas Rodr\u00edguez, por Unidad de Polic\u00eda de Prevenci\u00f3n Local, el jefe, comisario Mart\u00edn Cort\u00e9s y segundo jefe comisario Dar\u00edo Bonillo; por Subcomisaria Loma Negra, el oficial principal N\u00e9stor Schneider; por Subcomisaria Sierras Bayas, oficial principal D\u00edaz; por subcomisaria Sierra Chica, inspector Mat\u00edas Budi\u00f1o; por Subcomisaria Hinojo, principal Juan Borghi; por Destacamento Espigas, inspector Giles; por Patrulla Rural, el Jefe Zonal, comisario mayor Jos\u00e9 Lavecchia, el segundo Jefe, comisario Andr\u00e9s Dor\u00e9, el Jefe Local, comisario Jos\u00e9 Amezaga, el segundo Jefe, oficial principal Alejandro Crescitelli, por Delegaci\u00f3n Departamental de Investigaciones en Funci\u00f3n Judicial Olavarr\u00eda, comisario Fernando Lagano y por la Delegaci\u00f3n Departamental de Investigaciones de Tr\u00e1fico de Drogas Il\u00edcitas, comisario Rubino.<\/p>\n<p>A la par, por la Sociedad Rural Argentina estuvo presente Alejandro MENDIA, mientras que por la c\u00e1mara Empresaria lo hizo Daniel Orsatti. Tambi\u00e9n estuvieron presentes los productores autoconvocados Pablo Gonz\u00e1lez y Julio Bucciarelli y los referentes Barriales de Walter Vega y Gabriel Castro.<\/p>\n<p>Se abordaron diversos temas vinculados a la seguridad del Partido de Olavarr\u00eda, entre los que se sobresali\u00f3 la menci\u00f3n a un convenio firmado entre el Municipio y el Ministerio de Seguridad Bonaerense que permitir\u00e1 a Olavarr\u00eda contar pr\u00f3ximamente con 10 veh\u00edculos nuevos para reforzar la flota de patrulleros del Distrito.<\/p>\n<p>El Subsecretario Mario Busto detall\u00f3 que en ese marco tambi\u00e9n desde Provincia se enviar\u00e1n fondo que permitir\u00e1n reparar una docena de veh\u00edculos utilizados por las fuerzas de seguridad por el Partido.<\/p>\n<p>A la par, tambi\u00e9n se avanz\u00f3 acerca de los fondos destinados desde el Ejecutivo local, precisamente, para la reparaci\u00f3n de patrulleros y combustible. Nocturnidad y el estado y obras en torno a caminos rurales tambi\u00e9n fueron otros de los temas abordados en la reuni\u00f3n.<\/p>\n","protected":false},"excerpt":{"rendered":"<p>Se realiz\u00f3 la reuni\u00f3n del Consejo de Seguridad, fue en la tarde del \u00faltimo viernes&#8230;<\/p>\n","protected":false},"author":1,"featured_media":171189,"comment_status":"closed","ping_status":"closed","sticky":false,"template":"","format":"standard","meta":{"content-type":""},"categories":[27,64],"tags":[],"nelio_content":{"isAutoShareEnabled":false,"autoShareEndMode":"default","automationSources":{"useContentSentences":true,"useSocialTemplates":true,"useCustomSentences":false,"customSentences":[]},"followers":[1],"suggestedReferences":[],"includedReferences":[],"efiUrl":"","efiAlt":"","highlights":[]},"yoast_head":"<!-- This site is optimized with the Yoast SEO plugin v20.7 - https:\/\/yoast.com\/wordpress\/plugins\/seo\/ -->\n<title>Se realiz\u00f3 la reuni\u00f3n del Consejo de Seguridad<\/title>\n<meta name=\"description\" content=\"Se realiz\u00f3 la reuni\u00f3n del Consejo de Seguridad, fue en la tarde del \u00faltimo viernes se llev\u00f3 a cabo una nueva reuni\u00f3n del Consejo\" \/>\n<meta name=\"robots\" content=\"index, follow, max-snippet:-1, max-image-preview:large, max-video-preview:-1\" \/>\n<link rel=\"canonical\" href=\"https:\/\/experienciadevida.com.ar\/portalurbano\/se-realizo-la-reunion-del-consejo-de-seguridad\/\" \/>\n<meta property=\"og:locale\" content=\"es_ES\" \/>\n<meta property=\"og:type\" content=\"article\" \/>\n<meta property=\"og:title\" content=\"Se realiz\u00f3 la reuni\u00f3n del Consejo de Seguridad\" \/>\n<meta property=\"og:description\" content=\"Se realiz\u00f3 la reuni\u00f3n del Consejo de Seguridad, fue en la tarde del \u00faltimo viernes se llev\u00f3 a cabo una nueva reuni\u00f3n del Consejo\" \/>\n<meta property=\"og:url\" content=\"https:\/\/experienciadevida.com.ar\/portalurbano\/se-realizo-la-reunion-del-consejo-de-seguridad\/\" \/>\n<meta property=\"article:publisher\" content=\"https:\/\/www.facebook.com\/Portal-Urbano-171542830093757\/\" \/>\n<meta property=\"article:published_time\" content=\"2022-07-11T14:55:06+00:00\" \/>\n<meta property=\"article:modified_time\" content=\"2022-07-11T14:55:53+00:00\" \/>\n<meta property=\"og:image\" content=\"https:\/\/experienciadevida.com.ar\/portalurbano\/wp-content\/uploads\/2022\/07\/Se-realizo-la-reunion.jpg\" \/>\n\t<meta property=\"og:image:width\" content=\"1772\" \/>\n\t<meta property=\"og:image:height\" content=\"1181\" \/>\n\t<meta property=\"og:image:type\" content=\"image\/jpeg\" \/>\n<meta name=\"author\" content=\"admpu17wp\" \/>\n<meta name=\"twitter:card\" content=\"summary_large_image\" \/>\n<meta name=\"twitter:creator\" content=\"@portalurbanook\" \/>\n<meta name=\"twitter:site\" content=\"@portalurbanook\" \/>\n<meta name=\"twitter:label1\" content=\"Escrito por\" \/>\n\t<meta name=\"twitter:data1\" content=\"admpu17wp\" \/>\n\t<meta name=\"twitter:label2\" content=\"Tiempo de lectura\" \/>\n\t<meta name=\"twitter:data2\" content=\"3 minutos\" \/>\n<script type=\"application\/ld+json\" class=\"yoast-schema-graph\">{\"@context\":\"https:\/\/schema.org\",\"@graph\":[{\"@type\":\"Article\",\"@id\":\"https:\/\/experienciadevida.com.ar\/portalurbano\/se-realizo-la-reunion-del-consejo-de-seguridad\/#article\",\"isPartOf\":{\"@id\":\"https:\/\/experienciadevida.com.ar\/portalurbano\/se-realizo-la-reunion-del-consejo-de-seguridad\/\"},\"author\":{\"name\":\"admpu17wp\",\"@id\":\"https:\/\/experienciadevida.com.ar\/portalurbano\/#\/schema\/person\/02dd326b1c4b056e9cc972486934a3a7\"},\"headline\":\"Se realiz\u00f3 la reuni\u00f3n del Consejo de Seguridad\",\"datePublished\":\"2022-07-11T14:55:06+00:00\",\"dateModified\":\"2022-07-11T14:55:53+00:00\",\"mainEntityOfPage\":{\"@id\":\"https:\/\/experienciadevida.com.ar\/portalurbano\/se-realizo-la-reunion-del-consejo-de-seguridad\/\"},\"wordCount\":524,\"publisher\":{\"@id\":\"https:\/\/experienciadevida.com.ar\/portalurbano\/#organization\"},\"articleSection\":[\"Ciudad\",\"Destacadas 2\"],\"inLanguage\":\"es\"},{\"@type\":\"WebPage\",\"@id\":\"https:\/\/experienciadevida.com.ar\/portalurbano\/se-realizo-la-reunion-del-consejo-de-seguridad\/\",\"url\":\"https:\/\/experienciadevida.com.ar\/portalurbano\/se-realizo-la-reunion-del-consejo-de-seguridad\/\",\"name\":\"Se realiz\u00f3 la reuni\u00f3n del Consejo de Seguridad\",\"isPartOf\":{\"@id\":\"https:\/\/experienciadevida.com.ar\/portalurbano\/#website\"},\"datePublished\":\"2022-07-11T14:55:06+00:00\",\"dateModified\":\"2022-07-11T14:55:53+00:00\",\"description\":\"Se realiz\u00f3 la reuni\u00f3n del Consejo de Seguridad, fue en la tarde del \u00faltimo viernes se llev\u00f3 a cabo una nueva reuni\u00f3n del Consejo\",\"breadcrumb\":{\"@id\":\"https:\/\/experienciadevida.com.ar\/portalurbano\/se-realizo-la-reunion-del-consejo-de-seguridad\/#breadcrumb\"},\"inLanguage\":\"es\",\"potentialAction\":[{\"@type\":\"ReadAction\",\"target\":[\"https:\/\/experienciadevida.com.ar\/portalurbano\/se-realizo-la-reunion-del-consejo-de-seguridad\/\"]}]},{\"@type\":\"BreadcrumbList\",\"@id\":\"https:\/\/experienciadevida.com.ar\/portalurbano\/se-realizo-la-reunion-del-consejo-de-seguridad\/#breadcrumb\",\"itemListElement\":[{\"@type\":\"ListItem\",\"position\":1,\"name\":\"Portada\",\"item\":\"https:\/\/experienciadevida.com.ar\/portalurbano\/\"},{\"@type\":\"ListItem\",\"position\":2,\"name\":\"Se realiz\u00f3 la reuni\u00f3n del Consejo de Seguridad\"}]},{\"@type\":\"WebSite\",\"@id\":\"https:\/\/experienciadevida.com.ar\/portalurbano\/#website\",\"url\":\"https:\/\/experienciadevida.com.ar\/portalurbano\/\",\"name\":\"\",\"description\":\"\",\"publisher\":{\"@id\":\"https:\/\/experienciadevida.com.ar\/portalurbano\/#organization\"},\"potentialAction\":[{\"@type\":\"SearchAction\",\"target\":{\"@type\":\"EntryPoint\",\"urlTemplate\":\"https:\/\/experienciadevida.com.ar\/portalurbano\/?s={search_term_string}\"},\"query-input\":\"required name=search_term_string\"}],\"inLanguage\":\"es\"},{\"@type\":\"Organization\",\"@id\":\"https:\/\/experienciadevida.com.ar\/portalurbano\/#organization\",\"name\":\"Portal Urbano\",\"url\":\"https:\/\/experienciadevida.com.ar\/portalurbano\/\",\"logo\":{\"@type\":\"ImageObject\",\"inLanguage\":\"es\",\"@id\":\"https:\/\/experienciadevida.com.ar\/portalurbano\/#\/schema\/logo\/image\/\",\"url\":\"https:\/\/experienciadevida.com.ar\/portalurbano\/wp-content\/uploads\/2019\/09\/Logo-Original.png\",\"contentUrl\":\"https:\/\/experienciadevida.com.ar\/portalurbano\/wp-content\/uploads\/2019\/09\/Logo-Original.png\",\"width\":2236,\"height\":1216,\"caption\":\"Portal Urbano\"},\"image\":{\"@id\":\"https:\/\/experienciadevida.com.ar\/portalurbano\/#\/schema\/logo\/image\/\"},\"sameAs\":[\"https:\/\/www.facebook.com\/Portal-Urbano-171542830093757\/\",\"https:\/\/twitter.com\/portalurbanook\",\"https:\/\/www.instagram.com\/_portalurbano\/\",\"https:\/\/www.youtube.com\/channel\/UCXhagIfszH8KxFiOok79zbA?view_as=subscriber\"]},{\"@type\":\"Person\",\"@id\":\"https:\/\/experienciadevida.com.ar\/portalurbano\/#\/schema\/person\/02dd326b1c4b056e9cc972486934a3a7\",\"name\":\"admpu17wp\",\"image\":{\"@type\":\"ImageObject\",\"inLanguage\":\"es\",\"@id\":\"https:\/\/experienciadevida.com.ar\/portalurbano\/#\/schema\/person\/image\/\",\"url\":\"https:\/\/secure.gravatar.com\/avatar\/830d4c57adaae6630765e449a6908047?s=96&d=mm&r=g\",\"contentUrl\":\"https:\/\/secure.gravatar.com\/avatar\/830d4c57adaae6630765e449a6908047?s=96&d=mm&r=g\",\"caption\":\"admpu17wp\"}}]}<\/script>\n<!-- \/ Yoast SEO plugin. -->","yoast_head_json":{"title":"Se realiz\u00f3 la reuni\u00f3n del Consejo de Seguridad","description":"Se realiz\u00f3 la reuni\u00f3n del Consejo de Seguridad, fue en la tarde del \u00faltimo viernes se llev\u00f3 a cabo una nueva reuni\u00f3n del Consejo","robots":{"index":"index","follow":"follow","max-snippet":"max-snippet:-1","max-image-preview":"max-image-preview:large","max-video-preview":"max-video-preview:-1"},"canonical":"https:\/\/experienciadevida.com.ar\/portalurbano\/se-realizo-la-reunion-del-consejo-de-seguridad\/","og_locale":"es_ES","og_type":"article","og_title":"Se realiz\u00f3 la reuni\u00f3n del Consejo de Seguridad","og_description":"Se realiz\u00f3 la reuni\u00f3n del Consejo de Seguridad, fue en la tarde del \u00faltimo viernes se llev\u00f3 a cabo una nueva reuni\u00f3n del Consejo","og_url":"https:\/\/experienciadevida.com.ar\/portalurbano\/se-realizo-la-reunion-del-consejo-de-seguridad\/","article_publisher":"https:\/\/www.facebook.com\/Portal-Urbano-171542830093757\/","article_published_time":"2022-07-11T14:55:06+00:00","article_modified_time":"2022-07-11T14:55:53+00:00","og_image":[{"width":1772,"height":1181,"url":"https:\/\/experienciadevida.com.ar\/portalurbano\/wp-content\/uploads\/2022\/07\/Se-realizo-la-reunion.jpg","type":"image\/jpeg"}],"author":"admpu17wp","twitter_card":"summary_large_image","twitter_creator":"@portalurbanook","twitter_site":"@portalurbanook","twitter_misc":{"Escrito por":"admpu17wp","Tiempo de lectura":"3 minutos"},"schema":{"@context":"https:\/\/schema.org","@graph":[{"@type":"Article","@id":"https:\/\/experienciadevida.com.ar\/portalurbano\/se-realizo-la-reunion-del-consejo-de-seguridad\/#article","isPartOf":{"@id":"https:\/\/experienciadevida.com.ar\/portalurbano\/se-realizo-la-reunion-del-consejo-de-seguridad\/"},"author":{"name":"admpu17wp","@id":"https:\/\/experienciadevida.com.ar\/portalurbano\/#\/schema\/person\/02dd326b1c4b056e9cc972486934a3a7"},"headline":"Se realiz\u00f3 la reuni\u00f3n del Consejo de Seguridad","datePublished":"2022-07-11T14:55:06+00:00","dateModified":"2022-07-11T14:55:53+00:00","mainEntityOfPage":{"@id":"https:\/\/experienciadevida.com.ar\/portalurbano\/se-realizo-la-reunion-del-consejo-de-seguridad\/"},"wordCount":524,"publisher":{"@id":"https:\/\/experienciadevida.com.ar\/portalurbano\/#organization"},"articleSection":["Ciudad","Destacadas 2"],"inLanguage":"es"},{"@type":"WebPage","@id":"https:\/\/experienciadevida.com.ar\/portalurbano\/se-realizo-la-reunion-del-consejo-de-seguridad\/","url":"https:\/\/experienciadevida.com.ar\/portalurbano\/se-realizo-la-reunion-del-consejo-de-seguridad\/","name":"Se realiz\u00f3 la reuni\u00f3n del Consejo de Seguridad","isPartOf":{"@id":"https:\/\/experienciadevida.com.ar\/portalurbano\/#website"},"datePublished":"2022-07-11T14:55:06+00:00","dateModified":"2022-07-11T14:55:53+00:00","description":"Se realiz\u00f3 la reuni\u00f3n del Consejo de Seguridad, fue en la tarde del \u00faltimo viernes se llev\u00f3 a cabo una nueva reuni\u00f3n del Consejo","breadcrumb":{"@id":"https:\/\/experienciadevida.com.ar\/portalurbano\/se-realizo-la-reunion-del-consejo-de-seguridad\/#breadcrumb"},"inLanguage":"es","potentialAction":[{"@type":"ReadAction","target":["https:\/\/experienciadevida.com.ar\/portalurbano\/se-realizo-la-reunion-del-consejo-de-seguridad\/"]}]},{"@type":"BreadcrumbList","@id":"https:\/\/experienciadevida.com.ar\/portalurbano\/se-realizo-la-reunion-del-consejo-de-seguridad\/#breadcrumb","itemListElement":[{"@type":"ListItem","position":1,"name":"Portada","item":"https:\/\/experienciadevida.com.ar\/portalurbano\/"},{"@type":"ListItem","position":2,"name":"Se realiz\u00f3 la reuni\u00f3n del Consejo de Seguridad"}]},{"@type":"WebSite","@id":"https:\/\/experienciadevida.com.ar\/portalurbano\/#website","url":"https:\/\/experienciadevida.com.ar\/portalurbano\/","name":"","description":"","publisher":{"@id":"https:\/\/experienciadevida.com.ar\/portalurbano\/#organization"},"potentialAction":[{"@type":"SearchAction","target":{"@type":"EntryPoint","urlTemplate":"https:\/\/experienciadevida.com.ar\/portalurbano\/?s={search_term_string}"},"query-input":"required name=search_term_string"}],"inLanguage":"es"},{"@type":"Organization","@id":"https:\/\/experienciadevida.com.ar\/portalurbano\/#organization","name":"Portal Urbano","url":"https:\/\/experienciadevida.com.ar\/portalurbano\/","logo":{"@type":"ImageObject","inLanguage":"es","@id":"https:\/\/experienciadevida.com.ar\/portalurbano\/#\/schema\/logo\/image\/","url":"https:\/\/experienciadevida.com.ar\/portalurbano\/wp-content\/uploads\/2019\/09\/Logo-Original.png","contentUrl":"https:\/\/experienciadevida.com.ar\/portalurbano\/wp-content\/uploads\/2019\/09\/Logo-Original.png","width":2236,"height":1216,"caption":"Portal Urbano"},"image":{"@id":"https:\/\/experienciadevida.com.ar\/portalurbano\/#\/schema\/logo\/image\/"},"sameAs":["https:\/\/www.facebook.com\/Portal-Urbano-171542830093757\/","https:\/\/twitter.com\/portalurbanook","https:\/\/www.instagram.com\/_portalurbano\/","https:\/\/www.youtube.com\/channel\/UCXhagIfszH8KxFiOok79zbA?view_as=subscriber"]},{"@type":"Person","@id":"https:\/\/experienciadevida.com.ar\/portalurbano\/#\/schema\/person\/02dd326b1c4b056e9cc972486934a3a7","name":"admpu17wp","image":{"@type":"ImageObject","inLanguage":"es","@id":"https:\/\/experienciadevida.com.ar\/portalurbano\/#\/schema\/person\/image\/","url":"https:\/\/secure.gravatar.com\/avatar\/830d4c57adaae6630765e449a6908047?s=96&d=mm&r=g","contentUrl":"https:\/\/secure.gravatar.com\/avatar\/830d4c57adaae6630765e449a6908047?s=96&d=mm&r=g","caption":"admpu17wp"}}]}},"featured_image_urls":{"full":["https:\/\/experienciadevida.com.ar\/portalurbano\/wp-content\/uploads\/2022\/07\/Se-realizo-la-reunion.jpg",1772,1181,false],"thumbnail":["https:\/\/experienciadevida.com.ar\/portalurbano\/wp-content\/uploads\/2022\/07\/Se-realizo-la-reunion-150x150.jpg",150,150,true],"medium":["https:\/\/experienciadevida.com.ar\/portalurbano\/wp-content\/uploads\/2022\/07\/Se-realizo-la-reunion-300x200.jpg",300,200,true],"medium_large":["https:\/\/experienciadevida.com.ar\/portalurbano\/wp-content\/uploads\/2022\/07\/Se-realizo-la-reunion-768x512.jpg",640,427,true],"large":["https:\/\/experienciadevida.com.ar\/portalurbano\/wp-content\/uploads\/2022\/07\/Se-realizo-la-reunion-1024x682.jpg",640,426,true],"ug_big":["https:\/\/experienciadevida.com.ar\/portalurbano\/wp-content\/uploads\/2022\/07\/Se-realizo-la-reunion-768x512.jpg",768,512,true],"1536x1536":["https:\/\/experienciadevida.com.ar\/portalurbano\/wp-content\/uploads\/2022\/07\/Se-realizo-la-reunion-1536x1024.jpg",1536,1024,true],"2048x2048":["https:\/\/experienciadevida.com.ar\/portalurbano\/wp-content\/uploads\/2022\/07\/Se-realizo-la-reunion.jpg",1772,1181,false],"newsever-slider-full":["https:\/\/experienciadevida.com.ar\/portalurbano\/wp-content\/uploads\/2022\/07\/Se-realizo-la-reunion.jpg",1268,845,false],"newsever-featured":["https:\/\/experienciadevida.com.ar\/portalurbano\/wp-content\/uploads\/2022\/07\/Se-realizo-la-reunion.jpg",1024,682,false],"newsever-medium":["https:\/\/experienciadevida.com.ar\/portalurbano\/wp-content\/uploads\/2022\/07\/Se-realizo-la-reunion.jpg",713,475,false],"web-stories-poster-portrait":["https:\/\/experienciadevida.com.ar\/portalurbano\/wp-content\/uploads\/2022\/07\/Se-realizo-la-reunion.jpg",640,427,false],"web-stories-publisher-logo":["https:\/\/experienciadevida.com.ar\/portalurbano\/wp-content\/uploads\/2022\/07\/Se-realizo-la-reunion.jpg",96,64,false],"web-stories-thumbnail":["https:\/\/experienciadevida.com.ar\/portalurbano\/wp-content\/uploads\/2022\/07\/Se-realizo-la-reunion.jpg",150,100,false]},"author_info":{"display_name":"admpu17wp","author_link":"https:\/\/experienciadevida.com.ar\/portalurbano\/author\/admpu17wp\/"},"category_info":"<a href=\"https:\/\/experienciadevida.com.ar\/portalurbano\/category\/ciudad\/\" rel=\"category tag\">Ciudad<\/a> <a href=\"https:\/\/experienciadevida.com.ar\/portalurbano\/category\/destacadas-2\/\" rel=\"category tag\">Destacadas 2<\/a>","tag_info":"Destacadas 2","comment_count":"0","amp_enabled":true,"_links":{"self":[{"href":"https:\/\/experienciadevida.com.ar\/portalurbano\/wp-json\/wp\/v2\/posts\/171188"}],"collection":[{"href":"https:\/\/experienciadevida.com.ar\/portalurbano\/wp-json\/wp\/v2\/posts"}],"about":[{"href":"https:\/\/experienciadevida.com.ar\/portalurbano\/wp-json\/wp\/v2\/types\/post"}],"author":[{"embeddable":true,"href":"https:\/\/experienciadevida.com.ar\/portalurbano\/wp-json\/wp\/v2\/users\/1"}],"replies":[{"embeddable":true,"href":"https:\/\/experienciadevida.com.ar\/portalurbano\/wp-json\/wp\/v2\/comments?post=171188"}],"version-history":[{"count":1,"href":"https:\/\/experienciadevida.com.ar\/portalurbano\/wp-json\/wp\/v2\/posts\/171188\/revisions"}],"predecessor-version":[{"id":171190,"href":"https:\/\/experienciadevida.com.ar\/portalurbano\/wp-json\/wp\/v2\/posts\/171188\/revisions\/171190"}],"wp:featuredmedia":[{"embeddable":true,"href":"https:\/\/experienciadevida.com.ar\/portalurbano\/wp-json\/wp\/v2\/media\/171189"}],"wp:attachment":[{"href":"https:\/\/experienciadevida.com.ar\/portalurbano\/wp-json\/wp\/v2\/media?parent=171188"}],"wp:term":[{"taxonomy":"category","embeddable":true,"href":"https:\/\/experienciadevida.com.ar\/portalurbano\/wp-json\/wp\/v2\/categories?post=171188"},{"taxonomy":"post_tag","embeddable":true,"href":"https:\/\/experienciadevida.com.ar\/portalurbano\/wp-json\/wp\/v2\/tags?post=171188"}],"curies":[{"name":"wp","href":"https:\/\/api.w.org\/{rel}","templated":true}]}}