{"id":171169,"date":"2022-07-10T20:57:02","date_gmt":"2022-07-10T23:57:02","guid":{"rendered":"https:\/\/experienciadevida.com.ar\/portalurbano\/?p=171169"},"modified":"2022-07-10T20:59:16","modified_gmt":"2022-07-10T23:59:16","slug":"un-estudiante-olavarriense-participara-en-las-olimpiada-de-biologia-en-armenia","status":"publish","type":"post","link":"https:\/\/experienciadevida.com.ar\/portalurbano\/un-estudiante-olavarriense-participara-en-las-olimpiada-de-biologia-en-armenia\/","title":{"rendered":"Un estudiante Olavarriense participara en las Olimpiada de Biolog\u00eda en Armenia"},"content":{"rendered":"<p>Cuatro estudiantes argentinos, entre ellos el<strong> Olavarriense Donato Pellegrino,<\/strong>\u00a0 participan desde hoy de la 33 Olimp\u00edada Internacional de Biolog\u00eda que se realizar\u00e1 hasta el 18 de julio en Armenia, en el marco del Programa Nacional de Olimp\u00edadas que organiza el Ministerio de Educaci\u00f3n de la Naci\u00f3n.<\/p>\n<hr \/>\n<p>El equipo argentino estar\u00e1 conformado por Gregorio Jaca (Colegio ORT, CABA); Juan Diego Laszeski (Inst. Gob. Fontana, Sarmiento, Chubut);<strong> Donato Pellegrini (Escuela Nacional Adolfo Perez Esquivel, Olavarr\u00eda, Buenos Aires)<\/strong> y Ulises Dim\u00f3pulos (Escuela Escocesa San Andr\u00e9s, Olivos, Buenos Aires).<\/p>\n<p>A su llegada a Armenia, los estudiantes fueron recibidos en la Embajada de Argentina en ese pa\u00eds.<br \/>\nLos estudiantes hab\u00edan participado del proceso colegial, intercolegial, provincial y nacional de las Olimp\u00edadas llevado a cabo en el 2021.<\/p>\n<p>En abril de 2022 se realiz\u00f3 la primera pre-selecci\u00f3n de los estudiantes que se prepararon para las instancias internacionales.<\/p>\n<p>Los 10 primeros en orden de m\u00e9rito pasaron a la segunda selecci\u00f3n que se llev\u00f3 a cabo en la Universidad Nacional de R\u00edo Cuarto que es la organizadora del esta olimp\u00edada.<\/p>\n<p>En esa instancia, tambi\u00e9n fueron seleccionados otros cuatro estudiantes para participar de la XV Olimpiada Iberoamericana de Biolog\u00eda a desarrollarse en Per\u00fa, del 4 al 9 de septiembre: Nicol\u00e1s Elman y Sebasti\u00e1n Yun (Escuelas ORT- CABA) y Camila Mouteira y Julia Blanco (ILSE, CABA)<\/p>\n<p>El Programa Nacional de Olimp\u00edadas forma parte del \u00c1rea de Actividades Cient\u00edficas de la Direcci\u00f3n Nacional de Inclusi\u00f3n y Extensi\u00f3n Educativa, dependiente de la Secretar\u00eda de Educaci\u00f3n de la cartera educativa.<\/p>\n<p>El Ministro de Educaci\u00f3n, Jaime Perczyk explic\u00f3 que \u201cbuscamos fortalecer y desarrollar actividades de formaci\u00f3n, capacitaci\u00f3n y participaci\u00f3n, que potencien, ampl\u00eden y diversifiquen este tipo de programas educativos, poniendo especial \u00e9nfasis en la atenci\u00f3n de estudiantes de escuelas en situaci\u00f3n de vulnerabilidad\u201d.<\/p>\n<p>Adem\u00e1s de las Olimp\u00edadas de Biolog\u00eda, la cartera educativa organiza tambi\u00e9n las de Ciencia Junior, Filosof\u00eda, F\u00edsica, Geograf\u00eda, Inform\u00e1tica, Historia y la de Inform\u00e1tica.<\/p>\n<p>Los Programas Educativos con Caracter\u00edsticas de Olimp\u00edadas auspiciados y financiados por el Ministerio de Educaci\u00f3n, son propuestas que estimulan el inter\u00e9s de los alumnos de nivel medio en las diferentes disciplinas.<br \/>\nComprenden conocimientos te\u00f3ricos que se aplican a la resoluci\u00f3n de situaciones problem\u00e1ticas, fomentan la interrelaci\u00f3n entre alumnos y docentes de los distintos establecimientos educativos del pa\u00eds, para lograr una igualdad de oportunidades en el alcance del conocimiento de las diversas disciplinas y en la integraci\u00f3n cultural.<br \/>\nA trav\u00e9s de una competencia creativa y solidaria organizada en diversas instancias de participaci\u00f3n, incrementan en los estudiantes pr\u00e1cticas de investigaci\u00f3n, experimentaci\u00f3n y argumentaci\u00f3n y en los docentes promuevan la actualizaci\u00f3n continua y de calidad en lo conceptual, bibliogr\u00e1fico y metodol\u00f3gico.<\/p>\n<p>Todas las actividades ol\u00edmpicas se llevan a cabo en el lapso del a\u00f1o lectivo. Comienzan su trabajo con diversas acciones en el mes de febrero y finalizan las mismas en el mes de diciembre.<\/p>\n","protected":false},"excerpt":{"rendered":"<p>Cuatro estudiantes argentinos, entre ellos el Olavarriense Donato Pellegrino,\u00a0 participan desde hoy de la 33&#8230;<\/p>\n","protected":false},"author":1,"featured_media":171170,"comment_status":"closed","ping_status":"closed","sticky":false,"template":"","format":"standard","meta":{"content-type":""},"categories":[27,64],"tags":[],"nelio_content":{"isAutoShareEnabled":false,"autoShareEndMode":"default","automationSources":{"useContentSentences":true,"useSocialTemplates":true,"useCustomSentences":false,"customSentences":[]},"followers":[1],"suggestedReferences":[],"includedReferences":[],"efiUrl":"","efiAlt":"","highlights":[]},"yoast_head":"<!-- This site is optimized with the Yoast SEO plugin v20.7 - https:\/\/yoast.com\/wordpress\/plugins\/seo\/ -->\n<title>Un estudiante Olavarriense participara en las Olimpiada de Biolog\u00eda<\/title>\n<meta name=\"description\" content=\"Cuatro estudiantes argentinos, entre ellos el Olavarriense Donato Pellegrino,\u00a0 participan desde hoy de la 33 Olimp\u00edada Inter. de Biolog\u00eda\" \/>\n<meta name=\"robots\" content=\"index, follow, max-snippet:-1, max-image-preview:large, max-video-preview:-1\" \/>\n<link rel=\"canonical\" href=\"https:\/\/experienciadevida.com.ar\/portalurbano\/un-estudiante-olavarriense-participara-en-las-olimpiada-de-biologia-en-armenia\/\" \/>\n<meta property=\"og:locale\" content=\"es_ES\" \/>\n<meta property=\"og:type\" content=\"article\" \/>\n<meta property=\"og:title\" content=\"Un estudiante Olavarriense participara en las Olimpiada de Biolog\u00eda\" \/>\n<meta property=\"og:description\" content=\"Cuatro estudiantes argentinos, entre ellos el Olavarriense Donato Pellegrino,\u00a0 participan desde hoy de la 33 Olimp\u00edada Inter. de Biolog\u00eda\" \/>\n<meta property=\"og:url\" content=\"https:\/\/experienciadevida.com.ar\/portalurbano\/un-estudiante-olavarriense-participara-en-las-olimpiada-de-biologia-en-armenia\/\" \/>\n<meta property=\"article:publisher\" content=\"https:\/\/www.facebook.com\/Portal-Urbano-171542830093757\/\" \/>\n<meta property=\"article:published_time\" content=\"2022-07-10T23:57:02+00:00\" \/>\n<meta property=\"article:modified_time\" content=\"2022-07-10T23:59:16+00:00\" \/>\n<meta property=\"og:image\" content=\"https:\/\/experienciadevida.com.ar\/portalurbano\/wp-content\/uploads\/2022\/07\/donato.jpg\" \/>\n\t<meta property=\"og:image:width\" content=\"859\" \/>\n\t<meta property=\"og:image:height\" content=\"487\" \/>\n\t<meta property=\"og:image:type\" content=\"image\/jpeg\" \/>\n<meta name=\"author\" content=\"admpu17wp\" \/>\n<meta name=\"twitter:card\" content=\"summary_large_image\" \/>\n<meta name=\"twitter:creator\" content=\"@portalurbanook\" \/>\n<meta name=\"twitter:site\" content=\"@portalurbanook\" \/>\n<meta name=\"twitter:label1\" content=\"Escrito por\" \/>\n\t<meta name=\"twitter:data1\" content=\"admpu17wp\" \/>\n\t<meta name=\"twitter:label2\" content=\"Tiempo de lectura\" \/>\n\t<meta name=\"twitter:data2\" content=\"3 minutos\" \/>\n<script type=\"application\/ld+json\" class=\"yoast-schema-graph\">{\"@context\":\"https:\/\/schema.org\",\"@graph\":[{\"@type\":\"Article\",\"@id\":\"https:\/\/experienciadevida.com.ar\/portalurbano\/un-estudiante-olavarriense-participara-en-las-olimpiada-de-biologia-en-armenia\/#article\",\"isPartOf\":{\"@id\":\"https:\/\/experienciadevida.com.ar\/portalurbano\/un-estudiante-olavarriense-participara-en-las-olimpiada-de-biologia-en-armenia\/\"},\"author\":{\"name\":\"admpu17wp\",\"@id\":\"https:\/\/experienciadevida.com.ar\/portalurbano\/#\/schema\/person\/02dd326b1c4b056e9cc972486934a3a7\"},\"headline\":\"Un estudiante Olavarriense participara en las Olimpiada de Biolog\u00eda en Armenia\",\"datePublished\":\"2022-07-10T23:57:02+00:00\",\"dateModified\":\"2022-07-10T23:59:16+00:00\",\"mainEntityOfPage\":{\"@id\":\"https:\/\/experienciadevida.com.ar\/portalurbano\/un-estudiante-olavarriense-participara-en-las-olimpiada-de-biologia-en-armenia\/\"},\"wordCount\":534,\"publisher\":{\"@id\":\"https:\/\/experienciadevida.com.ar\/portalurbano\/#organization\"},\"articleSection\":[\"Ciudad\",\"Destacadas 2\"],\"inLanguage\":\"es\"},{\"@type\":\"WebPage\",\"@id\":\"https:\/\/experienciadevida.com.ar\/portalurbano\/un-estudiante-olavarriense-participara-en-las-olimpiada-de-biologia-en-armenia\/\",\"url\":\"https:\/\/experienciadevida.com.ar\/portalurbano\/un-estudiante-olavarriense-participara-en-las-olimpiada-de-biologia-en-armenia\/\",\"name\":\"Un estudiante Olavarriense participara en las Olimpiada de Biolog\u00eda\",\"isPartOf\":{\"@id\":\"https:\/\/experienciadevida.com.ar\/portalurbano\/#website\"},\"datePublished\":\"2022-07-10T23:57:02+00:00\",\"dateModified\":\"2022-07-10T23:59:16+00:00\",\"description\":\"Cuatro estudiantes argentinos, entre ellos el Olavarriense Donato Pellegrino,\u00a0 participan desde hoy de la 33 Olimp\u00edada Inter. de Biolog\u00eda\",\"breadcrumb\":{\"@id\":\"https:\/\/experienciadevida.com.ar\/portalurbano\/un-estudiante-olavarriense-participara-en-las-olimpiada-de-biologia-en-armenia\/#breadcrumb\"},\"inLanguage\":\"es\",\"potentialAction\":[{\"@type\":\"ReadAction\",\"target\":[\"https:\/\/experienciadevida.com.ar\/portalurbano\/un-estudiante-olavarriense-participara-en-las-olimpiada-de-biologia-en-armenia\/\"]}]},{\"@type\":\"BreadcrumbList\",\"@id\":\"https:\/\/experienciadevida.com.ar\/portalurbano\/un-estudiante-olavarriense-participara-en-las-olimpiada-de-biologia-en-armenia\/#breadcrumb\",\"itemListElement\":[{\"@type\":\"ListItem\",\"position\":1,\"name\":\"Portada\",\"item\":\"https:\/\/experienciadevida.com.ar\/portalurbano\/\"},{\"@type\":\"ListItem\",\"position\":2,\"name\":\"Un estudiante Olavarriense participara en las Olimpiada de Biolog\u00eda en Armenia\"}]},{\"@type\":\"WebSite\",\"@id\":\"https:\/\/experienciadevida.com.ar\/portalurbano\/#website\",\"url\":\"https:\/\/experienciadevida.com.ar\/portalurbano\/\",\"name\":\"\",\"description\":\"\",\"publisher\":{\"@id\":\"https:\/\/experienciadevida.com.ar\/portalurbano\/#organization\"},\"potentialAction\":[{\"@type\":\"SearchAction\",\"target\":{\"@type\":\"EntryPoint\",\"urlTemplate\":\"https:\/\/experienciadevida.com.ar\/portalurbano\/?s={search_term_string}\"},\"query-input\":\"required name=search_term_string\"}],\"inLanguage\":\"es\"},{\"@type\":\"Organization\",\"@id\":\"https:\/\/experienciadevida.com.ar\/portalurbano\/#organization\",\"name\":\"Portal Urbano\",\"url\":\"https:\/\/experienciadevida.com.ar\/portalurbano\/\",\"logo\":{\"@type\":\"ImageObject\",\"inLanguage\":\"es\",\"@id\":\"https:\/\/experienciadevida.com.ar\/portalurbano\/#\/schema\/logo\/image\/\",\"url\":\"https:\/\/experienciadevida.com.ar\/portalurbano\/wp-content\/uploads\/2019\/09\/Logo-Original.png\",\"contentUrl\":\"https:\/\/experienciadevida.com.ar\/portalurbano\/wp-content\/uploads\/2019\/09\/Logo-Original.png\",\"width\":2236,\"height\":1216,\"caption\":\"Portal Urbano\"},\"image\":{\"@id\":\"https:\/\/experienciadevida.com.ar\/portalurbano\/#\/schema\/logo\/image\/\"},\"sameAs\":[\"https:\/\/www.facebook.com\/Portal-Urbano-171542830093757\/\",\"https:\/\/twitter.com\/portalurbanook\",\"https:\/\/www.instagram.com\/_portalurbano\/\",\"https:\/\/www.youtube.com\/channel\/UCXhagIfszH8KxFiOok79zbA?view_as=subscriber\"]},{\"@type\":\"Person\",\"@id\":\"https:\/\/experienciadevida.com.ar\/portalurbano\/#\/schema\/person\/02dd326b1c4b056e9cc972486934a3a7\",\"name\":\"admpu17wp\",\"image\":{\"@type\":\"ImageObject\",\"inLanguage\":\"es\",\"@id\":\"https:\/\/experienciadevida.com.ar\/portalurbano\/#\/schema\/person\/image\/\",\"url\":\"https:\/\/secure.gravatar.com\/avatar\/830d4c57adaae6630765e449a6908047?s=96&d=mm&r=g\",\"contentUrl\":\"https:\/\/secure.gravatar.com\/avatar\/830d4c57adaae6630765e449a6908047?s=96&d=mm&r=g\",\"caption\":\"admpu17wp\"}}]}<\/script>\n<!-- \/ Yoast SEO plugin. -->","yoast_head_json":{"title":"Un estudiante Olavarriense participara en las Olimpiada de Biolog\u00eda","description":"Cuatro estudiantes argentinos, entre ellos el Olavarriense Donato Pellegrino,\u00a0 participan desde hoy de la 33 Olimp\u00edada Inter. de Biolog\u00eda","robots":{"index":"index","follow":"follow","max-snippet":"max-snippet:-1","max-image-preview":"max-image-preview:large","max-video-preview":"max-video-preview:-1"},"canonical":"https:\/\/experienciadevida.com.ar\/portalurbano\/un-estudiante-olavarriense-participara-en-las-olimpiada-de-biologia-en-armenia\/","og_locale":"es_ES","og_type":"article","og_title":"Un estudiante Olavarriense participara en las Olimpiada de Biolog\u00eda","og_description":"Cuatro estudiantes argentinos, entre ellos el Olavarriense Donato Pellegrino,\u00a0 participan desde hoy de la 33 Olimp\u00edada Inter. de Biolog\u00eda","og_url":"https:\/\/experienciadevida.com.ar\/portalurbano\/un-estudiante-olavarriense-participara-en-las-olimpiada-de-biologia-en-armenia\/","article_publisher":"https:\/\/www.facebook.com\/Portal-Urbano-171542830093757\/","article_published_time":"2022-07-10T23:57:02+00:00","article_modified_time":"2022-07-10T23:59:16+00:00","og_image":[{"width":859,"height":487,"url":"https:\/\/experienciadevida.com.ar\/portalurbano\/wp-content\/uploads\/2022\/07\/donato.jpg","type":"image\/jpeg"}],"author":"admpu17wp","twitter_card":"summary_large_image","twitter_creator":"@portalurbanook","twitter_site":"@portalurbanook","twitter_misc":{"Escrito por":"admpu17wp","Tiempo de lectura":"3 minutos"},"schema":{"@context":"https:\/\/schema.org","@graph":[{"@type":"Article","@id":"https:\/\/experienciadevida.com.ar\/portalurbano\/un-estudiante-olavarriense-participara-en-las-olimpiada-de-biologia-en-armenia\/#article","isPartOf":{"@id":"https:\/\/experienciadevida.com.ar\/portalurbano\/un-estudiante-olavarriense-participara-en-las-olimpiada-de-biologia-en-armenia\/"},"author":{"name":"admpu17wp","@id":"https:\/\/experienciadevida.com.ar\/portalurbano\/#\/schema\/person\/02dd326b1c4b056e9cc972486934a3a7"},"headline":"Un estudiante Olavarriense participara en las Olimpiada de Biolog\u00eda en Armenia","datePublished":"2022-07-10T23:57:02+00:00","dateModified":"2022-07-10T23:59:16+00:00","mainEntityOfPage":{"@id":"https:\/\/experienciadevida.com.ar\/portalurbano\/un-estudiante-olavarriense-participara-en-las-olimpiada-de-biologia-en-armenia\/"},"wordCount":534,"publisher":{"@id":"https:\/\/experienciadevida.com.ar\/portalurbano\/#organization"},"articleSection":["Ciudad","Destacadas 2"],"inLanguage":"es"},{"@type":"WebPage","@id":"https:\/\/experienciadevida.com.ar\/portalurbano\/un-estudiante-olavarriense-participara-en-las-olimpiada-de-biologia-en-armenia\/","url":"https:\/\/experienciadevida.com.ar\/portalurbano\/un-estudiante-olavarriense-participara-en-las-olimpiada-de-biologia-en-armenia\/","name":"Un estudiante Olavarriense participara en las Olimpiada de Biolog\u00eda","isPartOf":{"@id":"https:\/\/experienciadevida.com.ar\/portalurbano\/#website"},"datePublished":"2022-07-10T23:57:02+00:00","dateModified":"2022-07-10T23:59:16+00:00","description":"Cuatro estudiantes argentinos, entre ellos el Olavarriense Donato Pellegrino,\u00a0 participan desde hoy de la 33 Olimp\u00edada Inter. de Biolog\u00eda","breadcrumb":{"@id":"https:\/\/experienciadevida.com.ar\/portalurbano\/un-estudiante-olavarriense-participara-en-las-olimpiada-de-biologia-en-armenia\/#breadcrumb"},"inLanguage":"es","potentialAction":[{"@type":"ReadAction","target":["https:\/\/experienciadevida.com.ar\/portalurbano\/un-estudiante-olavarriense-participara-en-las-olimpiada-de-biologia-en-armenia\/"]}]},{"@type":"BreadcrumbList","@id":"https:\/\/experienciadevida.com.ar\/portalurbano\/un-estudiante-olavarriense-participara-en-las-olimpiada-de-biologia-en-armenia\/#breadcrumb","itemListElement":[{"@type":"ListItem","position":1,"name":"Portada","item":"https:\/\/experienciadevida.com.ar\/portalurbano\/"},{"@type":"ListItem","position":2,"name":"Un estudiante Olavarriense participara en las Olimpiada de Biolog\u00eda en Armenia"}]},{"@type":"WebSite","@id":"https:\/\/experienciadevida.com.ar\/portalurbano\/#website","url":"https:\/\/experienciadevida.com.ar\/portalurbano\/","name":"","description":"","publisher":{"@id":"https:\/\/experienciadevida.com.ar\/portalurbano\/#organization"},"potentialAction":[{"@type":"SearchAction","target":{"@type":"EntryPoint","urlTemplate":"https:\/\/experienciadevida.com.ar\/portalurbano\/?s={search_term_string}"},"query-input":"required name=search_term_string"}],"inLanguage":"es"},{"@type":"Organization","@id":"https:\/\/experienciadevida.com.ar\/portalurbano\/#organization","name":"Portal Urbano","url":"https:\/\/experienciadevida.com.ar\/portalurbano\/","logo":{"@type":"ImageObject","inLanguage":"es","@id":"https:\/\/experienciadevida.com.ar\/portalurbano\/#\/schema\/logo\/image\/","url":"https:\/\/experienciadevida.com.ar\/portalurbano\/wp-content\/uploads\/2019\/09\/Logo-Original.png","contentUrl":"https:\/\/experienciadevida.com.ar\/portalurbano\/wp-content\/uploads\/2019\/09\/Logo-Original.png","width":2236,"height":1216,"caption":"Portal Urbano"},"image":{"@id":"https:\/\/experienciadevida.com.ar\/portalurbano\/#\/schema\/logo\/image\/"},"sameAs":["https:\/\/www.facebook.com\/Portal-Urbano-171542830093757\/","https:\/\/twitter.com\/portalurbanook","https:\/\/www.instagram.com\/_portalurbano\/","https:\/\/www.youtube.com\/channel\/UCXhagIfszH8KxFiOok79zbA?view_as=subscriber"]},{"@type":"Person","@id":"https:\/\/experienciadevida.com.ar\/portalurbano\/#\/schema\/person\/02dd326b1c4b056e9cc972486934a3a7","name":"admpu17wp","image":{"@type":"ImageObject","inLanguage":"es","@id":"https:\/\/experienciadevida.com.ar\/portalurbano\/#\/schema\/person\/image\/","url":"https:\/\/secure.gravatar.com\/avatar\/830d4c57adaae6630765e449a6908047?s=96&d=mm&r=g","contentUrl":"https:\/\/secure.gravatar.com\/avatar\/830d4c57adaae6630765e449a6908047?s=96&d=mm&r=g","caption":"admpu17wp"}}]}},"featured_image_urls":{"full":["https:\/\/experienciadevida.com.ar\/portalurbano\/wp-content\/uploads\/2022\/07\/donato.jpg",859,487,false],"thumbnail":["https:\/\/experienciadevida.com.ar\/portalurbano\/wp-content\/uploads\/2022\/07\/donato-150x150.jpg",150,150,true],"medium":["https:\/\/experienciadevida.com.ar\/portalurbano\/wp-content\/uploads\/2022\/07\/donato-300x170.jpg",300,170,true],"medium_large":["https:\/\/experienciadevida.com.ar\/portalurbano\/wp-content\/uploads\/2022\/07\/donato-768x435.jpg",640,363,true],"large":["https:\/\/experienciadevida.com.ar\/portalurbano\/wp-content\/uploads\/2022\/07\/donato.jpg",640,363,false],"ug_big":["https:\/\/experienciadevida.com.ar\/portalurbano\/wp-content\/uploads\/2022\/07\/donato-768x435.jpg",768,435,true],"1536x1536":["https:\/\/experienciadevida.com.ar\/portalurbano\/wp-content\/uploads\/2022\/07\/donato.jpg",859,487,false],"2048x2048":["https:\/\/experienciadevida.com.ar\/portalurbano\/wp-content\/uploads\/2022\/07\/donato.jpg",859,487,false],"newsever-slider-full":["https:\/\/experienciadevida.com.ar\/portalurbano\/wp-content\/uploads\/2022\/07\/donato.jpg",859,487,false],"newsever-featured":["https:\/\/experienciadevida.com.ar\/portalurbano\/wp-content\/uploads\/2022\/07\/donato.jpg",859,487,false],"newsever-medium":["https:\/\/experienciadevida.com.ar\/portalurbano\/wp-content\/uploads\/2022\/07\/donato.jpg",720,408,false],"web-stories-poster-portrait":["https:\/\/experienciadevida.com.ar\/portalurbano\/wp-content\/uploads\/2022\/07\/donato.jpg",640,363,false],"web-stories-publisher-logo":["https:\/\/experienciadevida.com.ar\/portalurbano\/wp-content\/uploads\/2022\/07\/donato.jpg",96,54,false],"web-stories-thumbnail":["https:\/\/experienciadevida.com.ar\/portalurbano\/wp-content\/uploads\/2022\/07\/donato.jpg",150,85,false]},"author_info":{"display_name":"admpu17wp","author_link":"https:\/\/experienciadevida.com.ar\/portalurbano\/author\/admpu17wp\/"},"category_info":"<a href=\"https:\/\/experienciadevida.com.ar\/portalurbano\/category\/ciudad\/\" rel=\"category tag\">Ciudad<\/a> <a href=\"https:\/\/experienciadevida.com.ar\/portalurbano\/category\/destacadas-2\/\" rel=\"category tag\">Destacadas 2<\/a>","tag_info":"Destacadas 2","comment_count":"0","amp_enabled":true,"_links":{"self":[{"href":"https:\/\/experienciadevida.com.ar\/portalurbano\/wp-json\/wp\/v2\/posts\/171169"}],"collection":[{"href":"https:\/\/experienciadevida.com.ar\/portalurbano\/wp-json\/wp\/v2\/posts"}],"about":[{"href":"https:\/\/experienciadevida.com.ar\/portalurbano\/wp-json\/wp\/v2\/types\/post"}],"author":[{"embeddable":true,"href":"https:\/\/experienciadevida.com.ar\/portalurbano\/wp-json\/wp\/v2\/users\/1"}],"replies":[{"embeddable":true,"href":"https:\/\/experienciadevida.com.ar\/portalurbano\/wp-json\/wp\/v2\/comments?post=171169"}],"version-history":[{"count":1,"href":"https:\/\/experienciadevida.com.ar\/portalurbano\/wp-json\/wp\/v2\/posts\/171169\/revisions"}],"predecessor-version":[{"id":171171,"href":"https:\/\/experienciadevida.com.ar\/portalurbano\/wp-json\/wp\/v2\/posts\/171169\/revisions\/171171"}],"wp:featuredmedia":[{"embeddable":true,"href":"https:\/\/experienciadevida.com.ar\/portalurbano\/wp-json\/wp\/v2\/media\/171170"}],"wp:attachment":[{"href":"https:\/\/experienciadevida.com.ar\/portalurbano\/wp-json\/wp\/v2\/media?parent=171169"}],"wp:term":[{"taxonomy":"category","embeddable":true,"href":"https:\/\/experienciadevida.com.ar\/portalurbano\/wp-json\/wp\/v2\/categories?post=171169"},{"taxonomy":"post_tag","embeddable":true,"href":"https:\/\/experienciadevida.com.ar\/portalurbano\/wp-json\/wp\/v2\/tags?post=171169"}],"curies":[{"name":"wp","href":"https:\/\/api.w.org\/{rel}","templated":true}]}}