{"id":171157,"date":"2022-07-10T19:58:42","date_gmt":"2022-07-10T22:58:42","guid":{"rendered":"https:\/\/experienciadevida.com.ar\/portalurbano\/?p=171157"},"modified":"2022-07-10T20:10:50","modified_gmt":"2022-07-10T23:10:50","slug":"como-sera-en-argentina-la-mayor-superluna-del-ano","status":"publish","type":"post","link":"https:\/\/experienciadevida.com.ar\/portalurbano\/como-sera-en-argentina-la-mayor-superluna-del-ano\/","title":{"rendered":"C\u00f3mo ser\u00e1 en Argentina la mayor Super luna del a\u00f1o"},"content":{"rendered":"<p>El Planetario de San Luis brindo todos los detalles y recomendaciones para disfrutar del impactante espect\u00e1culo celeste que ocurrir\u00e1 con la Luna en Sagitario y se ver\u00e1 a ojo desnudo desde todo el pa\u00eds.<\/p>\n<p>Al atardecer del mi\u00e9rcoles 13 de julio, siempre que el cielo este despejado, se podr\u00e1 apreciar desde toda la Argentina un nuevo y espectacular fen\u00f3meno astron\u00f3mico conocido popularmente como Superluna que, minutos m\u00e1s o minutos menos dependiendo el lugar del pa\u00eds donde se este, se observara en torno a las 18:30 justo cuando el sat\u00e9lite natural asome hacia horizonte Sureste.<\/p>\n<p>En relaci\u00f3n a ello desde el Planetario de San Luis expresaron que este evento celeste, muy notable y atractivo a la vista, se podr\u00e1 distinguir perfectamente a ojo desnudo y consiste en que la combinaci\u00f3n de la Luna llena y su menor distancia con la Tierra hagan que la Luna luzca espectacularmente m\u00e1s grande y luminosa de lo habitual pero adem\u00e1s, el dato, es que ser\u00e1 la menor distancia entre los astros de todo el 2022 y por ende la Superluna m\u00e1s impactante y esperada.<\/p>\n<p>Al respecto detallaron que el d\u00eda 13, puntualmente a las 6:09 de la madrugada (Hora Oficial Argentina), el sat\u00e9lite selenita y nuestro planeta encontrar\u00e1n en el espacio la m\u00ednima separaci\u00f3n denominada Perigeo que ser\u00e1 de 357,263 kil\u00f3metros y pocas horas despu\u00e9s, a las 15:38 de la tarde, \u00a0ingresara en fase llena tambi\u00e9n llamado plenilunio.<\/p>\n<p>As\u00ed mismo desde el planetario agregaron que por ejemplo, cuando se produce una Superluna, hay insectos y otras especies animales que durante esas jornadas tienen mayor actividad por el motivo que aumenta la cantidad de luz reflejada a la Tierra en tanto que por otra parte, en el caso de los felinos, ven m\u00e1s complicada su tarea de caza porque debido a la luz lunar son f\u00e1cilmente detectados por sus presas.<\/p>\n<h2><strong>Como disfrutar este show celeste<\/strong><\/h2>\n<p>En relaci\u00f3n a las recomendaciones para ver la Superluna especificaron que lo ideal es que los observadores se ubiquen en un lugar que permita tener el horizonte Sureste libre de obst\u00e1culos visuales como edificaciones u arboledas en tanto que, el mejor momento para verlo ser\u00e1 justo cuando la Luna asome por el horizonte y por ello es clave estar muy atentos a su salida.<\/p>\n<p>Por su parte Juli\u00e1n Akira \u2013<em>que se desempe\u00f1a operando telescopios en las actividades cient\u00edfico recreativas del Planetario de San Luis<\/em>\u2013 destac\u00f3 que ser\u00e1 una gran ocasi\u00f3n para los astro fot\u00f3grafos y adem\u00e1s especific\u00f3 que detr\u00e1s de la Luna, como tel\u00f3n de fondo en el cielo, estar\u00e1n posicionadas las estrellas de la constelaci\u00f3n zodiacal de Sagitario que se encuentran pr\u00f3ximas a la direcci\u00f3n visual del centro de la V\u00eda L\u00e1ctea donde la poblaci\u00f3n estelar es abundante y por ende interesante para la observaci\u00f3n con instrumentos \u00f3pticos. ( Fuente Planetario San Luis)<\/p>\n","protected":false},"excerpt":{"rendered":"<p>El Planetario de San Luis brindo todos los detalles y recomendaciones para disfrutar del impactante&#8230;<\/p>\n","protected":false},"author":1,"featured_media":171158,"comment_status":"closed","ping_status":"closed","sticky":false,"template":"","format":"standard","meta":{"content-type":""},"categories":[27,64],"tags":[669],"nelio_content":{"isAutoShareEnabled":false,"autoShareEndMode":"default","automationSources":{"useContentSentences":true,"useSocialTemplates":true,"useCustomSentences":false,"customSentences":[]},"followers":[1],"suggestedReferences":[],"includedReferences":[],"efiUrl":"","efiAlt":"","highlights":[]},"yoast_head":"<!-- This site is optimized with the Yoast SEO plugin v20.7 - https:\/\/yoast.com\/wordpress\/plugins\/seo\/ -->\n<title>C\u00f3mo ser\u00e1 en Argentina la mayor Super luna del a\u00f1o<\/title>\n<meta name=\"description\" content=\"El Planetario de S Luis brindo todos los detalles y recomendaciones para disfrutar del impactante espect\u00e1culo que ocurrir\u00e1 con la Luna\" \/>\n<meta name=\"robots\" content=\"index, follow, max-snippet:-1, max-image-preview:large, max-video-preview:-1\" \/>\n<link rel=\"canonical\" href=\"https:\/\/experienciadevida.com.ar\/portalurbano\/como-sera-en-argentina-la-mayor-superluna-del-ano\/\" \/>\n<meta property=\"og:locale\" content=\"es_ES\" \/>\n<meta property=\"og:type\" content=\"article\" \/>\n<meta property=\"og:title\" content=\"C\u00f3mo ser\u00e1 en Argentina la mayor Super luna del a\u00f1o\" \/>\n<meta property=\"og:description\" content=\"El Planetario de S Luis brindo todos los detalles y recomendaciones para disfrutar del impactante espect\u00e1culo que ocurrir\u00e1 con la Luna\" \/>\n<meta property=\"og:url\" content=\"https:\/\/experienciadevida.com.ar\/portalurbano\/como-sera-en-argentina-la-mayor-superluna-del-ano\/\" \/>\n<meta property=\"article:publisher\" content=\"https:\/\/www.facebook.com\/Portal-Urbano-171542830093757\/\" \/>\n<meta property=\"article:published_time\" content=\"2022-07-10T22:58:42+00:00\" \/>\n<meta property=\"article:modified_time\" content=\"2022-07-10T23:10:50+00:00\" \/>\n<meta property=\"og:image\" content=\"https:\/\/experienciadevida.com.ar\/portalurbano\/wp-content\/uploads\/2022\/07\/luna_SL-e1657493850961.jpg\" \/>\n\t<meta property=\"og:image:width\" content=\"800\" \/>\n\t<meta property=\"og:image:height\" content=\"534\" \/>\n\t<meta property=\"og:image:type\" content=\"image\/jpeg\" \/>\n<meta name=\"author\" content=\"admpu17wp\" \/>\n<meta name=\"twitter:card\" content=\"summary_large_image\" \/>\n<meta name=\"twitter:creator\" content=\"@portalurbanook\" \/>\n<meta name=\"twitter:site\" content=\"@portalurbanook\" \/>\n<meta name=\"twitter:label1\" content=\"Escrito por\" \/>\n\t<meta name=\"twitter:data1\" content=\"admpu17wp\" \/>\n\t<meta name=\"twitter:label2\" content=\"Tiempo de lectura\" \/>\n\t<meta name=\"twitter:data2\" content=\"3 minutos\" \/>\n<script type=\"application\/ld+json\" class=\"yoast-schema-graph\">{\"@context\":\"https:\/\/schema.org\",\"@graph\":[{\"@type\":\"Article\",\"@id\":\"https:\/\/experienciadevida.com.ar\/portalurbano\/como-sera-en-argentina-la-mayor-superluna-del-ano\/#article\",\"isPartOf\":{\"@id\":\"https:\/\/experienciadevida.com.ar\/portalurbano\/como-sera-en-argentina-la-mayor-superluna-del-ano\/\"},\"author\":{\"name\":\"admpu17wp\",\"@id\":\"https:\/\/experienciadevida.com.ar\/portalurbano\/#\/schema\/person\/02dd326b1c4b056e9cc972486934a3a7\"},\"headline\":\"C\u00f3mo ser\u00e1 en Argentina la mayor Super luna del a\u00f1o\",\"datePublished\":\"2022-07-10T22:58:42+00:00\",\"dateModified\":\"2022-07-10T23:10:50+00:00\",\"mainEntityOfPage\":{\"@id\":\"https:\/\/experienciadevida.com.ar\/portalurbano\/como-sera-en-argentina-la-mayor-superluna-del-ano\/\"},\"wordCount\":508,\"publisher\":{\"@id\":\"https:\/\/experienciadevida.com.ar\/portalurbano\/#organization\"},\"keywords\":[\"luna\"],\"articleSection\":[\"Ciudad\",\"Destacadas 2\"],\"inLanguage\":\"es\"},{\"@type\":\"WebPage\",\"@id\":\"https:\/\/experienciadevida.com.ar\/portalurbano\/como-sera-en-argentina-la-mayor-superluna-del-ano\/\",\"url\":\"https:\/\/experienciadevida.com.ar\/portalurbano\/como-sera-en-argentina-la-mayor-superluna-del-ano\/\",\"name\":\"C\u00f3mo ser\u00e1 en Argentina la mayor Super luna del a\u00f1o\",\"isPartOf\":{\"@id\":\"https:\/\/experienciadevida.com.ar\/portalurbano\/#website\"},\"datePublished\":\"2022-07-10T22:58:42+00:00\",\"dateModified\":\"2022-07-10T23:10:50+00:00\",\"description\":\"El Planetario de S Luis brindo todos los detalles y recomendaciones para disfrutar del impactante espect\u00e1culo que ocurrir\u00e1 con la Luna\",\"breadcrumb\":{\"@id\":\"https:\/\/experienciadevida.com.ar\/portalurbano\/como-sera-en-argentina-la-mayor-superluna-del-ano\/#breadcrumb\"},\"inLanguage\":\"es\",\"potentialAction\":[{\"@type\":\"ReadAction\",\"target\":[\"https:\/\/experienciadevida.com.ar\/portalurbano\/como-sera-en-argentina-la-mayor-superluna-del-ano\/\"]}]},{\"@type\":\"BreadcrumbList\",\"@id\":\"https:\/\/experienciadevida.com.ar\/portalurbano\/como-sera-en-argentina-la-mayor-superluna-del-ano\/#breadcrumb\",\"itemListElement\":[{\"@type\":\"ListItem\",\"position\":1,\"name\":\"Portada\",\"item\":\"https:\/\/experienciadevida.com.ar\/portalurbano\/\"},{\"@type\":\"ListItem\",\"position\":2,\"name\":\"C\u00f3mo ser\u00e1 en Argentina la mayor Super luna del a\u00f1o\"}]},{\"@type\":\"WebSite\",\"@id\":\"https:\/\/experienciadevida.com.ar\/portalurbano\/#website\",\"url\":\"https:\/\/experienciadevida.com.ar\/portalurbano\/\",\"name\":\"\",\"description\":\"\",\"publisher\":{\"@id\":\"https:\/\/experienciadevida.com.ar\/portalurbano\/#organization\"},\"potentialAction\":[{\"@type\":\"SearchAction\",\"target\":{\"@type\":\"EntryPoint\",\"urlTemplate\":\"https:\/\/experienciadevida.com.ar\/portalurbano\/?s={search_term_string}\"},\"query-input\":\"required name=search_term_string\"}],\"inLanguage\":\"es\"},{\"@type\":\"Organization\",\"@id\":\"https:\/\/experienciadevida.com.ar\/portalurbano\/#organization\",\"name\":\"Portal Urbano\",\"url\":\"https:\/\/experienciadevida.com.ar\/portalurbano\/\",\"logo\":{\"@type\":\"ImageObject\",\"inLanguage\":\"es\",\"@id\":\"https:\/\/experienciadevida.com.ar\/portalurbano\/#\/schema\/logo\/image\/\",\"url\":\"https:\/\/experienciadevida.com.ar\/portalurbano\/wp-content\/uploads\/2019\/09\/Logo-Original.png\",\"contentUrl\":\"https:\/\/experienciadevida.com.ar\/portalurbano\/wp-content\/uploads\/2019\/09\/Logo-Original.png\",\"width\":2236,\"height\":1216,\"caption\":\"Portal Urbano\"},\"image\":{\"@id\":\"https:\/\/experienciadevida.com.ar\/portalurbano\/#\/schema\/logo\/image\/\"},\"sameAs\":[\"https:\/\/www.facebook.com\/Portal-Urbano-171542830093757\/\",\"https:\/\/twitter.com\/portalurbanook\",\"https:\/\/www.instagram.com\/_portalurbano\/\",\"https:\/\/www.youtube.com\/channel\/UCXhagIfszH8KxFiOok79zbA?view_as=subscriber\"]},{\"@type\":\"Person\",\"@id\":\"https:\/\/experienciadevida.com.ar\/portalurbano\/#\/schema\/person\/02dd326b1c4b056e9cc972486934a3a7\",\"name\":\"admpu17wp\",\"image\":{\"@type\":\"ImageObject\",\"inLanguage\":\"es\",\"@id\":\"https:\/\/experienciadevida.com.ar\/portalurbano\/#\/schema\/person\/image\/\",\"url\":\"https:\/\/secure.gravatar.com\/avatar\/830d4c57adaae6630765e449a6908047?s=96&d=mm&r=g\",\"contentUrl\":\"https:\/\/secure.gravatar.com\/avatar\/830d4c57adaae6630765e449a6908047?s=96&d=mm&r=g\",\"caption\":\"admpu17wp\"}}]}<\/script>\n<!-- \/ Yoast SEO plugin. -->","yoast_head_json":{"title":"C\u00f3mo ser\u00e1 en Argentina la mayor Super luna del a\u00f1o","description":"El Planetario de S Luis brindo todos los detalles y recomendaciones para disfrutar del impactante espect\u00e1culo que ocurrir\u00e1 con la Luna","robots":{"index":"index","follow":"follow","max-snippet":"max-snippet:-1","max-image-preview":"max-image-preview:large","max-video-preview":"max-video-preview:-1"},"canonical":"https:\/\/experienciadevida.com.ar\/portalurbano\/como-sera-en-argentina-la-mayor-superluna-del-ano\/","og_locale":"es_ES","og_type":"article","og_title":"C\u00f3mo ser\u00e1 en Argentina la mayor Super luna del a\u00f1o","og_description":"El Planetario de S Luis brindo todos los detalles y recomendaciones para disfrutar del impactante espect\u00e1culo que ocurrir\u00e1 con la Luna","og_url":"https:\/\/experienciadevida.com.ar\/portalurbano\/como-sera-en-argentina-la-mayor-superluna-del-ano\/","article_publisher":"https:\/\/www.facebook.com\/Portal-Urbano-171542830093757\/","article_published_time":"2022-07-10T22:58:42+00:00","article_modified_time":"2022-07-10T23:10:50+00:00","og_image":[{"width":800,"height":534,"url":"https:\/\/experienciadevida.com.ar\/portalurbano\/wp-content\/uploads\/2022\/07\/luna_SL-e1657493850961.jpg","type":"image\/jpeg"}],"author":"admpu17wp","twitter_card":"summary_large_image","twitter_creator":"@portalurbanook","twitter_site":"@portalurbanook","twitter_misc":{"Escrito por":"admpu17wp","Tiempo de lectura":"3 minutos"},"schema":{"@context":"https:\/\/schema.org","@graph":[{"@type":"Article","@id":"https:\/\/experienciadevida.com.ar\/portalurbano\/como-sera-en-argentina-la-mayor-superluna-del-ano\/#article","isPartOf":{"@id":"https:\/\/experienciadevida.com.ar\/portalurbano\/como-sera-en-argentina-la-mayor-superluna-del-ano\/"},"author":{"name":"admpu17wp","@id":"https:\/\/experienciadevida.com.ar\/portalurbano\/#\/schema\/person\/02dd326b1c4b056e9cc972486934a3a7"},"headline":"C\u00f3mo ser\u00e1 en Argentina la mayor Super luna del a\u00f1o","datePublished":"2022-07-10T22:58:42+00:00","dateModified":"2022-07-10T23:10:50+00:00","mainEntityOfPage":{"@id":"https:\/\/experienciadevida.com.ar\/portalurbano\/como-sera-en-argentina-la-mayor-superluna-del-ano\/"},"wordCount":508,"publisher":{"@id":"https:\/\/experienciadevida.com.ar\/portalurbano\/#organization"},"keywords":["luna"],"articleSection":["Ciudad","Destacadas 2"],"inLanguage":"es"},{"@type":"WebPage","@id":"https:\/\/experienciadevida.com.ar\/portalurbano\/como-sera-en-argentina-la-mayor-superluna-del-ano\/","url":"https:\/\/experienciadevida.com.ar\/portalurbano\/como-sera-en-argentina-la-mayor-superluna-del-ano\/","name":"C\u00f3mo ser\u00e1 en Argentina la mayor Super luna del a\u00f1o","isPartOf":{"@id":"https:\/\/experienciadevida.com.ar\/portalurbano\/#website"},"datePublished":"2022-07-10T22:58:42+00:00","dateModified":"2022-07-10T23:10:50+00:00","description":"El Planetario de S Luis brindo todos los detalles y recomendaciones para disfrutar del impactante espect\u00e1culo que ocurrir\u00e1 con la Luna","breadcrumb":{"@id":"https:\/\/experienciadevida.com.ar\/portalurbano\/como-sera-en-argentina-la-mayor-superluna-del-ano\/#breadcrumb"},"inLanguage":"es","potentialAction":[{"@type":"ReadAction","target":["https:\/\/experienciadevida.com.ar\/portalurbano\/como-sera-en-argentina-la-mayor-superluna-del-ano\/"]}]},{"@type":"BreadcrumbList","@id":"https:\/\/experienciadevida.com.ar\/portalurbano\/como-sera-en-argentina-la-mayor-superluna-del-ano\/#breadcrumb","itemListElement":[{"@type":"ListItem","position":1,"name":"Portada","item":"https:\/\/experienciadevida.com.ar\/portalurbano\/"},{"@type":"ListItem","position":2,"name":"C\u00f3mo ser\u00e1 en Argentina la mayor Super luna del a\u00f1o"}]},{"@type":"WebSite","@id":"https:\/\/experienciadevida.com.ar\/portalurbano\/#website","url":"https:\/\/experienciadevida.com.ar\/portalurbano\/","name":"","description":"","publisher":{"@id":"https:\/\/experienciadevida.com.ar\/portalurbano\/#organization"},"potentialAction":[{"@type":"SearchAction","target":{"@type":"EntryPoint","urlTemplate":"https:\/\/experienciadevida.com.ar\/portalurbano\/?s={search_term_string}"},"query-input":"required name=search_term_string"}],"inLanguage":"es"},{"@type":"Organization","@id":"https:\/\/experienciadevida.com.ar\/portalurbano\/#organization","name":"Portal Urbano","url":"https:\/\/experienciadevida.com.ar\/portalurbano\/","logo":{"@type":"ImageObject","inLanguage":"es","@id":"https:\/\/experienciadevida.com.ar\/portalurbano\/#\/schema\/logo\/image\/","url":"https:\/\/experienciadevida.com.ar\/portalurbano\/wp-content\/uploads\/2019\/09\/Logo-Original.png","contentUrl":"https:\/\/experienciadevida.com.ar\/portalurbano\/wp-content\/uploads\/2019\/09\/Logo-Original.png","width":2236,"height":1216,"caption":"Portal Urbano"},"image":{"@id":"https:\/\/experienciadevida.com.ar\/portalurbano\/#\/schema\/logo\/image\/"},"sameAs":["https:\/\/www.facebook.com\/Portal-Urbano-171542830093757\/","https:\/\/twitter.com\/portalurbanook","https:\/\/www.instagram.com\/_portalurbano\/","https:\/\/www.youtube.com\/channel\/UCXhagIfszH8KxFiOok79zbA?view_as=subscriber"]},{"@type":"Person","@id":"https:\/\/experienciadevida.com.ar\/portalurbano\/#\/schema\/person\/02dd326b1c4b056e9cc972486934a3a7","name":"admpu17wp","image":{"@type":"ImageObject","inLanguage":"es","@id":"https:\/\/experienciadevida.com.ar\/portalurbano\/#\/schema\/person\/image\/","url":"https:\/\/secure.gravatar.com\/avatar\/830d4c57adaae6630765e449a6908047?s=96&d=mm&r=g","contentUrl":"https:\/\/secure.gravatar.com\/avatar\/830d4c57adaae6630765e449a6908047?s=96&d=mm&r=g","caption":"admpu17wp"}}]}},"featured_image_urls":{"full":["https:\/\/experienciadevida.com.ar\/portalurbano\/wp-content\/uploads\/2022\/07\/luna_SL-e1657493850961.jpg",800,534,false],"thumbnail":["https:\/\/experienciadevida.com.ar\/portalurbano\/wp-content\/uploads\/2022\/07\/luna_SL-e1657493850961-150x150.jpg",150,150,true],"medium":["https:\/\/experienciadevida.com.ar\/portalurbano\/wp-content\/uploads\/2022\/07\/luna_SL-e1657493850961-300x200.jpg",300,200,true],"medium_large":["https:\/\/experienciadevida.com.ar\/portalurbano\/wp-content\/uploads\/2022\/07\/luna_SL-e1657493850961-768x513.jpg",640,428,true],"large":["https:\/\/experienciadevida.com.ar\/portalurbano\/wp-content\/uploads\/2022\/07\/luna_SL-e1657493850961.jpg",640,427,false],"ug_big":["https:\/\/experienciadevida.com.ar\/portalurbano\/wp-content\/uploads\/2022\/07\/luna_SL-e1657493850961-768x513.jpg",768,513,true],"1536x1536":["https:\/\/experienciadevida.com.ar\/portalurbano\/wp-content\/uploads\/2022\/07\/luna_SL-e1657493850961.jpg",800,534,false],"2048x2048":["https:\/\/experienciadevida.com.ar\/portalurbano\/wp-content\/uploads\/2022\/07\/luna_SL-e1657493850961.jpg",800,534,false],"newsever-slider-full":["https:\/\/experienciadevida.com.ar\/portalurbano\/wp-content\/uploads\/2022\/07\/luna_SL-e1657493850961.jpg",800,534,false],"newsever-featured":["https:\/\/experienciadevida.com.ar\/portalurbano\/wp-content\/uploads\/2022\/07\/luna_SL-e1657493850961.jpg",800,534,false],"newsever-medium":["https:\/\/experienciadevida.com.ar\/portalurbano\/wp-content\/uploads\/2022\/07\/luna_SL-e1657493850961.jpg",712,475,false],"web-stories-poster-portrait":["https:\/\/experienciadevida.com.ar\/portalurbano\/wp-content\/uploads\/2022\/07\/luna_SL-e1657493850961.jpg",640,427,false],"web-stories-publisher-logo":["https:\/\/experienciadevida.com.ar\/portalurbano\/wp-content\/uploads\/2022\/07\/luna_SL-e1657493850961.jpg",96,64,false],"web-stories-thumbnail":["https:\/\/experienciadevida.com.ar\/portalurbano\/wp-content\/uploads\/2022\/07\/luna_SL-e1657493850961.jpg",150,100,false]},"author_info":{"display_name":"admpu17wp","author_link":"https:\/\/experienciadevida.com.ar\/portalurbano\/author\/admpu17wp\/"},"category_info":"<a href=\"https:\/\/experienciadevida.com.ar\/portalurbano\/category\/ciudad\/\" rel=\"category tag\">Ciudad<\/a> <a href=\"https:\/\/experienciadevida.com.ar\/portalurbano\/category\/destacadas-2\/\" rel=\"category tag\">Destacadas 2<\/a>","tag_info":"Destacadas 2","comment_count":"0","amp_enabled":true,"_links":{"self":[{"href":"https:\/\/experienciadevida.com.ar\/portalurbano\/wp-json\/wp\/v2\/posts\/171157"}],"collection":[{"href":"https:\/\/experienciadevida.com.ar\/portalurbano\/wp-json\/wp\/v2\/posts"}],"about":[{"href":"https:\/\/experienciadevida.com.ar\/portalurbano\/wp-json\/wp\/v2\/types\/post"}],"author":[{"embeddable":true,"href":"https:\/\/experienciadevida.com.ar\/portalurbano\/wp-json\/wp\/v2\/users\/1"}],"replies":[{"embeddable":true,"href":"https:\/\/experienciadevida.com.ar\/portalurbano\/wp-json\/wp\/v2\/comments?post=171157"}],"version-history":[{"count":2,"href":"https:\/\/experienciadevida.com.ar\/portalurbano\/wp-json\/wp\/v2\/posts\/171157\/revisions"}],"predecessor-version":[{"id":171160,"href":"https:\/\/experienciadevida.com.ar\/portalurbano\/wp-json\/wp\/v2\/posts\/171157\/revisions\/171160"}],"wp:featuredmedia":[{"embeddable":true,"href":"https:\/\/experienciadevida.com.ar\/portalurbano\/wp-json\/wp\/v2\/media\/171158"}],"wp:attachment":[{"href":"https:\/\/experienciadevida.com.ar\/portalurbano\/wp-json\/wp\/v2\/media?parent=171157"}],"wp:term":[{"taxonomy":"category","embeddable":true,"href":"https:\/\/experienciadevida.com.ar\/portalurbano\/wp-json\/wp\/v2\/categories?post=171157"},{"taxonomy":"post_tag","embeddable":true,"href":"https:\/\/experienciadevida.com.ar\/portalurbano\/wp-json\/wp\/v2\/tags?post=171157"}],"curies":[{"name":"wp","href":"https:\/\/api.w.org\/{rel}","templated":true}]}}