{"id":171117,"date":"2022-07-09T20:57:48","date_gmt":"2022-07-09T23:57:48","guid":{"rendered":"https:\/\/experienciadevida.com.ar\/portalurbano\/?p=171117"},"modified":"2022-07-09T20:58:37","modified_gmt":"2022-07-09T23:58:37","slug":"el-quirofano-veterinario-movil-seguira-en-la-capilla-santa-isabel","status":"publish","type":"post","link":"https:\/\/experienciadevida.com.ar\/portalurbano\/el-quirofano-veterinario-movil-seguira-en-la-capilla-santa-isabel\/","title":{"rendered":"El Quir\u00f3fano Veterinario M\u00f3vil seguir\u00e1 en la Capilla Santa Isabel"},"content":{"rendered":"<p>El Quir\u00f3fano Veterinario M\u00f3vil seguir\u00e1 en la Capilla Santa Isabel, as\u00ed lo informaron desde la Direcci\u00f3n de Bromatolog\u00eda de la Municipalidad de Olavarr\u00eda se record\u00f3 cu\u00e1l ser\u00e1 el cronograma del Quir\u00f3fano Veterinario M\u00f3vil durante las pr\u00f3ximas semanas.<\/p>\n<p>En ese sentido, se detall\u00f3 que por segunda semana consecutiva continuar\u00e1n realiz\u00e1ndose esterilizaciones quir\u00fargicas caninas y felinas en el Sal\u00f3n de Usos M\u00faltiples de la Capilla Santa Isabel, situado en Buchardo y Pourtal\u00e9.<\/p>\n<p>Las tareas se retomar\u00e1n este lunes y continuar\u00e1n en ese sitio hasta el viernes 15 del corriente mes inclusive. El horario de atenci\u00f3n ser\u00e1 de 8:30 a 12 horas, exclusivo para vecinos y vecinas del barrio y sectores aleda\u00f1os, quienes deber\u00e1n requerir turno previamente v\u00eda WhatsApp al n\u00famero 2284229029 (L\u00ednea Interactiva).<\/p>\n<p>Luego, el cronograma contempla que desde el lunes 18 y hasta el viernes 22 de julio inclusive la actividad se trasladar\u00e1 al Barrio Isaura, m\u00e1s precisamente al Centro de D\u00eda N\u00b0 5 ubicado sobre Calle 110 al 2540.<\/p>\n<p>Por \u00faltimo, a partir del 25 y hasta el viernes 29 las castraciones se realizar\u00e1n en el Sal\u00f3n de la Junta Vecinal 4 de Octubre, de Tacuar\u00ed 4268, en el barrio Sarmiento Norte.<\/p>\n","protected":false},"excerpt":{"rendered":"<p>El Quir\u00f3fano Veterinario M\u00f3vil seguir\u00e1 en la Capilla Santa Isabel, as\u00ed lo informaron desde la&#8230;<\/p>\n","protected":false},"author":1,"featured_media":168532,"comment_status":"closed","ping_status":"closed","sticky":false,"template":"","format":"standard","meta":{"content-type":""},"categories":[27],"tags":[],"nelio_content":{"isAutoShareEnabled":false,"autoShareEndMode":"default","automationSources":{"useContentSentences":true,"useSocialTemplates":true,"useCustomSentences":false,"customSentences":[]},"followers":[1],"suggestedReferences":[],"includedReferences":[],"efiUrl":"","efiAlt":"","highlights":[]},"yoast_head":"<!-- This site is optimized with the Yoast SEO plugin v20.7 - https:\/\/yoast.com\/wordpress\/plugins\/seo\/ -->\n<title>El Quir\u00f3fano Veterinario M\u00f3vil seguir\u00e1 en la Capilla Santa Isabel -<\/title>\n<meta name=\"robots\" content=\"index, follow, max-snippet:-1, max-image-preview:large, max-video-preview:-1\" \/>\n<link rel=\"canonical\" href=\"https:\/\/experienciadevida.com.ar\/portalurbano\/el-quirofano-veterinario-movil-seguira-en-la-capilla-santa-isabel\/\" \/>\n<meta property=\"og:locale\" content=\"es_ES\" \/>\n<meta property=\"og:type\" content=\"article\" \/>\n<meta property=\"og:title\" content=\"El Quir\u00f3fano Veterinario M\u00f3vil seguir\u00e1 en la Capilla Santa Isabel -\" \/>\n<meta property=\"og:description\" content=\"El Quir\u00f3fano Veterinario M\u00f3vil seguir\u00e1 en la Capilla Santa Isabel, as\u00ed lo informaron desde la...\" \/>\n<meta property=\"og:url\" content=\"https:\/\/experienciadevida.com.ar\/portalurbano\/el-quirofano-veterinario-movil-seguira-en-la-capilla-santa-isabel\/\" \/>\n<meta property=\"article:publisher\" content=\"https:\/\/www.facebook.com\/Portal-Urbano-171542830093757\/\" \/>\n<meta property=\"article:published_time\" content=\"2022-07-09T23:57:48+00:00\" \/>\n<meta property=\"article:modified_time\" content=\"2022-07-09T23:58:37+00:00\" \/>\n<meta property=\"og:image\" content=\"https:\/\/experienciadevida.com.ar\/portalurbano\/wp-content\/uploads\/2022\/05\/Quirofano-veterinario-movil-1-e1656373104662.jpg\" \/>\n\t<meta property=\"og:image:width\" content=\"800\" \/>\n\t<meta property=\"og:image:height\" content=\"533\" \/>\n\t<meta property=\"og:image:type\" content=\"image\/jpeg\" \/>\n<meta name=\"author\" content=\"admpu17wp\" \/>\n<meta name=\"twitter:card\" content=\"summary_large_image\" \/>\n<meta name=\"twitter:creator\" content=\"@portalurbanook\" \/>\n<meta name=\"twitter:site\" content=\"@portalurbanook\" \/>\n<meta name=\"twitter:label1\" content=\"Escrito por\" \/>\n\t<meta name=\"twitter:data1\" content=\"admpu17wp\" \/>\n\t<meta name=\"twitter:label2\" content=\"Tiempo de lectura\" \/>\n\t<meta name=\"twitter:data2\" content=\"1 minuto\" \/>\n<script type=\"application\/ld+json\" class=\"yoast-schema-graph\">{\"@context\":\"https:\/\/schema.org\",\"@graph\":[{\"@type\":\"Article\",\"@id\":\"https:\/\/experienciadevida.com.ar\/portalurbano\/el-quirofano-veterinario-movil-seguira-en-la-capilla-santa-isabel\/#article\",\"isPartOf\":{\"@id\":\"https:\/\/experienciadevida.com.ar\/portalurbano\/el-quirofano-veterinario-movil-seguira-en-la-capilla-santa-isabel\/\"},\"author\":{\"name\":\"admpu17wp\",\"@id\":\"https:\/\/experienciadevida.com.ar\/portalurbano\/#\/schema\/person\/02dd326b1c4b056e9cc972486934a3a7\"},\"headline\":\"El Quir\u00f3fano Veterinario M\u00f3vil seguir\u00e1 en la Capilla Santa Isabel\",\"datePublished\":\"2022-07-09T23:57:48+00:00\",\"dateModified\":\"2022-07-09T23:58:37+00:00\",\"mainEntityOfPage\":{\"@id\":\"https:\/\/experienciadevida.com.ar\/portalurbano\/el-quirofano-veterinario-movil-seguira-en-la-capilla-santa-isabel\/\"},\"wordCount\":217,\"publisher\":{\"@id\":\"https:\/\/experienciadevida.com.ar\/portalurbano\/#organization\"},\"articleSection\":[\"Ciudad\"],\"inLanguage\":\"es\"},{\"@type\":\"WebPage\",\"@id\":\"https:\/\/experienciadevida.com.ar\/portalurbano\/el-quirofano-veterinario-movil-seguira-en-la-capilla-santa-isabel\/\",\"url\":\"https:\/\/experienciadevida.com.ar\/portalurbano\/el-quirofano-veterinario-movil-seguira-en-la-capilla-santa-isabel\/\",\"name\":\"El Quir\u00f3fano Veterinario M\u00f3vil seguir\u00e1 en la Capilla Santa Isabel -\",\"isPartOf\":{\"@id\":\"https:\/\/experienciadevida.com.ar\/portalurbano\/#website\"},\"datePublished\":\"2022-07-09T23:57:48+00:00\",\"dateModified\":\"2022-07-09T23:58:37+00:00\",\"breadcrumb\":{\"@id\":\"https:\/\/experienciadevida.com.ar\/portalurbano\/el-quirofano-veterinario-movil-seguira-en-la-capilla-santa-isabel\/#breadcrumb\"},\"inLanguage\":\"es\",\"potentialAction\":[{\"@type\":\"ReadAction\",\"target\":[\"https:\/\/experienciadevida.com.ar\/portalurbano\/el-quirofano-veterinario-movil-seguira-en-la-capilla-santa-isabel\/\"]}]},{\"@type\":\"BreadcrumbList\",\"@id\":\"https:\/\/experienciadevida.com.ar\/portalurbano\/el-quirofano-veterinario-movil-seguira-en-la-capilla-santa-isabel\/#breadcrumb\",\"itemListElement\":[{\"@type\":\"ListItem\",\"position\":1,\"name\":\"Portada\",\"item\":\"https:\/\/experienciadevida.com.ar\/portalurbano\/\"},{\"@type\":\"ListItem\",\"position\":2,\"name\":\"El Quir\u00f3fano Veterinario M\u00f3vil seguir\u00e1 en la Capilla Santa Isabel\"}]},{\"@type\":\"WebSite\",\"@id\":\"https:\/\/experienciadevida.com.ar\/portalurbano\/#website\",\"url\":\"https:\/\/experienciadevida.com.ar\/portalurbano\/\",\"name\":\"\",\"description\":\"\",\"publisher\":{\"@id\":\"https:\/\/experienciadevida.com.ar\/portalurbano\/#organization\"},\"potentialAction\":[{\"@type\":\"SearchAction\",\"target\":{\"@type\":\"EntryPoint\",\"urlTemplate\":\"https:\/\/experienciadevida.com.ar\/portalurbano\/?s={search_term_string}\"},\"query-input\":\"required name=search_term_string\"}],\"inLanguage\":\"es\"},{\"@type\":\"Organization\",\"@id\":\"https:\/\/experienciadevida.com.ar\/portalurbano\/#organization\",\"name\":\"Portal Urbano\",\"url\":\"https:\/\/experienciadevida.com.ar\/portalurbano\/\",\"logo\":{\"@type\":\"ImageObject\",\"inLanguage\":\"es\",\"@id\":\"https:\/\/experienciadevida.com.ar\/portalurbano\/#\/schema\/logo\/image\/\",\"url\":\"https:\/\/experienciadevida.com.ar\/portalurbano\/wp-content\/uploads\/2019\/09\/Logo-Original.png\",\"contentUrl\":\"https:\/\/experienciadevida.com.ar\/portalurbano\/wp-content\/uploads\/2019\/09\/Logo-Original.png\",\"width\":2236,\"height\":1216,\"caption\":\"Portal Urbano\"},\"image\":{\"@id\":\"https:\/\/experienciadevida.com.ar\/portalurbano\/#\/schema\/logo\/image\/\"},\"sameAs\":[\"https:\/\/www.facebook.com\/Portal-Urbano-171542830093757\/\",\"https:\/\/twitter.com\/portalurbanook\",\"https:\/\/www.instagram.com\/_portalurbano\/\",\"https:\/\/www.youtube.com\/channel\/UCXhagIfszH8KxFiOok79zbA?view_as=subscriber\"]},{\"@type\":\"Person\",\"@id\":\"https:\/\/experienciadevida.com.ar\/portalurbano\/#\/schema\/person\/02dd326b1c4b056e9cc972486934a3a7\",\"name\":\"admpu17wp\",\"image\":{\"@type\":\"ImageObject\",\"inLanguage\":\"es\",\"@id\":\"https:\/\/experienciadevida.com.ar\/portalurbano\/#\/schema\/person\/image\/\",\"url\":\"https:\/\/secure.gravatar.com\/avatar\/830d4c57adaae6630765e449a6908047?s=96&d=mm&r=g\",\"contentUrl\":\"https:\/\/secure.gravatar.com\/avatar\/830d4c57adaae6630765e449a6908047?s=96&d=mm&r=g\",\"caption\":\"admpu17wp\"}}]}<\/script>\n<!-- \/ Yoast SEO plugin. -->","yoast_head_json":{"title":"El Quir\u00f3fano Veterinario M\u00f3vil seguir\u00e1 en la Capilla Santa Isabel -","robots":{"index":"index","follow":"follow","max-snippet":"max-snippet:-1","max-image-preview":"max-image-preview:large","max-video-preview":"max-video-preview:-1"},"canonical":"https:\/\/experienciadevida.com.ar\/portalurbano\/el-quirofano-veterinario-movil-seguira-en-la-capilla-santa-isabel\/","og_locale":"es_ES","og_type":"article","og_title":"El Quir\u00f3fano Veterinario M\u00f3vil seguir\u00e1 en la Capilla Santa Isabel -","og_description":"El Quir\u00f3fano Veterinario M\u00f3vil seguir\u00e1 en la Capilla Santa Isabel, as\u00ed lo informaron desde la...","og_url":"https:\/\/experienciadevida.com.ar\/portalurbano\/el-quirofano-veterinario-movil-seguira-en-la-capilla-santa-isabel\/","article_publisher":"https:\/\/www.facebook.com\/Portal-Urbano-171542830093757\/","article_published_time":"2022-07-09T23:57:48+00:00","article_modified_time":"2022-07-09T23:58:37+00:00","og_image":[{"width":800,"height":533,"url":"https:\/\/experienciadevida.com.ar\/portalurbano\/wp-content\/uploads\/2022\/05\/Quirofano-veterinario-movil-1-e1656373104662.jpg","type":"image\/jpeg"}],"author":"admpu17wp","twitter_card":"summary_large_image","twitter_creator":"@portalurbanook","twitter_site":"@portalurbanook","twitter_misc":{"Escrito por":"admpu17wp","Tiempo de lectura":"1 minuto"},"schema":{"@context":"https:\/\/schema.org","@graph":[{"@type":"Article","@id":"https:\/\/experienciadevida.com.ar\/portalurbano\/el-quirofano-veterinario-movil-seguira-en-la-capilla-santa-isabel\/#article","isPartOf":{"@id":"https:\/\/experienciadevida.com.ar\/portalurbano\/el-quirofano-veterinario-movil-seguira-en-la-capilla-santa-isabel\/"},"author":{"name":"admpu17wp","@id":"https:\/\/experienciadevida.com.ar\/portalurbano\/#\/schema\/person\/02dd326b1c4b056e9cc972486934a3a7"},"headline":"El Quir\u00f3fano Veterinario M\u00f3vil seguir\u00e1 en la Capilla Santa Isabel","datePublished":"2022-07-09T23:57:48+00:00","dateModified":"2022-07-09T23:58:37+00:00","mainEntityOfPage":{"@id":"https:\/\/experienciadevida.com.ar\/portalurbano\/el-quirofano-veterinario-movil-seguira-en-la-capilla-santa-isabel\/"},"wordCount":217,"publisher":{"@id":"https:\/\/experienciadevida.com.ar\/portalurbano\/#organization"},"articleSection":["Ciudad"],"inLanguage":"es"},{"@type":"WebPage","@id":"https:\/\/experienciadevida.com.ar\/portalurbano\/el-quirofano-veterinario-movil-seguira-en-la-capilla-santa-isabel\/","url":"https:\/\/experienciadevida.com.ar\/portalurbano\/el-quirofano-veterinario-movil-seguira-en-la-capilla-santa-isabel\/","name":"El Quir\u00f3fano Veterinario M\u00f3vil seguir\u00e1 en la Capilla Santa Isabel -","isPartOf":{"@id":"https:\/\/experienciadevida.com.ar\/portalurbano\/#website"},"datePublished":"2022-07-09T23:57:48+00:00","dateModified":"2022-07-09T23:58:37+00:00","breadcrumb":{"@id":"https:\/\/experienciadevida.com.ar\/portalurbano\/el-quirofano-veterinario-movil-seguira-en-la-capilla-santa-isabel\/#breadcrumb"},"inLanguage":"es","potentialAction":[{"@type":"ReadAction","target":["https:\/\/experienciadevida.com.ar\/portalurbano\/el-quirofano-veterinario-movil-seguira-en-la-capilla-santa-isabel\/"]}]},{"@type":"BreadcrumbList","@id":"https:\/\/experienciadevida.com.ar\/portalurbano\/el-quirofano-veterinario-movil-seguira-en-la-capilla-santa-isabel\/#breadcrumb","itemListElement":[{"@type":"ListItem","position":1,"name":"Portada","item":"https:\/\/experienciadevida.com.ar\/portalurbano\/"},{"@type":"ListItem","position":2,"name":"El Quir\u00f3fano Veterinario M\u00f3vil seguir\u00e1 en la Capilla Santa Isabel"}]},{"@type":"WebSite","@id":"https:\/\/experienciadevida.com.ar\/portalurbano\/#website","url":"https:\/\/experienciadevida.com.ar\/portalurbano\/","name":"","description":"","publisher":{"@id":"https:\/\/experienciadevida.com.ar\/portalurbano\/#organization"},"potentialAction":[{"@type":"SearchAction","target":{"@type":"EntryPoint","urlTemplate":"https:\/\/experienciadevida.com.ar\/portalurbano\/?s={search_term_string}"},"query-input":"required name=search_term_string"}],"inLanguage":"es"},{"@type":"Organization","@id":"https:\/\/experienciadevida.com.ar\/portalurbano\/#organization","name":"Portal Urbano","url":"https:\/\/experienciadevida.com.ar\/portalurbano\/","logo":{"@type":"ImageObject","inLanguage":"es","@id":"https:\/\/experienciadevida.com.ar\/portalurbano\/#\/schema\/logo\/image\/","url":"https:\/\/experienciadevida.com.ar\/portalurbano\/wp-content\/uploads\/2019\/09\/Logo-Original.png","contentUrl":"https:\/\/experienciadevida.com.ar\/portalurbano\/wp-content\/uploads\/2019\/09\/Logo-Original.png","width":2236,"height":1216,"caption":"Portal Urbano"},"image":{"@id":"https:\/\/experienciadevida.com.ar\/portalurbano\/#\/schema\/logo\/image\/"},"sameAs":["https:\/\/www.facebook.com\/Portal-Urbano-171542830093757\/","https:\/\/twitter.com\/portalurbanook","https:\/\/www.instagram.com\/_portalurbano\/","https:\/\/www.youtube.com\/channel\/UCXhagIfszH8KxFiOok79zbA?view_as=subscriber"]},{"@type":"Person","@id":"https:\/\/experienciadevida.com.ar\/portalurbano\/#\/schema\/person\/02dd326b1c4b056e9cc972486934a3a7","name":"admpu17wp","image":{"@type":"ImageObject","inLanguage":"es","@id":"https:\/\/experienciadevida.com.ar\/portalurbano\/#\/schema\/person\/image\/","url":"https:\/\/secure.gravatar.com\/avatar\/830d4c57adaae6630765e449a6908047?s=96&d=mm&r=g","contentUrl":"https:\/\/secure.gravatar.com\/avatar\/830d4c57adaae6630765e449a6908047?s=96&d=mm&r=g","caption":"admpu17wp"}}]}},"featured_image_urls":{"full":["https:\/\/experienciadevida.com.ar\/portalurbano\/wp-content\/uploads\/2022\/05\/Quirofano-veterinario-movil-1-e1656373104662.jpg",800,533,false],"thumbnail":["https:\/\/experienciadevida.com.ar\/portalurbano\/wp-content\/uploads\/2022\/05\/Quirofano-veterinario-movil-1-e1656373104662-150x150.jpg",150,150,true],"medium":["https:\/\/experienciadevida.com.ar\/portalurbano\/wp-content\/uploads\/2022\/05\/Quirofano-veterinario-movil-1-e1656373104662-300x200.jpg",300,200,true],"medium_large":["https:\/\/experienciadevida.com.ar\/portalurbano\/wp-content\/uploads\/2022\/05\/Quirofano-veterinario-movil-1-e1656373104662-768x512.jpg",640,427,true],"large":["https:\/\/experienciadevida.com.ar\/portalurbano\/wp-content\/uploads\/2022\/05\/Quirofano-veterinario-movil-1-e1656373104662.jpg",640,426,false],"ug_big":["https:\/\/experienciadevida.com.ar\/portalurbano\/wp-content\/uploads\/2022\/05\/Quirofano-veterinario-movil-1-e1656373104662-768x512.jpg",768,512,true],"1536x1536":["https:\/\/experienciadevida.com.ar\/portalurbano\/wp-content\/uploads\/2022\/05\/Quirofano-veterinario-movil-1-e1656373104662.jpg",800,533,false],"2048x2048":["https:\/\/experienciadevida.com.ar\/portalurbano\/wp-content\/uploads\/2022\/05\/Quirofano-veterinario-movil-1-e1656373104662.jpg",800,533,false],"newsever-slider-full":["https:\/\/experienciadevida.com.ar\/portalurbano\/wp-content\/uploads\/2022\/05\/Quirofano-veterinario-movil-1-e1656373104662.jpg",800,533,false],"newsever-featured":["https:\/\/experienciadevida.com.ar\/portalurbano\/wp-content\/uploads\/2022\/05\/Quirofano-veterinario-movil-1-e1656373104662.jpg",800,533,false],"newsever-medium":["https:\/\/experienciadevida.com.ar\/portalurbano\/wp-content\/uploads\/2022\/05\/Quirofano-veterinario-movil-1-e1656373104662.jpg",713,475,false],"web-stories-poster-portrait":["https:\/\/experienciadevida.com.ar\/portalurbano\/wp-content\/uploads\/2022\/05\/Quirofano-veterinario-movil-1-e1656373104662.jpg",640,426,false],"web-stories-publisher-logo":["https:\/\/experienciadevida.com.ar\/portalurbano\/wp-content\/uploads\/2022\/05\/Quirofano-veterinario-movil-1-e1656373104662.jpg",96,64,false],"web-stories-thumbnail":["https:\/\/experienciadevida.com.ar\/portalurbano\/wp-content\/uploads\/2022\/05\/Quirofano-veterinario-movil-1-e1656373104662.jpg",150,100,false]},"author_info":{"display_name":"admpu17wp","author_link":"https:\/\/experienciadevida.com.ar\/portalurbano\/author\/admpu17wp\/"},"category_info":"<a href=\"https:\/\/experienciadevida.com.ar\/portalurbano\/category\/ciudad\/\" rel=\"category tag\">Ciudad<\/a>","tag_info":"Ciudad","comment_count":"0","amp_enabled":true,"_links":{"self":[{"href":"https:\/\/experienciadevida.com.ar\/portalurbano\/wp-json\/wp\/v2\/posts\/171117"}],"collection":[{"href":"https:\/\/experienciadevida.com.ar\/portalurbano\/wp-json\/wp\/v2\/posts"}],"about":[{"href":"https:\/\/experienciadevida.com.ar\/portalurbano\/wp-json\/wp\/v2\/types\/post"}],"author":[{"embeddable":true,"href":"https:\/\/experienciadevida.com.ar\/portalurbano\/wp-json\/wp\/v2\/users\/1"}],"replies":[{"embeddable":true,"href":"https:\/\/experienciadevida.com.ar\/portalurbano\/wp-json\/wp\/v2\/comments?post=171117"}],"version-history":[{"count":1,"href":"https:\/\/experienciadevida.com.ar\/portalurbano\/wp-json\/wp\/v2\/posts\/171117\/revisions"}],"predecessor-version":[{"id":171118,"href":"https:\/\/experienciadevida.com.ar\/portalurbano\/wp-json\/wp\/v2\/posts\/171117\/revisions\/171118"}],"wp:featuredmedia":[{"embeddable":true,"href":"https:\/\/experienciadevida.com.ar\/portalurbano\/wp-json\/wp\/v2\/media\/168532"}],"wp:attachment":[{"href":"https:\/\/experienciadevida.com.ar\/portalurbano\/wp-json\/wp\/v2\/media?parent=171117"}],"wp:term":[{"taxonomy":"category","embeddable":true,"href":"https:\/\/experienciadevida.com.ar\/portalurbano\/wp-json\/wp\/v2\/categories?post=171117"},{"taxonomy":"post_tag","embeddable":true,"href":"https:\/\/experienciadevida.com.ar\/portalurbano\/wp-json\/wp\/v2\/tags?post=171117"}],"curies":[{"name":"wp","href":"https:\/\/api.w.org\/{rel}","templated":true}]}}