{"id":171107,"date":"2022-07-09T20:49:46","date_gmt":"2022-07-09T23:49:46","guid":{"rendered":"https:\/\/experienciadevida.com.ar\/portalurbano\/?p=171107"},"modified":"2022-07-09T20:51:03","modified_gmt":"2022-07-09T23:51:03","slug":"concejales-de-peronismo-republicano-participaron-del-acto","status":"publish","type":"post","link":"https:\/\/experienciadevida.com.ar\/portalurbano\/concejales-de-peronismo-republicano-participaron-del-acto\/","title":{"rendered":"Concejales de Peronismo Republicano participaron del acto"},"content":{"rendered":"<p>Concejales de Peronismo Republicano participaron del acto, en la Plaza \u201cCoronel Olavarr\u00eda\u201d, donde luego se procedi\u00f3 al tradicional Tedeum en la Parroquia \u201cSan Jos\u00e9\u201d.<\/p>\n<p><a href=\"https:\/\/experienciadevida.com.ar\/portalurbano\/concejales-de-peronismo-republicano-participaron-del-acto\/concejales-3\/\" rel=\"attachment wp-att-171109\"><img decoding=\"async\" class=\"alignnone size-large wp-image-171109\" src=\"https:\/\/experienciadevida.com.ar\/portalurbano\/wp-content\/uploads\/2022\/07\/Concejales-1024x461.jpeg\" alt=\"Concejales \" width=\"900\" height=\"405\" srcset=\"https:\/\/experienciadevida.com.ar\/portalurbano\/wp-content\/uploads\/2022\/07\/Concejales-1024x461.jpeg 1024w, https:\/\/experienciadevida.com.ar\/portalurbano\/wp-content\/uploads\/2022\/07\/Concejales-300x135.jpeg 300w, https:\/\/experienciadevida.com.ar\/portalurbano\/wp-content\/uploads\/2022\/07\/Concejales-768x346.jpeg 768w, https:\/\/experienciadevida.com.ar\/portalurbano\/wp-content\/uploads\/2022\/07\/Concejales.jpeg 1280w\" sizes=\"(max-width: 900px) 100vw, 900px\" \/><\/a><\/p>\n<p>Alrededor de las 10 horas se puso en marcha el emblem\u00e1tico desfile, en la calle Vicente L\u00f3pez, desde General Paz hasta Dorrego, que inici\u00f3 con las estrofas del \u201cHimno Nacional Argentino\u201d, para proseguir con el Ballet Folkl\u00f3rico Municipal realizando el t\u00edpico baile Peric\u00f3n.<\/p>\n<p>Luego ante el palco de gala, donde se encontraba el Intendente Municipal Ezequiel Galli y donde tambi\u00e9n estuvieron nuestros ediles acompa\u00f1ando al jefe comunal, desfilaron ante un gran marco de p\u00fablico m\u00e1s de 70 instituciones, siendo est\u00e1s intermedias, escolares y sin dejar de obviar a la emblem\u00e1tica Galera.<\/p>\n<p>En esta fecha tan patri\u00f3tica, tambi\u00e9n estuvieron presentes, la presidente del Honorable Concejo Deliberante Cecilia Krivochen, funcionarios municipales, concejales, consejeros de Coopel\u00e9ctric, miembros del Ej\u00e9rcito, Bomberos y Polic\u00eda.<\/p>\n<p>\u201cA 206 a\u00f1os de nuestra Independencia, tomemos el ejemplo de aquellos que se jugaron todo por nuestra Naci\u00f3n en horas decisivas y consolidaron una Patria libre de toda dominaci\u00f3n\u201d.<\/p>\n","protected":false},"excerpt":{"rendered":"<p>Concejales de Peronismo Republicano participaron del acto, en la Plaza \u201cCoronel Olavarr\u00eda\u201d, donde luego se&#8230;<\/p>\n","protected":false},"author":1,"featured_media":171108,"comment_status":"closed","ping_status":"closed","sticky":false,"template":"","format":"standard","meta":{"content-type":""},"categories":[27],"tags":[],"nelio_content":{"isAutoShareEnabled":false,"autoShareEndMode":"default","automationSources":{"useContentSentences":true,"useSocialTemplates":true,"useCustomSentences":false,"customSentences":[]},"followers":[1],"suggestedReferences":[],"includedReferences":[],"efiUrl":"","efiAlt":"","highlights":[]},"yoast_head":"<!-- This site is optimized with the Yoast SEO plugin v20.7 - https:\/\/yoast.com\/wordpress\/plugins\/seo\/ -->\n<title>Concejales de peronismo republicano participaron del acto<\/title>\n<meta name=\"description\" content=\"Concejales de Peronismo Republicano participaron del acto, en la Plaza \u201cCoronel Olavarr\u00eda\u201d, donde luego se procedi\u00f3 al tradicional Tedeum\" \/>\n<meta name=\"robots\" content=\"index, follow, max-snippet:-1, max-image-preview:large, max-video-preview:-1\" \/>\n<link rel=\"canonical\" href=\"https:\/\/experienciadevida.com.ar\/portalurbano\/concejales-de-peronismo-republicano-participaron-del-acto\/\" \/>\n<meta property=\"og:locale\" content=\"es_ES\" \/>\n<meta property=\"og:type\" content=\"article\" \/>\n<meta property=\"og:title\" content=\"Concejales de peronismo republicano participaron del acto\" \/>\n<meta property=\"og:description\" content=\"Concejales de Peronismo Republicano participaron del acto, en la Plaza \u201cCoronel Olavarr\u00eda\u201d, donde luego se procedi\u00f3 al tradicional Tedeum\" \/>\n<meta property=\"og:url\" content=\"https:\/\/experienciadevida.com.ar\/portalurbano\/concejales-de-peronismo-republicano-participaron-del-acto\/\" \/>\n<meta property=\"article:publisher\" content=\"https:\/\/www.facebook.com\/Portal-Urbano-171542830093757\/\" \/>\n<meta property=\"article:published_time\" content=\"2022-07-09T23:49:46+00:00\" \/>\n<meta property=\"article:modified_time\" content=\"2022-07-09T23:51:03+00:00\" \/>\n<meta property=\"og:image\" content=\"https:\/\/experienciadevida.com.ar\/portalurbano\/wp-content\/uploads\/2022\/07\/Concejales-de-Peronismo-Republicano.jpeg\" \/>\n\t<meta property=\"og:image:width\" content=\"1054\" \/>\n\t<meta property=\"og:image:height\" content=\"576\" \/>\n\t<meta property=\"og:image:type\" content=\"image\/jpeg\" \/>\n<meta name=\"author\" content=\"admpu17wp\" \/>\n<meta name=\"twitter:card\" content=\"summary_large_image\" \/>\n<meta name=\"twitter:creator\" content=\"@portalurbanook\" \/>\n<meta name=\"twitter:site\" content=\"@portalurbanook\" \/>\n<meta name=\"twitter:label1\" content=\"Escrito por\" \/>\n\t<meta name=\"twitter:data1\" content=\"admpu17wp\" \/>\n\t<meta name=\"twitter:label2\" content=\"Tiempo de lectura\" \/>\n\t<meta name=\"twitter:data2\" content=\"1 minuto\" \/>\n<script type=\"application\/ld+json\" class=\"yoast-schema-graph\">{\"@context\":\"https:\/\/schema.org\",\"@graph\":[{\"@type\":\"Article\",\"@id\":\"https:\/\/experienciadevida.com.ar\/portalurbano\/concejales-de-peronismo-republicano-participaron-del-acto\/#article\",\"isPartOf\":{\"@id\":\"https:\/\/experienciadevida.com.ar\/portalurbano\/concejales-de-peronismo-republicano-participaron-del-acto\/\"},\"author\":{\"name\":\"admpu17wp\",\"@id\":\"https:\/\/experienciadevida.com.ar\/portalurbano\/#\/schema\/person\/02dd326b1c4b056e9cc972486934a3a7\"},\"headline\":\"Concejales de Peronismo Republicano participaron del acto\",\"datePublished\":\"2022-07-09T23:49:46+00:00\",\"dateModified\":\"2022-07-09T23:51:03+00:00\",\"mainEntityOfPage\":{\"@id\":\"https:\/\/experienciadevida.com.ar\/portalurbano\/concejales-de-peronismo-republicano-participaron-del-acto\/\"},\"wordCount\":196,\"publisher\":{\"@id\":\"https:\/\/experienciadevida.com.ar\/portalurbano\/#organization\"},\"articleSection\":[\"Ciudad\"],\"inLanguage\":\"es\"},{\"@type\":\"WebPage\",\"@id\":\"https:\/\/experienciadevida.com.ar\/portalurbano\/concejales-de-peronismo-republicano-participaron-del-acto\/\",\"url\":\"https:\/\/experienciadevida.com.ar\/portalurbano\/concejales-de-peronismo-republicano-participaron-del-acto\/\",\"name\":\"Concejales de peronismo republicano participaron del acto\",\"isPartOf\":{\"@id\":\"https:\/\/experienciadevida.com.ar\/portalurbano\/#website\"},\"datePublished\":\"2022-07-09T23:49:46+00:00\",\"dateModified\":\"2022-07-09T23:51:03+00:00\",\"description\":\"Concejales de Peronismo Republicano participaron del acto, en la Plaza \u201cCoronel Olavarr\u00eda\u201d, donde luego se procedi\u00f3 al tradicional Tedeum\",\"breadcrumb\":{\"@id\":\"https:\/\/experienciadevida.com.ar\/portalurbano\/concejales-de-peronismo-republicano-participaron-del-acto\/#breadcrumb\"},\"inLanguage\":\"es\",\"potentialAction\":[{\"@type\":\"ReadAction\",\"target\":[\"https:\/\/experienciadevida.com.ar\/portalurbano\/concejales-de-peronismo-republicano-participaron-del-acto\/\"]}]},{\"@type\":\"BreadcrumbList\",\"@id\":\"https:\/\/experienciadevida.com.ar\/portalurbano\/concejales-de-peronismo-republicano-participaron-del-acto\/#breadcrumb\",\"itemListElement\":[{\"@type\":\"ListItem\",\"position\":1,\"name\":\"Portada\",\"item\":\"https:\/\/experienciadevida.com.ar\/portalurbano\/\"},{\"@type\":\"ListItem\",\"position\":2,\"name\":\"Concejales de Peronismo Republicano participaron del acto\"}]},{\"@type\":\"WebSite\",\"@id\":\"https:\/\/experienciadevida.com.ar\/portalurbano\/#website\",\"url\":\"https:\/\/experienciadevida.com.ar\/portalurbano\/\",\"name\":\"\",\"description\":\"\",\"publisher\":{\"@id\":\"https:\/\/experienciadevida.com.ar\/portalurbano\/#organization\"},\"potentialAction\":[{\"@type\":\"SearchAction\",\"target\":{\"@type\":\"EntryPoint\",\"urlTemplate\":\"https:\/\/experienciadevida.com.ar\/portalurbano\/?s={search_term_string}\"},\"query-input\":\"required name=search_term_string\"}],\"inLanguage\":\"es\"},{\"@type\":\"Organization\",\"@id\":\"https:\/\/experienciadevida.com.ar\/portalurbano\/#organization\",\"name\":\"Portal Urbano\",\"url\":\"https:\/\/experienciadevida.com.ar\/portalurbano\/\",\"logo\":{\"@type\":\"ImageObject\",\"inLanguage\":\"es\",\"@id\":\"https:\/\/experienciadevida.com.ar\/portalurbano\/#\/schema\/logo\/image\/\",\"url\":\"https:\/\/experienciadevida.com.ar\/portalurbano\/wp-content\/uploads\/2019\/09\/Logo-Original.png\",\"contentUrl\":\"https:\/\/experienciadevida.com.ar\/portalurbano\/wp-content\/uploads\/2019\/09\/Logo-Original.png\",\"width\":2236,\"height\":1216,\"caption\":\"Portal Urbano\"},\"image\":{\"@id\":\"https:\/\/experienciadevida.com.ar\/portalurbano\/#\/schema\/logo\/image\/\"},\"sameAs\":[\"https:\/\/www.facebook.com\/Portal-Urbano-171542830093757\/\",\"https:\/\/twitter.com\/portalurbanook\",\"https:\/\/www.instagram.com\/_portalurbano\/\",\"https:\/\/www.youtube.com\/channel\/UCXhagIfszH8KxFiOok79zbA?view_as=subscriber\"]},{\"@type\":\"Person\",\"@id\":\"https:\/\/experienciadevida.com.ar\/portalurbano\/#\/schema\/person\/02dd326b1c4b056e9cc972486934a3a7\",\"name\":\"admpu17wp\",\"image\":{\"@type\":\"ImageObject\",\"inLanguage\":\"es\",\"@id\":\"https:\/\/experienciadevida.com.ar\/portalurbano\/#\/schema\/person\/image\/\",\"url\":\"https:\/\/secure.gravatar.com\/avatar\/830d4c57adaae6630765e449a6908047?s=96&d=mm&r=g\",\"contentUrl\":\"https:\/\/secure.gravatar.com\/avatar\/830d4c57adaae6630765e449a6908047?s=96&d=mm&r=g\",\"caption\":\"admpu17wp\"}}]}<\/script>\n<!-- \/ Yoast SEO plugin. -->","yoast_head_json":{"title":"Concejales de peronismo republicano participaron del acto","description":"Concejales de Peronismo Republicano participaron del acto, en la Plaza \u201cCoronel Olavarr\u00eda\u201d, donde luego se procedi\u00f3 al tradicional Tedeum","robots":{"index":"index","follow":"follow","max-snippet":"max-snippet:-1","max-image-preview":"max-image-preview:large","max-video-preview":"max-video-preview:-1"},"canonical":"https:\/\/experienciadevida.com.ar\/portalurbano\/concejales-de-peronismo-republicano-participaron-del-acto\/","og_locale":"es_ES","og_type":"article","og_title":"Concejales de peronismo republicano participaron del acto","og_description":"Concejales de Peronismo Republicano participaron del acto, en la Plaza \u201cCoronel Olavarr\u00eda\u201d, donde luego se procedi\u00f3 al tradicional Tedeum","og_url":"https:\/\/experienciadevida.com.ar\/portalurbano\/concejales-de-peronismo-republicano-participaron-del-acto\/","article_publisher":"https:\/\/www.facebook.com\/Portal-Urbano-171542830093757\/","article_published_time":"2022-07-09T23:49:46+00:00","article_modified_time":"2022-07-09T23:51:03+00:00","og_image":[{"width":1054,"height":576,"url":"https:\/\/experienciadevida.com.ar\/portalurbano\/wp-content\/uploads\/2022\/07\/Concejales-de-Peronismo-Republicano.jpeg","type":"image\/jpeg"}],"author":"admpu17wp","twitter_card":"summary_large_image","twitter_creator":"@portalurbanook","twitter_site":"@portalurbanook","twitter_misc":{"Escrito por":"admpu17wp","Tiempo de lectura":"1 minuto"},"schema":{"@context":"https:\/\/schema.org","@graph":[{"@type":"Article","@id":"https:\/\/experienciadevida.com.ar\/portalurbano\/concejales-de-peronismo-republicano-participaron-del-acto\/#article","isPartOf":{"@id":"https:\/\/experienciadevida.com.ar\/portalurbano\/concejales-de-peronismo-republicano-participaron-del-acto\/"},"author":{"name":"admpu17wp","@id":"https:\/\/experienciadevida.com.ar\/portalurbano\/#\/schema\/person\/02dd326b1c4b056e9cc972486934a3a7"},"headline":"Concejales de Peronismo Republicano participaron del acto","datePublished":"2022-07-09T23:49:46+00:00","dateModified":"2022-07-09T23:51:03+00:00","mainEntityOfPage":{"@id":"https:\/\/experienciadevida.com.ar\/portalurbano\/concejales-de-peronismo-republicano-participaron-del-acto\/"},"wordCount":196,"publisher":{"@id":"https:\/\/experienciadevida.com.ar\/portalurbano\/#organization"},"articleSection":["Ciudad"],"inLanguage":"es"},{"@type":"WebPage","@id":"https:\/\/experienciadevida.com.ar\/portalurbano\/concejales-de-peronismo-republicano-participaron-del-acto\/","url":"https:\/\/experienciadevida.com.ar\/portalurbano\/concejales-de-peronismo-republicano-participaron-del-acto\/","name":"Concejales de peronismo republicano participaron del acto","isPartOf":{"@id":"https:\/\/experienciadevida.com.ar\/portalurbano\/#website"},"datePublished":"2022-07-09T23:49:46+00:00","dateModified":"2022-07-09T23:51:03+00:00","description":"Concejales de Peronismo Republicano participaron del acto, en la Plaza \u201cCoronel Olavarr\u00eda\u201d, donde luego se procedi\u00f3 al tradicional Tedeum","breadcrumb":{"@id":"https:\/\/experienciadevida.com.ar\/portalurbano\/concejales-de-peronismo-republicano-participaron-del-acto\/#breadcrumb"},"inLanguage":"es","potentialAction":[{"@type":"ReadAction","target":["https:\/\/experienciadevida.com.ar\/portalurbano\/concejales-de-peronismo-republicano-participaron-del-acto\/"]}]},{"@type":"BreadcrumbList","@id":"https:\/\/experienciadevida.com.ar\/portalurbano\/concejales-de-peronismo-republicano-participaron-del-acto\/#breadcrumb","itemListElement":[{"@type":"ListItem","position":1,"name":"Portada","item":"https:\/\/experienciadevida.com.ar\/portalurbano\/"},{"@type":"ListItem","position":2,"name":"Concejales de Peronismo Republicano participaron del acto"}]},{"@type":"WebSite","@id":"https:\/\/experienciadevida.com.ar\/portalurbano\/#website","url":"https:\/\/experienciadevida.com.ar\/portalurbano\/","name":"","description":"","publisher":{"@id":"https:\/\/experienciadevida.com.ar\/portalurbano\/#organization"},"potentialAction":[{"@type":"SearchAction","target":{"@type":"EntryPoint","urlTemplate":"https:\/\/experienciadevida.com.ar\/portalurbano\/?s={search_term_string}"},"query-input":"required name=search_term_string"}],"inLanguage":"es"},{"@type":"Organization","@id":"https:\/\/experienciadevida.com.ar\/portalurbano\/#organization","name":"Portal Urbano","url":"https:\/\/experienciadevida.com.ar\/portalurbano\/","logo":{"@type":"ImageObject","inLanguage":"es","@id":"https:\/\/experienciadevida.com.ar\/portalurbano\/#\/schema\/logo\/image\/","url":"https:\/\/experienciadevida.com.ar\/portalurbano\/wp-content\/uploads\/2019\/09\/Logo-Original.png","contentUrl":"https:\/\/experienciadevida.com.ar\/portalurbano\/wp-content\/uploads\/2019\/09\/Logo-Original.png","width":2236,"height":1216,"caption":"Portal Urbano"},"image":{"@id":"https:\/\/experienciadevida.com.ar\/portalurbano\/#\/schema\/logo\/image\/"},"sameAs":["https:\/\/www.facebook.com\/Portal-Urbano-171542830093757\/","https:\/\/twitter.com\/portalurbanook","https:\/\/www.instagram.com\/_portalurbano\/","https:\/\/www.youtube.com\/channel\/UCXhagIfszH8KxFiOok79zbA?view_as=subscriber"]},{"@type":"Person","@id":"https:\/\/experienciadevida.com.ar\/portalurbano\/#\/schema\/person\/02dd326b1c4b056e9cc972486934a3a7","name":"admpu17wp","image":{"@type":"ImageObject","inLanguage":"es","@id":"https:\/\/experienciadevida.com.ar\/portalurbano\/#\/schema\/person\/image\/","url":"https:\/\/secure.gravatar.com\/avatar\/830d4c57adaae6630765e449a6908047?s=96&d=mm&r=g","contentUrl":"https:\/\/secure.gravatar.com\/avatar\/830d4c57adaae6630765e449a6908047?s=96&d=mm&r=g","caption":"admpu17wp"}}]}},"featured_image_urls":{"full":["https:\/\/experienciadevida.com.ar\/portalurbano\/wp-content\/uploads\/2022\/07\/Concejales-de-Peronismo-Republicano.jpeg",1054,576,false],"thumbnail":["https:\/\/experienciadevida.com.ar\/portalurbano\/wp-content\/uploads\/2022\/07\/Concejales-de-Peronismo-Republicano-150x150.jpeg",150,150,true],"medium":["https:\/\/experienciadevida.com.ar\/portalurbano\/wp-content\/uploads\/2022\/07\/Concejales-de-Peronismo-Republicano-300x164.jpeg",300,164,true],"medium_large":["https:\/\/experienciadevida.com.ar\/portalurbano\/wp-content\/uploads\/2022\/07\/Concejales-de-Peronismo-Republicano-768x420.jpeg",640,350,true],"large":["https:\/\/experienciadevida.com.ar\/portalurbano\/wp-content\/uploads\/2022\/07\/Concejales-de-Peronismo-Republicano-1024x560.jpeg",640,350,true],"ug_big":["https:\/\/experienciadevida.com.ar\/portalurbano\/wp-content\/uploads\/2022\/07\/Concejales-de-Peronismo-Republicano-768x420.jpeg",768,420,true],"1536x1536":["https:\/\/experienciadevida.com.ar\/portalurbano\/wp-content\/uploads\/2022\/07\/Concejales-de-Peronismo-Republicano.jpeg",1054,576,false],"2048x2048":["https:\/\/experienciadevida.com.ar\/portalurbano\/wp-content\/uploads\/2022\/07\/Concejales-de-Peronismo-Republicano.jpeg",1054,576,false],"newsever-slider-full":["https:\/\/experienciadevida.com.ar\/portalurbano\/wp-content\/uploads\/2022\/07\/Concejales-de-Peronismo-Republicano.jpeg",1054,576,false],"newsever-featured":["https:\/\/experienciadevida.com.ar\/portalurbano\/wp-content\/uploads\/2022\/07\/Concejales-de-Peronismo-Republicano.jpeg",1024,560,false],"newsever-medium":["https:\/\/experienciadevida.com.ar\/portalurbano\/wp-content\/uploads\/2022\/07\/Concejales-de-Peronismo-Republicano.jpeg",720,393,false],"web-stories-poster-portrait":["https:\/\/experienciadevida.com.ar\/portalurbano\/wp-content\/uploads\/2022\/07\/Concejales-de-Peronismo-Republicano.jpeg",640,350,false],"web-stories-publisher-logo":["https:\/\/experienciadevida.com.ar\/portalurbano\/wp-content\/uploads\/2022\/07\/Concejales-de-Peronismo-Republicano.jpeg",96,52,false],"web-stories-thumbnail":["https:\/\/experienciadevida.com.ar\/portalurbano\/wp-content\/uploads\/2022\/07\/Concejales-de-Peronismo-Republicano.jpeg",150,82,false]},"author_info":{"display_name":"admpu17wp","author_link":"https:\/\/experienciadevida.com.ar\/portalurbano\/author\/admpu17wp\/"},"category_info":"<a href=\"https:\/\/experienciadevida.com.ar\/portalurbano\/category\/ciudad\/\" rel=\"category tag\">Ciudad<\/a>","tag_info":"Ciudad","comment_count":"0","amp_enabled":true,"_links":{"self":[{"href":"https:\/\/experienciadevida.com.ar\/portalurbano\/wp-json\/wp\/v2\/posts\/171107"}],"collection":[{"href":"https:\/\/experienciadevida.com.ar\/portalurbano\/wp-json\/wp\/v2\/posts"}],"about":[{"href":"https:\/\/experienciadevida.com.ar\/portalurbano\/wp-json\/wp\/v2\/types\/post"}],"author":[{"embeddable":true,"href":"https:\/\/experienciadevida.com.ar\/portalurbano\/wp-json\/wp\/v2\/users\/1"}],"replies":[{"embeddable":true,"href":"https:\/\/experienciadevida.com.ar\/portalurbano\/wp-json\/wp\/v2\/comments?post=171107"}],"version-history":[{"count":2,"href":"https:\/\/experienciadevida.com.ar\/portalurbano\/wp-json\/wp\/v2\/posts\/171107\/revisions"}],"predecessor-version":[{"id":171111,"href":"https:\/\/experienciadevida.com.ar\/portalurbano\/wp-json\/wp\/v2\/posts\/171107\/revisions\/171111"}],"wp:featuredmedia":[{"embeddable":true,"href":"https:\/\/experienciadevida.com.ar\/portalurbano\/wp-json\/wp\/v2\/media\/171108"}],"wp:attachment":[{"href":"https:\/\/experienciadevida.com.ar\/portalurbano\/wp-json\/wp\/v2\/media?parent=171107"}],"wp:term":[{"taxonomy":"category","embeddable":true,"href":"https:\/\/experienciadevida.com.ar\/portalurbano\/wp-json\/wp\/v2\/categories?post=171107"},{"taxonomy":"post_tag","embeddable":true,"href":"https:\/\/experienciadevida.com.ar\/portalurbano\/wp-json\/wp\/v2\/tags?post=171107"}],"curies":[{"name":"wp","href":"https:\/\/api.w.org\/{rel}","templated":true}]}}